{"id":211652,"date":"2024-04-01T08:04:50","date_gmt":"2024-04-01T12:04:50","guid":{"rendered":"https:\/\/www.eldiario.net\/portal\/?p=211652"},"modified":"2024-04-01T08:04:50","modified_gmt":"2024-04-01T12:04:50","slug":"como-puedo-cambiar-el-color-del-icono-de-whatsapp","status":"publish","type":"post","link":"https:\/\/www.eldiario.net\/portal\/2024\/04\/01\/como-puedo-cambiar-el-color-del-icono-de-whatsapp\/","title":{"rendered":"\u00bfC\u00f3mo  puedo cambiar el color del icono de WhatsApp?"},"content":{"rendered":"<p>\u00bfSab\u00edas que es posible cambiar el color del \u00e7icono de Whats App sin instalar aplicaciones?<\/p>\n<p>No ser\u00e1 necesario usar alguna app, aunque tendr\u00e1s que recurrir a herramientas de terceros para realizar esta tarea.<\/p>\n<p>Si bien podemos recurrir a Google Play para descargar aplicaciones o launchers, como Nova, para cambiar el color del icono de WhatsApp, hay otras opciones a tener en cuenta.<\/p>\n<p>Por ejemplo, puedes usar los\u00a0temas\u00a0disponibles para\u00a0tu celular para elegir un icono que te guste para WhatsApp. O puedes instalar solo un\u00a0paquete de iconos\u00a0sin afectar el tema que ya tengas disponible en el celular. Una operaci\u00f3n \u00a0que puedes realizar desde \u00abTemas\u00bb, que ya viene instalada en el mismo celular.<\/p>\n<p>As\u00ed que solo busca \u00abTemas\u00bb en tu equipo, ya sea desde la configuraci\u00f3n del celular o desde el men\u00fa inferior que encontrar\u00e1s en el escritorio cuando pulsas unos segundos sobre la pantalla. Y una vez que est\u00e1s dentro de \u00abTemas\u00bb podr\u00e1s elegir el icono que te gusta siguiendo la din\u00e1mica disponible en tu dispositivo.<\/p>\n<p>Por ejemplo, si tienes un m\u00f3vil Xiaomi, puedes elegir un tema con el icono que te gusta, y al momento de aplicarlo solo elige \u00abIconos\u00bb para que no se apliquen el resto de los elementos. Para ello, no pulses directamente sobre \u00abAplicar\u00bb, sino que elige \u00abPersonalizar\u00bb para que te muestra las opciones.<\/p>\n<p>Es una forma simple y r\u00e1pida que apenas te tomar\u00e1 poco tiempo. \u00a0Si no te gusta el resultado, o quieres volver a los iconos anteriores, solo ve a tu perfil dentro de \u00abTemas\u00bb y pulsa sobre \u00abIconos\u00bb y\u00a0tendr\u00e1s todos los iconos que has instalado en el celular y marcado con una tilde verde el que est\u00e1s usando en el momento.<\/p>\n<p>Y si tienes un m\u00f3vil Samsung, ver\u00e1s que la din\u00e1mica es similar. Abre \u00abTemas\u00bb y ve a la secci\u00f3n de \u00abIconos\u00bb para elegir el pack que te interesa, descargarlo y aplicarlo.<\/p>\n<p>Y para administrar todos los iconos que has descargado en tu m\u00f3vil Samsung sigue estos pasos:<\/p>\n<p>Ve al apartado\u00a0Men\u00fa de la app Temas, luego pulsa sobre \u00abMis cosas\u00bb y despl\u00e1zate hasta el apartado \u00abIconos\u00bb, en este apartado tendr\u00e1s todos los iconos que has instalado en el m\u00f3vil y destacado el que est\u00e1 aplicado en el momento.<\/p>\n<p>Tambi\u00e9n puedes recurrir a pack de iconos desde otras tiendas y aplicaciones para darle el color o estilo que desees a la app de WhatsApp.<\/p>\n<p>&nbsp;<\/p>\n","protected":false},"excerpt":{"rendered":"<p>\u00bfSab\u00edas que es posible cambiar el color del \u00e7icono de Whats App sin instalar aplicaciones? No ser\u00e1 necesario usar alguna app, aunque tendr\u00e1s que recurrir a herramientas de terceros para realizar esta tarea. Si bien podemos recurrir a Google Play para descargar aplicaciones o launchers, como Nova, para cambiar el color del icono de WhatsApp, [&hellip;]<\/p>\n","protected":false},"author":1,"featured_media":211653,"comment_status":"open","ping_status":"open","sticky":false,"template":"","format":"standard","meta":{"_acf_changed":false,"footnotes":""},"categories":[46],"tags":[],"class_list":["post-211652","post","type-post","status-publish","format-standard","has-post-thumbnail","category-ciencia-computacion"],"acf":{"antetitulo":"Ciencia y Computaci\u00f3n responde"},"yoast_head":"<!-- This site is optimized with the Yoast SEO plugin v28.4 - https:\/\/yoast.com\/product\/yoast-seo-wordpress\/ -->\n<title>\u00bfC\u00f3mo puedo cambiar el color del icono de WhatsApp? - El Diario - Bolivia<\/title>\n<meta name=\"robots\" content=\"index, follow, max-snippet:-1, max-image-preview:large, max-video-preview:-1\" \/>\n<link rel=\"canonical\" href=\"https:\/\/www.eldiario.net\/portal\/2024\/04\/01\/como-puedo-cambiar-el-color-del-icono-de-whatsapp\/\" \/>\n<meta property=\"og:locale\" content=\"es_ES\" \/>\n<meta property=\"og:type\" content=\"article\" \/>\n<meta property=\"og:title\" content=\"\u00bfC\u00f3mo puedo cambiar el color del icono de WhatsApp? - El Diario - Bolivia\" \/>\n<meta property=\"og:description\" content=\"\u00bfSab\u00edas que es posible cambiar el color del \u00e7icono de Whats App sin instalar aplicaciones? No ser\u00e1 necesario usar alguna app, aunque tendr\u00e1s que recurrir a herramientas de terceros para realizar esta tarea. Si bien podemos recurrir a Google Play para descargar aplicaciones o launchers, como Nova, para cambiar el color del icono de WhatsApp, [&hellip;]\" \/>\n<meta property=\"og:url\" content=\"https:\/\/www.eldiario.net\/portal\/2024\/04\/01\/como-puedo-cambiar-el-color-del-icono-de-whatsapp\/\" \/>\n<meta property=\"og:site_name\" content=\"El Diario - Bolivia\" \/>\n<meta property=\"article:publisher\" content=\"https:\/\/www.facebook.com\/eldiario.bolivia\/\" \/>\n<meta property=\"article:published_time\" content=\"2024-04-01T12:04:50+00:00\" \/>\n<meta property=\"og:image\" content=\"https:\/\/www.eldiario.net\/portal\/wp-content\/uploads\/2024\/04\/3-A-scaled.jpg\" \/>\n\t<meta property=\"og:image:width\" content=\"2560\" \/>\n\t<meta property=\"og:image:height\" content=\"1440\" \/>\n\t<meta property=\"og:image:type\" content=\"image\/jpeg\" \/>\n<meta name=\"author\" content=\"Jeanette\" \/>\n<meta name=\"twitter:card\" content=\"summary_large_image\" \/>\n<meta name=\"twitter:creator\" content=\"@eldiario_net\" \/>\n<meta name=\"twitter:site\" content=\"@eldiario_net\" \/>\n<meta name=\"twitter:label1\" content=\"Escrito por\" \/>\n\t<meta name=\"twitter:data1\" content=\"Jeanette\" \/>\n\t<meta name=\"twitter:label2\" content=\"Tiempo de lectura\" \/>\n\t<meta name=\"twitter:data2\" content=\"3 minutos\" \/>\n<script type=\"application\/ld+json\" class=\"yoast-schema-graph\">{\"@context\":\"https:\\\/\\\/schema.org\",\"@graph\":[{\"@type\":\"Article\",\"@id\":\"https:\\\/\\\/www.eldiario.net\\\/portal\\\/2024\\\/04\\\/01\\\/como-puedo-cambiar-el-color-del-icono-de-whatsapp\\\/#article\",\"isPartOf\":{\"@id\":\"https:\\\/\\\/www.eldiario.net\\\/portal\\\/2024\\\/04\\\/01\\\/como-puedo-cambiar-el-color-del-icono-de-whatsapp\\\/\"},\"author\":{\"name\":\"Jeanette\",\"@id\":\"https:\\\/\\\/www.eldiario.net\\\/portal\\\/#\\\/schema\\\/person\\\/f46445640444750d7d753ccd04ae01b7\"},\"headline\":\"\u00bfC\u00f3mo puedo cambiar el color del icono de WhatsApp?\",\"datePublished\":\"2024-04-01T12:04:50+00:00\",\"mainEntityOfPage\":{\"@id\":\"https:\\\/\\\/www.eldiario.net\\\/portal\\\/2024\\\/04\\\/01\\\/como-puedo-cambiar-el-color-del-icono-de-whatsapp\\\/\"},\"wordCount\":427,\"commentCount\":0,\"publisher\":{\"@id\":\"https:\\\/\\\/www.eldiario.net\\\/portal\\\/#organization\"},\"image\":{\"@id\":\"https:\\\/\\\/www.eldiario.net\\\/portal\\\/2024\\\/04\\\/01\\\/como-puedo-cambiar-el-color-del-icono-de-whatsapp\\\/#primaryimage\"},\"thumbnailUrl\":\"https:\\\/\\\/www.eldiario.net\\\/portal\\\/wp-content\\\/uploads\\\/2024\\\/04\\\/3-A-scaled.jpg\",\"articleSection\":[\"Ciencia y Computaci\u00f3n\"],\"inLanguage\":\"es\",\"potentialAction\":[{\"@type\":\"CommentAction\",\"name\":\"Comment\",\"target\":[\"https:\\\/\\\/www.eldiario.net\\\/portal\\\/2024\\\/04\\\/01\\\/como-puedo-cambiar-el-color-del-icono-de-whatsapp\\\/#respond\"]}]},{\"@type\":\"WebPage\",\"@id\":\"https:\\\/\\\/www.eldiario.net\\\/portal\\\/2024\\\/04\\\/01\\\/como-puedo-cambiar-el-color-del-icono-de-whatsapp\\\/\",\"url\":\"https:\\\/\\\/www.eldiario.net\\\/portal\\\/2024\\\/04\\\/01\\\/como-puedo-cambiar-el-color-del-icono-de-whatsapp\\\/\",\"name\":\"\u00bfC\u00f3mo puedo cambiar el color del icono de WhatsApp? - El Diario - Bolivia\",\"isPartOf\":{\"@id\":\"https:\\\/\\\/www.eldiario.net\\\/portal\\\/#website\"},\"primaryImageOfPage\":{\"@id\":\"https:\\\/\\\/www.eldiario.net\\\/portal\\\/2024\\\/04\\\/01\\\/como-puedo-cambiar-el-color-del-icono-de-whatsapp\\\/#primaryimage\"},\"image\":{\"@id\":\"https:\\\/\\\/www.eldiario.net\\\/portal\\\/2024\\\/04\\\/01\\\/como-puedo-cambiar-el-color-del-icono-de-whatsapp\\\/#primaryimage\"},\"thumbnailUrl\":\"https:\\\/\\\/www.eldiario.net\\\/portal\\\/wp-content\\\/uploads\\\/2024\\\/04\\\/3-A-scaled.jpg\",\"datePublished\":\"2024-04-01T12:04:50+00:00\",\"breadcrumb\":{\"@id\":\"https:\\\/\\\/www.eldiario.net\\\/portal\\\/2024\\\/04\\\/01\\\/como-puedo-cambiar-el-color-del-icono-de-whatsapp\\\/#breadcrumb\"},\"inLanguage\":\"es\",\"potentialAction\":[{\"@type\":\"ReadAction\",\"target\":[\"https:\\\/\\\/www.eldiario.net\\\/portal\\\/2024\\\/04\\\/01\\\/como-puedo-cambiar-el-color-del-icono-de-whatsapp\\\/\"]}]},{\"@type\":\"ImageObject\",\"inLanguage\":\"es\",\"@id\":\"https:\\\/\\\/www.eldiario.net\\\/portal\\\/2024\\\/04\\\/01\\\/como-puedo-cambiar-el-color-del-icono-de-whatsapp\\\/#primaryimage\",\"url\":\"https:\\\/\\\/www.eldiario.net\\\/portal\\\/wp-content\\\/uploads\\\/2024\\\/04\\\/3-A-scaled.jpg\",\"contentUrl\":\"https:\\\/\\\/www.eldiario.net\\\/portal\\\/wp-content\\\/uploads\\\/2024\\\/04\\\/3-A-scaled.jpg\",\"width\":2560,\"height\":1440},{\"@type\":\"BreadcrumbList\",\"@id\":\"https:\\\/\\\/www.eldiario.net\\\/portal\\\/2024\\\/04\\\/01\\\/como-puedo-cambiar-el-color-del-icono-de-whatsapp\\\/#breadcrumb\",\"itemListElement\":[{\"@type\":\"ListItem\",\"position\":1,\"name\":\"Portada\",\"item\":\"https:\\\/\\\/www.eldiario.net\\\/portal\\\/\"},{\"@type\":\"ListItem\",\"position\":2,\"name\":\"\u00bfC\u00f3mo puedo cambiar el color del icono de WhatsApp?\"}]},{\"@type\":\"WebSite\",\"@id\":\"https:\\\/\\\/www.eldiario.net\\\/portal\\\/#website\",\"url\":\"https:\\\/\\\/www.eldiario.net\\\/portal\\\/\",\"name\":\"El Diario - Decano de la prensa nacional\",\"description\":\"El Diario - Decano de la prensa nacional\",\"publisher\":{\"@id\":\"https:\\\/\\\/www.eldiario.net\\\/portal\\\/#organization\"},\"potentialAction\":[{\"@type\":\"SearchAction\",\"target\":{\"@type\":\"EntryPoint\",\"urlTemplate\":\"https:\\\/\\\/www.eldiario.net\\\/portal\\\/?s={search_term_string}\"},\"query-input\":{\"@type\":\"PropertyValueSpecification\",\"valueRequired\":true,\"valueName\":\"search_term_string\"}}],\"inLanguage\":\"es\"},{\"@type\":\"Organization\",\"@id\":\"https:\\\/\\\/www.eldiario.net\\\/portal\\\/#organization\",\"name\":\"El Diario - Decano de la prensa nacional\",\"url\":\"https:\\\/\\\/www.eldiario.net\\\/portal\\\/\",\"logo\":{\"@type\":\"ImageObject\",\"inLanguage\":\"es\",\"@id\":\"https:\\\/\\\/www.eldiario.net\\\/portal\\\/#\\\/schema\\\/logo\\\/image\\\/\",\"url\":\"https:\\\/\\\/www.eldiario.net\\\/portal\\\/wp-content\\\/uploads\\\/2023\\\/07\\\/logo_ED.jpg\",\"contentUrl\":\"https:\\\/\\\/www.eldiario.net\\\/portal\\\/wp-content\\\/uploads\\\/2023\\\/07\\\/logo_ED.jpg\",\"width\":272,\"height\":52,\"caption\":\"El Diario - Decano de la prensa nacional\"},\"image\":{\"@id\":\"https:\\\/\\\/www.eldiario.net\\\/portal\\\/#\\\/schema\\\/logo\\\/image\\\/\"},\"sameAs\":[\"https:\\\/\\\/www.facebook.com\\\/eldiario.bolivia\\\/\",\"https:\\\/\\\/x.com\\\/eldiario_net\"]},{\"@type\":\"Person\",\"@id\":\"https:\\\/\\\/www.eldiario.net\\\/portal\\\/#\\\/schema\\\/person\\\/f46445640444750d7d753ccd04ae01b7\",\"name\":\"Jeanette\",\"image\":{\"@type\":\"ImageObject\",\"inLanguage\":\"es\",\"@id\":\"https:\\\/\\\/secure.gravatar.com\\\/avatar\\\/3ea2118a5f7dad2b7138b1187a6b7ee55f160b9968b66013c3a3ef39dd7e5798?s=96&d=mm&r=g\",\"url\":\"https:\\\/\\\/secure.gravatar.com\\\/avatar\\\/3ea2118a5f7dad2b7138b1187a6b7ee55f160b9968b66013c3a3ef39dd7e5798?s=96&d=mm&r=g\",\"contentUrl\":\"https:\\\/\\\/secure.gravatar.com\\\/avatar\\\/3ea2118a5f7dad2b7138b1187a6b7ee55f160b9968b66013c3a3ef39dd7e5798?s=96&d=mm&r=g\",\"caption\":\"Jeanette\"},\"sameAs\":[\"https:\\\/\\\/www.eldiario.net\\\/portal\"],\"url\":\"https:\\\/\\\/www.eldiario.net\\\/portal\\\/author\\\/jeanette\\\/\"}]}<\/script>\n<!-- \/ Yoast SEO plugin. -->","yoast_head_json":{"title":"\u00bfC\u00f3mo puedo cambiar el color del icono de WhatsApp? - El Diario - Bolivia","robots":{"index":"index","follow":"follow","max-snippet":"max-snippet:-1","max-image-preview":"max-image-preview:large","max-video-preview":"max-video-preview:-1"},"canonical":"https:\/\/www.eldiario.net\/portal\/2024\/04\/01\/como-puedo-cambiar-el-color-del-icono-de-whatsapp\/","og_locale":"es_ES","og_type":"article","og_title":"\u00bfC\u00f3mo puedo cambiar el color del icono de WhatsApp? - El Diario - Bolivia","og_description":"\u00bfSab\u00edas que es posible cambiar el color del \u00e7icono de Whats App sin instalar aplicaciones? No ser\u00e1 necesario usar alguna app, aunque tendr\u00e1s que recurrir a herramientas de terceros para realizar esta tarea. Si bien podemos recurrir a Google Play para descargar aplicaciones o launchers, como Nova, para cambiar el color del icono de WhatsApp, [&hellip;]","og_url":"https:\/\/www.eldiario.net\/portal\/2024\/04\/01\/como-puedo-cambiar-el-color-del-icono-de-whatsapp\/","og_site_name":"El Diario - Bolivia","article_publisher":"https:\/\/www.facebook.com\/eldiario.bolivia\/","article_published_time":"2024-04-01T12:04:50+00:00","og_image":[{"width":2560,"height":1440,"url":"https:\/\/www.eldiario.net\/portal\/wp-content\/uploads\/2024\/04\/3-A-scaled.jpg","type":"image\/jpeg"}],"author":"Jeanette","twitter_card":"summary_large_image","twitter_creator":"@eldiario_net","twitter_site":"@eldiario_net","twitter_misc":{"Escrito por":"Jeanette","Tiempo de lectura":"3 minutos"},"schema":{"@context":"https:\/\/schema.org","@graph":[{"@type":"Article","@id":"https:\/\/www.eldiario.net\/portal\/2024\/04\/01\/como-puedo-cambiar-el-color-del-icono-de-whatsapp\/#article","isPartOf":{"@id":"https:\/\/www.eldiario.net\/portal\/2024\/04\/01\/como-puedo-cambiar-el-color-del-icono-de-whatsapp\/"},"author":{"name":"Jeanette","@id":"https:\/\/www.eldiario.net\/portal\/#\/schema\/person\/f46445640444750d7d753ccd04ae01b7"},"headline":"\u00bfC\u00f3mo puedo cambiar el color del icono de WhatsApp?","datePublished":"2024-04-01T12:04:50+00:00","mainEntityOfPage":{"@id":"https:\/\/www.eldiario.net\/portal\/2024\/04\/01\/como-puedo-cambiar-el-color-del-icono-de-whatsapp\/"},"wordCount":427,"commentCount":0,"publisher":{"@id":"https:\/\/www.eldiario.net\/portal\/#organization"},"image":{"@id":"https:\/\/www.eldiario.net\/portal\/2024\/04\/01\/como-puedo-cambiar-el-color-del-icono-de-whatsapp\/#primaryimage"},"thumbnailUrl":"https:\/\/www.eldiario.net\/portal\/wp-content\/uploads\/2024\/04\/3-A-scaled.jpg","articleSection":["Ciencia y Computaci\u00f3n"],"inLanguage":"es","potentialAction":[{"@type":"CommentAction","name":"Comment","target":["https:\/\/www.eldiario.net\/portal\/2024\/04\/01\/como-puedo-cambiar-el-color-del-icono-de-whatsapp\/#respond"]}]},{"@type":"WebPage","@id":"https:\/\/www.eldiario.net\/portal\/2024\/04\/01\/como-puedo-cambiar-el-color-del-icono-de-whatsapp\/","url":"https:\/\/www.eldiario.net\/portal\/2024\/04\/01\/como-puedo-cambiar-el-color-del-icono-de-whatsapp\/","name":"\u00bfC\u00f3mo puedo cambiar el color del icono de WhatsApp? - El Diario - Bolivia","isPartOf":{"@id":"https:\/\/www.eldiario.net\/portal\/#website"},"primaryImageOfPage":{"@id":"https:\/\/www.eldiario.net\/portal\/2024\/04\/01\/como-puedo-cambiar-el-color-del-icono-de-whatsapp\/#primaryimage"},"image":{"@id":"https:\/\/www.eldiario.net\/portal\/2024\/04\/01\/como-puedo-cambiar-el-color-del-icono-de-whatsapp\/#primaryimage"},"thumbnailUrl":"https:\/\/www.eldiario.net\/portal\/wp-content\/uploads\/2024\/04\/3-A-scaled.jpg","datePublished":"2024-04-01T12:04:50+00:00","breadcrumb":{"@id":"https:\/\/www.eldiario.net\/portal\/2024\/04\/01\/como-puedo-cambiar-el-color-del-icono-de-whatsapp\/#breadcrumb"},"inLanguage":"es","potentialAction":[{"@type":"ReadAction","target":["https:\/\/www.eldiario.net\/portal\/2024\/04\/01\/como-puedo-cambiar-el-color-del-icono-de-whatsapp\/"]}]},{"@type":"ImageObject","inLanguage":"es","@id":"https:\/\/www.eldiario.net\/portal\/2024\/04\/01\/como-puedo-cambiar-el-color-del-icono-de-whatsapp\/#primaryimage","url":"https:\/\/www.eldiario.net\/portal\/wp-content\/uploads\/2024\/04\/3-A-scaled.jpg","contentUrl":"https:\/\/www.eldiario.net\/portal\/wp-content\/uploads\/2024\/04\/3-A-scaled.jpg","width":2560,"height":1440},{"@type":"BreadcrumbList","@id":"https:\/\/www.eldiario.net\/portal\/2024\/04\/01\/como-puedo-cambiar-el-color-del-icono-de-whatsapp\/#breadcrumb","itemListElement":[{"@type":"ListItem","position":1,"name":"Portada","item":"https:\/\/www.eldiario.net\/portal\/"},{"@type":"ListItem","position":2,"name":"\u00bfC\u00f3mo puedo cambiar el color del icono de WhatsApp?"}]},{"@type":"WebSite","@id":"https:\/\/www.eldiario.net\/portal\/#website","url":"https:\/\/www.eldiario.net\/portal\/","name":"El Diario - Decano de la prensa nacional","description":"El Diario - Decano de la prensa nacional","publisher":{"@id":"https:\/\/www.eldiario.net\/portal\/#organization"},"potentialAction":[{"@type":"SearchAction","target":{"@type":"EntryPoint","urlTemplate":"https:\/\/www.eldiario.net\/portal\/?s={search_term_string}"},"query-input":{"@type":"PropertyValueSpecification","valueRequired":true,"valueName":"search_term_string"}}],"inLanguage":"es"},{"@type":"Organization","@id":"https:\/\/www.eldiario.net\/portal\/#organization","name":"El Diario - Decano de la prensa nacional","url":"https:\/\/www.eldiario.net\/portal\/","logo":{"@type":"ImageObject","inLanguage":"es","@id":"https:\/\/www.eldiario.net\/portal\/#\/schema\/logo\/image\/","url":"https:\/\/www.eldiario.net\/portal\/wp-content\/uploads\/2023\/07\/logo_ED.jpg","contentUrl":"https:\/\/www.eldiario.net\/portal\/wp-content\/uploads\/2023\/07\/logo_ED.jpg","width":272,"height":52,"caption":"El Diario - Decano de la prensa nacional"},"image":{"@id":"https:\/\/www.eldiario.net\/portal\/#\/schema\/logo\/image\/"},"sameAs":["https:\/\/www.facebook.com\/eldiario.bolivia\/","https:\/\/x.com\/eldiario_net"]},{"@type":"Person","@id":"https:\/\/www.eldiario.net\/portal\/#\/schema\/person\/f46445640444750d7d753ccd04ae01b7","name":"Jeanette","image":{"@type":"ImageObject","inLanguage":"es","@id":"https:\/\/secure.gravatar.com\/avatar\/3ea2118a5f7dad2b7138b1187a6b7ee55f160b9968b66013c3a3ef39dd7e5798?s=96&d=mm&r=g","url":"https:\/\/secure.gravatar.com\/avatar\/3ea2118a5f7dad2b7138b1187a6b7ee55f160b9968b66013c3a3ef39dd7e5798?s=96&d=mm&r=g","contentUrl":"https:\/\/secure.gravatar.com\/avatar\/3ea2118a5f7dad2b7138b1187a6b7ee55f160b9968b66013c3a3ef39dd7e5798?s=96&d=mm&r=g","caption":"Jeanette"},"sameAs":["https:\/\/www.eldiario.net\/portal"],"url":"https:\/\/www.eldiario.net\/portal\/author\/jeanette\/"}]}},"_links":{"self":[{"href":"https:\/\/www.eldiario.net\/portal\/wp-json\/wp\/v2\/posts\/211652","targetHints":{"allow":["GET"]}}],"collection":[{"href":"https:\/\/www.eldiario.net\/portal\/wp-json\/wp\/v2\/posts"}],"about":[{"href":"https:\/\/www.eldiario.net\/portal\/wp-json\/wp\/v2\/types\/post"}],"author":[{"embeddable":true,"href":"https:\/\/www.eldiario.net\/portal\/wp-json\/wp\/v2\/users\/1"}],"replies":[{"embeddable":true,"href":"https:\/\/www.eldiario.net\/portal\/wp-json\/wp\/v2\/comments?post=211652"}],"version-history":[{"count":1,"href":"https:\/\/www.eldiario.net\/portal\/wp-json\/wp\/v2\/posts\/211652\/revisions"}],"predecessor-version":[{"id":211654,"href":"https:\/\/www.eldiario.net\/portal\/wp-json\/wp\/v2\/posts\/211652\/revisions\/211654"}],"wp:featuredmedia":[{"embeddable":true,"href":"https:\/\/www.eldiario.net\/portal\/wp-json\/wp\/v2\/media\/211653"}],"wp:attachment":[{"href":"https:\/\/www.eldiario.net\/portal\/wp-json\/wp\/v2\/media?parent=211652"}],"wp:term":[{"taxonomy":"category","embeddable":true,"href":"https:\/\/www.eldiario.net\/portal\/wp-json\/wp\/v2\/categories?post=211652"},{"taxonomy":"post_tag","embeddable":true,"href":"https:\/\/www.eldiario.net\/portal\/wp-json\/wp\/v2\/tags?post=211652"}],"curies":[{"name":"wp","href":"https:\/\/api.w.org\/{rel}","templated":true}]}}