{"id":211646,"date":"2024-04-01T08:00:56","date_gmt":"2024-04-01T12:00:56","guid":{"rendered":"https:\/\/www.eldiario.net\/portal\/?p=211646"},"modified":"2024-04-01T08:00:56","modified_gmt":"2024-04-01T12:00:56","slug":"sony-world-photography-awards","status":"publish","type":"post","link":"https:\/\/www.eldiario.net\/portal\/2024\/04\/01\/sony-world-photography-awards\/","title":{"rendered":"Sony World Photography Awards"},"content":{"rendered":"<p>\u201cGanadores latinoamericanos 2024\u201d<\/p>\n<p>La World Photography Organisation se complace en anunciar al fot\u00f3grafo ganador y la lista de finalistas del Latin America Professional Award. Ahora en su quinto a\u00f1o, el Premio Profesional de Am\u00e9rica Latina celebra a los fot\u00f3grafos latinoamericanos que presentan una serie destacada en la Competencia Profesional.<\/p>\n<p>El <strong>primer lugar<\/strong> del Latin America Professional Award lo obtuvo el peruano Ernesto Benavides, fotoperiodista, con su serie llamada <em>Cautivos<\/em>, que explora y captura la imagen dram\u00e1tica de los rituales religiosos entre los participantes de la peregrinaci\u00f3n de Ayabaca, que est\u00e1 en el coraz\u00f3n de las tradiciones cat\u00f3licas profundamente arraigadas en la regi\u00f3n de Sudam\u00e9rica. En esta peregrinaci\u00f3n buscan al Se\u00f1or Cautivo, representado con una corona de p\u00faas siendo conducido a su crucifixi\u00f3n.<\/p>\n<p>\u201cGanar en los Sony World Photography Awards me da mucha felicidad; representa la validaci\u00f3n a la creatividad, dedicaci\u00f3n y tiempo invertido en la fotograf\u00eda, adem\u00e1s de ser reconocido a nivel internacional,\u201d coment\u00f3 Benavides. \u201cEste logro es un impulso inspirador que me motiva a seguir explorando en mi trabajo y compartirlo con el mundo.\u201d<\/p>\n<p>Iv\u00e1n Valencia, de Colombia, gan\u00f3 el <strong>segundo lugar<\/strong> con su trabajo <em>Las ballenas jorobadas atraen a miles de visitantes a un peque\u00f1o puerto en la costa del Pac\u00edfico de Colombia<\/em>. En esta serie fotogr\u00e1fica, Iv\u00e1n documenta el avistamiento de ballenas jorobadas en Bah\u00eda Solano, mientras migran desde las g\u00e9lidas aguas del Pac\u00edfico sur hacia las c\u00e1lidas aguas de Colombia. Esta bah\u00eda se ha convertido en uno de los lugares m\u00e1s famosos de Colombia para esta actividad, y cada verano recibe miles de visitantes.<\/p>\n<p>El argentino Nico Mu\u00f1oz logr\u00f3 el <strong>tercer lugar<\/strong> de Latinoam\u00e9rica con su serie <em>Ecos del lago: Pescadores del desierto<\/em>, que retrata a la peque\u00f1a comunidad del grupo \u00e9tnico Uru, una cultura ancestral que se mantiene resiliente ante el cambio clim\u00e1tico, a orillas del lago Poop\u00f3 en Bolivia.<\/p>\n<p><strong>GANADORES LATIN AMERICA REGIONAL AWARDS<\/strong><\/p>\n<p>Tambi\u00e9n se dieron a conocer los ganadores de los premios Regional Awards de este a\u00f1o, una iniciativa creada por la World Photography Organisation y Sony para respaldar a las comunidades fotogr\u00e1ficas locales de todo el mundo, con 54 pa\u00edses participantes este a\u00f1o. Los Latin America Regional Awards reconocen a tres fot\u00f3grafos ganadores y una lista de finalistas, por sus incre\u00edbles im\u00e1genes individuales presentadas en la competencia Abierta.<\/p>\n<p>El ganador del <strong>primer lugar<\/strong> es el argentino Marcos Azulay con su imagen <em>Fidel<\/em>, que retrata a su hijo unos d\u00edas despu\u00e9s de haber cumplido 20 a\u00f1os. \u201cQuiero expresar mi sincero agradecimiento por haber sido seleccionado como Ganador del Premio Regional para Am\u00e9rica Latina en los Sony World Photography Awards 2024. Es un honor inmenso recibir este prestigioso reconocimiento. Mi profundo agradecimiento al jurado, a los organizadores y a Sony por hacer posible esta oportunidad\u201d, coment\u00f3 Azulay.<\/p>\n<p>El <strong>segundo puesto<\/strong> lo obtuvo Jair Fernando de Colombia, con su fotograf\u00eda <em>Estrella de Bel\u00e9n<\/em>; mientras que el <strong>tercer lugar<\/strong> fue para el chileno Marco Chacana, por su trabajo <em>Tango<\/em>.<\/p>\n<p>Los premios Sony World Photography Awards 2024 recibieron m\u00e1s de 395 000 im\u00e1genes de m\u00e1s de 220 pa\u00edses y territorios.<\/p>\n<p>Todos estos fot\u00f3grafos ganadores recibir\u00e1n equipos de imagen digital de Sony y sus obras ser\u00e1n incluidas en la exhibici\u00f3n y el anuario de los premios Sony World Photography Awards.<\/p>\n<p>Los ganadores de las competencias Estudiantil, Juvenil, Abierta y Profesional de los premios Sony World Photography Awards 2024 se anunciar\u00e1n el 18 de abril de 2024 y las obras ser\u00e1n parte de la muestra que se realizar\u00e1 en la Somerset House de Londres, del 19 de abril al 6 de mayo de 2024. Para obtener m\u00e1s informaci\u00f3n sobre los pr\u00f3ximos anuncios y los ganadores visita <a href=\"http:\/\/www.worldphoto.org\/\">www.worldlphoto.org<\/a><\/p>\n<p>&nbsp;<\/p>\n<p>&nbsp;<\/p>\n<p>&nbsp;<\/p>\n","protected":false},"excerpt":{"rendered":"<p>\u201cGanadores latinoamericanos 2024\u201d La World Photography Organisation se complace en anunciar al fot\u00f3grafo ganador y la lista de finalistas del Latin America Professional Award. Ahora en su quinto a\u00f1o, el Premio Profesional de Am\u00e9rica Latina celebra a los fot\u00f3grafos latinoamericanos que presentan una serie destacada en la Competencia Profesional. El primer lugar del Latin America [&hellip;]<\/p>\n","protected":false},"author":1,"featured_media":211647,"comment_status":"open","ping_status":"open","sticky":false,"template":"","format":"standard","meta":{"_acf_changed":false,"footnotes":""},"categories":[46],"tags":[],"class_list":["post-211646","post","type-post","status-publish","format-standard","has-post-thumbnail","category-ciencia-computacion"],"acf":{"antetitulo":""},"yoast_head":"<!-- This site is optimized with the Yoast SEO plugin v28.4 - https:\/\/yoast.com\/product\/yoast-seo-wordpress\/ -->\n<title>Sony World Photography Awards - El Diario - Bolivia<\/title>\n<meta name=\"robots\" content=\"index, follow, max-snippet:-1, max-image-preview:large, max-video-preview:-1\" \/>\n<link rel=\"canonical\" href=\"https:\/\/www.eldiario.net\/portal\/2024\/04\/01\/sony-world-photography-awards\/\" \/>\n<meta property=\"og:locale\" content=\"es_ES\" \/>\n<meta property=\"og:type\" content=\"article\" \/>\n<meta property=\"og:title\" content=\"Sony World Photography Awards - El Diario - Bolivia\" \/>\n<meta property=\"og:description\" content=\"\u201cGanadores latinoamericanos 2024\u201d La World Photography Organisation se complace en anunciar al fot\u00f3grafo ganador y la lista de finalistas del Latin America Professional Award. Ahora en su quinto a\u00f1o, el Premio Profesional de Am\u00e9rica Latina celebra a los fot\u00f3grafos latinoamericanos que presentan una serie destacada en la Competencia Profesional. El primer lugar del Latin America [&hellip;]\" \/>\n<meta property=\"og:url\" content=\"https:\/\/www.eldiario.net\/portal\/2024\/04\/01\/sony-world-photography-awards\/\" \/>\n<meta property=\"og:site_name\" content=\"El Diario - Bolivia\" \/>\n<meta property=\"article:publisher\" content=\"https:\/\/www.facebook.com\/eldiario.bolivia\/\" \/>\n<meta property=\"article:published_time\" content=\"2024-04-01T12:00:56+00:00\" \/>\n<meta property=\"og:image\" content=\"https:\/\/www.eldiario.net\/portal\/wp-content\/uploads\/2024\/04\/4-A-scaled.jpg\" \/>\n\t<meta property=\"og:image:width\" content=\"2560\" \/>\n\t<meta property=\"og:image:height\" content=\"1317\" \/>\n\t<meta property=\"og:image:type\" content=\"image\/jpeg\" \/>\n<meta name=\"author\" content=\"Jeanette\" \/>\n<meta name=\"twitter:card\" content=\"summary_large_image\" \/>\n<meta name=\"twitter:creator\" content=\"@eldiario_net\" \/>\n<meta name=\"twitter:site\" content=\"@eldiario_net\" \/>\n<meta name=\"twitter:label1\" content=\"Escrito por\" \/>\n\t<meta name=\"twitter:data1\" content=\"Jeanette\" \/>\n\t<meta name=\"twitter:label2\" content=\"Tiempo de lectura\" \/>\n\t<meta name=\"twitter:data2\" content=\"3 minutos\" \/>\n<script type=\"application\/ld+json\" class=\"yoast-schema-graph\">{\"@context\":\"https:\\\/\\\/schema.org\",\"@graph\":[{\"@type\":\"Article\",\"@id\":\"https:\\\/\\\/www.eldiario.net\\\/portal\\\/2024\\\/04\\\/01\\\/sony-world-photography-awards\\\/#article\",\"isPartOf\":{\"@id\":\"https:\\\/\\\/www.eldiario.net\\\/portal\\\/2024\\\/04\\\/01\\\/sony-world-photography-awards\\\/\"},\"author\":{\"name\":\"Jeanette\",\"@id\":\"https:\\\/\\\/www.eldiario.net\\\/portal\\\/#\\\/schema\\\/person\\\/f46445640444750d7d753ccd04ae01b7\"},\"headline\":\"Sony World Photography Awards\",\"datePublished\":\"2024-04-01T12:00:56+00:00\",\"mainEntityOfPage\":{\"@id\":\"https:\\\/\\\/www.eldiario.net\\\/portal\\\/2024\\\/04\\\/01\\\/sony-world-photography-awards\\\/\"},\"wordCount\":654,\"commentCount\":0,\"publisher\":{\"@id\":\"https:\\\/\\\/www.eldiario.net\\\/portal\\\/#organization\"},\"image\":{\"@id\":\"https:\\\/\\\/www.eldiario.net\\\/portal\\\/2024\\\/04\\\/01\\\/sony-world-photography-awards\\\/#primaryimage\"},\"thumbnailUrl\":\"https:\\\/\\\/www.eldiario.net\\\/portal\\\/wp-content\\\/uploads\\\/2024\\\/04\\\/4-A-scaled.jpg\",\"articleSection\":[\"Ciencia y Computaci\u00f3n\"],\"inLanguage\":\"es\",\"potentialAction\":[{\"@type\":\"CommentAction\",\"name\":\"Comment\",\"target\":[\"https:\\\/\\\/www.eldiario.net\\\/portal\\\/2024\\\/04\\\/01\\\/sony-world-photography-awards\\\/#respond\"]}]},{\"@type\":\"WebPage\",\"@id\":\"https:\\\/\\\/www.eldiario.net\\\/portal\\\/2024\\\/04\\\/01\\\/sony-world-photography-awards\\\/\",\"url\":\"https:\\\/\\\/www.eldiario.net\\\/portal\\\/2024\\\/04\\\/01\\\/sony-world-photography-awards\\\/\",\"name\":\"Sony World Photography Awards - El Diario - Bolivia\",\"isPartOf\":{\"@id\":\"https:\\\/\\\/www.eldiario.net\\\/portal\\\/#website\"},\"primaryImageOfPage\":{\"@id\":\"https:\\\/\\\/www.eldiario.net\\\/portal\\\/2024\\\/04\\\/01\\\/sony-world-photography-awards\\\/#primaryimage\"},\"image\":{\"@id\":\"https:\\\/\\\/www.eldiario.net\\\/portal\\\/2024\\\/04\\\/01\\\/sony-world-photography-awards\\\/#primaryimage\"},\"thumbnailUrl\":\"https:\\\/\\\/www.eldiario.net\\\/portal\\\/wp-content\\\/uploads\\\/2024\\\/04\\\/4-A-scaled.jpg\",\"datePublished\":\"2024-04-01T12:00:56+00:00\",\"breadcrumb\":{\"@id\":\"https:\\\/\\\/www.eldiario.net\\\/portal\\\/2024\\\/04\\\/01\\\/sony-world-photography-awards\\\/#breadcrumb\"},\"inLanguage\":\"es\",\"potentialAction\":[{\"@type\":\"ReadAction\",\"target\":[\"https:\\\/\\\/www.eldiario.net\\\/portal\\\/2024\\\/04\\\/01\\\/sony-world-photography-awards\\\/\"]}]},{\"@type\":\"ImageObject\",\"inLanguage\":\"es\",\"@id\":\"https:\\\/\\\/www.eldiario.net\\\/portal\\\/2024\\\/04\\\/01\\\/sony-world-photography-awards\\\/#primaryimage\",\"url\":\"https:\\\/\\\/www.eldiario.net\\\/portal\\\/wp-content\\\/uploads\\\/2024\\\/04\\\/4-A-scaled.jpg\",\"contentUrl\":\"https:\\\/\\\/www.eldiario.net\\\/portal\\\/wp-content\\\/uploads\\\/2024\\\/04\\\/4-A-scaled.jpg\",\"width\":2560,\"height\":1317},{\"@type\":\"BreadcrumbList\",\"@id\":\"https:\\\/\\\/www.eldiario.net\\\/portal\\\/2024\\\/04\\\/01\\\/sony-world-photography-awards\\\/#breadcrumb\",\"itemListElement\":[{\"@type\":\"ListItem\",\"position\":1,\"name\":\"Portada\",\"item\":\"https:\\\/\\\/www.eldiario.net\\\/portal\\\/\"},{\"@type\":\"ListItem\",\"position\":2,\"name\":\"Sony World Photography Awards\"}]},{\"@type\":\"WebSite\",\"@id\":\"https:\\\/\\\/www.eldiario.net\\\/portal\\\/#website\",\"url\":\"https:\\\/\\\/www.eldiario.net\\\/portal\\\/\",\"name\":\"El Diario - Decano de la prensa nacional\",\"description\":\"El Diario - Decano de la prensa nacional\",\"publisher\":{\"@id\":\"https:\\\/\\\/www.eldiario.net\\\/portal\\\/#organization\"},\"potentialAction\":[{\"@type\":\"SearchAction\",\"target\":{\"@type\":\"EntryPoint\",\"urlTemplate\":\"https:\\\/\\\/www.eldiario.net\\\/portal\\\/?s={search_term_string}\"},\"query-input\":{\"@type\":\"PropertyValueSpecification\",\"valueRequired\":true,\"valueName\":\"search_term_string\"}}],\"inLanguage\":\"es\"},{\"@type\":\"Organization\",\"@id\":\"https:\\\/\\\/www.eldiario.net\\\/portal\\\/#organization\",\"name\":\"El Diario - Decano de la prensa nacional\",\"url\":\"https:\\\/\\\/www.eldiario.net\\\/portal\\\/\",\"logo\":{\"@type\":\"ImageObject\",\"inLanguage\":\"es\",\"@id\":\"https:\\\/\\\/www.eldiario.net\\\/portal\\\/#\\\/schema\\\/logo\\\/image\\\/\",\"url\":\"https:\\\/\\\/www.eldiario.net\\\/portal\\\/wp-content\\\/uploads\\\/2023\\\/07\\\/logo_ED.jpg\",\"contentUrl\":\"https:\\\/\\\/www.eldiario.net\\\/portal\\\/wp-content\\\/uploads\\\/2023\\\/07\\\/logo_ED.jpg\",\"width\":272,\"height\":52,\"caption\":\"El Diario - Decano de la prensa nacional\"},\"image\":{\"@id\":\"https:\\\/\\\/www.eldiario.net\\\/portal\\\/#\\\/schema\\\/logo\\\/image\\\/\"},\"sameAs\":[\"https:\\\/\\\/www.facebook.com\\\/eldiario.bolivia\\\/\",\"https:\\\/\\\/x.com\\\/eldiario_net\"]},{\"@type\":\"Person\",\"@id\":\"https:\\\/\\\/www.eldiario.net\\\/portal\\\/#\\\/schema\\\/person\\\/f46445640444750d7d753ccd04ae01b7\",\"name\":\"Jeanette\",\"image\":{\"@type\":\"ImageObject\",\"inLanguage\":\"es\",\"@id\":\"https:\\\/\\\/secure.gravatar.com\\\/avatar\\\/3ea2118a5f7dad2b7138b1187a6b7ee55f160b9968b66013c3a3ef39dd7e5798?s=96&d=mm&r=g\",\"url\":\"https:\\\/\\\/secure.gravatar.com\\\/avatar\\\/3ea2118a5f7dad2b7138b1187a6b7ee55f160b9968b66013c3a3ef39dd7e5798?s=96&d=mm&r=g\",\"contentUrl\":\"https:\\\/\\\/secure.gravatar.com\\\/avatar\\\/3ea2118a5f7dad2b7138b1187a6b7ee55f160b9968b66013c3a3ef39dd7e5798?s=96&d=mm&r=g\",\"caption\":\"Jeanette\"},\"sameAs\":[\"https:\\\/\\\/www.eldiario.net\\\/portal\"],\"url\":\"https:\\\/\\\/www.eldiario.net\\\/portal\\\/author\\\/jeanette\\\/\"}]}<\/script>\n<!-- \/ Yoast SEO plugin. -->","yoast_head_json":{"title":"Sony World Photography Awards - El Diario - Bolivia","robots":{"index":"index","follow":"follow","max-snippet":"max-snippet:-1","max-image-preview":"max-image-preview:large","max-video-preview":"max-video-preview:-1"},"canonical":"https:\/\/www.eldiario.net\/portal\/2024\/04\/01\/sony-world-photography-awards\/","og_locale":"es_ES","og_type":"article","og_title":"Sony World Photography Awards - El Diario - Bolivia","og_description":"\u201cGanadores latinoamericanos 2024\u201d La World Photography Organisation se complace en anunciar al fot\u00f3grafo ganador y la lista de finalistas del Latin America Professional Award. Ahora en su quinto a\u00f1o, el Premio Profesional de Am\u00e9rica Latina celebra a los fot\u00f3grafos latinoamericanos que presentan una serie destacada en la Competencia Profesional. El primer lugar del Latin America [&hellip;]","og_url":"https:\/\/www.eldiario.net\/portal\/2024\/04\/01\/sony-world-photography-awards\/","og_site_name":"El Diario - Bolivia","article_publisher":"https:\/\/www.facebook.com\/eldiario.bolivia\/","article_published_time":"2024-04-01T12:00:56+00:00","og_image":[{"width":2560,"height":1317,"url":"https:\/\/www.eldiario.net\/portal\/wp-content\/uploads\/2024\/04\/4-A-scaled.jpg","type":"image\/jpeg"}],"author":"Jeanette","twitter_card":"summary_large_image","twitter_creator":"@eldiario_net","twitter_site":"@eldiario_net","twitter_misc":{"Escrito por":"Jeanette","Tiempo de lectura":"3 minutos"},"schema":{"@context":"https:\/\/schema.org","@graph":[{"@type":"Article","@id":"https:\/\/www.eldiario.net\/portal\/2024\/04\/01\/sony-world-photography-awards\/#article","isPartOf":{"@id":"https:\/\/www.eldiario.net\/portal\/2024\/04\/01\/sony-world-photography-awards\/"},"author":{"name":"Jeanette","@id":"https:\/\/www.eldiario.net\/portal\/#\/schema\/person\/f46445640444750d7d753ccd04ae01b7"},"headline":"Sony World Photography Awards","datePublished":"2024-04-01T12:00:56+00:00","mainEntityOfPage":{"@id":"https:\/\/www.eldiario.net\/portal\/2024\/04\/01\/sony-world-photography-awards\/"},"wordCount":654,"commentCount":0,"publisher":{"@id":"https:\/\/www.eldiario.net\/portal\/#organization"},"image":{"@id":"https:\/\/www.eldiario.net\/portal\/2024\/04\/01\/sony-world-photography-awards\/#primaryimage"},"thumbnailUrl":"https:\/\/www.eldiario.net\/portal\/wp-content\/uploads\/2024\/04\/4-A-scaled.jpg","articleSection":["Ciencia y Computaci\u00f3n"],"inLanguage":"es","potentialAction":[{"@type":"CommentAction","name":"Comment","target":["https:\/\/www.eldiario.net\/portal\/2024\/04\/01\/sony-world-photography-awards\/#respond"]}]},{"@type":"WebPage","@id":"https:\/\/www.eldiario.net\/portal\/2024\/04\/01\/sony-world-photography-awards\/","url":"https:\/\/www.eldiario.net\/portal\/2024\/04\/01\/sony-world-photography-awards\/","name":"Sony World Photography Awards - El Diario - Bolivia","isPartOf":{"@id":"https:\/\/www.eldiario.net\/portal\/#website"},"primaryImageOfPage":{"@id":"https:\/\/www.eldiario.net\/portal\/2024\/04\/01\/sony-world-photography-awards\/#primaryimage"},"image":{"@id":"https:\/\/www.eldiario.net\/portal\/2024\/04\/01\/sony-world-photography-awards\/#primaryimage"},"thumbnailUrl":"https:\/\/www.eldiario.net\/portal\/wp-content\/uploads\/2024\/04\/4-A-scaled.jpg","datePublished":"2024-04-01T12:00:56+00:00","breadcrumb":{"@id":"https:\/\/www.eldiario.net\/portal\/2024\/04\/01\/sony-world-photography-awards\/#breadcrumb"},"inLanguage":"es","potentialAction":[{"@type":"ReadAction","target":["https:\/\/www.eldiario.net\/portal\/2024\/04\/01\/sony-world-photography-awards\/"]}]},{"@type":"ImageObject","inLanguage":"es","@id":"https:\/\/www.eldiario.net\/portal\/2024\/04\/01\/sony-world-photography-awards\/#primaryimage","url":"https:\/\/www.eldiario.net\/portal\/wp-content\/uploads\/2024\/04\/4-A-scaled.jpg","contentUrl":"https:\/\/www.eldiario.net\/portal\/wp-content\/uploads\/2024\/04\/4-A-scaled.jpg","width":2560,"height":1317},{"@type":"BreadcrumbList","@id":"https:\/\/www.eldiario.net\/portal\/2024\/04\/01\/sony-world-photography-awards\/#breadcrumb","itemListElement":[{"@type":"ListItem","position":1,"name":"Portada","item":"https:\/\/www.eldiario.net\/portal\/"},{"@type":"ListItem","position":2,"name":"Sony World Photography Awards"}]},{"@type":"WebSite","@id":"https:\/\/www.eldiario.net\/portal\/#website","url":"https:\/\/www.eldiario.net\/portal\/","name":"El Diario - Decano de la prensa nacional","description":"El Diario - Decano de la prensa nacional","publisher":{"@id":"https:\/\/www.eldiario.net\/portal\/#organization"},"potentialAction":[{"@type":"SearchAction","target":{"@type":"EntryPoint","urlTemplate":"https:\/\/www.eldiario.net\/portal\/?s={search_term_string}"},"query-input":{"@type":"PropertyValueSpecification","valueRequired":true,"valueName":"search_term_string"}}],"inLanguage":"es"},{"@type":"Organization","@id":"https:\/\/www.eldiario.net\/portal\/#organization","name":"El Diario - Decano de la prensa nacional","url":"https:\/\/www.eldiario.net\/portal\/","logo":{"@type":"ImageObject","inLanguage":"es","@id":"https:\/\/www.eldiario.net\/portal\/#\/schema\/logo\/image\/","url":"https:\/\/www.eldiario.net\/portal\/wp-content\/uploads\/2023\/07\/logo_ED.jpg","contentUrl":"https:\/\/www.eldiario.net\/portal\/wp-content\/uploads\/2023\/07\/logo_ED.jpg","width":272,"height":52,"caption":"El Diario - Decano de la prensa nacional"},"image":{"@id":"https:\/\/www.eldiario.net\/portal\/#\/schema\/logo\/image\/"},"sameAs":["https:\/\/www.facebook.com\/eldiario.bolivia\/","https:\/\/x.com\/eldiario_net"]},{"@type":"Person","@id":"https:\/\/www.eldiario.net\/portal\/#\/schema\/person\/f46445640444750d7d753ccd04ae01b7","name":"Jeanette","image":{"@type":"ImageObject","inLanguage":"es","@id":"https:\/\/secure.gravatar.com\/avatar\/3ea2118a5f7dad2b7138b1187a6b7ee55f160b9968b66013c3a3ef39dd7e5798?s=96&d=mm&r=g","url":"https:\/\/secure.gravatar.com\/avatar\/3ea2118a5f7dad2b7138b1187a6b7ee55f160b9968b66013c3a3ef39dd7e5798?s=96&d=mm&r=g","contentUrl":"https:\/\/secure.gravatar.com\/avatar\/3ea2118a5f7dad2b7138b1187a6b7ee55f160b9968b66013c3a3ef39dd7e5798?s=96&d=mm&r=g","caption":"Jeanette"},"sameAs":["https:\/\/www.eldiario.net\/portal"],"url":"https:\/\/www.eldiario.net\/portal\/author\/jeanette\/"}]}},"_links":{"self":[{"href":"https:\/\/www.eldiario.net\/portal\/wp-json\/wp\/v2\/posts\/211646","targetHints":{"allow":["GET"]}}],"collection":[{"href":"https:\/\/www.eldiario.net\/portal\/wp-json\/wp\/v2\/posts"}],"about":[{"href":"https:\/\/www.eldiario.net\/portal\/wp-json\/wp\/v2\/types\/post"}],"author":[{"embeddable":true,"href":"https:\/\/www.eldiario.net\/portal\/wp-json\/wp\/v2\/users\/1"}],"replies":[{"embeddable":true,"href":"https:\/\/www.eldiario.net\/portal\/wp-json\/wp\/v2\/comments?post=211646"}],"version-history":[{"count":1,"href":"https:\/\/www.eldiario.net\/portal\/wp-json\/wp\/v2\/posts\/211646\/revisions"}],"predecessor-version":[{"id":211648,"href":"https:\/\/www.eldiario.net\/portal\/wp-json\/wp\/v2\/posts\/211646\/revisions\/211648"}],"wp:featuredmedia":[{"embeddable":true,"href":"https:\/\/www.eldiario.net\/portal\/wp-json\/wp\/v2\/media\/211647"}],"wp:attachment":[{"href":"https:\/\/www.eldiario.net\/portal\/wp-json\/wp\/v2\/media?parent=211646"}],"wp:term":[{"taxonomy":"category","embeddable":true,"href":"https:\/\/www.eldiario.net\/portal\/wp-json\/wp\/v2\/categories?post=211646"},{"taxonomy":"post_tag","embeddable":true,"href":"https:\/\/www.eldiario.net\/portal\/wp-json\/wp\/v2\/tags?post=211646"}],"curies":[{"name":"wp","href":"https:\/\/api.w.org\/{rel}","templated":true}]}}