{"id":211643,"date":"2024-04-01T07:59:56","date_gmt":"2024-04-01T11:59:56","guid":{"rendered":"https:\/\/www.eldiario.net\/portal\/?p=211643"},"modified":"2024-04-01T07:59:56","modified_gmt":"2024-04-01T11:59:56","slug":"samsung-galaxy-tab-s6-lite-2024-estilo-y-funcionalidad-en-un-paquete-compacto","status":"publish","type":"post","link":"https:\/\/www.eldiario.net\/portal\/2024\/04\/01\/samsung-galaxy-tab-s6-lite-2024-estilo-y-funcionalidad-en-un-paquete-compacto\/","title":{"rendered":"Samsung Galaxy Tab S6 Lite (2024): Estilo y funcionalidad en un paquete compacto"},"content":{"rendered":"<p><strong>Marzo 2024.<\/strong> Samsung presenta la nueva Galaxy Tab S6 Lite (2024), una elegante <em>tablet<\/em> dise\u00f1ada para el trabajo y el entretenimiento. Vinculada con S Pen de alta precisi\u00f3n y ofreciendo una potencia de rendimiento fiable, el nuevo equipo maximiza la inspiraci\u00f3n, las ideas y el rendimiento para estudiantes, j\u00f3venes y familias por igual.<\/p>\n<p>\u00abEn Samsung, entendemos que la vida transcurre con rapidez, el trabajo es din\u00e1mico y los consumidores necesitan equipos que puedan seguir el ritmo de sus ajetreados estilos de vida (\u2026) El Galaxy Tab S6 Lite (2024) combina la productividad con entretenimiento y creatividad\u00bb, indica el vicepresidente y jefe del equipo de Planificaci\u00f3n de Productos del Ecosistema Galaxy, MX Business en Samsung, Junho Park.<\/p>\n<p><strong>Un nuevo nivel de productividad en toma de notas<\/strong><\/p>\n<p>Galaxy Tab S6 Lite cuenta con un S Pen ergon\u00f3mico que fue dise\u00f1ado para preservar la comodidad, incluso cuando se agarra durante largos per\u00edodos de tiempo. Los usuarios podr\u00e1n dibujar o escribir con el l\u00e1piz digital sin necesidad de desbloquear la <em>tablet<\/em>. Y sin necesidad de un cargador independiente.<\/p>\n<p>La nueva <em>tablet<\/em> de Samsung es totalmente compatible con los dispositivos Galaxy, incluidos los Galaxy Buds FE que ofrecen una conectividad perfecta entre varios dispositivos.<\/p>\n<p><strong>Un dispositivo elegante, port\u00e1til y potente<\/strong><\/p>\n<p>Galaxy Tab S6 Lite (2024) ofrece un dise\u00f1o elegante, con aspecto met\u00e1lico premium disponible en tres atractivos colores: Gris Oxford, Rosa Chiffon y Menta. La tablet es compacta y liviana para mayor portabilidad. Por otra parte, el equipo cuenta con una amplia pantalla de 10,4 pulgadas y un bisel delgado y sim\u00e9trico de 9 mm, lo que permite una experiencia visual cautivadora.<\/p>\n<p>Junto con las funciones estelares de productividad y entretenimiento, Galaxy Tab S6 Lite (2024) ofrece una potente bater\u00eda de 14 horas de reproducci\u00f3n ininterrumpida de video, proporcionando una experiencia visual envolvente y libertad creativa. Adem\u00e1s, los usuarios tambi\u00e9n podr\u00e1n disfrutar de sesiones multitarea m\u00e1s eficientes.<\/p>\n<p>La nueva Galaxy Tab S6 Lite (2024) estar\u00e1 disponible a partir del 28 de marzo.<\/p>\n<p>&nbsp;<\/p>\n","protected":false},"excerpt":{"rendered":"<p>Marzo 2024. Samsung presenta la nueva Galaxy Tab S6 Lite (2024), una elegante tablet dise\u00f1ada para el trabajo y el entretenimiento. Vinculada con S Pen de alta precisi\u00f3n y ofreciendo una potencia de rendimiento fiable, el nuevo equipo maximiza la inspiraci\u00f3n, las ideas y el rendimiento para estudiantes, j\u00f3venes y familias por igual. \u00abEn Samsung, [&hellip;]<\/p>\n","protected":false},"author":1,"featured_media":211644,"comment_status":"open","ping_status":"open","sticky":false,"template":"","format":"standard","meta":{"_acf_changed":false,"footnotes":""},"categories":[46],"tags":[],"class_list":["post-211643","post","type-post","status-publish","format-standard","has-post-thumbnail","category-ciencia-computacion"],"acf":{"antetitulo":""},"yoast_head":"<!-- This site is optimized with the Yoast SEO plugin v28.4 - https:\/\/yoast.com\/product\/yoast-seo-wordpress\/ -->\n<title>Samsung Galaxy Tab S6 Lite (2024): Estilo y funcionalidad en un paquete compacto - El Diario - Bolivia<\/title>\n<meta name=\"robots\" content=\"index, follow, max-snippet:-1, max-image-preview:large, max-video-preview:-1\" \/>\n<link rel=\"canonical\" href=\"https:\/\/www.eldiario.net\/portal\/2024\/04\/01\/samsung-galaxy-tab-s6-lite-2024-estilo-y-funcionalidad-en-un-paquete-compacto\/\" \/>\n<meta property=\"og:locale\" content=\"es_ES\" \/>\n<meta property=\"og:type\" content=\"article\" \/>\n<meta property=\"og:title\" content=\"Samsung Galaxy Tab S6 Lite (2024): Estilo y funcionalidad en un paquete compacto - El Diario - Bolivia\" \/>\n<meta property=\"og:description\" content=\"Marzo 2024. Samsung presenta la nueva Galaxy Tab S6 Lite (2024), una elegante tablet dise\u00f1ada para el trabajo y el entretenimiento. Vinculada con S Pen de alta precisi\u00f3n y ofreciendo una potencia de rendimiento fiable, el nuevo equipo maximiza la inspiraci\u00f3n, las ideas y el rendimiento para estudiantes, j\u00f3venes y familias por igual. \u00abEn Samsung, [&hellip;]\" \/>\n<meta property=\"og:url\" content=\"https:\/\/www.eldiario.net\/portal\/2024\/04\/01\/samsung-galaxy-tab-s6-lite-2024-estilo-y-funcionalidad-en-un-paquete-compacto\/\" \/>\n<meta property=\"og:site_name\" content=\"El Diario - Bolivia\" \/>\n<meta property=\"article:publisher\" content=\"https:\/\/www.facebook.com\/eldiario.bolivia\/\" \/>\n<meta property=\"article:published_time\" content=\"2024-04-01T11:59:56+00:00\" \/>\n<meta property=\"og:image\" content=\"https:\/\/www.eldiario.net\/portal\/wp-content\/uploads\/2024\/04\/5-A-scaled.jpg\" \/>\n\t<meta property=\"og:image:width\" content=\"2419\" \/>\n\t<meta property=\"og:image:height\" content=\"2560\" \/>\n\t<meta property=\"og:image:type\" content=\"image\/jpeg\" \/>\n<meta name=\"author\" content=\"Jeanette\" \/>\n<meta name=\"twitter:card\" content=\"summary_large_image\" \/>\n<meta name=\"twitter:creator\" content=\"@eldiario_net\" \/>\n<meta name=\"twitter:site\" content=\"@eldiario_net\" \/>\n<meta name=\"twitter:label1\" content=\"Escrito por\" \/>\n\t<meta name=\"twitter:data1\" content=\"Jeanette\" \/>\n\t<meta name=\"twitter:label2\" content=\"Tiempo de lectura\" \/>\n\t<meta name=\"twitter:data2\" content=\"2 minutos\" \/>\n<script type=\"application\/ld+json\" class=\"yoast-schema-graph\">{\"@context\":\"https:\\\/\\\/schema.org\",\"@graph\":[{\"@type\":\"Article\",\"@id\":\"https:\\\/\\\/www.eldiario.net\\\/portal\\\/2024\\\/04\\\/01\\\/samsung-galaxy-tab-s6-lite-2024-estilo-y-funcionalidad-en-un-paquete-compacto\\\/#article\",\"isPartOf\":{\"@id\":\"https:\\\/\\\/www.eldiario.net\\\/portal\\\/2024\\\/04\\\/01\\\/samsung-galaxy-tab-s6-lite-2024-estilo-y-funcionalidad-en-un-paquete-compacto\\\/\"},\"author\":{\"name\":\"Jeanette\",\"@id\":\"https:\\\/\\\/www.eldiario.net\\\/portal\\\/#\\\/schema\\\/person\\\/f46445640444750d7d753ccd04ae01b7\"},\"headline\":\"Samsung Galaxy Tab S6 Lite (2024): Estilo y funcionalidad en un paquete compacto\",\"datePublished\":\"2024-04-01T11:59:56+00:00\",\"mainEntityOfPage\":{\"@id\":\"https:\\\/\\\/www.eldiario.net\\\/portal\\\/2024\\\/04\\\/01\\\/samsung-galaxy-tab-s6-lite-2024-estilo-y-funcionalidad-en-un-paquete-compacto\\\/\"},\"wordCount\":350,\"commentCount\":0,\"publisher\":{\"@id\":\"https:\\\/\\\/www.eldiario.net\\\/portal\\\/#organization\"},\"image\":{\"@id\":\"https:\\\/\\\/www.eldiario.net\\\/portal\\\/2024\\\/04\\\/01\\\/samsung-galaxy-tab-s6-lite-2024-estilo-y-funcionalidad-en-un-paquete-compacto\\\/#primaryimage\"},\"thumbnailUrl\":\"https:\\\/\\\/www.eldiario.net\\\/portal\\\/wp-content\\\/uploads\\\/2024\\\/04\\\/5-A-scaled.jpg\",\"articleSection\":[\"Ciencia y Computaci\u00f3n\"],\"inLanguage\":\"es\",\"potentialAction\":[{\"@type\":\"CommentAction\",\"name\":\"Comment\",\"target\":[\"https:\\\/\\\/www.eldiario.net\\\/portal\\\/2024\\\/04\\\/01\\\/samsung-galaxy-tab-s6-lite-2024-estilo-y-funcionalidad-en-un-paquete-compacto\\\/#respond\"]}]},{\"@type\":\"WebPage\",\"@id\":\"https:\\\/\\\/www.eldiario.net\\\/portal\\\/2024\\\/04\\\/01\\\/samsung-galaxy-tab-s6-lite-2024-estilo-y-funcionalidad-en-un-paquete-compacto\\\/\",\"url\":\"https:\\\/\\\/www.eldiario.net\\\/portal\\\/2024\\\/04\\\/01\\\/samsung-galaxy-tab-s6-lite-2024-estilo-y-funcionalidad-en-un-paquete-compacto\\\/\",\"name\":\"Samsung Galaxy Tab S6 Lite (2024): Estilo y funcionalidad en un paquete compacto - El Diario - Bolivia\",\"isPartOf\":{\"@id\":\"https:\\\/\\\/www.eldiario.net\\\/portal\\\/#website\"},\"primaryImageOfPage\":{\"@id\":\"https:\\\/\\\/www.eldiario.net\\\/portal\\\/2024\\\/04\\\/01\\\/samsung-galaxy-tab-s6-lite-2024-estilo-y-funcionalidad-en-un-paquete-compacto\\\/#primaryimage\"},\"image\":{\"@id\":\"https:\\\/\\\/www.eldiario.net\\\/portal\\\/2024\\\/04\\\/01\\\/samsung-galaxy-tab-s6-lite-2024-estilo-y-funcionalidad-en-un-paquete-compacto\\\/#primaryimage\"},\"thumbnailUrl\":\"https:\\\/\\\/www.eldiario.net\\\/portal\\\/wp-content\\\/uploads\\\/2024\\\/04\\\/5-A-scaled.jpg\",\"datePublished\":\"2024-04-01T11:59:56+00:00\",\"breadcrumb\":{\"@id\":\"https:\\\/\\\/www.eldiario.net\\\/portal\\\/2024\\\/04\\\/01\\\/samsung-galaxy-tab-s6-lite-2024-estilo-y-funcionalidad-en-un-paquete-compacto\\\/#breadcrumb\"},\"inLanguage\":\"es\",\"potentialAction\":[{\"@type\":\"ReadAction\",\"target\":[\"https:\\\/\\\/www.eldiario.net\\\/portal\\\/2024\\\/04\\\/01\\\/samsung-galaxy-tab-s6-lite-2024-estilo-y-funcionalidad-en-un-paquete-compacto\\\/\"]}]},{\"@type\":\"ImageObject\",\"inLanguage\":\"es\",\"@id\":\"https:\\\/\\\/www.eldiario.net\\\/portal\\\/2024\\\/04\\\/01\\\/samsung-galaxy-tab-s6-lite-2024-estilo-y-funcionalidad-en-un-paquete-compacto\\\/#primaryimage\",\"url\":\"https:\\\/\\\/www.eldiario.net\\\/portal\\\/wp-content\\\/uploads\\\/2024\\\/04\\\/5-A-scaled.jpg\",\"contentUrl\":\"https:\\\/\\\/www.eldiario.net\\\/portal\\\/wp-content\\\/uploads\\\/2024\\\/04\\\/5-A-scaled.jpg\",\"width\":2419,\"height\":2560},{\"@type\":\"BreadcrumbList\",\"@id\":\"https:\\\/\\\/www.eldiario.net\\\/portal\\\/2024\\\/04\\\/01\\\/samsung-galaxy-tab-s6-lite-2024-estilo-y-funcionalidad-en-un-paquete-compacto\\\/#breadcrumb\",\"itemListElement\":[{\"@type\":\"ListItem\",\"position\":1,\"name\":\"Portada\",\"item\":\"https:\\\/\\\/www.eldiario.net\\\/portal\\\/\"},{\"@type\":\"ListItem\",\"position\":2,\"name\":\"Samsung Galaxy Tab S6 Lite (2024): Estilo y funcionalidad en un paquete compacto\"}]},{\"@type\":\"WebSite\",\"@id\":\"https:\\\/\\\/www.eldiario.net\\\/portal\\\/#website\",\"url\":\"https:\\\/\\\/www.eldiario.net\\\/portal\\\/\",\"name\":\"El Diario - Decano de la prensa nacional\",\"description\":\"El Diario - Decano de la prensa nacional\",\"publisher\":{\"@id\":\"https:\\\/\\\/www.eldiario.net\\\/portal\\\/#organization\"},\"potentialAction\":[{\"@type\":\"SearchAction\",\"target\":{\"@type\":\"EntryPoint\",\"urlTemplate\":\"https:\\\/\\\/www.eldiario.net\\\/portal\\\/?s={search_term_string}\"},\"query-input\":{\"@type\":\"PropertyValueSpecification\",\"valueRequired\":true,\"valueName\":\"search_term_string\"}}],\"inLanguage\":\"es\"},{\"@type\":\"Organization\",\"@id\":\"https:\\\/\\\/www.eldiario.net\\\/portal\\\/#organization\",\"name\":\"El Diario - Decano de la prensa nacional\",\"url\":\"https:\\\/\\\/www.eldiario.net\\\/portal\\\/\",\"logo\":{\"@type\":\"ImageObject\",\"inLanguage\":\"es\",\"@id\":\"https:\\\/\\\/www.eldiario.net\\\/portal\\\/#\\\/schema\\\/logo\\\/image\\\/\",\"url\":\"https:\\\/\\\/www.eldiario.net\\\/portal\\\/wp-content\\\/uploads\\\/2023\\\/07\\\/logo_ED.jpg\",\"contentUrl\":\"https:\\\/\\\/www.eldiario.net\\\/portal\\\/wp-content\\\/uploads\\\/2023\\\/07\\\/logo_ED.jpg\",\"width\":272,\"height\":52,\"caption\":\"El Diario - Decano de la prensa nacional\"},\"image\":{\"@id\":\"https:\\\/\\\/www.eldiario.net\\\/portal\\\/#\\\/schema\\\/logo\\\/image\\\/\"},\"sameAs\":[\"https:\\\/\\\/www.facebook.com\\\/eldiario.bolivia\\\/\",\"https:\\\/\\\/x.com\\\/eldiario_net\"]},{\"@type\":\"Person\",\"@id\":\"https:\\\/\\\/www.eldiario.net\\\/portal\\\/#\\\/schema\\\/person\\\/f46445640444750d7d753ccd04ae01b7\",\"name\":\"Jeanette\",\"image\":{\"@type\":\"ImageObject\",\"inLanguage\":\"es\",\"@id\":\"https:\\\/\\\/secure.gravatar.com\\\/avatar\\\/3ea2118a5f7dad2b7138b1187a6b7ee55f160b9968b66013c3a3ef39dd7e5798?s=96&d=mm&r=g\",\"url\":\"https:\\\/\\\/secure.gravatar.com\\\/avatar\\\/3ea2118a5f7dad2b7138b1187a6b7ee55f160b9968b66013c3a3ef39dd7e5798?s=96&d=mm&r=g\",\"contentUrl\":\"https:\\\/\\\/secure.gravatar.com\\\/avatar\\\/3ea2118a5f7dad2b7138b1187a6b7ee55f160b9968b66013c3a3ef39dd7e5798?s=96&d=mm&r=g\",\"caption\":\"Jeanette\"},\"sameAs\":[\"https:\\\/\\\/www.eldiario.net\\\/portal\"],\"url\":\"https:\\\/\\\/www.eldiario.net\\\/portal\\\/author\\\/jeanette\\\/\"}]}<\/script>\n<!-- \/ Yoast SEO plugin. -->","yoast_head_json":{"title":"Samsung Galaxy Tab S6 Lite (2024): Estilo y funcionalidad en un paquete compacto - El Diario - Bolivia","robots":{"index":"index","follow":"follow","max-snippet":"max-snippet:-1","max-image-preview":"max-image-preview:large","max-video-preview":"max-video-preview:-1"},"canonical":"https:\/\/www.eldiario.net\/portal\/2024\/04\/01\/samsung-galaxy-tab-s6-lite-2024-estilo-y-funcionalidad-en-un-paquete-compacto\/","og_locale":"es_ES","og_type":"article","og_title":"Samsung Galaxy Tab S6 Lite (2024): Estilo y funcionalidad en un paquete compacto - El Diario - Bolivia","og_description":"Marzo 2024. Samsung presenta la nueva Galaxy Tab S6 Lite (2024), una elegante tablet dise\u00f1ada para el trabajo y el entretenimiento. Vinculada con S Pen de alta precisi\u00f3n y ofreciendo una potencia de rendimiento fiable, el nuevo equipo maximiza la inspiraci\u00f3n, las ideas y el rendimiento para estudiantes, j\u00f3venes y familias por igual. \u00abEn Samsung, [&hellip;]","og_url":"https:\/\/www.eldiario.net\/portal\/2024\/04\/01\/samsung-galaxy-tab-s6-lite-2024-estilo-y-funcionalidad-en-un-paquete-compacto\/","og_site_name":"El Diario - Bolivia","article_publisher":"https:\/\/www.facebook.com\/eldiario.bolivia\/","article_published_time":"2024-04-01T11:59:56+00:00","og_image":[{"width":2419,"height":2560,"url":"https:\/\/www.eldiario.net\/portal\/wp-content\/uploads\/2024\/04\/5-A-scaled.jpg","type":"image\/jpeg"}],"author":"Jeanette","twitter_card":"summary_large_image","twitter_creator":"@eldiario_net","twitter_site":"@eldiario_net","twitter_misc":{"Escrito por":"Jeanette","Tiempo de lectura":"2 minutos"},"schema":{"@context":"https:\/\/schema.org","@graph":[{"@type":"Article","@id":"https:\/\/www.eldiario.net\/portal\/2024\/04\/01\/samsung-galaxy-tab-s6-lite-2024-estilo-y-funcionalidad-en-un-paquete-compacto\/#article","isPartOf":{"@id":"https:\/\/www.eldiario.net\/portal\/2024\/04\/01\/samsung-galaxy-tab-s6-lite-2024-estilo-y-funcionalidad-en-un-paquete-compacto\/"},"author":{"name":"Jeanette","@id":"https:\/\/www.eldiario.net\/portal\/#\/schema\/person\/f46445640444750d7d753ccd04ae01b7"},"headline":"Samsung Galaxy Tab S6 Lite (2024): Estilo y funcionalidad en un paquete compacto","datePublished":"2024-04-01T11:59:56+00:00","mainEntityOfPage":{"@id":"https:\/\/www.eldiario.net\/portal\/2024\/04\/01\/samsung-galaxy-tab-s6-lite-2024-estilo-y-funcionalidad-en-un-paquete-compacto\/"},"wordCount":350,"commentCount":0,"publisher":{"@id":"https:\/\/www.eldiario.net\/portal\/#organization"},"image":{"@id":"https:\/\/www.eldiario.net\/portal\/2024\/04\/01\/samsung-galaxy-tab-s6-lite-2024-estilo-y-funcionalidad-en-un-paquete-compacto\/#primaryimage"},"thumbnailUrl":"https:\/\/www.eldiario.net\/portal\/wp-content\/uploads\/2024\/04\/5-A-scaled.jpg","articleSection":["Ciencia y Computaci\u00f3n"],"inLanguage":"es","potentialAction":[{"@type":"CommentAction","name":"Comment","target":["https:\/\/www.eldiario.net\/portal\/2024\/04\/01\/samsung-galaxy-tab-s6-lite-2024-estilo-y-funcionalidad-en-un-paquete-compacto\/#respond"]}]},{"@type":"WebPage","@id":"https:\/\/www.eldiario.net\/portal\/2024\/04\/01\/samsung-galaxy-tab-s6-lite-2024-estilo-y-funcionalidad-en-un-paquete-compacto\/","url":"https:\/\/www.eldiario.net\/portal\/2024\/04\/01\/samsung-galaxy-tab-s6-lite-2024-estilo-y-funcionalidad-en-un-paquete-compacto\/","name":"Samsung Galaxy Tab S6 Lite (2024): Estilo y funcionalidad en un paquete compacto - El Diario - Bolivia","isPartOf":{"@id":"https:\/\/www.eldiario.net\/portal\/#website"},"primaryImageOfPage":{"@id":"https:\/\/www.eldiario.net\/portal\/2024\/04\/01\/samsung-galaxy-tab-s6-lite-2024-estilo-y-funcionalidad-en-un-paquete-compacto\/#primaryimage"},"image":{"@id":"https:\/\/www.eldiario.net\/portal\/2024\/04\/01\/samsung-galaxy-tab-s6-lite-2024-estilo-y-funcionalidad-en-un-paquete-compacto\/#primaryimage"},"thumbnailUrl":"https:\/\/www.eldiario.net\/portal\/wp-content\/uploads\/2024\/04\/5-A-scaled.jpg","datePublished":"2024-04-01T11:59:56+00:00","breadcrumb":{"@id":"https:\/\/www.eldiario.net\/portal\/2024\/04\/01\/samsung-galaxy-tab-s6-lite-2024-estilo-y-funcionalidad-en-un-paquete-compacto\/#breadcrumb"},"inLanguage":"es","potentialAction":[{"@type":"ReadAction","target":["https:\/\/www.eldiario.net\/portal\/2024\/04\/01\/samsung-galaxy-tab-s6-lite-2024-estilo-y-funcionalidad-en-un-paquete-compacto\/"]}]},{"@type":"ImageObject","inLanguage":"es","@id":"https:\/\/www.eldiario.net\/portal\/2024\/04\/01\/samsung-galaxy-tab-s6-lite-2024-estilo-y-funcionalidad-en-un-paquete-compacto\/#primaryimage","url":"https:\/\/www.eldiario.net\/portal\/wp-content\/uploads\/2024\/04\/5-A-scaled.jpg","contentUrl":"https:\/\/www.eldiario.net\/portal\/wp-content\/uploads\/2024\/04\/5-A-scaled.jpg","width":2419,"height":2560},{"@type":"BreadcrumbList","@id":"https:\/\/www.eldiario.net\/portal\/2024\/04\/01\/samsung-galaxy-tab-s6-lite-2024-estilo-y-funcionalidad-en-un-paquete-compacto\/#breadcrumb","itemListElement":[{"@type":"ListItem","position":1,"name":"Portada","item":"https:\/\/www.eldiario.net\/portal\/"},{"@type":"ListItem","position":2,"name":"Samsung Galaxy Tab S6 Lite (2024): Estilo y funcionalidad en un paquete compacto"}]},{"@type":"WebSite","@id":"https:\/\/www.eldiario.net\/portal\/#website","url":"https:\/\/www.eldiario.net\/portal\/","name":"El Diario - Decano de la prensa nacional","description":"El Diario - Decano de la prensa nacional","publisher":{"@id":"https:\/\/www.eldiario.net\/portal\/#organization"},"potentialAction":[{"@type":"SearchAction","target":{"@type":"EntryPoint","urlTemplate":"https:\/\/www.eldiario.net\/portal\/?s={search_term_string}"},"query-input":{"@type":"PropertyValueSpecification","valueRequired":true,"valueName":"search_term_string"}}],"inLanguage":"es"},{"@type":"Organization","@id":"https:\/\/www.eldiario.net\/portal\/#organization","name":"El Diario - Decano de la prensa nacional","url":"https:\/\/www.eldiario.net\/portal\/","logo":{"@type":"ImageObject","inLanguage":"es","@id":"https:\/\/www.eldiario.net\/portal\/#\/schema\/logo\/image\/","url":"https:\/\/www.eldiario.net\/portal\/wp-content\/uploads\/2023\/07\/logo_ED.jpg","contentUrl":"https:\/\/www.eldiario.net\/portal\/wp-content\/uploads\/2023\/07\/logo_ED.jpg","width":272,"height":52,"caption":"El Diario - Decano de la prensa nacional"},"image":{"@id":"https:\/\/www.eldiario.net\/portal\/#\/schema\/logo\/image\/"},"sameAs":["https:\/\/www.facebook.com\/eldiario.bolivia\/","https:\/\/x.com\/eldiario_net"]},{"@type":"Person","@id":"https:\/\/www.eldiario.net\/portal\/#\/schema\/person\/f46445640444750d7d753ccd04ae01b7","name":"Jeanette","image":{"@type":"ImageObject","inLanguage":"es","@id":"https:\/\/secure.gravatar.com\/avatar\/3ea2118a5f7dad2b7138b1187a6b7ee55f160b9968b66013c3a3ef39dd7e5798?s=96&d=mm&r=g","url":"https:\/\/secure.gravatar.com\/avatar\/3ea2118a5f7dad2b7138b1187a6b7ee55f160b9968b66013c3a3ef39dd7e5798?s=96&d=mm&r=g","contentUrl":"https:\/\/secure.gravatar.com\/avatar\/3ea2118a5f7dad2b7138b1187a6b7ee55f160b9968b66013c3a3ef39dd7e5798?s=96&d=mm&r=g","caption":"Jeanette"},"sameAs":["https:\/\/www.eldiario.net\/portal"],"url":"https:\/\/www.eldiario.net\/portal\/author\/jeanette\/"}]}},"_links":{"self":[{"href":"https:\/\/www.eldiario.net\/portal\/wp-json\/wp\/v2\/posts\/211643","targetHints":{"allow":["GET"]}}],"collection":[{"href":"https:\/\/www.eldiario.net\/portal\/wp-json\/wp\/v2\/posts"}],"about":[{"href":"https:\/\/www.eldiario.net\/portal\/wp-json\/wp\/v2\/types\/post"}],"author":[{"embeddable":true,"href":"https:\/\/www.eldiario.net\/portal\/wp-json\/wp\/v2\/users\/1"}],"replies":[{"embeddable":true,"href":"https:\/\/www.eldiario.net\/portal\/wp-json\/wp\/v2\/comments?post=211643"}],"version-history":[{"count":1,"href":"https:\/\/www.eldiario.net\/portal\/wp-json\/wp\/v2\/posts\/211643\/revisions"}],"predecessor-version":[{"id":211645,"href":"https:\/\/www.eldiario.net\/portal\/wp-json\/wp\/v2\/posts\/211643\/revisions\/211645"}],"wp:featuredmedia":[{"embeddable":true,"href":"https:\/\/www.eldiario.net\/portal\/wp-json\/wp\/v2\/media\/211644"}],"wp:attachment":[{"href":"https:\/\/www.eldiario.net\/portal\/wp-json\/wp\/v2\/media?parent=211643"}],"wp:term":[{"taxonomy":"category","embeddable":true,"href":"https:\/\/www.eldiario.net\/portal\/wp-json\/wp\/v2\/categories?post=211643"},{"taxonomy":"post_tag","embeddable":true,"href":"https:\/\/www.eldiario.net\/portal\/wp-json\/wp\/v2\/tags?post=211643"}],"curies":[{"name":"wp","href":"https:\/\/api.w.org\/{rel}","templated":true}]}}