{"id":211640,"date":"2024-04-01T07:58:56","date_gmt":"2024-04-01T11:58:56","guid":{"rendered":"https:\/\/www.eldiario.net\/portal\/?p=211640"},"modified":"2024-04-01T07:58:56","modified_gmt":"2024-04-01T11:58:56","slug":"intel-arranca-la-era-del-ai-pc-asi-seran-las-nuevas-computadoras","status":"publish","type":"post","link":"https:\/\/www.eldiario.net\/portal\/2024\/04\/01\/intel-arranca-la-era-del-ai-pc-asi-seran-las-nuevas-computadoras\/","title":{"rendered":"Intel arranca la era del AI PC: as\u00ed ser\u00e1n las nuevas computadoras"},"content":{"rendered":"<p>Intel ha anunciado dos iniciativas para acelerar el desarrollo de programas y computadoras con Inteligencia Artificial.<\/p>\n<p>El 2024 puede ser el a\u00f1o m\u00e1s importante para la computadora personal en d\u00e9cadas. Despu\u00e9s de una temporada en la que el sector estaba de capa ca\u00edda, los avances de los \u00faltimos a\u00f1os han conseguido revivirlo; y ahora llega la Inteligencia Artificial, con el potencial de cambiar completamente la manera en la que usamos el ordenador.<\/p>\n<p>La llegada del nuevo Windows 11 con Inteligencia Artificial es s\u00f3lo uno de los pasos que ha dado la industria. Los fabricantes tambi\u00e9n han apostado completamente por esta tecnolog\u00eda, con nuevos procesadores capaces de ejecutar IA de manera local directamente en la computadora.<\/p>\n<p>Google Meet, Adobe Photoshop, Blender, Zoom, Microsoft Teams, Gimp y OBS son algunos de los programas que ya son capaces de aprovechar este potencial ejecutando funciones de IA en el ordenador. As\u00ed nace el llamado \u2018AI PC\u2019.<\/p>\n<p><strong>Pero \u00bfqu\u00e9 es un AI PC? <\/strong><\/p>\n<p>Los dispositivos tendr\u00e1n que cumplir unos requisitos de hardware y de software para que el fabricante pueda venderlos bajo ese nombre; y la encargada de establecer esos requisitos ha sido la propia Microsoft.<\/p>\n<p>Para que una computadora se considere AI PC, debe venir con un nuevo procesador con una NPU (unidad de procesamiento neuronal) integrada, especializada en ejecutar modelos de IA; como por ejemplo, los nuevos Intel Core Ultra presentados hace unos meses y que ya est\u00e1n disponibles en modelos de varias marcas.<\/p>\n<p>Los nuevos procesadores de Intel tienen una NPU para funciones de IA\u00a0Intel<\/p>\n<p>El segundo requisito es que el sistema operativo venga con Copilot, la Inteligencia Artificial de Microsoft para Windows 11 que es capaz de ayudarnos dependiendo de las tareas que estemos haciendo; y por \u00faltimo, y relacionado con esto, el teclado de la computadora debe tener la nueva tecla de Copilot, como ya la tienen los nuevos Surface de Microsoft.<\/p>\n<p>Debido a sus nuevos Core Ultra, Intel est\u00e1 en una buena situaci\u00f3n para ser la base de muchas computadoras AI PC a partir de ahora. Muchos de los port\u00e1tiles actuales lanzados con estos procesadores ya cumplen estos requisitos, e incluso los superan con nuevas tecnolog\u00edas como c\u00e1maras de alta resoluci\u00f3n que permiten el reconocimiento facial y el seguimiento de la vista y gestos, memoria de alto rendimiento optimizada para IA, y pantallas OLED con mejor calidad de imagen.<\/p>\n<p>Pero a\u00fan queda un problema importante que resolver: crear una plataforma a partir de este concepto. No s\u00f3lo los fabricantes deben tener en cuenta los mencionados requisitos, sino que los desarrolladores deben aprender a sacar partido de esta plataforma, o no servir\u00e1 de nada.<\/p>\n<p>Para solucionarlo, Intel ha anunciado un nuevo programa de aceleraci\u00f3n de IA, que se centrar\u00e1 en ayudar a desarrolladores y fabricantes a adaptarse al nuevo mundo del AI PC.<\/p>\n<p>Para empezar, la iniciativa para desarrolladores ofrece acceso sencillo al entrenamiento necesario para empezar a aprovechar la IA en sus programas, as\u00ed como herramientas de desarrollo y documentaci\u00f3n.<\/p>\n<p>Para los fabricantes y marcas de computadoras, la iniciativa busca ayudarles a preparar y optimizar su \u2018hardware\u2019 para que sea aprovechado en sistemas Intel Core Ultra. Los participantes tendr\u00e1n acceso a los Open Labs de Intel, donde recibir\u00e1n soporte t\u00e9cnico y de ingenier\u00eda en el desarrollo de nuevos sistemas. Intel presume que 150 marcas de todo el mundo ya forman parte del programa.<\/p>\n<p>&nbsp;<\/p>\n","protected":false},"excerpt":{"rendered":"<p>Intel ha anunciado dos iniciativas para acelerar el desarrollo de programas y computadoras con Inteligencia Artificial. El 2024 puede ser el a\u00f1o m\u00e1s importante para la computadora personal en d\u00e9cadas. Despu\u00e9s de una temporada en la que el sector estaba de capa ca\u00edda, los avances de los \u00faltimos a\u00f1os han conseguido revivirlo; y ahora llega [&hellip;]<\/p>\n","protected":false},"author":1,"featured_media":211641,"comment_status":"open","ping_status":"open","sticky":false,"template":"","format":"standard","meta":{"_acf_changed":false,"footnotes":""},"categories":[46],"tags":[],"class_list":["post-211640","post","type-post","status-publish","format-standard","has-post-thumbnail","category-ciencia-computacion"],"acf":{"antetitulo":""},"yoast_head":"<!-- This site is optimized with the Yoast SEO plugin v28.4 - https:\/\/yoast.com\/product\/yoast-seo-wordpress\/ -->\n<title>Intel arranca la era del AI PC: as\u00ed ser\u00e1n las nuevas computadoras - El Diario - Bolivia<\/title>\n<meta name=\"robots\" content=\"index, follow, max-snippet:-1, max-image-preview:large, max-video-preview:-1\" \/>\n<link rel=\"canonical\" href=\"https:\/\/www.eldiario.net\/portal\/2024\/04\/01\/intel-arranca-la-era-del-ai-pc-asi-seran-las-nuevas-computadoras\/\" \/>\n<meta property=\"og:locale\" content=\"es_ES\" \/>\n<meta property=\"og:type\" content=\"article\" \/>\n<meta property=\"og:title\" content=\"Intel arranca la era del AI PC: as\u00ed ser\u00e1n las nuevas computadoras - El Diario - Bolivia\" \/>\n<meta property=\"og:description\" content=\"Intel ha anunciado dos iniciativas para acelerar el desarrollo de programas y computadoras con Inteligencia Artificial. El 2024 puede ser el a\u00f1o m\u00e1s importante para la computadora personal en d\u00e9cadas. Despu\u00e9s de una temporada en la que el sector estaba de capa ca\u00edda, los avances de los \u00faltimos a\u00f1os han conseguido revivirlo; y ahora llega [&hellip;]\" \/>\n<meta property=\"og:url\" content=\"https:\/\/www.eldiario.net\/portal\/2024\/04\/01\/intel-arranca-la-era-del-ai-pc-asi-seran-las-nuevas-computadoras\/\" \/>\n<meta property=\"og:site_name\" content=\"El Diario - Bolivia\" \/>\n<meta property=\"article:publisher\" content=\"https:\/\/www.facebook.com\/eldiario.bolivia\/\" \/>\n<meta property=\"article:published_time\" content=\"2024-04-01T11:58:56+00:00\" \/>\n<meta property=\"og:image\" content=\"https:\/\/www.eldiario.net\/portal\/wp-content\/uploads\/2024\/04\/5-B-scaled.jpg\" \/>\n\t<meta property=\"og:image:width\" content=\"2560\" \/>\n\t<meta property=\"og:image:height\" content=\"1920\" \/>\n\t<meta property=\"og:image:type\" content=\"image\/jpeg\" \/>\n<meta name=\"author\" content=\"Jeanette\" \/>\n<meta name=\"twitter:card\" content=\"summary_large_image\" \/>\n<meta name=\"twitter:creator\" content=\"@eldiario_net\" \/>\n<meta name=\"twitter:site\" content=\"@eldiario_net\" \/>\n<meta name=\"twitter:label1\" content=\"Escrito por\" \/>\n\t<meta name=\"twitter:data1\" content=\"Jeanette\" \/>\n\t<meta name=\"twitter:label2\" content=\"Tiempo de lectura\" \/>\n\t<meta name=\"twitter:data2\" content=\"3 minutos\" \/>\n<script type=\"application\/ld+json\" class=\"yoast-schema-graph\">{\"@context\":\"https:\\\/\\\/schema.org\",\"@graph\":[{\"@type\":\"Article\",\"@id\":\"https:\\\/\\\/www.eldiario.net\\\/portal\\\/2024\\\/04\\\/01\\\/intel-arranca-la-era-del-ai-pc-asi-seran-las-nuevas-computadoras\\\/#article\",\"isPartOf\":{\"@id\":\"https:\\\/\\\/www.eldiario.net\\\/portal\\\/2024\\\/04\\\/01\\\/intel-arranca-la-era-del-ai-pc-asi-seran-las-nuevas-computadoras\\\/\"},\"author\":{\"name\":\"Jeanette\",\"@id\":\"https:\\\/\\\/www.eldiario.net\\\/portal\\\/#\\\/schema\\\/person\\\/f46445640444750d7d753ccd04ae01b7\"},\"headline\":\"Intel arranca la era del AI PC: as\u00ed ser\u00e1n las nuevas computadoras\",\"datePublished\":\"2024-04-01T11:58:56+00:00\",\"mainEntityOfPage\":{\"@id\":\"https:\\\/\\\/www.eldiario.net\\\/portal\\\/2024\\\/04\\\/01\\\/intel-arranca-la-era-del-ai-pc-asi-seran-las-nuevas-computadoras\\\/\"},\"wordCount\":589,\"commentCount\":0,\"publisher\":{\"@id\":\"https:\\\/\\\/www.eldiario.net\\\/portal\\\/#organization\"},\"image\":{\"@id\":\"https:\\\/\\\/www.eldiario.net\\\/portal\\\/2024\\\/04\\\/01\\\/intel-arranca-la-era-del-ai-pc-asi-seran-las-nuevas-computadoras\\\/#primaryimage\"},\"thumbnailUrl\":\"https:\\\/\\\/www.eldiario.net\\\/portal\\\/wp-content\\\/uploads\\\/2024\\\/04\\\/5-B-scaled.jpg\",\"articleSection\":[\"Ciencia y Computaci\u00f3n\"],\"inLanguage\":\"es\",\"potentialAction\":[{\"@type\":\"CommentAction\",\"name\":\"Comment\",\"target\":[\"https:\\\/\\\/www.eldiario.net\\\/portal\\\/2024\\\/04\\\/01\\\/intel-arranca-la-era-del-ai-pc-asi-seran-las-nuevas-computadoras\\\/#respond\"]}]},{\"@type\":\"WebPage\",\"@id\":\"https:\\\/\\\/www.eldiario.net\\\/portal\\\/2024\\\/04\\\/01\\\/intel-arranca-la-era-del-ai-pc-asi-seran-las-nuevas-computadoras\\\/\",\"url\":\"https:\\\/\\\/www.eldiario.net\\\/portal\\\/2024\\\/04\\\/01\\\/intel-arranca-la-era-del-ai-pc-asi-seran-las-nuevas-computadoras\\\/\",\"name\":\"Intel arranca la era del AI PC: as\u00ed ser\u00e1n las nuevas computadoras - El Diario - Bolivia\",\"isPartOf\":{\"@id\":\"https:\\\/\\\/www.eldiario.net\\\/portal\\\/#website\"},\"primaryImageOfPage\":{\"@id\":\"https:\\\/\\\/www.eldiario.net\\\/portal\\\/2024\\\/04\\\/01\\\/intel-arranca-la-era-del-ai-pc-asi-seran-las-nuevas-computadoras\\\/#primaryimage\"},\"image\":{\"@id\":\"https:\\\/\\\/www.eldiario.net\\\/portal\\\/2024\\\/04\\\/01\\\/intel-arranca-la-era-del-ai-pc-asi-seran-las-nuevas-computadoras\\\/#primaryimage\"},\"thumbnailUrl\":\"https:\\\/\\\/www.eldiario.net\\\/portal\\\/wp-content\\\/uploads\\\/2024\\\/04\\\/5-B-scaled.jpg\",\"datePublished\":\"2024-04-01T11:58:56+00:00\",\"breadcrumb\":{\"@id\":\"https:\\\/\\\/www.eldiario.net\\\/portal\\\/2024\\\/04\\\/01\\\/intel-arranca-la-era-del-ai-pc-asi-seran-las-nuevas-computadoras\\\/#breadcrumb\"},\"inLanguage\":\"es\",\"potentialAction\":[{\"@type\":\"ReadAction\",\"target\":[\"https:\\\/\\\/www.eldiario.net\\\/portal\\\/2024\\\/04\\\/01\\\/intel-arranca-la-era-del-ai-pc-asi-seran-las-nuevas-computadoras\\\/\"]}]},{\"@type\":\"ImageObject\",\"inLanguage\":\"es\",\"@id\":\"https:\\\/\\\/www.eldiario.net\\\/portal\\\/2024\\\/04\\\/01\\\/intel-arranca-la-era-del-ai-pc-asi-seran-las-nuevas-computadoras\\\/#primaryimage\",\"url\":\"https:\\\/\\\/www.eldiario.net\\\/portal\\\/wp-content\\\/uploads\\\/2024\\\/04\\\/5-B-scaled.jpg\",\"contentUrl\":\"https:\\\/\\\/www.eldiario.net\\\/portal\\\/wp-content\\\/uploads\\\/2024\\\/04\\\/5-B-scaled.jpg\",\"width\":2560,\"height\":1920},{\"@type\":\"BreadcrumbList\",\"@id\":\"https:\\\/\\\/www.eldiario.net\\\/portal\\\/2024\\\/04\\\/01\\\/intel-arranca-la-era-del-ai-pc-asi-seran-las-nuevas-computadoras\\\/#breadcrumb\",\"itemListElement\":[{\"@type\":\"ListItem\",\"position\":1,\"name\":\"Portada\",\"item\":\"https:\\\/\\\/www.eldiario.net\\\/portal\\\/\"},{\"@type\":\"ListItem\",\"position\":2,\"name\":\"Intel arranca la era del AI PC: as\u00ed ser\u00e1n las nuevas computadoras\"}]},{\"@type\":\"WebSite\",\"@id\":\"https:\\\/\\\/www.eldiario.net\\\/portal\\\/#website\",\"url\":\"https:\\\/\\\/www.eldiario.net\\\/portal\\\/\",\"name\":\"El Diario - Decano de la prensa nacional\",\"description\":\"El Diario - Decano de la prensa nacional\",\"publisher\":{\"@id\":\"https:\\\/\\\/www.eldiario.net\\\/portal\\\/#organization\"},\"potentialAction\":[{\"@type\":\"SearchAction\",\"target\":{\"@type\":\"EntryPoint\",\"urlTemplate\":\"https:\\\/\\\/www.eldiario.net\\\/portal\\\/?s={search_term_string}\"},\"query-input\":{\"@type\":\"PropertyValueSpecification\",\"valueRequired\":true,\"valueName\":\"search_term_string\"}}],\"inLanguage\":\"es\"},{\"@type\":\"Organization\",\"@id\":\"https:\\\/\\\/www.eldiario.net\\\/portal\\\/#organization\",\"name\":\"El Diario - Decano de la prensa nacional\",\"url\":\"https:\\\/\\\/www.eldiario.net\\\/portal\\\/\",\"logo\":{\"@type\":\"ImageObject\",\"inLanguage\":\"es\",\"@id\":\"https:\\\/\\\/www.eldiario.net\\\/portal\\\/#\\\/schema\\\/logo\\\/image\\\/\",\"url\":\"https:\\\/\\\/www.eldiario.net\\\/portal\\\/wp-content\\\/uploads\\\/2023\\\/07\\\/logo_ED.jpg\",\"contentUrl\":\"https:\\\/\\\/www.eldiario.net\\\/portal\\\/wp-content\\\/uploads\\\/2023\\\/07\\\/logo_ED.jpg\",\"width\":272,\"height\":52,\"caption\":\"El Diario - Decano de la prensa nacional\"},\"image\":{\"@id\":\"https:\\\/\\\/www.eldiario.net\\\/portal\\\/#\\\/schema\\\/logo\\\/image\\\/\"},\"sameAs\":[\"https:\\\/\\\/www.facebook.com\\\/eldiario.bolivia\\\/\",\"https:\\\/\\\/x.com\\\/eldiario_net\"]},{\"@type\":\"Person\",\"@id\":\"https:\\\/\\\/www.eldiario.net\\\/portal\\\/#\\\/schema\\\/person\\\/f46445640444750d7d753ccd04ae01b7\",\"name\":\"Jeanette\",\"image\":{\"@type\":\"ImageObject\",\"inLanguage\":\"es\",\"@id\":\"https:\\\/\\\/secure.gravatar.com\\\/avatar\\\/3ea2118a5f7dad2b7138b1187a6b7ee55f160b9968b66013c3a3ef39dd7e5798?s=96&d=mm&r=g\",\"url\":\"https:\\\/\\\/secure.gravatar.com\\\/avatar\\\/3ea2118a5f7dad2b7138b1187a6b7ee55f160b9968b66013c3a3ef39dd7e5798?s=96&d=mm&r=g\",\"contentUrl\":\"https:\\\/\\\/secure.gravatar.com\\\/avatar\\\/3ea2118a5f7dad2b7138b1187a6b7ee55f160b9968b66013c3a3ef39dd7e5798?s=96&d=mm&r=g\",\"caption\":\"Jeanette\"},\"sameAs\":[\"https:\\\/\\\/www.eldiario.net\\\/portal\"],\"url\":\"https:\\\/\\\/www.eldiario.net\\\/portal\\\/author\\\/jeanette\\\/\"}]}<\/script>\n<!-- \/ Yoast SEO plugin. -->","yoast_head_json":{"title":"Intel arranca la era del AI PC: as\u00ed ser\u00e1n las nuevas computadoras - El Diario - Bolivia","robots":{"index":"index","follow":"follow","max-snippet":"max-snippet:-1","max-image-preview":"max-image-preview:large","max-video-preview":"max-video-preview:-1"},"canonical":"https:\/\/www.eldiario.net\/portal\/2024\/04\/01\/intel-arranca-la-era-del-ai-pc-asi-seran-las-nuevas-computadoras\/","og_locale":"es_ES","og_type":"article","og_title":"Intel arranca la era del AI PC: as\u00ed ser\u00e1n las nuevas computadoras - El Diario - Bolivia","og_description":"Intel ha anunciado dos iniciativas para acelerar el desarrollo de programas y computadoras con Inteligencia Artificial. El 2024 puede ser el a\u00f1o m\u00e1s importante para la computadora personal en d\u00e9cadas. Despu\u00e9s de una temporada en la que el sector estaba de capa ca\u00edda, los avances de los \u00faltimos a\u00f1os han conseguido revivirlo; y ahora llega [&hellip;]","og_url":"https:\/\/www.eldiario.net\/portal\/2024\/04\/01\/intel-arranca-la-era-del-ai-pc-asi-seran-las-nuevas-computadoras\/","og_site_name":"El Diario - Bolivia","article_publisher":"https:\/\/www.facebook.com\/eldiario.bolivia\/","article_published_time":"2024-04-01T11:58:56+00:00","og_image":[{"width":2560,"height":1920,"url":"https:\/\/www.eldiario.net\/portal\/wp-content\/uploads\/2024\/04\/5-B-scaled.jpg","type":"image\/jpeg"}],"author":"Jeanette","twitter_card":"summary_large_image","twitter_creator":"@eldiario_net","twitter_site":"@eldiario_net","twitter_misc":{"Escrito por":"Jeanette","Tiempo de lectura":"3 minutos"},"schema":{"@context":"https:\/\/schema.org","@graph":[{"@type":"Article","@id":"https:\/\/www.eldiario.net\/portal\/2024\/04\/01\/intel-arranca-la-era-del-ai-pc-asi-seran-las-nuevas-computadoras\/#article","isPartOf":{"@id":"https:\/\/www.eldiario.net\/portal\/2024\/04\/01\/intel-arranca-la-era-del-ai-pc-asi-seran-las-nuevas-computadoras\/"},"author":{"name":"Jeanette","@id":"https:\/\/www.eldiario.net\/portal\/#\/schema\/person\/f46445640444750d7d753ccd04ae01b7"},"headline":"Intel arranca la era del AI PC: as\u00ed ser\u00e1n las nuevas computadoras","datePublished":"2024-04-01T11:58:56+00:00","mainEntityOfPage":{"@id":"https:\/\/www.eldiario.net\/portal\/2024\/04\/01\/intel-arranca-la-era-del-ai-pc-asi-seran-las-nuevas-computadoras\/"},"wordCount":589,"commentCount":0,"publisher":{"@id":"https:\/\/www.eldiario.net\/portal\/#organization"},"image":{"@id":"https:\/\/www.eldiario.net\/portal\/2024\/04\/01\/intel-arranca-la-era-del-ai-pc-asi-seran-las-nuevas-computadoras\/#primaryimage"},"thumbnailUrl":"https:\/\/www.eldiario.net\/portal\/wp-content\/uploads\/2024\/04\/5-B-scaled.jpg","articleSection":["Ciencia y Computaci\u00f3n"],"inLanguage":"es","potentialAction":[{"@type":"CommentAction","name":"Comment","target":["https:\/\/www.eldiario.net\/portal\/2024\/04\/01\/intel-arranca-la-era-del-ai-pc-asi-seran-las-nuevas-computadoras\/#respond"]}]},{"@type":"WebPage","@id":"https:\/\/www.eldiario.net\/portal\/2024\/04\/01\/intel-arranca-la-era-del-ai-pc-asi-seran-las-nuevas-computadoras\/","url":"https:\/\/www.eldiario.net\/portal\/2024\/04\/01\/intel-arranca-la-era-del-ai-pc-asi-seran-las-nuevas-computadoras\/","name":"Intel arranca la era del AI PC: as\u00ed ser\u00e1n las nuevas computadoras - El Diario - Bolivia","isPartOf":{"@id":"https:\/\/www.eldiario.net\/portal\/#website"},"primaryImageOfPage":{"@id":"https:\/\/www.eldiario.net\/portal\/2024\/04\/01\/intel-arranca-la-era-del-ai-pc-asi-seran-las-nuevas-computadoras\/#primaryimage"},"image":{"@id":"https:\/\/www.eldiario.net\/portal\/2024\/04\/01\/intel-arranca-la-era-del-ai-pc-asi-seran-las-nuevas-computadoras\/#primaryimage"},"thumbnailUrl":"https:\/\/www.eldiario.net\/portal\/wp-content\/uploads\/2024\/04\/5-B-scaled.jpg","datePublished":"2024-04-01T11:58:56+00:00","breadcrumb":{"@id":"https:\/\/www.eldiario.net\/portal\/2024\/04\/01\/intel-arranca-la-era-del-ai-pc-asi-seran-las-nuevas-computadoras\/#breadcrumb"},"inLanguage":"es","potentialAction":[{"@type":"ReadAction","target":["https:\/\/www.eldiario.net\/portal\/2024\/04\/01\/intel-arranca-la-era-del-ai-pc-asi-seran-las-nuevas-computadoras\/"]}]},{"@type":"ImageObject","inLanguage":"es","@id":"https:\/\/www.eldiario.net\/portal\/2024\/04\/01\/intel-arranca-la-era-del-ai-pc-asi-seran-las-nuevas-computadoras\/#primaryimage","url":"https:\/\/www.eldiario.net\/portal\/wp-content\/uploads\/2024\/04\/5-B-scaled.jpg","contentUrl":"https:\/\/www.eldiario.net\/portal\/wp-content\/uploads\/2024\/04\/5-B-scaled.jpg","width":2560,"height":1920},{"@type":"BreadcrumbList","@id":"https:\/\/www.eldiario.net\/portal\/2024\/04\/01\/intel-arranca-la-era-del-ai-pc-asi-seran-las-nuevas-computadoras\/#breadcrumb","itemListElement":[{"@type":"ListItem","position":1,"name":"Portada","item":"https:\/\/www.eldiario.net\/portal\/"},{"@type":"ListItem","position":2,"name":"Intel arranca la era del AI PC: as\u00ed ser\u00e1n las nuevas computadoras"}]},{"@type":"WebSite","@id":"https:\/\/www.eldiario.net\/portal\/#website","url":"https:\/\/www.eldiario.net\/portal\/","name":"El Diario - Decano de la prensa nacional","description":"El Diario - Decano de la prensa nacional","publisher":{"@id":"https:\/\/www.eldiario.net\/portal\/#organization"},"potentialAction":[{"@type":"SearchAction","target":{"@type":"EntryPoint","urlTemplate":"https:\/\/www.eldiario.net\/portal\/?s={search_term_string}"},"query-input":{"@type":"PropertyValueSpecification","valueRequired":true,"valueName":"search_term_string"}}],"inLanguage":"es"},{"@type":"Organization","@id":"https:\/\/www.eldiario.net\/portal\/#organization","name":"El Diario - Decano de la prensa nacional","url":"https:\/\/www.eldiario.net\/portal\/","logo":{"@type":"ImageObject","inLanguage":"es","@id":"https:\/\/www.eldiario.net\/portal\/#\/schema\/logo\/image\/","url":"https:\/\/www.eldiario.net\/portal\/wp-content\/uploads\/2023\/07\/logo_ED.jpg","contentUrl":"https:\/\/www.eldiario.net\/portal\/wp-content\/uploads\/2023\/07\/logo_ED.jpg","width":272,"height":52,"caption":"El Diario - Decano de la prensa nacional"},"image":{"@id":"https:\/\/www.eldiario.net\/portal\/#\/schema\/logo\/image\/"},"sameAs":["https:\/\/www.facebook.com\/eldiario.bolivia\/","https:\/\/x.com\/eldiario_net"]},{"@type":"Person","@id":"https:\/\/www.eldiario.net\/portal\/#\/schema\/person\/f46445640444750d7d753ccd04ae01b7","name":"Jeanette","image":{"@type":"ImageObject","inLanguage":"es","@id":"https:\/\/secure.gravatar.com\/avatar\/3ea2118a5f7dad2b7138b1187a6b7ee55f160b9968b66013c3a3ef39dd7e5798?s=96&d=mm&r=g","url":"https:\/\/secure.gravatar.com\/avatar\/3ea2118a5f7dad2b7138b1187a6b7ee55f160b9968b66013c3a3ef39dd7e5798?s=96&d=mm&r=g","contentUrl":"https:\/\/secure.gravatar.com\/avatar\/3ea2118a5f7dad2b7138b1187a6b7ee55f160b9968b66013c3a3ef39dd7e5798?s=96&d=mm&r=g","caption":"Jeanette"},"sameAs":["https:\/\/www.eldiario.net\/portal"],"url":"https:\/\/www.eldiario.net\/portal\/author\/jeanette\/"}]}},"_links":{"self":[{"href":"https:\/\/www.eldiario.net\/portal\/wp-json\/wp\/v2\/posts\/211640","targetHints":{"allow":["GET"]}}],"collection":[{"href":"https:\/\/www.eldiario.net\/portal\/wp-json\/wp\/v2\/posts"}],"about":[{"href":"https:\/\/www.eldiario.net\/portal\/wp-json\/wp\/v2\/types\/post"}],"author":[{"embeddable":true,"href":"https:\/\/www.eldiario.net\/portal\/wp-json\/wp\/v2\/users\/1"}],"replies":[{"embeddable":true,"href":"https:\/\/www.eldiario.net\/portal\/wp-json\/wp\/v2\/comments?post=211640"}],"version-history":[{"count":1,"href":"https:\/\/www.eldiario.net\/portal\/wp-json\/wp\/v2\/posts\/211640\/revisions"}],"predecessor-version":[{"id":211642,"href":"https:\/\/www.eldiario.net\/portal\/wp-json\/wp\/v2\/posts\/211640\/revisions\/211642"}],"wp:featuredmedia":[{"embeddable":true,"href":"https:\/\/www.eldiario.net\/portal\/wp-json\/wp\/v2\/media\/211641"}],"wp:attachment":[{"href":"https:\/\/www.eldiario.net\/portal\/wp-json\/wp\/v2\/media?parent=211640"}],"wp:term":[{"taxonomy":"category","embeddable":true,"href":"https:\/\/www.eldiario.net\/portal\/wp-json\/wp\/v2\/categories?post=211640"},{"taxonomy":"post_tag","embeddable":true,"href":"https:\/\/www.eldiario.net\/portal\/wp-json\/wp\/v2\/tags?post=211640"}],"curies":[{"name":"wp","href":"https:\/\/api.w.org\/{rel}","templated":true}]}}