{"id":211637,"date":"2024-04-01T07:58:12","date_gmt":"2024-04-01T11:58:12","guid":{"rendered":"https:\/\/www.eldiario.net\/portal\/?p=211637"},"modified":"2024-04-01T07:58:12","modified_gmt":"2024-04-01T11:58:12","slug":"whatsapp-podra-modificar-imagenes-usando-inteligencia-artificial","status":"publish","type":"post","link":"https:\/\/www.eldiario.net\/portal\/2024\/04\/01\/whatsapp-podra-modificar-imagenes-usando-inteligencia-artificial\/","title":{"rendered":"WhatsApp podr\u00e1 modificar im\u00e1genes usando inteligencia artificial"},"content":{"rendered":"<p>La \u00faltima beta de WhatsApp muestra la llegada de nuevas herramientas para expandir y transformar por completo las im\u00e1genes usando IA<\/p>\n<p>La inteligencia artificial est\u00e1 llegando a muchas de las plataformas y redes sociales\u00a0 y WhatsApp no ser\u00e1 la excepci\u00f3n.<\/p>\n<p>La herramienta de Meta\u00a0tiene grandes planes para la IA, todo indica que ser\u00e1 el turno de las\u00a0herramientas con inteligencia artificial para editar im\u00e1genes.<\/p>\n<p>La pr\u00f3xima novedad de la aplicaci\u00f3n ser\u00e1 permitir\u00a0editar, modificar y transformar im\u00e1genes usando inteligencia artificial, incluyendo la posibilidad de crear fondos incre\u00edbles para nuestras fotos o simplemente ampliar su tama\u00f1o, una funci\u00f3n que, por ejemplo, actualmente vemos en cierta medida en herramientas\u00a0como Photoshop\u00a0y\u00a0Galaxy AI.<\/p>\n<p>Aunque hasta ahora no se habla de la posibilidad de crear im\u00e1genes usando inteligencia artificial dentro de la aplicaci\u00f3n o al menos no en esta versi\u00f3n de la beta, la posibilidad de retocar im\u00e1genes usando IA es un gran a\u00f1adido para la plataforma de mensajer\u00eda.<\/p>\n<p>Seg\u00fan la \u00faltima beta de WhatsApp, analizada por\u00a0WaBetaInfo, pr\u00f3ximamente tendremos\u00a0tres nuevas opciones al momento de enviar una imagen\u00a0en WhatsApp: Fondo, Cambiar estilo y expandir.<\/p>\n<p>Esto es lo que permitir\u00e1n hacer estas nuevas herramientas con IA:<\/p>\n<p>La herramienta Fondo puede\u00a0generar un fondo de imagen\u00a0basado en la descripci\u00f3n que le otorgamos, dejando al sujeto de la imagen y reemplazando el fondo.<\/p>\n<p>La herramienta Cambiar estilo (Restyle)\u00a0a\u00f1ade filtros y estilos\u00a0con inteligencia artificial a la imagen.<\/p>\n<p>Por \u00faltimo, la herramienta Expandir (Expand) permitir\u00eda\u00a0ampliar el fondo de la imagen\u00a0hasta cierto punto usando IA generativa.<\/p>\n<p>Se desconoce cu\u00e1ndo estar\u00e1n disponibles estas nuevas herramientas con IA, ya que actualmente se encuentran en desarrollo. Por lo tanto, todav\u00eda no es posible probarlas, ni siquiera instalando la versi\u00f3n beta de WhatsApp. Estas nuevas funciones coexistir\u00edan con las herramientas de edici\u00f3n tradicionales que ya ofrece la aplicaci\u00f3n, es decir, la herramienta de recorte, marcado y a\u00f1adir texto\u00a0y stickers.<\/p>\n","protected":false},"excerpt":{"rendered":"<p>La \u00faltima beta de WhatsApp muestra la llegada de nuevas herramientas para expandir y transformar por completo las im\u00e1genes usando IA La inteligencia artificial est\u00e1 llegando a muchas de las plataformas y redes sociales\u00a0 y WhatsApp no ser\u00e1 la excepci\u00f3n. La herramienta de Meta\u00a0tiene grandes planes para la IA, todo indica que ser\u00e1 el turno [&hellip;]<\/p>\n","protected":false},"author":1,"featured_media":211638,"comment_status":"open","ping_status":"open","sticky":false,"template":"","format":"standard","meta":{"_acf_changed":false,"footnotes":""},"categories":[46],"tags":[],"class_list":["post-211637","post","type-post","status-publish","format-standard","has-post-thumbnail","category-ciencia-computacion"],"acf":{"antetitulo":""},"yoast_head":"<!-- This site is optimized with the Yoast SEO plugin v28.4 - https:\/\/yoast.com\/product\/yoast-seo-wordpress\/ -->\n<title>WhatsApp podr\u00e1 modificar im\u00e1genes usando inteligencia artificial - El Diario - Bolivia<\/title>\n<meta name=\"robots\" content=\"index, follow, max-snippet:-1, max-image-preview:large, max-video-preview:-1\" \/>\n<link rel=\"canonical\" href=\"https:\/\/www.eldiario.net\/portal\/2024\/04\/01\/whatsapp-podra-modificar-imagenes-usando-inteligencia-artificial\/\" \/>\n<meta property=\"og:locale\" content=\"es_ES\" \/>\n<meta property=\"og:type\" content=\"article\" \/>\n<meta property=\"og:title\" content=\"WhatsApp podr\u00e1 modificar im\u00e1genes usando inteligencia artificial - El Diario - Bolivia\" \/>\n<meta property=\"og:description\" content=\"La \u00faltima beta de WhatsApp muestra la llegada de nuevas herramientas para expandir y transformar por completo las im\u00e1genes usando IA La inteligencia artificial est\u00e1 llegando a muchas de las plataformas y redes sociales\u00a0 y WhatsApp no ser\u00e1 la excepci\u00f3n. La herramienta de Meta\u00a0tiene grandes planes para la IA, todo indica que ser\u00e1 el turno [&hellip;]\" \/>\n<meta property=\"og:url\" content=\"https:\/\/www.eldiario.net\/portal\/2024\/04\/01\/whatsapp-podra-modificar-imagenes-usando-inteligencia-artificial\/\" \/>\n<meta property=\"og:site_name\" content=\"El Diario - Bolivia\" \/>\n<meta property=\"article:publisher\" content=\"https:\/\/www.facebook.com\/eldiario.bolivia\/\" \/>\n<meta property=\"article:published_time\" content=\"2024-04-01T11:58:12+00:00\" \/>\n<meta property=\"og:image\" content=\"https:\/\/www.eldiario.net\/portal\/wp-content\/uploads\/2024\/04\/6-A-scaled.jpg\" \/>\n\t<meta property=\"og:image:width\" content=\"2560\" \/>\n\t<meta property=\"og:image:height\" content=\"1603\" \/>\n\t<meta property=\"og:image:type\" content=\"image\/jpeg\" \/>\n<meta name=\"author\" content=\"Jeanette\" \/>\n<meta name=\"twitter:card\" content=\"summary_large_image\" \/>\n<meta name=\"twitter:creator\" content=\"@eldiario_net\" \/>\n<meta name=\"twitter:site\" content=\"@eldiario_net\" \/>\n<meta name=\"twitter:label1\" content=\"Escrito por\" \/>\n\t<meta name=\"twitter:data1\" content=\"Jeanette\" \/>\n\t<meta name=\"twitter:label2\" content=\"Tiempo de lectura\" \/>\n\t<meta name=\"twitter:data2\" content=\"2 minutos\" \/>\n<script type=\"application\/ld+json\" class=\"yoast-schema-graph\">{\"@context\":\"https:\\\/\\\/schema.org\",\"@graph\":[{\"@type\":\"Article\",\"@id\":\"https:\\\/\\\/www.eldiario.net\\\/portal\\\/2024\\\/04\\\/01\\\/whatsapp-podra-modificar-imagenes-usando-inteligencia-artificial\\\/#article\",\"isPartOf\":{\"@id\":\"https:\\\/\\\/www.eldiario.net\\\/portal\\\/2024\\\/04\\\/01\\\/whatsapp-podra-modificar-imagenes-usando-inteligencia-artificial\\\/\"},\"author\":{\"name\":\"Jeanette\",\"@id\":\"https:\\\/\\\/www.eldiario.net\\\/portal\\\/#\\\/schema\\\/person\\\/f46445640444750d7d753ccd04ae01b7\"},\"headline\":\"WhatsApp podr\u00e1 modificar im\u00e1genes usando inteligencia artificial\",\"datePublished\":\"2024-04-01T11:58:12+00:00\",\"mainEntityOfPage\":{\"@id\":\"https:\\\/\\\/www.eldiario.net\\\/portal\\\/2024\\\/04\\\/01\\\/whatsapp-podra-modificar-imagenes-usando-inteligencia-artificial\\\/\"},\"wordCount\":353,\"commentCount\":0,\"publisher\":{\"@id\":\"https:\\\/\\\/www.eldiario.net\\\/portal\\\/#organization\"},\"image\":{\"@id\":\"https:\\\/\\\/www.eldiario.net\\\/portal\\\/2024\\\/04\\\/01\\\/whatsapp-podra-modificar-imagenes-usando-inteligencia-artificial\\\/#primaryimage\"},\"thumbnailUrl\":\"https:\\\/\\\/www.eldiario.net\\\/portal\\\/wp-content\\\/uploads\\\/2024\\\/04\\\/6-A-scaled.jpg\",\"articleSection\":[\"Ciencia y Computaci\u00f3n\"],\"inLanguage\":\"es\",\"potentialAction\":[{\"@type\":\"CommentAction\",\"name\":\"Comment\",\"target\":[\"https:\\\/\\\/www.eldiario.net\\\/portal\\\/2024\\\/04\\\/01\\\/whatsapp-podra-modificar-imagenes-usando-inteligencia-artificial\\\/#respond\"]}]},{\"@type\":\"WebPage\",\"@id\":\"https:\\\/\\\/www.eldiario.net\\\/portal\\\/2024\\\/04\\\/01\\\/whatsapp-podra-modificar-imagenes-usando-inteligencia-artificial\\\/\",\"url\":\"https:\\\/\\\/www.eldiario.net\\\/portal\\\/2024\\\/04\\\/01\\\/whatsapp-podra-modificar-imagenes-usando-inteligencia-artificial\\\/\",\"name\":\"WhatsApp podr\u00e1 modificar im\u00e1genes usando inteligencia artificial - El Diario - Bolivia\",\"isPartOf\":{\"@id\":\"https:\\\/\\\/www.eldiario.net\\\/portal\\\/#website\"},\"primaryImageOfPage\":{\"@id\":\"https:\\\/\\\/www.eldiario.net\\\/portal\\\/2024\\\/04\\\/01\\\/whatsapp-podra-modificar-imagenes-usando-inteligencia-artificial\\\/#primaryimage\"},\"image\":{\"@id\":\"https:\\\/\\\/www.eldiario.net\\\/portal\\\/2024\\\/04\\\/01\\\/whatsapp-podra-modificar-imagenes-usando-inteligencia-artificial\\\/#primaryimage\"},\"thumbnailUrl\":\"https:\\\/\\\/www.eldiario.net\\\/portal\\\/wp-content\\\/uploads\\\/2024\\\/04\\\/6-A-scaled.jpg\",\"datePublished\":\"2024-04-01T11:58:12+00:00\",\"breadcrumb\":{\"@id\":\"https:\\\/\\\/www.eldiario.net\\\/portal\\\/2024\\\/04\\\/01\\\/whatsapp-podra-modificar-imagenes-usando-inteligencia-artificial\\\/#breadcrumb\"},\"inLanguage\":\"es\",\"potentialAction\":[{\"@type\":\"ReadAction\",\"target\":[\"https:\\\/\\\/www.eldiario.net\\\/portal\\\/2024\\\/04\\\/01\\\/whatsapp-podra-modificar-imagenes-usando-inteligencia-artificial\\\/\"]}]},{\"@type\":\"ImageObject\",\"inLanguage\":\"es\",\"@id\":\"https:\\\/\\\/www.eldiario.net\\\/portal\\\/2024\\\/04\\\/01\\\/whatsapp-podra-modificar-imagenes-usando-inteligencia-artificial\\\/#primaryimage\",\"url\":\"https:\\\/\\\/www.eldiario.net\\\/portal\\\/wp-content\\\/uploads\\\/2024\\\/04\\\/6-A-scaled.jpg\",\"contentUrl\":\"https:\\\/\\\/www.eldiario.net\\\/portal\\\/wp-content\\\/uploads\\\/2024\\\/04\\\/6-A-scaled.jpg\",\"width\":2560,\"height\":1603},{\"@type\":\"BreadcrumbList\",\"@id\":\"https:\\\/\\\/www.eldiario.net\\\/portal\\\/2024\\\/04\\\/01\\\/whatsapp-podra-modificar-imagenes-usando-inteligencia-artificial\\\/#breadcrumb\",\"itemListElement\":[{\"@type\":\"ListItem\",\"position\":1,\"name\":\"Portada\",\"item\":\"https:\\\/\\\/www.eldiario.net\\\/portal\\\/\"},{\"@type\":\"ListItem\",\"position\":2,\"name\":\"WhatsApp podr\u00e1 modificar im\u00e1genes usando inteligencia artificial\"}]},{\"@type\":\"WebSite\",\"@id\":\"https:\\\/\\\/www.eldiario.net\\\/portal\\\/#website\",\"url\":\"https:\\\/\\\/www.eldiario.net\\\/portal\\\/\",\"name\":\"El Diario - Decano de la prensa nacional\",\"description\":\"El Diario - Decano de la prensa nacional\",\"publisher\":{\"@id\":\"https:\\\/\\\/www.eldiario.net\\\/portal\\\/#organization\"},\"potentialAction\":[{\"@type\":\"SearchAction\",\"target\":{\"@type\":\"EntryPoint\",\"urlTemplate\":\"https:\\\/\\\/www.eldiario.net\\\/portal\\\/?s={search_term_string}\"},\"query-input\":{\"@type\":\"PropertyValueSpecification\",\"valueRequired\":true,\"valueName\":\"search_term_string\"}}],\"inLanguage\":\"es\"},{\"@type\":\"Organization\",\"@id\":\"https:\\\/\\\/www.eldiario.net\\\/portal\\\/#organization\",\"name\":\"El Diario - Decano de la prensa nacional\",\"url\":\"https:\\\/\\\/www.eldiario.net\\\/portal\\\/\",\"logo\":{\"@type\":\"ImageObject\",\"inLanguage\":\"es\",\"@id\":\"https:\\\/\\\/www.eldiario.net\\\/portal\\\/#\\\/schema\\\/logo\\\/image\\\/\",\"url\":\"https:\\\/\\\/www.eldiario.net\\\/portal\\\/wp-content\\\/uploads\\\/2023\\\/07\\\/logo_ED.jpg\",\"contentUrl\":\"https:\\\/\\\/www.eldiario.net\\\/portal\\\/wp-content\\\/uploads\\\/2023\\\/07\\\/logo_ED.jpg\",\"width\":272,\"height\":52,\"caption\":\"El Diario - Decano de la prensa nacional\"},\"image\":{\"@id\":\"https:\\\/\\\/www.eldiario.net\\\/portal\\\/#\\\/schema\\\/logo\\\/image\\\/\"},\"sameAs\":[\"https:\\\/\\\/www.facebook.com\\\/eldiario.bolivia\\\/\",\"https:\\\/\\\/x.com\\\/eldiario_net\"]},{\"@type\":\"Person\",\"@id\":\"https:\\\/\\\/www.eldiario.net\\\/portal\\\/#\\\/schema\\\/person\\\/f46445640444750d7d753ccd04ae01b7\",\"name\":\"Jeanette\",\"image\":{\"@type\":\"ImageObject\",\"inLanguage\":\"es\",\"@id\":\"https:\\\/\\\/secure.gravatar.com\\\/avatar\\\/3ea2118a5f7dad2b7138b1187a6b7ee55f160b9968b66013c3a3ef39dd7e5798?s=96&d=mm&r=g\",\"url\":\"https:\\\/\\\/secure.gravatar.com\\\/avatar\\\/3ea2118a5f7dad2b7138b1187a6b7ee55f160b9968b66013c3a3ef39dd7e5798?s=96&d=mm&r=g\",\"contentUrl\":\"https:\\\/\\\/secure.gravatar.com\\\/avatar\\\/3ea2118a5f7dad2b7138b1187a6b7ee55f160b9968b66013c3a3ef39dd7e5798?s=96&d=mm&r=g\",\"caption\":\"Jeanette\"},\"sameAs\":[\"https:\\\/\\\/www.eldiario.net\\\/portal\"],\"url\":\"https:\\\/\\\/www.eldiario.net\\\/portal\\\/author\\\/jeanette\\\/\"}]}<\/script>\n<!-- \/ Yoast SEO plugin. -->","yoast_head_json":{"title":"WhatsApp podr\u00e1 modificar im\u00e1genes usando inteligencia artificial - El Diario - Bolivia","robots":{"index":"index","follow":"follow","max-snippet":"max-snippet:-1","max-image-preview":"max-image-preview:large","max-video-preview":"max-video-preview:-1"},"canonical":"https:\/\/www.eldiario.net\/portal\/2024\/04\/01\/whatsapp-podra-modificar-imagenes-usando-inteligencia-artificial\/","og_locale":"es_ES","og_type":"article","og_title":"WhatsApp podr\u00e1 modificar im\u00e1genes usando inteligencia artificial - El Diario - Bolivia","og_description":"La \u00faltima beta de WhatsApp muestra la llegada de nuevas herramientas para expandir y transformar por completo las im\u00e1genes usando IA La inteligencia artificial est\u00e1 llegando a muchas de las plataformas y redes sociales\u00a0 y WhatsApp no ser\u00e1 la excepci\u00f3n. La herramienta de Meta\u00a0tiene grandes planes para la IA, todo indica que ser\u00e1 el turno [&hellip;]","og_url":"https:\/\/www.eldiario.net\/portal\/2024\/04\/01\/whatsapp-podra-modificar-imagenes-usando-inteligencia-artificial\/","og_site_name":"El Diario - Bolivia","article_publisher":"https:\/\/www.facebook.com\/eldiario.bolivia\/","article_published_time":"2024-04-01T11:58:12+00:00","og_image":[{"width":2560,"height":1603,"url":"https:\/\/www.eldiario.net\/portal\/wp-content\/uploads\/2024\/04\/6-A-scaled.jpg","type":"image\/jpeg"}],"author":"Jeanette","twitter_card":"summary_large_image","twitter_creator":"@eldiario_net","twitter_site":"@eldiario_net","twitter_misc":{"Escrito por":"Jeanette","Tiempo de lectura":"2 minutos"},"schema":{"@context":"https:\/\/schema.org","@graph":[{"@type":"Article","@id":"https:\/\/www.eldiario.net\/portal\/2024\/04\/01\/whatsapp-podra-modificar-imagenes-usando-inteligencia-artificial\/#article","isPartOf":{"@id":"https:\/\/www.eldiario.net\/portal\/2024\/04\/01\/whatsapp-podra-modificar-imagenes-usando-inteligencia-artificial\/"},"author":{"name":"Jeanette","@id":"https:\/\/www.eldiario.net\/portal\/#\/schema\/person\/f46445640444750d7d753ccd04ae01b7"},"headline":"WhatsApp podr\u00e1 modificar im\u00e1genes usando inteligencia artificial","datePublished":"2024-04-01T11:58:12+00:00","mainEntityOfPage":{"@id":"https:\/\/www.eldiario.net\/portal\/2024\/04\/01\/whatsapp-podra-modificar-imagenes-usando-inteligencia-artificial\/"},"wordCount":353,"commentCount":0,"publisher":{"@id":"https:\/\/www.eldiario.net\/portal\/#organization"},"image":{"@id":"https:\/\/www.eldiario.net\/portal\/2024\/04\/01\/whatsapp-podra-modificar-imagenes-usando-inteligencia-artificial\/#primaryimage"},"thumbnailUrl":"https:\/\/www.eldiario.net\/portal\/wp-content\/uploads\/2024\/04\/6-A-scaled.jpg","articleSection":["Ciencia y Computaci\u00f3n"],"inLanguage":"es","potentialAction":[{"@type":"CommentAction","name":"Comment","target":["https:\/\/www.eldiario.net\/portal\/2024\/04\/01\/whatsapp-podra-modificar-imagenes-usando-inteligencia-artificial\/#respond"]}]},{"@type":"WebPage","@id":"https:\/\/www.eldiario.net\/portal\/2024\/04\/01\/whatsapp-podra-modificar-imagenes-usando-inteligencia-artificial\/","url":"https:\/\/www.eldiario.net\/portal\/2024\/04\/01\/whatsapp-podra-modificar-imagenes-usando-inteligencia-artificial\/","name":"WhatsApp podr\u00e1 modificar im\u00e1genes usando inteligencia artificial - El Diario - Bolivia","isPartOf":{"@id":"https:\/\/www.eldiario.net\/portal\/#website"},"primaryImageOfPage":{"@id":"https:\/\/www.eldiario.net\/portal\/2024\/04\/01\/whatsapp-podra-modificar-imagenes-usando-inteligencia-artificial\/#primaryimage"},"image":{"@id":"https:\/\/www.eldiario.net\/portal\/2024\/04\/01\/whatsapp-podra-modificar-imagenes-usando-inteligencia-artificial\/#primaryimage"},"thumbnailUrl":"https:\/\/www.eldiario.net\/portal\/wp-content\/uploads\/2024\/04\/6-A-scaled.jpg","datePublished":"2024-04-01T11:58:12+00:00","breadcrumb":{"@id":"https:\/\/www.eldiario.net\/portal\/2024\/04\/01\/whatsapp-podra-modificar-imagenes-usando-inteligencia-artificial\/#breadcrumb"},"inLanguage":"es","potentialAction":[{"@type":"ReadAction","target":["https:\/\/www.eldiario.net\/portal\/2024\/04\/01\/whatsapp-podra-modificar-imagenes-usando-inteligencia-artificial\/"]}]},{"@type":"ImageObject","inLanguage":"es","@id":"https:\/\/www.eldiario.net\/portal\/2024\/04\/01\/whatsapp-podra-modificar-imagenes-usando-inteligencia-artificial\/#primaryimage","url":"https:\/\/www.eldiario.net\/portal\/wp-content\/uploads\/2024\/04\/6-A-scaled.jpg","contentUrl":"https:\/\/www.eldiario.net\/portal\/wp-content\/uploads\/2024\/04\/6-A-scaled.jpg","width":2560,"height":1603},{"@type":"BreadcrumbList","@id":"https:\/\/www.eldiario.net\/portal\/2024\/04\/01\/whatsapp-podra-modificar-imagenes-usando-inteligencia-artificial\/#breadcrumb","itemListElement":[{"@type":"ListItem","position":1,"name":"Portada","item":"https:\/\/www.eldiario.net\/portal\/"},{"@type":"ListItem","position":2,"name":"WhatsApp podr\u00e1 modificar im\u00e1genes usando inteligencia artificial"}]},{"@type":"WebSite","@id":"https:\/\/www.eldiario.net\/portal\/#website","url":"https:\/\/www.eldiario.net\/portal\/","name":"El Diario - Decano de la prensa nacional","description":"El Diario - Decano de la prensa nacional","publisher":{"@id":"https:\/\/www.eldiario.net\/portal\/#organization"},"potentialAction":[{"@type":"SearchAction","target":{"@type":"EntryPoint","urlTemplate":"https:\/\/www.eldiario.net\/portal\/?s={search_term_string}"},"query-input":{"@type":"PropertyValueSpecification","valueRequired":true,"valueName":"search_term_string"}}],"inLanguage":"es"},{"@type":"Organization","@id":"https:\/\/www.eldiario.net\/portal\/#organization","name":"El Diario - Decano de la prensa nacional","url":"https:\/\/www.eldiario.net\/portal\/","logo":{"@type":"ImageObject","inLanguage":"es","@id":"https:\/\/www.eldiario.net\/portal\/#\/schema\/logo\/image\/","url":"https:\/\/www.eldiario.net\/portal\/wp-content\/uploads\/2023\/07\/logo_ED.jpg","contentUrl":"https:\/\/www.eldiario.net\/portal\/wp-content\/uploads\/2023\/07\/logo_ED.jpg","width":272,"height":52,"caption":"El Diario - Decano de la prensa nacional"},"image":{"@id":"https:\/\/www.eldiario.net\/portal\/#\/schema\/logo\/image\/"},"sameAs":["https:\/\/www.facebook.com\/eldiario.bolivia\/","https:\/\/x.com\/eldiario_net"]},{"@type":"Person","@id":"https:\/\/www.eldiario.net\/portal\/#\/schema\/person\/f46445640444750d7d753ccd04ae01b7","name":"Jeanette","image":{"@type":"ImageObject","inLanguage":"es","@id":"https:\/\/secure.gravatar.com\/avatar\/3ea2118a5f7dad2b7138b1187a6b7ee55f160b9968b66013c3a3ef39dd7e5798?s=96&d=mm&r=g","url":"https:\/\/secure.gravatar.com\/avatar\/3ea2118a5f7dad2b7138b1187a6b7ee55f160b9968b66013c3a3ef39dd7e5798?s=96&d=mm&r=g","contentUrl":"https:\/\/secure.gravatar.com\/avatar\/3ea2118a5f7dad2b7138b1187a6b7ee55f160b9968b66013c3a3ef39dd7e5798?s=96&d=mm&r=g","caption":"Jeanette"},"sameAs":["https:\/\/www.eldiario.net\/portal"],"url":"https:\/\/www.eldiario.net\/portal\/author\/jeanette\/"}]}},"_links":{"self":[{"href":"https:\/\/www.eldiario.net\/portal\/wp-json\/wp\/v2\/posts\/211637","targetHints":{"allow":["GET"]}}],"collection":[{"href":"https:\/\/www.eldiario.net\/portal\/wp-json\/wp\/v2\/posts"}],"about":[{"href":"https:\/\/www.eldiario.net\/portal\/wp-json\/wp\/v2\/types\/post"}],"author":[{"embeddable":true,"href":"https:\/\/www.eldiario.net\/portal\/wp-json\/wp\/v2\/users\/1"}],"replies":[{"embeddable":true,"href":"https:\/\/www.eldiario.net\/portal\/wp-json\/wp\/v2\/comments?post=211637"}],"version-history":[{"count":1,"href":"https:\/\/www.eldiario.net\/portal\/wp-json\/wp\/v2\/posts\/211637\/revisions"}],"predecessor-version":[{"id":211639,"href":"https:\/\/www.eldiario.net\/portal\/wp-json\/wp\/v2\/posts\/211637\/revisions\/211639"}],"wp:featuredmedia":[{"embeddable":true,"href":"https:\/\/www.eldiario.net\/portal\/wp-json\/wp\/v2\/media\/211638"}],"wp:attachment":[{"href":"https:\/\/www.eldiario.net\/portal\/wp-json\/wp\/v2\/media?parent=211637"}],"wp:term":[{"taxonomy":"category","embeddable":true,"href":"https:\/\/www.eldiario.net\/portal\/wp-json\/wp\/v2\/categories?post=211637"},{"taxonomy":"post_tag","embeddable":true,"href":"https:\/\/www.eldiario.net\/portal\/wp-json\/wp\/v2\/tags?post=211637"}],"curies":[{"name":"wp","href":"https:\/\/api.w.org\/{rel}","templated":true}]}}