{"id":211595,"date":"2024-04-01T07:37:09","date_gmt":"2024-04-01T11:37:09","guid":{"rendered":"https:\/\/www.eldiario.net\/portal\/?p=211595"},"modified":"2024-04-01T07:37:09","modified_gmt":"2024-04-01T11:37:09","slug":"se-viene-la-segunda-parte-de-la-obra-me-averguenzan-tus-polleras","status":"publish","type":"post","link":"https:\/\/www.eldiario.net\/portal\/2024\/04\/01\/se-viene-la-segunda-parte-de-la-obra-me-averguenzan-tus-polleras\/","title":{"rendered":"Se viene la segunda parte de la  obra Me averg\u00fcenzan tus polleras"},"content":{"rendered":"<p>La actividad teatral en la ciudad de La Paz es siempre permanente en sus diferentes estilos, est\u00e9ticas, formas y, sin duda, en sus diversos g\u00e9neros, ofreciendo propuestas para todo tipo de p\u00fablico.<\/p>\n<p>Es la particularidad del teatro nacional, aquel que desde la perspectiva de su g\u00e9nero social ha mostrado un constante vigor que lo revitaliza de manera permanente, apostando no solo a su permanente vigencia, sino a su vigorosa fortaleza, siempre que alg\u00fan elenco o compa\u00f1\u00eda teatral anuncia una representaci\u00f3n de esas caracter\u00edsticas.<\/p>\n<p>\u201cEn ese marco, no pod\u00eda ser menos llamativa la obra que se viene preparando para irrumpir en la escena local, con los personajes particularmente concebidos para sumergirse en su argumento, las vivencias que hacen de su contenido uno de los que mayor impacto han causado entre el p\u00fablico adicto al buen teatro.<\/p>\n<p>Es la esencia de ese teatro nacional que nos convoca masivamente a los escenarios de nuestra ciudad, para disfrutar de una de las piezas m\u00e1s exitosas de los \u00faltimos tiempos. Se trata de la obra \u201cMe averg\u00fcenzan tus polleras\u201d, en su segunda parte, bajo el r\u00f3tulo de \u201cLa historia se repite\u201d, cuya autor\u00eda corresponde al no menos destacado autor teatral, se\u00f1or Juan Barrera Guti\u00e9rrez, quien, con la primera parte, estrenada en 1992, alcanz\u00f3 un rotundo \u00e9xito\u201d, comenta Daniel Gonzales, director de Tal\u00eda Producciones, que tendr\u00e1 a su cargo la anunciada puesta en escena.<\/p>\n<p>Figuras ya desaparecidas, como Agar Del\u00f3s, Rosa R\u00edos, Teresa Matienzo y Luisa \u00c1lvarez, dieron vida a los roles principales de la primera parte de esta pieza de teatro social, habiendo sido representada por \u00faltima vez en el a\u00f1o de 2017, con resonante \u00e9xito, paseando por gran parte del territorio nacional y llegando inclusive a Per\u00fa y Argentina.<\/p>\n<p>\u201cMe averg\u00fcenzan tus polleras 2, bajo el r\u00f3tulo de <em>La historia se repite<\/em>, nos permite apreciar una comedia dram\u00e1tica en tres actos, que es parte de una trilog\u00eda, una saga cuyo argumento nos permite afincarnos en la certidumbre que sus particulares personajes transitan historias vivenciales y cotidianas, unas plagadas de gran hilaridad, las m\u00e1s invadidas de gran dramatismo por las connotaciones que les toca interpretar, como parte de situaciones que les bosqueja su realidad y que los tiene inmersos en un tejido social que incomprensiblemente los rechaza y reprocha\u201d, explica el director y actor, que da vida al popular Rigucho.<\/p>\n<p>Una pareja humilde que extrav\u00eda a su peque\u00f1a hija y que por vicisitudes del destino se les devuelve, tras largos a\u00f1os de a\u00f1oranza y ausencia, con gran nostalgia y sufrimiento asume su destino. Es aquella otra hija que teni\u00e9ndolo todo, gracias al sacrificio de su madre, que siendo lavandera trata de dar su vida misma por ella, por ingratitud rebelde, le vuelca la cara y se averg\u00fcenza de su humilde origen, motivando un oprobioso rechazo que lastima y hiere el coraz\u00f3n de madre sacrificada y sufrida.<\/p>\n<p>\u201cEl abandono, la traici\u00f3n, el reproche, el odio, el desprecio, el pretender una vida diferente, contraria o contrapuesta a su realidad, hacen de este argumento original y siempre vigente. Y quiz\u00e1s ese rechazo, es el que hace a ese contexto psicol\u00f3gico que no le permite encontrarse a s\u00ed misma y la tiene anclada, como producto de sus malas decisiones y desaciertos, llev\u00e1ndola irremediablemente a transitar por un rumbo equivocado, que lamentablemente arrastra a toda su familia, a una vida llena de miseria y al borde del precipicio.<\/p>\n<p>Eso es \u201cMe averg\u00fcenzan tus polleras 2. La historia se repite\u201d con un ac\u00e1pite por dem\u00e1s dram\u00e1tico, cuando uno de los personajes como parte de su di\u00e1logo, exclama: un pecado que no mereci\u00f3 clemencia\u201d, destaca.<\/p>\n<p>Tal\u00eda Producciones, a la cabeza de Daniel Gonzales, ha asumido el reto con mucha entrega, profesionalismo y pasi\u00f3n para representar esta nueva propuesta de teatro nacional, en la que actores y actrices de gran trayectoria, as\u00ed como nuevas figuras, dan vida a todos los personajes que har\u00e1n, sin duda, de la segunda parte de la aclamada obra, otro de los grandes y rutilantes \u00e9xitos del teatro nacional.<\/p>\n<p>La obra cuenta con la participaci\u00f3n de Daniel Gonzales, Leyla Castro, Sergio Caballero, Carol Ger\u00f3nimo, Mayra Ortega, N\u00e9stor Gonzales, Israel Villa, Ramiro Mart\u00ednez, Andrea Huanca y Carla Mamani. Tambi\u00e9n se tendr\u00e1 la actuaci\u00f3n de dos n\u00f3veles figuras: Lucy Gonzales y Juan Barrera Ortega, conformando un elenco que garantiza una por dem\u00e1s llamativa propuesta teatral.<\/p>\n<p>\u201cPor la gran expectativa que ha causado el anuncio de la representaci\u00f3n de la segunda parte de esta pieza teatral, la empresa SUPER TIKET. Bo, con el fin de dar comodidad al p\u00fablico interesado en asistir a su representaci\u00f3n, habilit\u00f3 a trav\u00e9s de su p\u00e1gina la venta de entradas para los tres d\u00edas y las diferentes funciones que se realizar\u00e1n en nuestra ciudad.<\/p>\n<p>En la sala del teatro 16 de julio se descorrer\u00e1 el tel\u00f3n para su puesta en escena los d\u00edas 19, 20 y 21 de abril, a la que todos est\u00e1n cordialmente invitados, en la perspectiva de encontrarse con una nueva propuesta de teatro social que promete colmar la expectativa del p\u00fablico pace\u00f1o\u201d, concluy\u00f3 Gonzales.<\/p>\n\r\n                <style type=\"text\/css\">\r\n                    \r\n                    #tdi_1  .td-doubleSlider-2 .td-item1 {\r\n                        background: url(https:\/\/www.eldiario.net\/portal\/wp-content\/uploads\/2024\/04\/1PRINCIPAL-80x60.jpg) 0 0 no-repeat;\r\n                    }\r\n                    #tdi_1  .td-doubleSlider-2 .td-item2 {\r\n                        background: url(https:\/\/www.eldiario.net\/portal\/wp-content\/uploads\/2024\/04\/2-80x60.jpg) 0 0 no-repeat;\r\n                    }\r\n                    #tdi_1  .td-doubleSlider-2 .td-item3 {\r\n                        background: url(https:\/\/www.eldiario.net\/portal\/wp-content\/uploads\/2024\/04\/3-80x60.jpg) 0 0 no-repeat;\r\n                    }\r\n                    #tdi_1  .td-doubleSlider-2 .td-item4 {\r\n                        background: url(https:\/\/www.eldiario.net\/portal\/wp-content\/uploads\/2024\/04\/4-5-80x60.jpg) 0 0 no-repeat;\r\n                    }\r\n                    #tdi_1  .td-doubleSlider-2 .td-item5 {\r\n                        background: url(https:\/\/www.eldiario.net\/portal\/wp-content\/uploads\/2024\/04\/5-80x60.jpg) 0 0 no-repeat;\r\n                    }\r\n                    #tdi_1  .td-doubleSlider-2 .td-item6 {\r\n                        background: url(https:\/\/www.eldiario.net\/portal\/wp-content\/uploads\/2024\/04\/6-80x60.jpg) 0 0 no-repeat;\r\n                    }\r\n                <\/style>\r\n\r\n                <div id=\"tdi_1\" class=\"td-gallery td-slide-on-2-columns\">\r\n                    <div class=\"post_td_gallery\">\r\n                        <div class=\"td-gallery-slide-top\">\r\n                           <div class=\"td-gallery-title\"><\/div>\r\n\r\n                            <div class=\"td-gallery-controls-wrapper\">\r\n                                <div class=\"td-gallery-slide-count\"><span class=\"td-gallery-slide-item-focus\">1<\/span> de 6<\/div>\r\n                                <div class=\"td-gallery-slide-prev-next-but\">\r\n                                    <i class = \"td-icon-left doubleSliderPrevButton\"><\/i>\r\n                                    <i class = \"td-icon-right doubleSliderNextButton\"><\/i>\r\n                                <\/div>\r\n                            <\/div>\r\n                        <\/div>\r\n\r\n                        <div class = \"td-doubleSlider-1 \">\r\n                            <div class = \"td-slider\">\r\n                                \r\n                    <div class = \"td-slide-item td-item1\">\r\n                        <figure class=\"td-slide-galery-figure td-slide-popup-gallery\">\r\n                            <a class=\"slide-gallery-image-link\" href=\"https:\/\/www.eldiario.net\/portal\/wp-content\/uploads\/2024\/04\/1PRINCIPAL-scaled.jpg\" title=\"1PRINCIPAL\"  data-caption=\"\"  data-description=\"\">\r\n                                <img decoding=\"async\" src=\"https:\/\/www.eldiario.net\/portal\/wp-content\/uploads\/2024\/04\/1PRINCIPAL-840x420.jpg\" srcset=\"https:\/\/www.eldiario.net\/portal\/wp-content\/uploads\/2024\/04\/1PRINCIPAL-840x420.jpg 840w, https:\/\/www.eldiario.net\/portal\/wp-content\/uploads\/2024\/04\/1PRINCIPAL-300x150.jpg 300w, https:\/\/www.eldiario.net\/portal\/wp-content\/uploads\/2024\/04\/1PRINCIPAL-1024x512.jpg 1024w, https:\/\/www.eldiario.net\/portal\/wp-content\/uploads\/2024\/04\/1PRINCIPAL-768x384.jpg 768w, https:\/\/www.eldiario.net\/portal\/wp-content\/uploads\/2024\/04\/1PRINCIPAL-1536x768.jpg 1536w, https:\/\/www.eldiario.net\/portal\/wp-content\/uploads\/2024\/04\/1PRINCIPAL-2048x1024.jpg 2048w, https:\/\/www.eldiario.net\/portal\/wp-content\/uploads\/2024\/04\/1PRINCIPAL-696x348.jpg 696w, https:\/\/www.eldiario.net\/portal\/wp-content\/uploads\/2024\/04\/1PRINCIPAL-1068x534.jpg 1068w, https:\/\/www.eldiario.net\/portal\/wp-content\/uploads\/2024\/04\/1PRINCIPAL-1920x960.jpg 1920w\" sizes=\"(max-width: 840px) 100vw, 840px\" alt=\"\">\r\n                            <\/a>\r\n                            \r\n                        <\/figure>\r\n                    <\/div>\r\n                    <div class = \"td-slide-item td-item2\">\r\n                        <figure class=\"td-slide-galery-figure td-slide-popup-gallery\">\r\n                            <a class=\"slide-gallery-image-link\" href=\"https:\/\/www.eldiario.net\/portal\/wp-content\/uploads\/2024\/04\/2-scaled.jpg\" title=\"2\"  data-caption=\"\"  data-description=\"\">\r\n                                <img decoding=\"async\" src=\"https:\/\/www.eldiario.net\/portal\/wp-content\/uploads\/2024\/04\/2-604x420.jpg\" srcset=\"https:\/\/www.eldiario.net\/portal\/wp-content\/uploads\/2024\/04\/2-604x420.jpg 604w, https:\/\/www.eldiario.net\/portal\/wp-content\/uploads\/2024\/04\/2-300x209.jpg 300w, https:\/\/www.eldiario.net\/portal\/wp-content\/uploads\/2024\/04\/2-1024x712.jpg 1024w, https:\/\/www.eldiario.net\/portal\/wp-content\/uploads\/2024\/04\/2-768x534.jpg 768w, https:\/\/www.eldiario.net\/portal\/wp-content\/uploads\/2024\/04\/2-1536x1068.jpg 1536w, https:\/\/www.eldiario.net\/portal\/wp-content\/uploads\/2024\/04\/2-2048x1424.jpg 2048w, https:\/\/www.eldiario.net\/portal\/wp-content\/uploads\/2024\/04\/2-696x484.jpg 696w, https:\/\/www.eldiario.net\/portal\/wp-content\/uploads\/2024\/04\/2-1068x743.jpg 1068w, https:\/\/www.eldiario.net\/portal\/wp-content\/uploads\/2024\/04\/2-1920x1335.jpg 1920w\" sizes=\"(max-width: 604px) 100vw, 604px\" alt=\"\">\r\n                            <\/a>\r\n                            \r\n                        <\/figure>\r\n                    <\/div>\r\n                    <div class = \"td-slide-item td-item3\">\r\n                        <figure class=\"td-slide-galery-figure td-slide-popup-gallery\">\r\n                            <a class=\"slide-gallery-image-link\" href=\"https:\/\/www.eldiario.net\/portal\/wp-content\/uploads\/2024\/04\/3.jpg\" title=\"3\"  data-caption=\"\"  data-description=\"\">\r\n                                <img decoding=\"async\" src=\"https:\/\/www.eldiario.net\/portal\/wp-content\/uploads\/2024\/04\/3-630x420.jpg\" srcset=\"https:\/\/www.eldiario.net\/portal\/wp-content\/uploads\/2024\/04\/3-630x420.jpg 630w, https:\/\/www.eldiario.net\/portal\/wp-content\/uploads\/2024\/04\/3-300x200.jpg 300w, https:\/\/www.eldiario.net\/portal\/wp-content\/uploads\/2024\/04\/3-1024x683.jpg 1024w, https:\/\/www.eldiario.net\/portal\/wp-content\/uploads\/2024\/04\/3-768x512.jpg 768w, https:\/\/www.eldiario.net\/portal\/wp-content\/uploads\/2024\/04\/3-696x464.jpg 696w, https:\/\/www.eldiario.net\/portal\/wp-content\/uploads\/2024\/04\/3-1068x712.jpg 1068w, https:\/\/www.eldiario.net\/portal\/wp-content\/uploads\/2024\/04\/3.jpg 1287w\" sizes=\"(max-width: 630px) 100vw, 630px\" alt=\"\">\r\n                            <\/a>\r\n                            \r\n                        <\/figure>\r\n                    <\/div>\r\n                    <div class = \"td-slide-item td-item4\">\r\n                        <figure class=\"td-slide-galery-figure td-slide-popup-gallery\">\r\n                            <a class=\"slide-gallery-image-link\" href=\"https:\/\/www.eldiario.net\/portal\/wp-content\/uploads\/2024\/04\/4-5-scaled.jpg\" title=\"4-(5)\"  data-caption=\"\"  data-description=\"\">\r\n                                <img decoding=\"async\" src=\"https:\/\/www.eldiario.net\/portal\/wp-content\/uploads\/2024\/04\/4-5-630x420.jpg\" srcset=\"https:\/\/www.eldiario.net\/portal\/wp-content\/uploads\/2024\/04\/4-5-630x420.jpg 630w, https:\/\/www.eldiario.net\/portal\/wp-content\/uploads\/2024\/04\/4-5-300x200.jpg 300w, https:\/\/www.eldiario.net\/portal\/wp-content\/uploads\/2024\/04\/4-5-1024x683.jpg 1024w, https:\/\/www.eldiario.net\/portal\/wp-content\/uploads\/2024\/04\/4-5-768x512.jpg 768w, https:\/\/www.eldiario.net\/portal\/wp-content\/uploads\/2024\/04\/4-5-1536x1024.jpg 1536w, https:\/\/www.eldiario.net\/portal\/wp-content\/uploads\/2024\/04\/4-5-2048x1365.jpg 2048w, https:\/\/www.eldiario.net\/portal\/wp-content\/uploads\/2024\/04\/4-5-696x464.jpg 696w, https:\/\/www.eldiario.net\/portal\/wp-content\/uploads\/2024\/04\/4-5-1068x712.jpg 1068w, https:\/\/www.eldiario.net\/portal\/wp-content\/uploads\/2024\/04\/4-5-1920x1280.jpg 1920w\" sizes=\"(max-width: 630px) 100vw, 630px\" alt=\"\">\r\n                            <\/a>\r\n                            \r\n                        <\/figure>\r\n                    <\/div>\r\n                    <div class = \"td-slide-item td-item5\">\r\n                        <figure class=\"td-slide-galery-figure td-slide-popup-gallery\">\r\n                            <a class=\"slide-gallery-image-link\" href=\"https:\/\/www.eldiario.net\/portal\/wp-content\/uploads\/2024\/04\/5.jpg\" title=\"5\"  data-caption=\"\"  data-description=\"\">\r\n                                <img decoding=\"async\" src=\"https:\/\/www.eldiario.net\/portal\/wp-content\/uploads\/2024\/04\/5-280x420.jpg\" srcset=\"https:\/\/www.eldiario.net\/portal\/wp-content\/uploads\/2024\/04\/5-280x420.jpg 280w, https:\/\/www.eldiario.net\/portal\/wp-content\/uploads\/2024\/04\/5-200x300.jpg 200w, https:\/\/www.eldiario.net\/portal\/wp-content\/uploads\/2024\/04\/5.jpg 612w\" sizes=\"(max-width: 280px) 100vw, 280px\" alt=\"\">\r\n                            <\/a>\r\n                            \r\n                        <\/figure>\r\n                    <\/div>\r\n                    <div class = \"td-slide-item td-item6\">\r\n                        <figure class=\"td-slide-galery-figure td-slide-popup-gallery\">\r\n                            <a class=\"slide-gallery-image-link\" href=\"https:\/\/www.eldiario.net\/portal\/wp-content\/uploads\/2024\/04\/6.jpg\" title=\"6\"  data-caption=\"\"  data-description=\"\">\r\n                                <img decoding=\"async\" src=\"https:\/\/www.eldiario.net\/portal\/wp-content\/uploads\/2024\/04\/6-630x420.jpg\" srcset=\"https:\/\/www.eldiario.net\/portal\/wp-content\/uploads\/2024\/04\/6-630x420.jpg 630w, https:\/\/www.eldiario.net\/portal\/wp-content\/uploads\/2024\/04\/6-300x200.jpg 300w, https:\/\/www.eldiario.net\/portal\/wp-content\/uploads\/2024\/04\/6-1024x683.jpg 1024w, https:\/\/www.eldiario.net\/portal\/wp-content\/uploads\/2024\/04\/6-768x512.jpg 768w, https:\/\/www.eldiario.net\/portal\/wp-content\/uploads\/2024\/04\/6-696x464.jpg 696w, https:\/\/www.eldiario.net\/portal\/wp-content\/uploads\/2024\/04\/6-1068x712.jpg 1068w, https:\/\/www.eldiario.net\/portal\/wp-content\/uploads\/2024\/04\/6.jpg 1287w\" sizes=\"(max-width: 630px) 100vw, 630px\" alt=\"\">\r\n                            <\/a>\r\n                            \r\n                        <\/figure>\r\n                    <\/div>\r\n                            <\/div>\r\n                        <\/div>\r\n\r\n                        <div class = \"td-doubleSlider-2\">\r\n                            <div class = \"td-slider\">\r\n                                \r\n                    <div class = \"td-button td-item1\">\r\n                        <div class = \"td-border\"><\/div>\r\n                    <\/div>\r\n                    <div class = \"td-button td-item2\">\r\n                        <div class = \"td-border\"><\/div>\r\n                    <\/div>\r\n                    <div class = \"td-button td-item3\">\r\n                        <div class = \"td-border\"><\/div>\r\n                    <\/div>\r\n                    <div class = \"td-button td-item4\">\r\n                        <div class = \"td-border\"><\/div>\r\n                    <\/div>\r\n                    <div class = \"td-button td-item5\">\r\n                        <div class = \"td-border\"><\/div>\r\n                    <\/div>\r\n                    <div class = \"td-button td-item6\">\r\n                        <div class = \"td-border\"><\/div>\r\n                    <\/div>\r\n                            <\/div>\r\n                        <\/div>\r\n\r\n                    <\/div>\r\n\r\n                <\/div>\r\n                \n","protected":false},"excerpt":{"rendered":"<p>La actividad teatral en la ciudad de La Paz es siempre permanente en sus diferentes estilos, est\u00e9ticas, formas y, sin duda, en sus diversos g\u00e9neros, ofreciendo propuestas para todo tipo de p\u00fablico. Es la particularidad del teatro nacional, aquel que desde la perspectiva de su g\u00e9nero social ha mostrado un constante vigor que lo revitaliza [&hellip;]<\/p>\n","protected":false},"author":1,"featured_media":211596,"comment_status":"open","ping_status":"open","sticky":false,"template":"","format":"standard","meta":{"_acf_changed":false,"footnotes":""},"categories":[41],"tags":[],"class_list":["post-211595","post","type-post","status-publish","format-standard","has-post-thumbnail","category-la-guia"],"acf":{"antetitulo":""},"yoast_head":"<!-- This site is optimized with the Yoast SEO plugin v28.4 - https:\/\/yoast.com\/product\/yoast-seo-wordpress\/ -->\n<title>Se viene la segunda parte de la obra Me averg\u00fcenzan tus polleras - El Diario - Bolivia<\/title>\n<meta name=\"robots\" content=\"index, follow, max-snippet:-1, max-image-preview:large, max-video-preview:-1\" \/>\n<link rel=\"canonical\" href=\"https:\/\/www.eldiario.net\/portal\/2024\/04\/01\/se-viene-la-segunda-parte-de-la-obra-me-averguenzan-tus-polleras\/\" \/>\n<meta property=\"og:locale\" content=\"es_ES\" \/>\n<meta property=\"og:type\" content=\"article\" \/>\n<meta property=\"og:title\" content=\"Se viene la segunda parte de la obra Me averg\u00fcenzan tus polleras - El Diario - Bolivia\" \/>\n<meta property=\"og:description\" content=\"La actividad teatral en la ciudad de La Paz es siempre permanente en sus diferentes estilos, est\u00e9ticas, formas y, sin duda, en sus diversos g\u00e9neros, ofreciendo propuestas para todo tipo de p\u00fablico. Es la particularidad del teatro nacional, aquel que desde la perspectiva de su g\u00e9nero social ha mostrado un constante vigor que lo revitaliza [&hellip;]\" \/>\n<meta property=\"og:url\" content=\"https:\/\/www.eldiario.net\/portal\/2024\/04\/01\/se-viene-la-segunda-parte-de-la-obra-me-averguenzan-tus-polleras\/\" \/>\n<meta property=\"og:site_name\" content=\"El Diario - Bolivia\" \/>\n<meta property=\"article:publisher\" content=\"https:\/\/www.facebook.com\/eldiario.bolivia\/\" \/>\n<meta property=\"article:published_time\" content=\"2024-04-01T11:37:09+00:00\" \/>\n<meta property=\"og:image\" content=\"https:\/\/www.eldiario.net\/portal\/wp-content\/uploads\/2024\/04\/1PRINCIPAL-scaled.jpg\" \/>\n\t<meta property=\"og:image:width\" content=\"2560\" \/>\n\t<meta property=\"og:image:height\" content=\"1280\" \/>\n\t<meta property=\"og:image:type\" content=\"image\/jpeg\" \/>\n<meta name=\"author\" content=\"Jeanette\" \/>\n<meta name=\"twitter:card\" content=\"summary_large_image\" \/>\n<meta name=\"twitter:creator\" content=\"@eldiario_net\" \/>\n<meta name=\"twitter:site\" content=\"@eldiario_net\" \/>\n<meta name=\"twitter:label1\" content=\"Escrito por\" \/>\n\t<meta name=\"twitter:data1\" content=\"Jeanette\" \/>\n\t<meta name=\"twitter:label2\" content=\"Tiempo de lectura\" \/>\n\t<meta name=\"twitter:data2\" content=\"5 minutos\" \/>\n<script type=\"application\/ld+json\" class=\"yoast-schema-graph\">{\"@context\":\"https:\\\/\\\/schema.org\",\"@graph\":[{\"@type\":\"Article\",\"@id\":\"https:\\\/\\\/www.eldiario.net\\\/portal\\\/2024\\\/04\\\/01\\\/se-viene-la-segunda-parte-de-la-obra-me-averguenzan-tus-polleras\\\/#article\",\"isPartOf\":{\"@id\":\"https:\\\/\\\/www.eldiario.net\\\/portal\\\/2024\\\/04\\\/01\\\/se-viene-la-segunda-parte-de-la-obra-me-averguenzan-tus-polleras\\\/\"},\"author\":{\"name\":\"Jeanette\",\"@id\":\"https:\\\/\\\/www.eldiario.net\\\/portal\\\/#\\\/schema\\\/person\\\/f46445640444750d7d753ccd04ae01b7\"},\"headline\":\"Se viene la segunda parte de la obra Me averg\u00fcenzan tus polleras\",\"datePublished\":\"2024-04-01T11:37:09+00:00\",\"mainEntityOfPage\":{\"@id\":\"https:\\\/\\\/www.eldiario.net\\\/portal\\\/2024\\\/04\\\/01\\\/se-viene-la-segunda-parte-de-la-obra-me-averguenzan-tus-polleras\\\/\"},\"wordCount\":909,\"commentCount\":0,\"publisher\":{\"@id\":\"https:\\\/\\\/www.eldiario.net\\\/portal\\\/#organization\"},\"image\":{\"@id\":\"https:\\\/\\\/www.eldiario.net\\\/portal\\\/2024\\\/04\\\/01\\\/se-viene-la-segunda-parte-de-la-obra-me-averguenzan-tus-polleras\\\/#primaryimage\"},\"thumbnailUrl\":\"https:\\\/\\\/www.eldiario.net\\\/portal\\\/wp-content\\\/uploads\\\/2024\\\/04\\\/1PRINCIPAL-scaled.jpg\",\"articleSection\":[\"La Gu\u00eda\"],\"inLanguage\":\"es\",\"potentialAction\":[{\"@type\":\"CommentAction\",\"name\":\"Comment\",\"target\":[\"https:\\\/\\\/www.eldiario.net\\\/portal\\\/2024\\\/04\\\/01\\\/se-viene-la-segunda-parte-de-la-obra-me-averguenzan-tus-polleras\\\/#respond\"]}]},{\"@type\":\"WebPage\",\"@id\":\"https:\\\/\\\/www.eldiario.net\\\/portal\\\/2024\\\/04\\\/01\\\/se-viene-la-segunda-parte-de-la-obra-me-averguenzan-tus-polleras\\\/\",\"url\":\"https:\\\/\\\/www.eldiario.net\\\/portal\\\/2024\\\/04\\\/01\\\/se-viene-la-segunda-parte-de-la-obra-me-averguenzan-tus-polleras\\\/\",\"name\":\"Se viene la segunda parte de la obra Me averg\u00fcenzan tus polleras - El Diario - Bolivia\",\"isPartOf\":{\"@id\":\"https:\\\/\\\/www.eldiario.net\\\/portal\\\/#website\"},\"primaryImageOfPage\":{\"@id\":\"https:\\\/\\\/www.eldiario.net\\\/portal\\\/2024\\\/04\\\/01\\\/se-viene-la-segunda-parte-de-la-obra-me-averguenzan-tus-polleras\\\/#primaryimage\"},\"image\":{\"@id\":\"https:\\\/\\\/www.eldiario.net\\\/portal\\\/2024\\\/04\\\/01\\\/se-viene-la-segunda-parte-de-la-obra-me-averguenzan-tus-polleras\\\/#primaryimage\"},\"thumbnailUrl\":\"https:\\\/\\\/www.eldiario.net\\\/portal\\\/wp-content\\\/uploads\\\/2024\\\/04\\\/1PRINCIPAL-scaled.jpg\",\"datePublished\":\"2024-04-01T11:37:09+00:00\",\"breadcrumb\":{\"@id\":\"https:\\\/\\\/www.eldiario.net\\\/portal\\\/2024\\\/04\\\/01\\\/se-viene-la-segunda-parte-de-la-obra-me-averguenzan-tus-polleras\\\/#breadcrumb\"},\"inLanguage\":\"es\",\"potentialAction\":[{\"@type\":\"ReadAction\",\"target\":[\"https:\\\/\\\/www.eldiario.net\\\/portal\\\/2024\\\/04\\\/01\\\/se-viene-la-segunda-parte-de-la-obra-me-averguenzan-tus-polleras\\\/\"]}]},{\"@type\":\"ImageObject\",\"inLanguage\":\"es\",\"@id\":\"https:\\\/\\\/www.eldiario.net\\\/portal\\\/2024\\\/04\\\/01\\\/se-viene-la-segunda-parte-de-la-obra-me-averguenzan-tus-polleras\\\/#primaryimage\",\"url\":\"https:\\\/\\\/www.eldiario.net\\\/portal\\\/wp-content\\\/uploads\\\/2024\\\/04\\\/1PRINCIPAL-scaled.jpg\",\"contentUrl\":\"https:\\\/\\\/www.eldiario.net\\\/portal\\\/wp-content\\\/uploads\\\/2024\\\/04\\\/1PRINCIPAL-scaled.jpg\",\"width\":2560,\"height\":1280},{\"@type\":\"BreadcrumbList\",\"@id\":\"https:\\\/\\\/www.eldiario.net\\\/portal\\\/2024\\\/04\\\/01\\\/se-viene-la-segunda-parte-de-la-obra-me-averguenzan-tus-polleras\\\/#breadcrumb\",\"itemListElement\":[{\"@type\":\"ListItem\",\"position\":1,\"name\":\"Portada\",\"item\":\"https:\\\/\\\/www.eldiario.net\\\/portal\\\/\"},{\"@type\":\"ListItem\",\"position\":2,\"name\":\"Se viene la segunda parte de la obra Me averg\u00fcenzan tus polleras\"}]},{\"@type\":\"WebSite\",\"@id\":\"https:\\\/\\\/www.eldiario.net\\\/portal\\\/#website\",\"url\":\"https:\\\/\\\/www.eldiario.net\\\/portal\\\/\",\"name\":\"El Diario - Decano de la prensa nacional\",\"description\":\"El Diario - Decano de la prensa nacional\",\"publisher\":{\"@id\":\"https:\\\/\\\/www.eldiario.net\\\/portal\\\/#organization\"},\"potentialAction\":[{\"@type\":\"SearchAction\",\"target\":{\"@type\":\"EntryPoint\",\"urlTemplate\":\"https:\\\/\\\/www.eldiario.net\\\/portal\\\/?s={search_term_string}\"},\"query-input\":{\"@type\":\"PropertyValueSpecification\",\"valueRequired\":true,\"valueName\":\"search_term_string\"}}],\"inLanguage\":\"es\"},{\"@type\":\"Organization\",\"@id\":\"https:\\\/\\\/www.eldiario.net\\\/portal\\\/#organization\",\"name\":\"El Diario - Decano de la prensa nacional\",\"url\":\"https:\\\/\\\/www.eldiario.net\\\/portal\\\/\",\"logo\":{\"@type\":\"ImageObject\",\"inLanguage\":\"es\",\"@id\":\"https:\\\/\\\/www.eldiario.net\\\/portal\\\/#\\\/schema\\\/logo\\\/image\\\/\",\"url\":\"https:\\\/\\\/www.eldiario.net\\\/portal\\\/wp-content\\\/uploads\\\/2023\\\/07\\\/logo_ED.jpg\",\"contentUrl\":\"https:\\\/\\\/www.eldiario.net\\\/portal\\\/wp-content\\\/uploads\\\/2023\\\/07\\\/logo_ED.jpg\",\"width\":272,\"height\":52,\"caption\":\"El Diario - Decano de la prensa nacional\"},\"image\":{\"@id\":\"https:\\\/\\\/www.eldiario.net\\\/portal\\\/#\\\/schema\\\/logo\\\/image\\\/\"},\"sameAs\":[\"https:\\\/\\\/www.facebook.com\\\/eldiario.bolivia\\\/\",\"https:\\\/\\\/x.com\\\/eldiario_net\"]},{\"@type\":\"Person\",\"@id\":\"https:\\\/\\\/www.eldiario.net\\\/portal\\\/#\\\/schema\\\/person\\\/f46445640444750d7d753ccd04ae01b7\",\"name\":\"Jeanette\",\"image\":{\"@type\":\"ImageObject\",\"inLanguage\":\"es\",\"@id\":\"https:\\\/\\\/secure.gravatar.com\\\/avatar\\\/3ea2118a5f7dad2b7138b1187a6b7ee55f160b9968b66013c3a3ef39dd7e5798?s=96&d=mm&r=g\",\"url\":\"https:\\\/\\\/secure.gravatar.com\\\/avatar\\\/3ea2118a5f7dad2b7138b1187a6b7ee55f160b9968b66013c3a3ef39dd7e5798?s=96&d=mm&r=g\",\"contentUrl\":\"https:\\\/\\\/secure.gravatar.com\\\/avatar\\\/3ea2118a5f7dad2b7138b1187a6b7ee55f160b9968b66013c3a3ef39dd7e5798?s=96&d=mm&r=g\",\"caption\":\"Jeanette\"},\"sameAs\":[\"https:\\\/\\\/www.eldiario.net\\\/portal\"],\"url\":\"https:\\\/\\\/www.eldiario.net\\\/portal\\\/author\\\/jeanette\\\/\"}]}<\/script>\n<!-- \/ Yoast SEO plugin. -->","yoast_head_json":{"title":"Se viene la segunda parte de la obra Me averg\u00fcenzan tus polleras - El Diario - Bolivia","robots":{"index":"index","follow":"follow","max-snippet":"max-snippet:-1","max-image-preview":"max-image-preview:large","max-video-preview":"max-video-preview:-1"},"canonical":"https:\/\/www.eldiario.net\/portal\/2024\/04\/01\/se-viene-la-segunda-parte-de-la-obra-me-averguenzan-tus-polleras\/","og_locale":"es_ES","og_type":"article","og_title":"Se viene la segunda parte de la obra Me averg\u00fcenzan tus polleras - El Diario - Bolivia","og_description":"La actividad teatral en la ciudad de La Paz es siempre permanente en sus diferentes estilos, est\u00e9ticas, formas y, sin duda, en sus diversos g\u00e9neros, ofreciendo propuestas para todo tipo de p\u00fablico. Es la particularidad del teatro nacional, aquel que desde la perspectiva de su g\u00e9nero social ha mostrado un constante vigor que lo revitaliza [&hellip;]","og_url":"https:\/\/www.eldiario.net\/portal\/2024\/04\/01\/se-viene-la-segunda-parte-de-la-obra-me-averguenzan-tus-polleras\/","og_site_name":"El Diario - Bolivia","article_publisher":"https:\/\/www.facebook.com\/eldiario.bolivia\/","article_published_time":"2024-04-01T11:37:09+00:00","og_image":[{"width":2560,"height":1280,"url":"https:\/\/www.eldiario.net\/portal\/wp-content\/uploads\/2024\/04\/1PRINCIPAL-scaled.jpg","type":"image\/jpeg"}],"author":"Jeanette","twitter_card":"summary_large_image","twitter_creator":"@eldiario_net","twitter_site":"@eldiario_net","twitter_misc":{"Escrito por":"Jeanette","Tiempo de lectura":"5 minutos"},"schema":{"@context":"https:\/\/schema.org","@graph":[{"@type":"Article","@id":"https:\/\/www.eldiario.net\/portal\/2024\/04\/01\/se-viene-la-segunda-parte-de-la-obra-me-averguenzan-tus-polleras\/#article","isPartOf":{"@id":"https:\/\/www.eldiario.net\/portal\/2024\/04\/01\/se-viene-la-segunda-parte-de-la-obra-me-averguenzan-tus-polleras\/"},"author":{"name":"Jeanette","@id":"https:\/\/www.eldiario.net\/portal\/#\/schema\/person\/f46445640444750d7d753ccd04ae01b7"},"headline":"Se viene la segunda parte de la obra Me averg\u00fcenzan tus polleras","datePublished":"2024-04-01T11:37:09+00:00","mainEntityOfPage":{"@id":"https:\/\/www.eldiario.net\/portal\/2024\/04\/01\/se-viene-la-segunda-parte-de-la-obra-me-averguenzan-tus-polleras\/"},"wordCount":909,"commentCount":0,"publisher":{"@id":"https:\/\/www.eldiario.net\/portal\/#organization"},"image":{"@id":"https:\/\/www.eldiario.net\/portal\/2024\/04\/01\/se-viene-la-segunda-parte-de-la-obra-me-averguenzan-tus-polleras\/#primaryimage"},"thumbnailUrl":"https:\/\/www.eldiario.net\/portal\/wp-content\/uploads\/2024\/04\/1PRINCIPAL-scaled.jpg","articleSection":["La Gu\u00eda"],"inLanguage":"es","potentialAction":[{"@type":"CommentAction","name":"Comment","target":["https:\/\/www.eldiario.net\/portal\/2024\/04\/01\/se-viene-la-segunda-parte-de-la-obra-me-averguenzan-tus-polleras\/#respond"]}]},{"@type":"WebPage","@id":"https:\/\/www.eldiario.net\/portal\/2024\/04\/01\/se-viene-la-segunda-parte-de-la-obra-me-averguenzan-tus-polleras\/","url":"https:\/\/www.eldiario.net\/portal\/2024\/04\/01\/se-viene-la-segunda-parte-de-la-obra-me-averguenzan-tus-polleras\/","name":"Se viene la segunda parte de la obra Me averg\u00fcenzan tus polleras - El Diario - Bolivia","isPartOf":{"@id":"https:\/\/www.eldiario.net\/portal\/#website"},"primaryImageOfPage":{"@id":"https:\/\/www.eldiario.net\/portal\/2024\/04\/01\/se-viene-la-segunda-parte-de-la-obra-me-averguenzan-tus-polleras\/#primaryimage"},"image":{"@id":"https:\/\/www.eldiario.net\/portal\/2024\/04\/01\/se-viene-la-segunda-parte-de-la-obra-me-averguenzan-tus-polleras\/#primaryimage"},"thumbnailUrl":"https:\/\/www.eldiario.net\/portal\/wp-content\/uploads\/2024\/04\/1PRINCIPAL-scaled.jpg","datePublished":"2024-04-01T11:37:09+00:00","breadcrumb":{"@id":"https:\/\/www.eldiario.net\/portal\/2024\/04\/01\/se-viene-la-segunda-parte-de-la-obra-me-averguenzan-tus-polleras\/#breadcrumb"},"inLanguage":"es","potentialAction":[{"@type":"ReadAction","target":["https:\/\/www.eldiario.net\/portal\/2024\/04\/01\/se-viene-la-segunda-parte-de-la-obra-me-averguenzan-tus-polleras\/"]}]},{"@type":"ImageObject","inLanguage":"es","@id":"https:\/\/www.eldiario.net\/portal\/2024\/04\/01\/se-viene-la-segunda-parte-de-la-obra-me-averguenzan-tus-polleras\/#primaryimage","url":"https:\/\/www.eldiario.net\/portal\/wp-content\/uploads\/2024\/04\/1PRINCIPAL-scaled.jpg","contentUrl":"https:\/\/www.eldiario.net\/portal\/wp-content\/uploads\/2024\/04\/1PRINCIPAL-scaled.jpg","width":2560,"height":1280},{"@type":"BreadcrumbList","@id":"https:\/\/www.eldiario.net\/portal\/2024\/04\/01\/se-viene-la-segunda-parte-de-la-obra-me-averguenzan-tus-polleras\/#breadcrumb","itemListElement":[{"@type":"ListItem","position":1,"name":"Portada","item":"https:\/\/www.eldiario.net\/portal\/"},{"@type":"ListItem","position":2,"name":"Se viene la segunda parte de la obra Me averg\u00fcenzan tus polleras"}]},{"@type":"WebSite","@id":"https:\/\/www.eldiario.net\/portal\/#website","url":"https:\/\/www.eldiario.net\/portal\/","name":"El Diario - Decano de la prensa nacional","description":"El Diario - Decano de la prensa nacional","publisher":{"@id":"https:\/\/www.eldiario.net\/portal\/#organization"},"potentialAction":[{"@type":"SearchAction","target":{"@type":"EntryPoint","urlTemplate":"https:\/\/www.eldiario.net\/portal\/?s={search_term_string}"},"query-input":{"@type":"PropertyValueSpecification","valueRequired":true,"valueName":"search_term_string"}}],"inLanguage":"es"},{"@type":"Organization","@id":"https:\/\/www.eldiario.net\/portal\/#organization","name":"El Diario - Decano de la prensa nacional","url":"https:\/\/www.eldiario.net\/portal\/","logo":{"@type":"ImageObject","inLanguage":"es","@id":"https:\/\/www.eldiario.net\/portal\/#\/schema\/logo\/image\/","url":"https:\/\/www.eldiario.net\/portal\/wp-content\/uploads\/2023\/07\/logo_ED.jpg","contentUrl":"https:\/\/www.eldiario.net\/portal\/wp-content\/uploads\/2023\/07\/logo_ED.jpg","width":272,"height":52,"caption":"El Diario - Decano de la prensa nacional"},"image":{"@id":"https:\/\/www.eldiario.net\/portal\/#\/schema\/logo\/image\/"},"sameAs":["https:\/\/www.facebook.com\/eldiario.bolivia\/","https:\/\/x.com\/eldiario_net"]},{"@type":"Person","@id":"https:\/\/www.eldiario.net\/portal\/#\/schema\/person\/f46445640444750d7d753ccd04ae01b7","name":"Jeanette","image":{"@type":"ImageObject","inLanguage":"es","@id":"https:\/\/secure.gravatar.com\/avatar\/3ea2118a5f7dad2b7138b1187a6b7ee55f160b9968b66013c3a3ef39dd7e5798?s=96&d=mm&r=g","url":"https:\/\/secure.gravatar.com\/avatar\/3ea2118a5f7dad2b7138b1187a6b7ee55f160b9968b66013c3a3ef39dd7e5798?s=96&d=mm&r=g","contentUrl":"https:\/\/secure.gravatar.com\/avatar\/3ea2118a5f7dad2b7138b1187a6b7ee55f160b9968b66013c3a3ef39dd7e5798?s=96&d=mm&r=g","caption":"Jeanette"},"sameAs":["https:\/\/www.eldiario.net\/portal"],"url":"https:\/\/www.eldiario.net\/portal\/author\/jeanette\/"}]}},"_links":{"self":[{"href":"https:\/\/www.eldiario.net\/portal\/wp-json\/wp\/v2\/posts\/211595","targetHints":{"allow":["GET"]}}],"collection":[{"href":"https:\/\/www.eldiario.net\/portal\/wp-json\/wp\/v2\/posts"}],"about":[{"href":"https:\/\/www.eldiario.net\/portal\/wp-json\/wp\/v2\/types\/post"}],"author":[{"embeddable":true,"href":"https:\/\/www.eldiario.net\/portal\/wp-json\/wp\/v2\/users\/1"}],"replies":[{"embeddable":true,"href":"https:\/\/www.eldiario.net\/portal\/wp-json\/wp\/v2\/comments?post=211595"}],"version-history":[{"count":1,"href":"https:\/\/www.eldiario.net\/portal\/wp-json\/wp\/v2\/posts\/211595\/revisions"}],"predecessor-version":[{"id":211602,"href":"https:\/\/www.eldiario.net\/portal\/wp-json\/wp\/v2\/posts\/211595\/revisions\/211602"}],"wp:featuredmedia":[{"embeddable":true,"href":"https:\/\/www.eldiario.net\/portal\/wp-json\/wp\/v2\/media\/211596"}],"wp:attachment":[{"href":"https:\/\/www.eldiario.net\/portal\/wp-json\/wp\/v2\/media?parent=211595"}],"wp:term":[{"taxonomy":"category","embeddable":true,"href":"https:\/\/www.eldiario.net\/portal\/wp-json\/wp\/v2\/categories?post=211595"},{"taxonomy":"post_tag","embeddable":true,"href":"https:\/\/www.eldiario.net\/portal\/wp-json\/wp\/v2\/tags?post=211595"}],"curies":[{"name":"wp","href":"https:\/\/api.w.org\/{rel}","templated":true}]}}