{"id":211356,"date":"2024-03-31T06:03:18","date_gmt":"2024-03-31T10:03:18","guid":{"rendered":"https:\/\/www.eldiario.net\/portal\/?p=211356"},"modified":"2024-03-31T06:03:18","modified_gmt":"2024-03-31T10:03:18","slug":"denuncian-intento-de-designacion-ilegal-de-autoridades-en-instituto","status":"publish","type":"post","link":"https:\/\/www.eldiario.net\/portal\/2024\/03\/31\/denuncian-intento-de-designacion-ilegal-de-autoridades-en-instituto\/","title":{"rendered":"Denuncian intento de designaci\u00f3n  ilegal de autoridades en instituto"},"content":{"rendered":"<p>El Instituto de Educaci\u00f3n Integral y Formaci\u00f3n Art\u00edstica \u201cEduardo Laredo\u201d (Ieifael) denunci\u00f3 que se intenta designar a autoridades sin conocimientos administrativos ni acad\u00e9micos dentro de la academia; por lo que present\u00f3 un recurso revocatorio ante la medida que calificaron como anticonstitucional.<br \/>\nSeg\u00fan un comunicado, la pretensi\u00f3n de la designaci\u00f3n de las autoridades sin conocimientos del funcionamiento institucional es una infracci\u00f3n flagrante a \u201clos art\u00edculos 80, 81, par\u00e1grafo III\u201d, que establecen que la educaci\u00f3n est\u00e1 orientada a la formaci\u00f3n de las personas en aspectos de enriquecimiento del pa\u00eds, y tambi\u00e9n del art\u00edculo 99, que se\u00f1ala el patrimonio del pa\u00eds es inalienable, inembargable e imprescriptible.<br \/>\n\u201c(\u2026) y vulneran los derechos de nuestros estudiantes, amenazan con destruir el sistema integral de educaci\u00f3n de esta instituci\u00f3n patrimonial, pretendiendo dividirla en una Unidad Educativa com\u00fan, y en un instituto de formaci\u00f3n art\u00edstica superior posbachillerato\u201d, se lee parte del comunicado.<br \/>\nPor tales vulneraciones, el Ieifael present\u00f3 un recurso revocatorio con el cual pidieron que se deje sin efecto al proceso de institucionalizaci\u00f3n 001 y 002\/2024 que es ajena, seg\u00fan autoridades y padres de familia de la academia, a la instituci\u00f3n Laredo.<br \/>\n\u201c(\u2026) deben dejarse sin efecto por las consecuencias que conllevan contra esta instituci\u00f3n patrimonial por las designaciones de autoridades pol\u00edticas con las que se pretende intervenir este modelo educacional que Cochabamba ofrece al mundo\u201d, se\u00f1ala parte del comunicado.<br \/>\nLa instituci\u00f3n lleva en funcionamiento desde 1961 y sus autoridades, mediante el comunicado, se\u00f1alan que es un \u201cPatrimonio Cultural e Inmaterial de Bolivia, adem\u00e1s de ser un Patrimonio Cultural y Educativo del departamento de Cochabamba\u201d, por lo que la designaci\u00f3n es una vulneraci\u00f3n a los art\u00edculos mencionados de la CPE.<br \/>\n\u201cEste es un baluarte de la educaci\u00f3n y la cultura que Cochabamba ha dado a Bolivia y solicitamos a nuestra poblaci\u00f3n su apoyo\u201d, finaliza el comunicado. (Cochabamba, Br\u00fajula Digital)<\/p>\n","protected":false},"excerpt":{"rendered":"<p>El Instituto de Educaci\u00f3n Integral y Formaci\u00f3n Art\u00edstica \u201cEduardo Laredo\u201d (Ieifael) denunci\u00f3 que se intenta designar a autoridades sin conocimientos administrativos ni acad\u00e9micos dentro de la academia; por lo que present\u00f3 un recurso revocatorio ante la medida que calificaron como anticonstitucional. Seg\u00fan un comunicado, la pretensi\u00f3n de la designaci\u00f3n de las autoridades sin conocimientos del [&hellip;]<\/p>\n","protected":false},"author":1,"featured_media":211357,"comment_status":"open","ping_status":"open","sticky":false,"template":"","format":"standard","meta":{"_acf_changed":false,"footnotes":""},"categories":[12],"tags":[],"class_list":["post-211356","post","type-post","status-publish","format-standard","has-post-thumbnail","category-nacional"],"acf":{"antetitulo":"Cochabamba"},"yoast_head":"<!-- This site is optimized with the Yoast SEO plugin v28.3 - https:\/\/yoast.com\/product\/yoast-seo-wordpress\/ -->\n<title>Denuncian intento de designaci\u00f3n ilegal de autoridades en instituto - El Diario - Bolivia<\/title>\n<meta name=\"robots\" content=\"index, follow, max-snippet:-1, max-image-preview:large, max-video-preview:-1\" \/>\n<link rel=\"canonical\" href=\"https:\/\/www.eldiario.net\/portal\/2024\/03\/31\/denuncian-intento-de-designacion-ilegal-de-autoridades-en-instituto\/\" \/>\n<meta property=\"og:locale\" content=\"es_ES\" \/>\n<meta property=\"og:type\" content=\"article\" \/>\n<meta property=\"og:title\" content=\"Denuncian intento de designaci\u00f3n ilegal de autoridades en instituto - El Diario - Bolivia\" \/>\n<meta property=\"og:description\" content=\"El Instituto de Educaci\u00f3n Integral y Formaci\u00f3n Art\u00edstica \u201cEduardo Laredo\u201d (Ieifael) denunci\u00f3 que se intenta designar a autoridades sin conocimientos administrativos ni acad\u00e9micos dentro de la academia; por lo que present\u00f3 un recurso revocatorio ante la medida que calificaron como anticonstitucional. Seg\u00fan un comunicado, la pretensi\u00f3n de la designaci\u00f3n de las autoridades sin conocimientos del [&hellip;]\" \/>\n<meta property=\"og:url\" content=\"https:\/\/www.eldiario.net\/portal\/2024\/03\/31\/denuncian-intento-de-designacion-ilegal-de-autoridades-en-instituto\/\" \/>\n<meta property=\"og:site_name\" content=\"El Diario - Bolivia\" \/>\n<meta property=\"article:publisher\" content=\"https:\/\/www.facebook.com\/eldiario.bolivia\/\" \/>\n<meta property=\"article:published_time\" content=\"2024-03-31T10:03:18+00:00\" \/>\n<meta property=\"og:image\" content=\"https:\/\/www.eldiario.net\/portal\/wp-content\/uploads\/2024\/03\/12-NALCOLOR.jpg\" \/>\n\t<meta property=\"og:image:width\" content=\"720\" \/>\n\t<meta property=\"og:image:height\" content=\"399\" \/>\n\t<meta property=\"og:image:type\" content=\"image\/jpeg\" \/>\n<meta name=\"author\" content=\"Jeanette\" \/>\n<meta name=\"twitter:card\" content=\"summary_large_image\" \/>\n<meta name=\"twitter:creator\" content=\"@eldiario_net\" \/>\n<meta name=\"twitter:site\" content=\"@eldiario_net\" \/>\n<meta name=\"twitter:label1\" content=\"Escrito por\" \/>\n\t<meta name=\"twitter:data1\" content=\"Jeanette\" \/>\n\t<meta name=\"twitter:label2\" content=\"Tiempo de lectura\" \/>\n\t<meta name=\"twitter:data2\" content=\"2 minutos\" \/>\n<script type=\"application\/ld+json\" class=\"yoast-schema-graph\">{\"@context\":\"https:\\\/\\\/schema.org\",\"@graph\":[{\"@type\":\"Article\",\"@id\":\"https:\\\/\\\/www.eldiario.net\\\/portal\\\/2024\\\/03\\\/31\\\/denuncian-intento-de-designacion-ilegal-de-autoridades-en-instituto\\\/#article\",\"isPartOf\":{\"@id\":\"https:\\\/\\\/www.eldiario.net\\\/portal\\\/2024\\\/03\\\/31\\\/denuncian-intento-de-designacion-ilegal-de-autoridades-en-instituto\\\/\"},\"author\":{\"name\":\"Jeanette\",\"@id\":\"https:\\\/\\\/www.eldiario.net\\\/portal\\\/#\\\/schema\\\/person\\\/f46445640444750d7d753ccd04ae01b7\"},\"headline\":\"Denuncian intento de designaci\u00f3n ilegal de autoridades en instituto\",\"datePublished\":\"2024-03-31T10:03:18+00:00\",\"mainEntityOfPage\":{\"@id\":\"https:\\\/\\\/www.eldiario.net\\\/portal\\\/2024\\\/03\\\/31\\\/denuncian-intento-de-designacion-ilegal-de-autoridades-en-instituto\\\/\"},\"wordCount\":341,\"commentCount\":0,\"publisher\":{\"@id\":\"https:\\\/\\\/www.eldiario.net\\\/portal\\\/#organization\"},\"image\":{\"@id\":\"https:\\\/\\\/www.eldiario.net\\\/portal\\\/2024\\\/03\\\/31\\\/denuncian-intento-de-designacion-ilegal-de-autoridades-en-instituto\\\/#primaryimage\"},\"thumbnailUrl\":\"https:\\\/\\\/www.eldiario.net\\\/portal\\\/wp-content\\\/uploads\\\/2024\\\/03\\\/12-NALCOLOR.jpg\",\"articleSection\":[\"Nacional\"],\"inLanguage\":\"es\",\"potentialAction\":[{\"@type\":\"CommentAction\",\"name\":\"Comment\",\"target\":[\"https:\\\/\\\/www.eldiario.net\\\/portal\\\/2024\\\/03\\\/31\\\/denuncian-intento-de-designacion-ilegal-de-autoridades-en-instituto\\\/#respond\"]}]},{\"@type\":\"WebPage\",\"@id\":\"https:\\\/\\\/www.eldiario.net\\\/portal\\\/2024\\\/03\\\/31\\\/denuncian-intento-de-designacion-ilegal-de-autoridades-en-instituto\\\/\",\"url\":\"https:\\\/\\\/www.eldiario.net\\\/portal\\\/2024\\\/03\\\/31\\\/denuncian-intento-de-designacion-ilegal-de-autoridades-en-instituto\\\/\",\"name\":\"Denuncian intento de designaci\u00f3n ilegal de autoridades en instituto - El Diario - Bolivia\",\"isPartOf\":{\"@id\":\"https:\\\/\\\/www.eldiario.net\\\/portal\\\/#website\"},\"primaryImageOfPage\":{\"@id\":\"https:\\\/\\\/www.eldiario.net\\\/portal\\\/2024\\\/03\\\/31\\\/denuncian-intento-de-designacion-ilegal-de-autoridades-en-instituto\\\/#primaryimage\"},\"image\":{\"@id\":\"https:\\\/\\\/www.eldiario.net\\\/portal\\\/2024\\\/03\\\/31\\\/denuncian-intento-de-designacion-ilegal-de-autoridades-en-instituto\\\/#primaryimage\"},\"thumbnailUrl\":\"https:\\\/\\\/www.eldiario.net\\\/portal\\\/wp-content\\\/uploads\\\/2024\\\/03\\\/12-NALCOLOR.jpg\",\"datePublished\":\"2024-03-31T10:03:18+00:00\",\"breadcrumb\":{\"@id\":\"https:\\\/\\\/www.eldiario.net\\\/portal\\\/2024\\\/03\\\/31\\\/denuncian-intento-de-designacion-ilegal-de-autoridades-en-instituto\\\/#breadcrumb\"},\"inLanguage\":\"es\",\"potentialAction\":[{\"@type\":\"ReadAction\",\"target\":[\"https:\\\/\\\/www.eldiario.net\\\/portal\\\/2024\\\/03\\\/31\\\/denuncian-intento-de-designacion-ilegal-de-autoridades-en-instituto\\\/\"]}]},{\"@type\":\"ImageObject\",\"inLanguage\":\"es\",\"@id\":\"https:\\\/\\\/www.eldiario.net\\\/portal\\\/2024\\\/03\\\/31\\\/denuncian-intento-de-designacion-ilegal-de-autoridades-en-instituto\\\/#primaryimage\",\"url\":\"https:\\\/\\\/www.eldiario.net\\\/portal\\\/wp-content\\\/uploads\\\/2024\\\/03\\\/12-NALCOLOR.jpg\",\"contentUrl\":\"https:\\\/\\\/www.eldiario.net\\\/portal\\\/wp-content\\\/uploads\\\/2024\\\/03\\\/12-NALCOLOR.jpg\",\"width\":720,\"height\":399,\"caption\":\"Frontis del Instituto Eduardo Laredo.\"},{\"@type\":\"BreadcrumbList\",\"@id\":\"https:\\\/\\\/www.eldiario.net\\\/portal\\\/2024\\\/03\\\/31\\\/denuncian-intento-de-designacion-ilegal-de-autoridades-en-instituto\\\/#breadcrumb\",\"itemListElement\":[{\"@type\":\"ListItem\",\"position\":1,\"name\":\"Portada\",\"item\":\"https:\\\/\\\/www.eldiario.net\\\/portal\\\/\"},{\"@type\":\"ListItem\",\"position\":2,\"name\":\"Denuncian intento de designaci\u00f3n ilegal de autoridades en instituto\"}]},{\"@type\":\"WebSite\",\"@id\":\"https:\\\/\\\/www.eldiario.net\\\/portal\\\/#website\",\"url\":\"https:\\\/\\\/www.eldiario.net\\\/portal\\\/\",\"name\":\"El Diario - Decano de la prensa nacional\",\"description\":\"El Diario - Decano de la prensa nacional\",\"publisher\":{\"@id\":\"https:\\\/\\\/www.eldiario.net\\\/portal\\\/#organization\"},\"potentialAction\":[{\"@type\":\"SearchAction\",\"target\":{\"@type\":\"EntryPoint\",\"urlTemplate\":\"https:\\\/\\\/www.eldiario.net\\\/portal\\\/?s={search_term_string}\"},\"query-input\":{\"@type\":\"PropertyValueSpecification\",\"valueRequired\":true,\"valueName\":\"search_term_string\"}}],\"inLanguage\":\"es\"},{\"@type\":\"Organization\",\"@id\":\"https:\\\/\\\/www.eldiario.net\\\/portal\\\/#organization\",\"name\":\"El Diario - Decano de la prensa nacional\",\"url\":\"https:\\\/\\\/www.eldiario.net\\\/portal\\\/\",\"logo\":{\"@type\":\"ImageObject\",\"inLanguage\":\"es\",\"@id\":\"https:\\\/\\\/www.eldiario.net\\\/portal\\\/#\\\/schema\\\/logo\\\/image\\\/\",\"url\":\"https:\\\/\\\/www.eldiario.net\\\/portal\\\/wp-content\\\/uploads\\\/2023\\\/07\\\/logo_ED.jpg\",\"contentUrl\":\"https:\\\/\\\/www.eldiario.net\\\/portal\\\/wp-content\\\/uploads\\\/2023\\\/07\\\/logo_ED.jpg\",\"width\":272,\"height\":52,\"caption\":\"El Diario - Decano de la prensa nacional\"},\"image\":{\"@id\":\"https:\\\/\\\/www.eldiario.net\\\/portal\\\/#\\\/schema\\\/logo\\\/image\\\/\"},\"sameAs\":[\"https:\\\/\\\/www.facebook.com\\\/eldiario.bolivia\\\/\",\"https:\\\/\\\/x.com\\\/eldiario_net\"]},{\"@type\":\"Person\",\"@id\":\"https:\\\/\\\/www.eldiario.net\\\/portal\\\/#\\\/schema\\\/person\\\/f46445640444750d7d753ccd04ae01b7\",\"name\":\"Jeanette\",\"image\":{\"@type\":\"ImageObject\",\"inLanguage\":\"es\",\"@id\":\"https:\\\/\\\/secure.gravatar.com\\\/avatar\\\/3ea2118a5f7dad2b7138b1187a6b7ee55f160b9968b66013c3a3ef39dd7e5798?s=96&d=mm&r=g\",\"url\":\"https:\\\/\\\/secure.gravatar.com\\\/avatar\\\/3ea2118a5f7dad2b7138b1187a6b7ee55f160b9968b66013c3a3ef39dd7e5798?s=96&d=mm&r=g\",\"contentUrl\":\"https:\\\/\\\/secure.gravatar.com\\\/avatar\\\/3ea2118a5f7dad2b7138b1187a6b7ee55f160b9968b66013c3a3ef39dd7e5798?s=96&d=mm&r=g\",\"caption\":\"Jeanette\"},\"sameAs\":[\"https:\\\/\\\/www.eldiario.net\\\/portal\"],\"url\":\"https:\\\/\\\/www.eldiario.net\\\/portal\\\/author\\\/jeanette\\\/\"}]}<\/script>\n<!-- \/ Yoast SEO plugin. -->","yoast_head_json":{"title":"Denuncian intento de designaci\u00f3n ilegal de autoridades en instituto - El Diario - Bolivia","robots":{"index":"index","follow":"follow","max-snippet":"max-snippet:-1","max-image-preview":"max-image-preview:large","max-video-preview":"max-video-preview:-1"},"canonical":"https:\/\/www.eldiario.net\/portal\/2024\/03\/31\/denuncian-intento-de-designacion-ilegal-de-autoridades-en-instituto\/","og_locale":"es_ES","og_type":"article","og_title":"Denuncian intento de designaci\u00f3n ilegal de autoridades en instituto - El Diario - Bolivia","og_description":"El Instituto de Educaci\u00f3n Integral y Formaci\u00f3n Art\u00edstica \u201cEduardo Laredo\u201d (Ieifael) denunci\u00f3 que se intenta designar a autoridades sin conocimientos administrativos ni acad\u00e9micos dentro de la academia; por lo que present\u00f3 un recurso revocatorio ante la medida que calificaron como anticonstitucional. Seg\u00fan un comunicado, la pretensi\u00f3n de la designaci\u00f3n de las autoridades sin conocimientos del [&hellip;]","og_url":"https:\/\/www.eldiario.net\/portal\/2024\/03\/31\/denuncian-intento-de-designacion-ilegal-de-autoridades-en-instituto\/","og_site_name":"El Diario - Bolivia","article_publisher":"https:\/\/www.facebook.com\/eldiario.bolivia\/","article_published_time":"2024-03-31T10:03:18+00:00","og_image":[{"width":720,"height":399,"url":"https:\/\/www.eldiario.net\/portal\/wp-content\/uploads\/2024\/03\/12-NALCOLOR.jpg","type":"image\/jpeg"}],"author":"Jeanette","twitter_card":"summary_large_image","twitter_creator":"@eldiario_net","twitter_site":"@eldiario_net","twitter_misc":{"Escrito por":"Jeanette","Tiempo de lectura":"2 minutos"},"schema":{"@context":"https:\/\/schema.org","@graph":[{"@type":"Article","@id":"https:\/\/www.eldiario.net\/portal\/2024\/03\/31\/denuncian-intento-de-designacion-ilegal-de-autoridades-en-instituto\/#article","isPartOf":{"@id":"https:\/\/www.eldiario.net\/portal\/2024\/03\/31\/denuncian-intento-de-designacion-ilegal-de-autoridades-en-instituto\/"},"author":{"name":"Jeanette","@id":"https:\/\/www.eldiario.net\/portal\/#\/schema\/person\/f46445640444750d7d753ccd04ae01b7"},"headline":"Denuncian intento de designaci\u00f3n ilegal de autoridades en instituto","datePublished":"2024-03-31T10:03:18+00:00","mainEntityOfPage":{"@id":"https:\/\/www.eldiario.net\/portal\/2024\/03\/31\/denuncian-intento-de-designacion-ilegal-de-autoridades-en-instituto\/"},"wordCount":341,"commentCount":0,"publisher":{"@id":"https:\/\/www.eldiario.net\/portal\/#organization"},"image":{"@id":"https:\/\/www.eldiario.net\/portal\/2024\/03\/31\/denuncian-intento-de-designacion-ilegal-de-autoridades-en-instituto\/#primaryimage"},"thumbnailUrl":"https:\/\/www.eldiario.net\/portal\/wp-content\/uploads\/2024\/03\/12-NALCOLOR.jpg","articleSection":["Nacional"],"inLanguage":"es","potentialAction":[{"@type":"CommentAction","name":"Comment","target":["https:\/\/www.eldiario.net\/portal\/2024\/03\/31\/denuncian-intento-de-designacion-ilegal-de-autoridades-en-instituto\/#respond"]}]},{"@type":"WebPage","@id":"https:\/\/www.eldiario.net\/portal\/2024\/03\/31\/denuncian-intento-de-designacion-ilegal-de-autoridades-en-instituto\/","url":"https:\/\/www.eldiario.net\/portal\/2024\/03\/31\/denuncian-intento-de-designacion-ilegal-de-autoridades-en-instituto\/","name":"Denuncian intento de designaci\u00f3n ilegal de autoridades en instituto - El Diario - Bolivia","isPartOf":{"@id":"https:\/\/www.eldiario.net\/portal\/#website"},"primaryImageOfPage":{"@id":"https:\/\/www.eldiario.net\/portal\/2024\/03\/31\/denuncian-intento-de-designacion-ilegal-de-autoridades-en-instituto\/#primaryimage"},"image":{"@id":"https:\/\/www.eldiario.net\/portal\/2024\/03\/31\/denuncian-intento-de-designacion-ilegal-de-autoridades-en-instituto\/#primaryimage"},"thumbnailUrl":"https:\/\/www.eldiario.net\/portal\/wp-content\/uploads\/2024\/03\/12-NALCOLOR.jpg","datePublished":"2024-03-31T10:03:18+00:00","breadcrumb":{"@id":"https:\/\/www.eldiario.net\/portal\/2024\/03\/31\/denuncian-intento-de-designacion-ilegal-de-autoridades-en-instituto\/#breadcrumb"},"inLanguage":"es","potentialAction":[{"@type":"ReadAction","target":["https:\/\/www.eldiario.net\/portal\/2024\/03\/31\/denuncian-intento-de-designacion-ilegal-de-autoridades-en-instituto\/"]}]},{"@type":"ImageObject","inLanguage":"es","@id":"https:\/\/www.eldiario.net\/portal\/2024\/03\/31\/denuncian-intento-de-designacion-ilegal-de-autoridades-en-instituto\/#primaryimage","url":"https:\/\/www.eldiario.net\/portal\/wp-content\/uploads\/2024\/03\/12-NALCOLOR.jpg","contentUrl":"https:\/\/www.eldiario.net\/portal\/wp-content\/uploads\/2024\/03\/12-NALCOLOR.jpg","width":720,"height":399,"caption":"Frontis del Instituto Eduardo Laredo."},{"@type":"BreadcrumbList","@id":"https:\/\/www.eldiario.net\/portal\/2024\/03\/31\/denuncian-intento-de-designacion-ilegal-de-autoridades-en-instituto\/#breadcrumb","itemListElement":[{"@type":"ListItem","position":1,"name":"Portada","item":"https:\/\/www.eldiario.net\/portal\/"},{"@type":"ListItem","position":2,"name":"Denuncian intento de designaci\u00f3n ilegal de autoridades en instituto"}]},{"@type":"WebSite","@id":"https:\/\/www.eldiario.net\/portal\/#website","url":"https:\/\/www.eldiario.net\/portal\/","name":"El Diario - Decano de la prensa nacional","description":"El Diario - Decano de la prensa nacional","publisher":{"@id":"https:\/\/www.eldiario.net\/portal\/#organization"},"potentialAction":[{"@type":"SearchAction","target":{"@type":"EntryPoint","urlTemplate":"https:\/\/www.eldiario.net\/portal\/?s={search_term_string}"},"query-input":{"@type":"PropertyValueSpecification","valueRequired":true,"valueName":"search_term_string"}}],"inLanguage":"es"},{"@type":"Organization","@id":"https:\/\/www.eldiario.net\/portal\/#organization","name":"El Diario - Decano de la prensa nacional","url":"https:\/\/www.eldiario.net\/portal\/","logo":{"@type":"ImageObject","inLanguage":"es","@id":"https:\/\/www.eldiario.net\/portal\/#\/schema\/logo\/image\/","url":"https:\/\/www.eldiario.net\/portal\/wp-content\/uploads\/2023\/07\/logo_ED.jpg","contentUrl":"https:\/\/www.eldiario.net\/portal\/wp-content\/uploads\/2023\/07\/logo_ED.jpg","width":272,"height":52,"caption":"El Diario - Decano de la prensa nacional"},"image":{"@id":"https:\/\/www.eldiario.net\/portal\/#\/schema\/logo\/image\/"},"sameAs":["https:\/\/www.facebook.com\/eldiario.bolivia\/","https:\/\/x.com\/eldiario_net"]},{"@type":"Person","@id":"https:\/\/www.eldiario.net\/portal\/#\/schema\/person\/f46445640444750d7d753ccd04ae01b7","name":"Jeanette","image":{"@type":"ImageObject","inLanguage":"es","@id":"https:\/\/secure.gravatar.com\/avatar\/3ea2118a5f7dad2b7138b1187a6b7ee55f160b9968b66013c3a3ef39dd7e5798?s=96&d=mm&r=g","url":"https:\/\/secure.gravatar.com\/avatar\/3ea2118a5f7dad2b7138b1187a6b7ee55f160b9968b66013c3a3ef39dd7e5798?s=96&d=mm&r=g","contentUrl":"https:\/\/secure.gravatar.com\/avatar\/3ea2118a5f7dad2b7138b1187a6b7ee55f160b9968b66013c3a3ef39dd7e5798?s=96&d=mm&r=g","caption":"Jeanette"},"sameAs":["https:\/\/www.eldiario.net\/portal"],"url":"https:\/\/www.eldiario.net\/portal\/author\/jeanette\/"}]}},"_links":{"self":[{"href":"https:\/\/www.eldiario.net\/portal\/wp-json\/wp\/v2\/posts\/211356","targetHints":{"allow":["GET"]}}],"collection":[{"href":"https:\/\/www.eldiario.net\/portal\/wp-json\/wp\/v2\/posts"}],"about":[{"href":"https:\/\/www.eldiario.net\/portal\/wp-json\/wp\/v2\/types\/post"}],"author":[{"embeddable":true,"href":"https:\/\/www.eldiario.net\/portal\/wp-json\/wp\/v2\/users\/1"}],"replies":[{"embeddable":true,"href":"https:\/\/www.eldiario.net\/portal\/wp-json\/wp\/v2\/comments?post=211356"}],"version-history":[{"count":1,"href":"https:\/\/www.eldiario.net\/portal\/wp-json\/wp\/v2\/posts\/211356\/revisions"}],"predecessor-version":[{"id":211358,"href":"https:\/\/www.eldiario.net\/portal\/wp-json\/wp\/v2\/posts\/211356\/revisions\/211358"}],"wp:featuredmedia":[{"embeddable":true,"href":"https:\/\/www.eldiario.net\/portal\/wp-json\/wp\/v2\/media\/211357"}],"wp:attachment":[{"href":"https:\/\/www.eldiario.net\/portal\/wp-json\/wp\/v2\/media?parent=211356"}],"wp:term":[{"taxonomy":"category","embeddable":true,"href":"https:\/\/www.eldiario.net\/portal\/wp-json\/wp\/v2\/categories?post=211356"},{"taxonomy":"post_tag","embeddable":true,"href":"https:\/\/www.eldiario.net\/portal\/wp-json\/wp\/v2\/tags?post=211356"}],"curies":[{"name":"wp","href":"https:\/\/api.w.org\/{rel}","templated":true}]}}