{"id":211311,"date":"2024-03-31T05:50:02","date_gmt":"2024-03-31T09:50:02","guid":{"rendered":"https:\/\/www.eldiario.net\/portal\/?p=211311"},"modified":"2024-03-31T05:50:02","modified_gmt":"2024-03-31T09:50:02","slug":"amenazas-revelan-la-cara-antidemocratica-de-morales","status":"publish","type":"post","link":"https:\/\/www.eldiario.net\/portal\/2024\/03\/31\/amenazas-revelan-la-cara-antidemocratica-de-morales\/","title":{"rendered":"Amenazas revelan la cara antidemocr\u00e1tica de Morales"},"content":{"rendered":"<p>Ante las amenazas emitidas desde el ala \u201cevista\u201d en el Movimiento al Socialismo (MAS) para forzar una candidatura presidencial en favor de Evo Morales, desde el Comit\u00e9 Nacional de Defensa de la Democracia (Conade) se asegur\u00f3 que estas declaraciones revelan la cara antidemocr\u00e1tica del l\u00edder cocalero y adelantan posibles mayores disputas por el poder al interior del partido oficialista.<br \/>\nEl activista y vocero del ente defensor de la democracia, Manuel Morales, sostuvo que las amenazas vertidas por dirigentes identificados con el \u201cevismo\u201d y por parte del propio jefe del partido azul sobre una posible convulsi\u00f3n social en caso de una inhabilitaci\u00f3n a sus aspiraciones presidenciales, solo confirman el autoritarismo alrededor de esta facci\u00f3n en el oficialismo.<br \/>\nSostuvo adem\u00e1s que las palabras amenazantes del l\u00edder cocalero tienen una raz\u00f3n, est\u00e1 es, que cada vez goza de menor respaldo en su propia organizaci\u00f3n pol\u00edtica, por lo que recurre a advertencias de convulsi\u00f3n, en complicidad con sectores radicales del MAS que, a la fecha, son los \u00fanicos que no le retiraron su apoyo.<br \/>\n\u201cEvo Morales, en su matriz autoritaria est\u00e1 saliendo a hacer ese tipo de declaraciones, sin embargo, lo est\u00e1n obligando y llevando a una situaci\u00f3n que es interesante porque permite ver su verdadera faz antidemocr\u00e1tica y autoritaria\u201d, dijo.<br \/>\nAsimismo, observ\u00f3 que las aspiraciones presidenciales de Morales est\u00e1n lejanas a poder concretarse en futuros procesos electorales, tomando en cuenta las restricciones constitucionales con relaci\u00f3n a esta posibilidad y la creciente desaprobaci\u00f3n de la poblaci\u00f3n no solo a la exautoridad, sino al proyecto masista en su conjunto.<br \/>\nEn ese contexto, afirm\u00f3 que tanto el \u201carcismo\u201d como el \u201cevismo\u201d cuentan con cada vez menos posibilidades de alcanzar \u00e9xito en los comicios presidenciales programados para el 2025.<br \/>\n\u201cNo va volver ni por la buenas ni por las malas, eso lo podemos apostar en este momento. Electoralmente el pueblo boliviano no va a validar a ninguno de los dos candidatos del Movimiento al Socialismo\u201d, indic\u00f3.<br \/>\nSobre la constante \u201cangurria de poder\u201d demostrada por el l\u00edder cocalero en sus intervenciones p\u00fablicas y entrevistas, el activista indic\u00f3 que se trata de una caracter\u00edstica que Morales \u201cmantendr\u00e1 hasta la muerte\u201d, sin que esto deba ser tomado en cuenta por el electorado nacional para por fin contar con una alternativa pol\u00edtica que derrote al MAS en las urnas.<br \/>\n\u201cEsto no debe tener efecto en los votantes porque el pueblo boliviano sabe que hay que dar paso a una alternativa\u201d, sostuvo.<br \/>\nPor lo expuesto, desde el Conade se llam\u00f3 a que l\u00edderes y fuerzas de oposici\u00f3n trabajen en la conformaci\u00f3n de una alternativa pol\u00edtica para los bolivianos, dejando de lado todo inter\u00e9s personal o de grupo en favor de una meta com\u00fan y mayor.<br \/>\n\u201cOjal\u00e1 los opositores alg\u00fan d\u00eda se den cuenta que esa alternativa la pueden crear ellos o finalmente tambi\u00e9n la pueden boicotear si insisten en atender acciones sectarias\u201d, indic\u00f3.<br \/>\nMorales finaliz\u00f3 cuestionando al Tribunal Electoral, advirtiendo que desde esta instancia se estar\u00eda alentando una posible convulsi\u00f3n al interior del MAS, misma que podr\u00eda tener en el futuro incluso mayores enfrentamientos entre los bandos enfrentados. \u201cLa pelea por el poder es muy profunda\u201d, concluy\u00f3.<br \/>\nEsta semana, durante una entrevista concedida a un medio internacional, el expresidente Evo Morales, advirti\u00f3 con una posible convulsi\u00f3n en caso de inhabilitarse su postulaci\u00f3n a la presidencia, responsabilizando a la actual administraci\u00f3n, a la cabeza de Luis Arce, por sostener la divisi\u00f3n al interior del partido oficialista.<br \/>\nD\u00edas antes, en conferencia de prensa, el dirigente del ala \u201cevista\u201d en la Confederaci\u00f3n Sindical \u00danica de Trabajadores Campesinos de Bolivia, Ponciano Santos, amenaz\u00f3 con convulsionar el pa\u00eds desde el mes de mayo, demandando la renuncia de los vocales del TSE y la salida del actual Gobierno, en caso de que se insista en la inhabilitaci\u00f3n de Morales para la presidencia.<br \/>\n\u201cEl bloqueo est\u00e1 cerquita, cuidado Lucho Arce se est\u00e9 escapando como Gonzalo S\u00e1nchez de Lozada del pa\u00eds con su maleta cargadita de lo que est\u00e1 robando. Tanto desfalco en los Ministerios y tanta plata que se est\u00e1 prestando y est\u00e1 robando. Cuidado, le estoy diciendo a la opini\u00f3n p\u00fablica, se est\u00e1 acercando la ca\u00edda de Lucho Arce y David Choquehuanca\u201d, advirti\u00f3 Santos, insistiendo en que Evo Morales ser\u00e1 presidente \u201ca las buenas o a las malas\u201d.<br \/>\nEl dirigente \u201cevista\u201d adem\u00e1s acus\u00f3 al Gobierno de no respetar la Constituci\u00f3n. \u201cQu\u00e9 puede esperar el pueblo boliviano, que resuelva pues entonces, que resuelva los problemas estructurales del pa\u00eds, si no resuelve va a tener que irse pues, de la silla presidencial\u201d, agreg\u00f3.<\/p>\n","protected":false},"excerpt":{"rendered":"<p>Ante las amenazas emitidas desde el ala \u201cevista\u201d en el Movimiento al Socialismo (MAS) para forzar una candidatura presidencial en favor de Evo Morales, desde el Comit\u00e9 Nacional de Defensa de la Democracia (Conade) se asegur\u00f3 que estas declaraciones revelan la cara antidemocr\u00e1tica del l\u00edder cocalero y adelantan posibles mayores disputas por el poder al [&hellip;]<\/p>\n","protected":false},"author":1,"featured_media":211312,"comment_status":"open","ping_status":"open","sticky":false,"template":"","format":"standard","meta":{"_acf_changed":false,"footnotes":""},"categories":[14],"tags":[],"class_list":["post-211311","post","type-post","status-publish","format-standard","has-post-thumbnail","category-politica"],"acf":{"antetitulo":"Conade afirma"},"yoast_head":"<!-- This site is optimized with the Yoast SEO plugin v28.3 - https:\/\/yoast.com\/product\/yoast-seo-wordpress\/ -->\n<title>Amenazas revelan la cara antidemocr\u00e1tica de Morales - El Diario - Bolivia<\/title>\n<meta name=\"robots\" content=\"index, follow, max-snippet:-1, max-image-preview:large, max-video-preview:-1\" \/>\n<link rel=\"canonical\" href=\"https:\/\/www.eldiario.net\/portal\/2024\/03\/31\/amenazas-revelan-la-cara-antidemocratica-de-morales\/\" \/>\n<meta property=\"og:locale\" content=\"es_ES\" \/>\n<meta property=\"og:type\" content=\"article\" \/>\n<meta property=\"og:title\" content=\"Amenazas revelan la cara antidemocr\u00e1tica de Morales - El Diario - Bolivia\" \/>\n<meta property=\"og:description\" content=\"Ante las amenazas emitidas desde el ala \u201cevista\u201d en el Movimiento al Socialismo (MAS) para forzar una candidatura presidencial en favor de Evo Morales, desde el Comit\u00e9 Nacional de Defensa de la Democracia (Conade) se asegur\u00f3 que estas declaraciones revelan la cara antidemocr\u00e1tica del l\u00edder cocalero y adelantan posibles mayores disputas por el poder al [&hellip;]\" \/>\n<meta property=\"og:url\" content=\"https:\/\/www.eldiario.net\/portal\/2024\/03\/31\/amenazas-revelan-la-cara-antidemocratica-de-morales\/\" \/>\n<meta property=\"og:site_name\" content=\"El Diario - Bolivia\" \/>\n<meta property=\"article:publisher\" content=\"https:\/\/www.facebook.com\/eldiario.bolivia\/\" \/>\n<meta property=\"article:published_time\" content=\"2024-03-31T09:50:02+00:00\" \/>\n<meta property=\"og:image\" content=\"https:\/\/www.eldiario.net\/portal\/wp-content\/uploads\/2024\/03\/40-POL-11.jpg\" \/>\n\t<meta property=\"og:image:width\" content=\"1280\" \/>\n\t<meta property=\"og:image:height\" content=\"913\" \/>\n\t<meta property=\"og:image:type\" content=\"image\/jpeg\" \/>\n<meta name=\"author\" content=\"Jeanette\" \/>\n<meta name=\"twitter:card\" content=\"summary_large_image\" \/>\n<meta name=\"twitter:creator\" content=\"@eldiario_net\" \/>\n<meta name=\"twitter:site\" content=\"@eldiario_net\" \/>\n<meta name=\"twitter:label1\" content=\"Escrito por\" \/>\n\t<meta name=\"twitter:data1\" content=\"Jeanette\" \/>\n\t<meta name=\"twitter:label2\" content=\"Tiempo de lectura\" \/>\n\t<meta name=\"twitter:data2\" content=\"4 minutos\" \/>\n<script type=\"application\/ld+json\" class=\"yoast-schema-graph\">{\"@context\":\"https:\\\/\\\/schema.org\",\"@graph\":[{\"@type\":\"Article\",\"@id\":\"https:\\\/\\\/www.eldiario.net\\\/portal\\\/2024\\\/03\\\/31\\\/amenazas-revelan-la-cara-antidemocratica-de-morales\\\/#article\",\"isPartOf\":{\"@id\":\"https:\\\/\\\/www.eldiario.net\\\/portal\\\/2024\\\/03\\\/31\\\/amenazas-revelan-la-cara-antidemocratica-de-morales\\\/\"},\"author\":{\"name\":\"Jeanette\",\"@id\":\"https:\\\/\\\/www.eldiario.net\\\/portal\\\/#\\\/schema\\\/person\\\/f46445640444750d7d753ccd04ae01b7\"},\"headline\":\"Amenazas revelan la cara antidemocr\u00e1tica de Morales\",\"datePublished\":\"2024-03-31T09:50:02+00:00\",\"mainEntityOfPage\":{\"@id\":\"https:\\\/\\\/www.eldiario.net\\\/portal\\\/2024\\\/03\\\/31\\\/amenazas-revelan-la-cara-antidemocratica-de-morales\\\/\"},\"wordCount\":800,\"commentCount\":0,\"publisher\":{\"@id\":\"https:\\\/\\\/www.eldiario.net\\\/portal\\\/#organization\"},\"image\":{\"@id\":\"https:\\\/\\\/www.eldiario.net\\\/portal\\\/2024\\\/03\\\/31\\\/amenazas-revelan-la-cara-antidemocratica-de-morales\\\/#primaryimage\"},\"thumbnailUrl\":\"https:\\\/\\\/www.eldiario.net\\\/portal\\\/wp-content\\\/uploads\\\/2024\\\/03\\\/40-POL-11.jpg\",\"articleSection\":[\"Pol\u00edtica\"],\"inLanguage\":\"es\",\"potentialAction\":[{\"@type\":\"CommentAction\",\"name\":\"Comment\",\"target\":[\"https:\\\/\\\/www.eldiario.net\\\/portal\\\/2024\\\/03\\\/31\\\/amenazas-revelan-la-cara-antidemocratica-de-morales\\\/#respond\"]}]},{\"@type\":\"WebPage\",\"@id\":\"https:\\\/\\\/www.eldiario.net\\\/portal\\\/2024\\\/03\\\/31\\\/amenazas-revelan-la-cara-antidemocratica-de-morales\\\/\",\"url\":\"https:\\\/\\\/www.eldiario.net\\\/portal\\\/2024\\\/03\\\/31\\\/amenazas-revelan-la-cara-antidemocratica-de-morales\\\/\",\"name\":\"Amenazas revelan la cara antidemocr\u00e1tica de Morales - El Diario - Bolivia\",\"isPartOf\":{\"@id\":\"https:\\\/\\\/www.eldiario.net\\\/portal\\\/#website\"},\"primaryImageOfPage\":{\"@id\":\"https:\\\/\\\/www.eldiario.net\\\/portal\\\/2024\\\/03\\\/31\\\/amenazas-revelan-la-cara-antidemocratica-de-morales\\\/#primaryimage\"},\"image\":{\"@id\":\"https:\\\/\\\/www.eldiario.net\\\/portal\\\/2024\\\/03\\\/31\\\/amenazas-revelan-la-cara-antidemocratica-de-morales\\\/#primaryimage\"},\"thumbnailUrl\":\"https:\\\/\\\/www.eldiario.net\\\/portal\\\/wp-content\\\/uploads\\\/2024\\\/03\\\/40-POL-11.jpg\",\"datePublished\":\"2024-03-31T09:50:02+00:00\",\"breadcrumb\":{\"@id\":\"https:\\\/\\\/www.eldiario.net\\\/portal\\\/2024\\\/03\\\/31\\\/amenazas-revelan-la-cara-antidemocratica-de-morales\\\/#breadcrumb\"},\"inLanguage\":\"es\",\"potentialAction\":[{\"@type\":\"ReadAction\",\"target\":[\"https:\\\/\\\/www.eldiario.net\\\/portal\\\/2024\\\/03\\\/31\\\/amenazas-revelan-la-cara-antidemocratica-de-morales\\\/\"]}]},{\"@type\":\"ImageObject\",\"inLanguage\":\"es\",\"@id\":\"https:\\\/\\\/www.eldiario.net\\\/portal\\\/2024\\\/03\\\/31\\\/amenazas-revelan-la-cara-antidemocratica-de-morales\\\/#primaryimage\",\"url\":\"https:\\\/\\\/www.eldiario.net\\\/portal\\\/wp-content\\\/uploads\\\/2024\\\/03\\\/40-POL-11.jpg\",\"contentUrl\":\"https:\\\/\\\/www.eldiario.net\\\/portal\\\/wp-content\\\/uploads\\\/2024\\\/03\\\/40-POL-11.jpg\",\"width\":1280,\"height\":913,\"caption\":\"Manuel Morales, vocero del Conade.\"},{\"@type\":\"BreadcrumbList\",\"@id\":\"https:\\\/\\\/www.eldiario.net\\\/portal\\\/2024\\\/03\\\/31\\\/amenazas-revelan-la-cara-antidemocratica-de-morales\\\/#breadcrumb\",\"itemListElement\":[{\"@type\":\"ListItem\",\"position\":1,\"name\":\"Portada\",\"item\":\"https:\\\/\\\/www.eldiario.net\\\/portal\\\/\"},{\"@type\":\"ListItem\",\"position\":2,\"name\":\"Amenazas revelan la cara antidemocr\u00e1tica de Morales\"}]},{\"@type\":\"WebSite\",\"@id\":\"https:\\\/\\\/www.eldiario.net\\\/portal\\\/#website\",\"url\":\"https:\\\/\\\/www.eldiario.net\\\/portal\\\/\",\"name\":\"El Diario - Decano de la prensa nacional\",\"description\":\"El Diario - Decano de la prensa nacional\",\"publisher\":{\"@id\":\"https:\\\/\\\/www.eldiario.net\\\/portal\\\/#organization\"},\"potentialAction\":[{\"@type\":\"SearchAction\",\"target\":{\"@type\":\"EntryPoint\",\"urlTemplate\":\"https:\\\/\\\/www.eldiario.net\\\/portal\\\/?s={search_term_string}\"},\"query-input\":{\"@type\":\"PropertyValueSpecification\",\"valueRequired\":true,\"valueName\":\"search_term_string\"}}],\"inLanguage\":\"es\"},{\"@type\":\"Organization\",\"@id\":\"https:\\\/\\\/www.eldiario.net\\\/portal\\\/#organization\",\"name\":\"El Diario - Decano de la prensa nacional\",\"url\":\"https:\\\/\\\/www.eldiario.net\\\/portal\\\/\",\"logo\":{\"@type\":\"ImageObject\",\"inLanguage\":\"es\",\"@id\":\"https:\\\/\\\/www.eldiario.net\\\/portal\\\/#\\\/schema\\\/logo\\\/image\\\/\",\"url\":\"https:\\\/\\\/www.eldiario.net\\\/portal\\\/wp-content\\\/uploads\\\/2023\\\/07\\\/logo_ED.jpg\",\"contentUrl\":\"https:\\\/\\\/www.eldiario.net\\\/portal\\\/wp-content\\\/uploads\\\/2023\\\/07\\\/logo_ED.jpg\",\"width\":272,\"height\":52,\"caption\":\"El Diario - Decano de la prensa nacional\"},\"image\":{\"@id\":\"https:\\\/\\\/www.eldiario.net\\\/portal\\\/#\\\/schema\\\/logo\\\/image\\\/\"},\"sameAs\":[\"https:\\\/\\\/www.facebook.com\\\/eldiario.bolivia\\\/\",\"https:\\\/\\\/x.com\\\/eldiario_net\"]},{\"@type\":\"Person\",\"@id\":\"https:\\\/\\\/www.eldiario.net\\\/portal\\\/#\\\/schema\\\/person\\\/f46445640444750d7d753ccd04ae01b7\",\"name\":\"Jeanette\",\"image\":{\"@type\":\"ImageObject\",\"inLanguage\":\"es\",\"@id\":\"https:\\\/\\\/secure.gravatar.com\\\/avatar\\\/3ea2118a5f7dad2b7138b1187a6b7ee55f160b9968b66013c3a3ef39dd7e5798?s=96&d=mm&r=g\",\"url\":\"https:\\\/\\\/secure.gravatar.com\\\/avatar\\\/3ea2118a5f7dad2b7138b1187a6b7ee55f160b9968b66013c3a3ef39dd7e5798?s=96&d=mm&r=g\",\"contentUrl\":\"https:\\\/\\\/secure.gravatar.com\\\/avatar\\\/3ea2118a5f7dad2b7138b1187a6b7ee55f160b9968b66013c3a3ef39dd7e5798?s=96&d=mm&r=g\",\"caption\":\"Jeanette\"},\"sameAs\":[\"https:\\\/\\\/www.eldiario.net\\\/portal\"],\"url\":\"https:\\\/\\\/www.eldiario.net\\\/portal\\\/author\\\/jeanette\\\/\"}]}<\/script>\n<!-- \/ Yoast SEO plugin. -->","yoast_head_json":{"title":"Amenazas revelan la cara antidemocr\u00e1tica de Morales - El Diario - Bolivia","robots":{"index":"index","follow":"follow","max-snippet":"max-snippet:-1","max-image-preview":"max-image-preview:large","max-video-preview":"max-video-preview:-1"},"canonical":"https:\/\/www.eldiario.net\/portal\/2024\/03\/31\/amenazas-revelan-la-cara-antidemocratica-de-morales\/","og_locale":"es_ES","og_type":"article","og_title":"Amenazas revelan la cara antidemocr\u00e1tica de Morales - El Diario - Bolivia","og_description":"Ante las amenazas emitidas desde el ala \u201cevista\u201d en el Movimiento al Socialismo (MAS) para forzar una candidatura presidencial en favor de Evo Morales, desde el Comit\u00e9 Nacional de Defensa de la Democracia (Conade) se asegur\u00f3 que estas declaraciones revelan la cara antidemocr\u00e1tica del l\u00edder cocalero y adelantan posibles mayores disputas por el poder al [&hellip;]","og_url":"https:\/\/www.eldiario.net\/portal\/2024\/03\/31\/amenazas-revelan-la-cara-antidemocratica-de-morales\/","og_site_name":"El Diario - Bolivia","article_publisher":"https:\/\/www.facebook.com\/eldiario.bolivia\/","article_published_time":"2024-03-31T09:50:02+00:00","og_image":[{"width":1280,"height":913,"url":"https:\/\/www.eldiario.net\/portal\/wp-content\/uploads\/2024\/03\/40-POL-11.jpg","type":"image\/jpeg"}],"author":"Jeanette","twitter_card":"summary_large_image","twitter_creator":"@eldiario_net","twitter_site":"@eldiario_net","twitter_misc":{"Escrito por":"Jeanette","Tiempo de lectura":"4 minutos"},"schema":{"@context":"https:\/\/schema.org","@graph":[{"@type":"Article","@id":"https:\/\/www.eldiario.net\/portal\/2024\/03\/31\/amenazas-revelan-la-cara-antidemocratica-de-morales\/#article","isPartOf":{"@id":"https:\/\/www.eldiario.net\/portal\/2024\/03\/31\/amenazas-revelan-la-cara-antidemocratica-de-morales\/"},"author":{"name":"Jeanette","@id":"https:\/\/www.eldiario.net\/portal\/#\/schema\/person\/f46445640444750d7d753ccd04ae01b7"},"headline":"Amenazas revelan la cara antidemocr\u00e1tica de Morales","datePublished":"2024-03-31T09:50:02+00:00","mainEntityOfPage":{"@id":"https:\/\/www.eldiario.net\/portal\/2024\/03\/31\/amenazas-revelan-la-cara-antidemocratica-de-morales\/"},"wordCount":800,"commentCount":0,"publisher":{"@id":"https:\/\/www.eldiario.net\/portal\/#organization"},"image":{"@id":"https:\/\/www.eldiario.net\/portal\/2024\/03\/31\/amenazas-revelan-la-cara-antidemocratica-de-morales\/#primaryimage"},"thumbnailUrl":"https:\/\/www.eldiario.net\/portal\/wp-content\/uploads\/2024\/03\/40-POL-11.jpg","articleSection":["Pol\u00edtica"],"inLanguage":"es","potentialAction":[{"@type":"CommentAction","name":"Comment","target":["https:\/\/www.eldiario.net\/portal\/2024\/03\/31\/amenazas-revelan-la-cara-antidemocratica-de-morales\/#respond"]}]},{"@type":"WebPage","@id":"https:\/\/www.eldiario.net\/portal\/2024\/03\/31\/amenazas-revelan-la-cara-antidemocratica-de-morales\/","url":"https:\/\/www.eldiario.net\/portal\/2024\/03\/31\/amenazas-revelan-la-cara-antidemocratica-de-morales\/","name":"Amenazas revelan la cara antidemocr\u00e1tica de Morales - El Diario - Bolivia","isPartOf":{"@id":"https:\/\/www.eldiario.net\/portal\/#website"},"primaryImageOfPage":{"@id":"https:\/\/www.eldiario.net\/portal\/2024\/03\/31\/amenazas-revelan-la-cara-antidemocratica-de-morales\/#primaryimage"},"image":{"@id":"https:\/\/www.eldiario.net\/portal\/2024\/03\/31\/amenazas-revelan-la-cara-antidemocratica-de-morales\/#primaryimage"},"thumbnailUrl":"https:\/\/www.eldiario.net\/portal\/wp-content\/uploads\/2024\/03\/40-POL-11.jpg","datePublished":"2024-03-31T09:50:02+00:00","breadcrumb":{"@id":"https:\/\/www.eldiario.net\/portal\/2024\/03\/31\/amenazas-revelan-la-cara-antidemocratica-de-morales\/#breadcrumb"},"inLanguage":"es","potentialAction":[{"@type":"ReadAction","target":["https:\/\/www.eldiario.net\/portal\/2024\/03\/31\/amenazas-revelan-la-cara-antidemocratica-de-morales\/"]}]},{"@type":"ImageObject","inLanguage":"es","@id":"https:\/\/www.eldiario.net\/portal\/2024\/03\/31\/amenazas-revelan-la-cara-antidemocratica-de-morales\/#primaryimage","url":"https:\/\/www.eldiario.net\/portal\/wp-content\/uploads\/2024\/03\/40-POL-11.jpg","contentUrl":"https:\/\/www.eldiario.net\/portal\/wp-content\/uploads\/2024\/03\/40-POL-11.jpg","width":1280,"height":913,"caption":"Manuel Morales, vocero del Conade."},{"@type":"BreadcrumbList","@id":"https:\/\/www.eldiario.net\/portal\/2024\/03\/31\/amenazas-revelan-la-cara-antidemocratica-de-morales\/#breadcrumb","itemListElement":[{"@type":"ListItem","position":1,"name":"Portada","item":"https:\/\/www.eldiario.net\/portal\/"},{"@type":"ListItem","position":2,"name":"Amenazas revelan la cara antidemocr\u00e1tica de Morales"}]},{"@type":"WebSite","@id":"https:\/\/www.eldiario.net\/portal\/#website","url":"https:\/\/www.eldiario.net\/portal\/","name":"El Diario - Decano de la prensa nacional","description":"El Diario - Decano de la prensa nacional","publisher":{"@id":"https:\/\/www.eldiario.net\/portal\/#organization"},"potentialAction":[{"@type":"SearchAction","target":{"@type":"EntryPoint","urlTemplate":"https:\/\/www.eldiario.net\/portal\/?s={search_term_string}"},"query-input":{"@type":"PropertyValueSpecification","valueRequired":true,"valueName":"search_term_string"}}],"inLanguage":"es"},{"@type":"Organization","@id":"https:\/\/www.eldiario.net\/portal\/#organization","name":"El Diario - Decano de la prensa nacional","url":"https:\/\/www.eldiario.net\/portal\/","logo":{"@type":"ImageObject","inLanguage":"es","@id":"https:\/\/www.eldiario.net\/portal\/#\/schema\/logo\/image\/","url":"https:\/\/www.eldiario.net\/portal\/wp-content\/uploads\/2023\/07\/logo_ED.jpg","contentUrl":"https:\/\/www.eldiario.net\/portal\/wp-content\/uploads\/2023\/07\/logo_ED.jpg","width":272,"height":52,"caption":"El Diario - Decano de la prensa nacional"},"image":{"@id":"https:\/\/www.eldiario.net\/portal\/#\/schema\/logo\/image\/"},"sameAs":["https:\/\/www.facebook.com\/eldiario.bolivia\/","https:\/\/x.com\/eldiario_net"]},{"@type":"Person","@id":"https:\/\/www.eldiario.net\/portal\/#\/schema\/person\/f46445640444750d7d753ccd04ae01b7","name":"Jeanette","image":{"@type":"ImageObject","inLanguage":"es","@id":"https:\/\/secure.gravatar.com\/avatar\/3ea2118a5f7dad2b7138b1187a6b7ee55f160b9968b66013c3a3ef39dd7e5798?s=96&d=mm&r=g","url":"https:\/\/secure.gravatar.com\/avatar\/3ea2118a5f7dad2b7138b1187a6b7ee55f160b9968b66013c3a3ef39dd7e5798?s=96&d=mm&r=g","contentUrl":"https:\/\/secure.gravatar.com\/avatar\/3ea2118a5f7dad2b7138b1187a6b7ee55f160b9968b66013c3a3ef39dd7e5798?s=96&d=mm&r=g","caption":"Jeanette"},"sameAs":["https:\/\/www.eldiario.net\/portal"],"url":"https:\/\/www.eldiario.net\/portal\/author\/jeanette\/"}]}},"_links":{"self":[{"href":"https:\/\/www.eldiario.net\/portal\/wp-json\/wp\/v2\/posts\/211311","targetHints":{"allow":["GET"]}}],"collection":[{"href":"https:\/\/www.eldiario.net\/portal\/wp-json\/wp\/v2\/posts"}],"about":[{"href":"https:\/\/www.eldiario.net\/portal\/wp-json\/wp\/v2\/types\/post"}],"author":[{"embeddable":true,"href":"https:\/\/www.eldiario.net\/portal\/wp-json\/wp\/v2\/users\/1"}],"replies":[{"embeddable":true,"href":"https:\/\/www.eldiario.net\/portal\/wp-json\/wp\/v2\/comments?post=211311"}],"version-history":[{"count":1,"href":"https:\/\/www.eldiario.net\/portal\/wp-json\/wp\/v2\/posts\/211311\/revisions"}],"predecessor-version":[{"id":211313,"href":"https:\/\/www.eldiario.net\/portal\/wp-json\/wp\/v2\/posts\/211311\/revisions\/211313"}],"wp:featuredmedia":[{"embeddable":true,"href":"https:\/\/www.eldiario.net\/portal\/wp-json\/wp\/v2\/media\/211312"}],"wp:attachment":[{"href":"https:\/\/www.eldiario.net\/portal\/wp-json\/wp\/v2\/media?parent=211311"}],"wp:term":[{"taxonomy":"category","embeddable":true,"href":"https:\/\/www.eldiario.net\/portal\/wp-json\/wp\/v2\/categories?post=211311"},{"taxonomy":"post_tag","embeddable":true,"href":"https:\/\/www.eldiario.net\/portal\/wp-json\/wp\/v2\/tags?post=211311"}],"curies":[{"name":"wp","href":"https:\/\/api.w.org\/{rel}","templated":true}]}}