{"id":211308,"date":"2024-03-31T05:49:23","date_gmt":"2024-03-31T09:49:23","guid":{"rendered":"https:\/\/www.eldiario.net\/portal\/?p=211308"},"modified":"2024-03-31T05:49:23","modified_gmt":"2024-03-31T09:49:23","slug":"adelantan-inicio-de-acciones-legales-en-defensa-de-villegas","status":"publish","type":"post","link":"https:\/\/www.eldiario.net\/portal\/2024\/03\/31\/adelantan-inicio-de-acciones-legales-en-defensa-de-villegas\/","title":{"rendered":"Adelantan inicio de acciones  legales en defensa de Villegas"},"content":{"rendered":"<p>Apuntando a un nuevo contubernio entre administradores de justicia y el Movimiento al Socialismo (MAS) para la imputaci\u00f3n formal de Edgar Villegas, por denunciar fraude electoral en los comicios de 2019, el diputado por Comunidad Ciudadana (CC), Alberto Astorga, adelant\u00f3 que desde la oposici\u00f3n se apelar\u00e1 a todas las acciones legales que corresponda para defender a este ciudadano, sin descartar la reactivaci\u00f3n de movilizaciones ciudadanas en defensa de la democracia.<br \/>\nEn declaraciones a medios de prensa en la Sede de Gobierno, Astorga conden\u00f3 que desde el poder se pretenda encarcelar a uno de los principales promotores de la movilizaci\u00f3n de 2019 contra el fraude electoral, adelantando la reactivaci\u00f3n de la persecuci\u00f3n judicial contra la ciudadan\u00eda.<br \/>\n\u201cPretenden encarcelar a quien fue el art\u00edfice y devel\u00f3 el fraude monumental, esto pr\u00e1cticamente se va convertir en otra cacer\u00eda pol\u00edtica en contra de los que piensan distinto, con esto se demuestra un contubernio\u201d, dijo.<br \/>\nEn ese sentido, adelant\u00f3 que como oposici\u00f3n y en coordinaci\u00f3n con plataformas ciudadanas, se iniciar\u00e1n todas las acciones y medidas que se requieran para defender al ingeniero Villegas.<br \/>\n\u201cEn principio vamos a enviar peticiones de informe y no descartamos que tambi\u00e9n se reactiven las movilizaciones en defensa de este ciudadano\u201d, refiri\u00f3 el legislador pace\u00f1o, advirtiendo que con este tipo de acciones busca limpiar la imagen de Evo Morales y tambi\u00e9n del presidente Arce.<br \/>\nDesde la agrupaci\u00f3n Creemos, se rechaz\u00f3 la reciente determinaci\u00f3n judicial contra Villegas, se\u00f1alando que se trata de una nueva arremetida contra la ciudadan\u00eda movilizada en 2019 contra el fraude electoral.<br \/>\nEn esa l\u00ednea, reiter\u00f3 que fueron Evo Morales y el masismo los que ejecutaron un fraude posteriormente comprobado en el Informe Final An\u00e1lisis de Integridad Electoral Elecciones Generales de 2019 en el Estado Plurinacional de Bolivia, de la Organizaci\u00f3n de Estados Americanos (OEA).<br \/>\n\u201cLa dictadura masista suma otro perseguido pol\u00edtico a los m\u00e1s de 250 que tiene en la mira. El gobierno del MAS ha llevado a Bolivia a una insostenible crisis econ\u00f3mica; las persecuciones y el abuso de la detenci\u00f3n preventiva contra la oposici\u00f3n son parte de un plan para ocultar el fracaso de su modelo, la corrupci\u00f3n y la convivencia de su gobierno con el narcotr\u00e1fico\u201d, se\u00f1ala parte de un comunicado emitido por esta organizaci\u00f3n pol\u00edtica.<br \/>\nEn el documento tambi\u00e9n se recuerda que organismos internacionales como la OEA, CIDH, OEA, UE, adem\u00e1s de toda Comunidad Internacional fueron testigos de la comprobaci\u00f3n del Fraude Electoral de 2019, as\u00ed como la impunidad a los verdaderos culpables de aquellos hechos, teniendo como principal autor a Evo Morales y sobre el cual no pesa denuncia alguna debido al sometimiento del \u00d3rgano Judicial al MAS.<\/p>\n","protected":false},"excerpt":{"rendered":"<p>Apuntando a un nuevo contubernio entre administradores de justicia y el Movimiento al Socialismo (MAS) para la imputaci\u00f3n formal de Edgar Villegas, por denunciar fraude electoral en los comicios de 2019, el diputado por Comunidad Ciudadana (CC), Alberto Astorga, adelant\u00f3 que desde la oposici\u00f3n se apelar\u00e1 a todas las acciones legales que corresponda para defender [&hellip;]<\/p>\n","protected":false},"author":1,"featured_media":211309,"comment_status":"open","ping_status":"open","sticky":false,"template":"","format":"standard","meta":{"_acf_changed":false,"footnotes":""},"categories":[14],"tags":[],"class_list":["post-211308","post","type-post","status-publish","format-standard","has-post-thumbnail","category-politica"],"acf":{"antetitulo":"Contra arremetida judicial"},"yoast_head":"<!-- This site is optimized with the Yoast SEO plugin v28.3 - https:\/\/yoast.com\/product\/yoast-seo-wordpress\/ -->\n<title>Adelantan inicio de acciones legales en defensa de Villegas - El Diario - Bolivia<\/title>\n<meta name=\"robots\" content=\"index, follow, max-snippet:-1, max-image-preview:large, max-video-preview:-1\" \/>\n<link rel=\"canonical\" href=\"https:\/\/www.eldiario.net\/portal\/2024\/03\/31\/adelantan-inicio-de-acciones-legales-en-defensa-de-villegas\/\" \/>\n<meta property=\"og:locale\" content=\"es_ES\" \/>\n<meta property=\"og:type\" content=\"article\" \/>\n<meta property=\"og:title\" content=\"Adelantan inicio de acciones legales en defensa de Villegas - El Diario - Bolivia\" \/>\n<meta property=\"og:description\" content=\"Apuntando a un nuevo contubernio entre administradores de justicia y el Movimiento al Socialismo (MAS) para la imputaci\u00f3n formal de Edgar Villegas, por denunciar fraude electoral en los comicios de 2019, el diputado por Comunidad Ciudadana (CC), Alberto Astorga, adelant\u00f3 que desde la oposici\u00f3n se apelar\u00e1 a todas las acciones legales que corresponda para defender [&hellip;]\" \/>\n<meta property=\"og:url\" content=\"https:\/\/www.eldiario.net\/portal\/2024\/03\/31\/adelantan-inicio-de-acciones-legales-en-defensa-de-villegas\/\" \/>\n<meta property=\"og:site_name\" content=\"El Diario - Bolivia\" \/>\n<meta property=\"article:publisher\" content=\"https:\/\/www.facebook.com\/eldiario.bolivia\/\" \/>\n<meta property=\"article:published_time\" content=\"2024-03-31T09:49:23+00:00\" \/>\n<meta property=\"og:image\" content=\"https:\/\/www.eldiario.net\/portal\/wp-content\/uploads\/2024\/03\/43-POL-1.jpg\" \/>\n\t<meta property=\"og:image:width\" content=\"677\" \/>\n\t<meta property=\"og:image:height\" content=\"442\" \/>\n\t<meta property=\"og:image:type\" content=\"image\/jpeg\" \/>\n<meta name=\"author\" content=\"Jeanette\" \/>\n<meta name=\"twitter:card\" content=\"summary_large_image\" \/>\n<meta name=\"twitter:creator\" content=\"@eldiario_net\" \/>\n<meta name=\"twitter:site\" content=\"@eldiario_net\" \/>\n<meta name=\"twitter:label1\" content=\"Escrito por\" \/>\n\t<meta name=\"twitter:data1\" content=\"Jeanette\" \/>\n\t<meta name=\"twitter:label2\" content=\"Tiempo de lectura\" \/>\n\t<meta name=\"twitter:data2\" content=\"3 minutos\" \/>\n<script type=\"application\/ld+json\" class=\"yoast-schema-graph\">{\"@context\":\"https:\\\/\\\/schema.org\",\"@graph\":[{\"@type\":\"Article\",\"@id\":\"https:\\\/\\\/www.eldiario.net\\\/portal\\\/2024\\\/03\\\/31\\\/adelantan-inicio-de-acciones-legales-en-defensa-de-villegas\\\/#article\",\"isPartOf\":{\"@id\":\"https:\\\/\\\/www.eldiario.net\\\/portal\\\/2024\\\/03\\\/31\\\/adelantan-inicio-de-acciones-legales-en-defensa-de-villegas\\\/\"},\"author\":{\"name\":\"Jeanette\",\"@id\":\"https:\\\/\\\/www.eldiario.net\\\/portal\\\/#\\\/schema\\\/person\\\/f46445640444750d7d753ccd04ae01b7\"},\"headline\":\"Adelantan inicio de acciones legales en defensa de Villegas\",\"datePublished\":\"2024-03-31T09:49:23+00:00\",\"mainEntityOfPage\":{\"@id\":\"https:\\\/\\\/www.eldiario.net\\\/portal\\\/2024\\\/03\\\/31\\\/adelantan-inicio-de-acciones-legales-en-defensa-de-villegas\\\/\"},\"wordCount\":475,\"commentCount\":0,\"publisher\":{\"@id\":\"https:\\\/\\\/www.eldiario.net\\\/portal\\\/#organization\"},\"image\":{\"@id\":\"https:\\\/\\\/www.eldiario.net\\\/portal\\\/2024\\\/03\\\/31\\\/adelantan-inicio-de-acciones-legales-en-defensa-de-villegas\\\/#primaryimage\"},\"thumbnailUrl\":\"https:\\\/\\\/www.eldiario.net\\\/portal\\\/wp-content\\\/uploads\\\/2024\\\/03\\\/43-POL-1.jpg\",\"articleSection\":[\"Pol\u00edtica\"],\"inLanguage\":\"es\",\"potentialAction\":[{\"@type\":\"CommentAction\",\"name\":\"Comment\",\"target\":[\"https:\\\/\\\/www.eldiario.net\\\/portal\\\/2024\\\/03\\\/31\\\/adelantan-inicio-de-acciones-legales-en-defensa-de-villegas\\\/#respond\"]}]},{\"@type\":\"WebPage\",\"@id\":\"https:\\\/\\\/www.eldiario.net\\\/portal\\\/2024\\\/03\\\/31\\\/adelantan-inicio-de-acciones-legales-en-defensa-de-villegas\\\/\",\"url\":\"https:\\\/\\\/www.eldiario.net\\\/portal\\\/2024\\\/03\\\/31\\\/adelantan-inicio-de-acciones-legales-en-defensa-de-villegas\\\/\",\"name\":\"Adelantan inicio de acciones legales en defensa de Villegas - El Diario - Bolivia\",\"isPartOf\":{\"@id\":\"https:\\\/\\\/www.eldiario.net\\\/portal\\\/#website\"},\"primaryImageOfPage\":{\"@id\":\"https:\\\/\\\/www.eldiario.net\\\/portal\\\/2024\\\/03\\\/31\\\/adelantan-inicio-de-acciones-legales-en-defensa-de-villegas\\\/#primaryimage\"},\"image\":{\"@id\":\"https:\\\/\\\/www.eldiario.net\\\/portal\\\/2024\\\/03\\\/31\\\/adelantan-inicio-de-acciones-legales-en-defensa-de-villegas\\\/#primaryimage\"},\"thumbnailUrl\":\"https:\\\/\\\/www.eldiario.net\\\/portal\\\/wp-content\\\/uploads\\\/2024\\\/03\\\/43-POL-1.jpg\",\"datePublished\":\"2024-03-31T09:49:23+00:00\",\"breadcrumb\":{\"@id\":\"https:\\\/\\\/www.eldiario.net\\\/portal\\\/2024\\\/03\\\/31\\\/adelantan-inicio-de-acciones-legales-en-defensa-de-villegas\\\/#breadcrumb\"},\"inLanguage\":\"es\",\"potentialAction\":[{\"@type\":\"ReadAction\",\"target\":[\"https:\\\/\\\/www.eldiario.net\\\/portal\\\/2024\\\/03\\\/31\\\/adelantan-inicio-de-acciones-legales-en-defensa-de-villegas\\\/\"]}]},{\"@type\":\"ImageObject\",\"inLanguage\":\"es\",\"@id\":\"https:\\\/\\\/www.eldiario.net\\\/portal\\\/2024\\\/03\\\/31\\\/adelantan-inicio-de-acciones-legales-en-defensa-de-villegas\\\/#primaryimage\",\"url\":\"https:\\\/\\\/www.eldiario.net\\\/portal\\\/wp-content\\\/uploads\\\/2024\\\/03\\\/43-POL-1.jpg\",\"contentUrl\":\"https:\\\/\\\/www.eldiario.net\\\/portal\\\/wp-content\\\/uploads\\\/2024\\\/03\\\/43-POL-1.jpg\",\"width\":677,\"height\":442,\"caption\":\"Ciudadanos movilizados contra el fraude en 2019.\"},{\"@type\":\"BreadcrumbList\",\"@id\":\"https:\\\/\\\/www.eldiario.net\\\/portal\\\/2024\\\/03\\\/31\\\/adelantan-inicio-de-acciones-legales-en-defensa-de-villegas\\\/#breadcrumb\",\"itemListElement\":[{\"@type\":\"ListItem\",\"position\":1,\"name\":\"Portada\",\"item\":\"https:\\\/\\\/www.eldiario.net\\\/portal\\\/\"},{\"@type\":\"ListItem\",\"position\":2,\"name\":\"Adelantan inicio de acciones legales en defensa de Villegas\"}]},{\"@type\":\"WebSite\",\"@id\":\"https:\\\/\\\/www.eldiario.net\\\/portal\\\/#website\",\"url\":\"https:\\\/\\\/www.eldiario.net\\\/portal\\\/\",\"name\":\"El Diario - Decano de la prensa nacional\",\"description\":\"El Diario - Decano de la prensa nacional\",\"publisher\":{\"@id\":\"https:\\\/\\\/www.eldiario.net\\\/portal\\\/#organization\"},\"potentialAction\":[{\"@type\":\"SearchAction\",\"target\":{\"@type\":\"EntryPoint\",\"urlTemplate\":\"https:\\\/\\\/www.eldiario.net\\\/portal\\\/?s={search_term_string}\"},\"query-input\":{\"@type\":\"PropertyValueSpecification\",\"valueRequired\":true,\"valueName\":\"search_term_string\"}}],\"inLanguage\":\"es\"},{\"@type\":\"Organization\",\"@id\":\"https:\\\/\\\/www.eldiario.net\\\/portal\\\/#organization\",\"name\":\"El Diario - Decano de la prensa nacional\",\"url\":\"https:\\\/\\\/www.eldiario.net\\\/portal\\\/\",\"logo\":{\"@type\":\"ImageObject\",\"inLanguage\":\"es\",\"@id\":\"https:\\\/\\\/www.eldiario.net\\\/portal\\\/#\\\/schema\\\/logo\\\/image\\\/\",\"url\":\"https:\\\/\\\/www.eldiario.net\\\/portal\\\/wp-content\\\/uploads\\\/2023\\\/07\\\/logo_ED.jpg\",\"contentUrl\":\"https:\\\/\\\/www.eldiario.net\\\/portal\\\/wp-content\\\/uploads\\\/2023\\\/07\\\/logo_ED.jpg\",\"width\":272,\"height\":52,\"caption\":\"El Diario - Decano de la prensa nacional\"},\"image\":{\"@id\":\"https:\\\/\\\/www.eldiario.net\\\/portal\\\/#\\\/schema\\\/logo\\\/image\\\/\"},\"sameAs\":[\"https:\\\/\\\/www.facebook.com\\\/eldiario.bolivia\\\/\",\"https:\\\/\\\/x.com\\\/eldiario_net\"]},{\"@type\":\"Person\",\"@id\":\"https:\\\/\\\/www.eldiario.net\\\/portal\\\/#\\\/schema\\\/person\\\/f46445640444750d7d753ccd04ae01b7\",\"name\":\"Jeanette\",\"image\":{\"@type\":\"ImageObject\",\"inLanguage\":\"es\",\"@id\":\"https:\\\/\\\/secure.gravatar.com\\\/avatar\\\/3ea2118a5f7dad2b7138b1187a6b7ee55f160b9968b66013c3a3ef39dd7e5798?s=96&d=mm&r=g\",\"url\":\"https:\\\/\\\/secure.gravatar.com\\\/avatar\\\/3ea2118a5f7dad2b7138b1187a6b7ee55f160b9968b66013c3a3ef39dd7e5798?s=96&d=mm&r=g\",\"contentUrl\":\"https:\\\/\\\/secure.gravatar.com\\\/avatar\\\/3ea2118a5f7dad2b7138b1187a6b7ee55f160b9968b66013c3a3ef39dd7e5798?s=96&d=mm&r=g\",\"caption\":\"Jeanette\"},\"sameAs\":[\"https:\\\/\\\/www.eldiario.net\\\/portal\"],\"url\":\"https:\\\/\\\/www.eldiario.net\\\/portal\\\/author\\\/jeanette\\\/\"}]}<\/script>\n<!-- \/ Yoast SEO plugin. -->","yoast_head_json":{"title":"Adelantan inicio de acciones legales en defensa de Villegas - El Diario - Bolivia","robots":{"index":"index","follow":"follow","max-snippet":"max-snippet:-1","max-image-preview":"max-image-preview:large","max-video-preview":"max-video-preview:-1"},"canonical":"https:\/\/www.eldiario.net\/portal\/2024\/03\/31\/adelantan-inicio-de-acciones-legales-en-defensa-de-villegas\/","og_locale":"es_ES","og_type":"article","og_title":"Adelantan inicio de acciones legales en defensa de Villegas - El Diario - Bolivia","og_description":"Apuntando a un nuevo contubernio entre administradores de justicia y el Movimiento al Socialismo (MAS) para la imputaci\u00f3n formal de Edgar Villegas, por denunciar fraude electoral en los comicios de 2019, el diputado por Comunidad Ciudadana (CC), Alberto Astorga, adelant\u00f3 que desde la oposici\u00f3n se apelar\u00e1 a todas las acciones legales que corresponda para defender [&hellip;]","og_url":"https:\/\/www.eldiario.net\/portal\/2024\/03\/31\/adelantan-inicio-de-acciones-legales-en-defensa-de-villegas\/","og_site_name":"El Diario - Bolivia","article_publisher":"https:\/\/www.facebook.com\/eldiario.bolivia\/","article_published_time":"2024-03-31T09:49:23+00:00","og_image":[{"width":677,"height":442,"url":"https:\/\/www.eldiario.net\/portal\/wp-content\/uploads\/2024\/03\/43-POL-1.jpg","type":"image\/jpeg"}],"author":"Jeanette","twitter_card":"summary_large_image","twitter_creator":"@eldiario_net","twitter_site":"@eldiario_net","twitter_misc":{"Escrito por":"Jeanette","Tiempo de lectura":"3 minutos"},"schema":{"@context":"https:\/\/schema.org","@graph":[{"@type":"Article","@id":"https:\/\/www.eldiario.net\/portal\/2024\/03\/31\/adelantan-inicio-de-acciones-legales-en-defensa-de-villegas\/#article","isPartOf":{"@id":"https:\/\/www.eldiario.net\/portal\/2024\/03\/31\/adelantan-inicio-de-acciones-legales-en-defensa-de-villegas\/"},"author":{"name":"Jeanette","@id":"https:\/\/www.eldiario.net\/portal\/#\/schema\/person\/f46445640444750d7d753ccd04ae01b7"},"headline":"Adelantan inicio de acciones legales en defensa de Villegas","datePublished":"2024-03-31T09:49:23+00:00","mainEntityOfPage":{"@id":"https:\/\/www.eldiario.net\/portal\/2024\/03\/31\/adelantan-inicio-de-acciones-legales-en-defensa-de-villegas\/"},"wordCount":475,"commentCount":0,"publisher":{"@id":"https:\/\/www.eldiario.net\/portal\/#organization"},"image":{"@id":"https:\/\/www.eldiario.net\/portal\/2024\/03\/31\/adelantan-inicio-de-acciones-legales-en-defensa-de-villegas\/#primaryimage"},"thumbnailUrl":"https:\/\/www.eldiario.net\/portal\/wp-content\/uploads\/2024\/03\/43-POL-1.jpg","articleSection":["Pol\u00edtica"],"inLanguage":"es","potentialAction":[{"@type":"CommentAction","name":"Comment","target":["https:\/\/www.eldiario.net\/portal\/2024\/03\/31\/adelantan-inicio-de-acciones-legales-en-defensa-de-villegas\/#respond"]}]},{"@type":"WebPage","@id":"https:\/\/www.eldiario.net\/portal\/2024\/03\/31\/adelantan-inicio-de-acciones-legales-en-defensa-de-villegas\/","url":"https:\/\/www.eldiario.net\/portal\/2024\/03\/31\/adelantan-inicio-de-acciones-legales-en-defensa-de-villegas\/","name":"Adelantan inicio de acciones legales en defensa de Villegas - El Diario - Bolivia","isPartOf":{"@id":"https:\/\/www.eldiario.net\/portal\/#website"},"primaryImageOfPage":{"@id":"https:\/\/www.eldiario.net\/portal\/2024\/03\/31\/adelantan-inicio-de-acciones-legales-en-defensa-de-villegas\/#primaryimage"},"image":{"@id":"https:\/\/www.eldiario.net\/portal\/2024\/03\/31\/adelantan-inicio-de-acciones-legales-en-defensa-de-villegas\/#primaryimage"},"thumbnailUrl":"https:\/\/www.eldiario.net\/portal\/wp-content\/uploads\/2024\/03\/43-POL-1.jpg","datePublished":"2024-03-31T09:49:23+00:00","breadcrumb":{"@id":"https:\/\/www.eldiario.net\/portal\/2024\/03\/31\/adelantan-inicio-de-acciones-legales-en-defensa-de-villegas\/#breadcrumb"},"inLanguage":"es","potentialAction":[{"@type":"ReadAction","target":["https:\/\/www.eldiario.net\/portal\/2024\/03\/31\/adelantan-inicio-de-acciones-legales-en-defensa-de-villegas\/"]}]},{"@type":"ImageObject","inLanguage":"es","@id":"https:\/\/www.eldiario.net\/portal\/2024\/03\/31\/adelantan-inicio-de-acciones-legales-en-defensa-de-villegas\/#primaryimage","url":"https:\/\/www.eldiario.net\/portal\/wp-content\/uploads\/2024\/03\/43-POL-1.jpg","contentUrl":"https:\/\/www.eldiario.net\/portal\/wp-content\/uploads\/2024\/03\/43-POL-1.jpg","width":677,"height":442,"caption":"Ciudadanos movilizados contra el fraude en 2019."},{"@type":"BreadcrumbList","@id":"https:\/\/www.eldiario.net\/portal\/2024\/03\/31\/adelantan-inicio-de-acciones-legales-en-defensa-de-villegas\/#breadcrumb","itemListElement":[{"@type":"ListItem","position":1,"name":"Portada","item":"https:\/\/www.eldiario.net\/portal\/"},{"@type":"ListItem","position":2,"name":"Adelantan inicio de acciones legales en defensa de Villegas"}]},{"@type":"WebSite","@id":"https:\/\/www.eldiario.net\/portal\/#website","url":"https:\/\/www.eldiario.net\/portal\/","name":"El Diario - Decano de la prensa nacional","description":"El Diario - Decano de la prensa nacional","publisher":{"@id":"https:\/\/www.eldiario.net\/portal\/#organization"},"potentialAction":[{"@type":"SearchAction","target":{"@type":"EntryPoint","urlTemplate":"https:\/\/www.eldiario.net\/portal\/?s={search_term_string}"},"query-input":{"@type":"PropertyValueSpecification","valueRequired":true,"valueName":"search_term_string"}}],"inLanguage":"es"},{"@type":"Organization","@id":"https:\/\/www.eldiario.net\/portal\/#organization","name":"El Diario - Decano de la prensa nacional","url":"https:\/\/www.eldiario.net\/portal\/","logo":{"@type":"ImageObject","inLanguage":"es","@id":"https:\/\/www.eldiario.net\/portal\/#\/schema\/logo\/image\/","url":"https:\/\/www.eldiario.net\/portal\/wp-content\/uploads\/2023\/07\/logo_ED.jpg","contentUrl":"https:\/\/www.eldiario.net\/portal\/wp-content\/uploads\/2023\/07\/logo_ED.jpg","width":272,"height":52,"caption":"El Diario - Decano de la prensa nacional"},"image":{"@id":"https:\/\/www.eldiario.net\/portal\/#\/schema\/logo\/image\/"},"sameAs":["https:\/\/www.facebook.com\/eldiario.bolivia\/","https:\/\/x.com\/eldiario_net"]},{"@type":"Person","@id":"https:\/\/www.eldiario.net\/portal\/#\/schema\/person\/f46445640444750d7d753ccd04ae01b7","name":"Jeanette","image":{"@type":"ImageObject","inLanguage":"es","@id":"https:\/\/secure.gravatar.com\/avatar\/3ea2118a5f7dad2b7138b1187a6b7ee55f160b9968b66013c3a3ef39dd7e5798?s=96&d=mm&r=g","url":"https:\/\/secure.gravatar.com\/avatar\/3ea2118a5f7dad2b7138b1187a6b7ee55f160b9968b66013c3a3ef39dd7e5798?s=96&d=mm&r=g","contentUrl":"https:\/\/secure.gravatar.com\/avatar\/3ea2118a5f7dad2b7138b1187a6b7ee55f160b9968b66013c3a3ef39dd7e5798?s=96&d=mm&r=g","caption":"Jeanette"},"sameAs":["https:\/\/www.eldiario.net\/portal"],"url":"https:\/\/www.eldiario.net\/portal\/author\/jeanette\/"}]}},"_links":{"self":[{"href":"https:\/\/www.eldiario.net\/portal\/wp-json\/wp\/v2\/posts\/211308","targetHints":{"allow":["GET"]}}],"collection":[{"href":"https:\/\/www.eldiario.net\/portal\/wp-json\/wp\/v2\/posts"}],"about":[{"href":"https:\/\/www.eldiario.net\/portal\/wp-json\/wp\/v2\/types\/post"}],"author":[{"embeddable":true,"href":"https:\/\/www.eldiario.net\/portal\/wp-json\/wp\/v2\/users\/1"}],"replies":[{"embeddable":true,"href":"https:\/\/www.eldiario.net\/portal\/wp-json\/wp\/v2\/comments?post=211308"}],"version-history":[{"count":1,"href":"https:\/\/www.eldiario.net\/portal\/wp-json\/wp\/v2\/posts\/211308\/revisions"}],"predecessor-version":[{"id":211310,"href":"https:\/\/www.eldiario.net\/portal\/wp-json\/wp\/v2\/posts\/211308\/revisions\/211310"}],"wp:featuredmedia":[{"embeddable":true,"href":"https:\/\/www.eldiario.net\/portal\/wp-json\/wp\/v2\/media\/211309"}],"wp:attachment":[{"href":"https:\/\/www.eldiario.net\/portal\/wp-json\/wp\/v2\/media?parent=211308"}],"wp:term":[{"taxonomy":"category","embeddable":true,"href":"https:\/\/www.eldiario.net\/portal\/wp-json\/wp\/v2\/categories?post=211308"},{"taxonomy":"post_tag","embeddable":true,"href":"https:\/\/www.eldiario.net\/portal\/wp-json\/wp\/v2\/tags?post=211308"}],"curies":[{"name":"wp","href":"https:\/\/api.w.org\/{rel}","templated":true}]}}