{"id":211305,"date":"2024-03-31T05:48:41","date_gmt":"2024-03-31T09:48:41","guid":{"rendered":"https:\/\/www.eldiario.net\/portal\/?p=211305"},"modified":"2024-03-31T05:48:41","modified_gmt":"2024-03-31T09:48:41","slug":"obsolescencia-y-falta-de-credibilidad-caracterizan-a-instituciones-del-estado","status":"publish","type":"post","link":"https:\/\/www.eldiario.net\/portal\/2024\/03\/31\/obsolescencia-y-falta-de-credibilidad-caracterizan-a-instituciones-del-estado\/","title":{"rendered":"Obsolescencia y falta de credibilidad  caracterizan a instituciones del Estado"},"content":{"rendered":"<p>A una semana de haberse ejecutado la jornada censal, en todo el territorio nacional, la diputada por Comunidad Ciudadana (CC), Alejandra Camargo, se\u00f1al\u00f3 que una de las lecciones que ha dejado el Censo 2024 es que instituciones del Estado, como el Instituto Nacional de Estad\u00edstica (INE), quedaron completamente obsoletas y carecen de credibilidad.<br \/>\nDesde sus redes sociales, la legisladora representante de Cochabamba asegur\u00f3 que varias entidades estatales dejaron de cumplir sus funciones de manera eficaz y eficiente, hecho que se puede evidenciar en la falta de credibilidad que tienen ante la poblaci\u00f3n.<br \/>\n\u201cLos bolivianos no conf\u00edan en las instituciones p\u00fablicas y los motivos sobran\u201d, sostuvo.<br \/>\nEn criterio de la parlamentaria de oposici\u00f3n, es de conocimiento general que para lograr avances en cualquier tr\u00e1mite de alguna instituci\u00f3n en el pa\u00eds se convierte en un verdadero v\u00eda crucis burocr\u00e1tico para la poblaci\u00f3n.<br \/>\nA esto se suma la petici\u00f3n requisitos como fotocopias de carnet, certificados, sellos, folders, firmas, entre otros, mismos que impiden a la ciudadan\u00eda acceder a los tr\u00e1mites requeridos de manera r\u00e1pida y oportuna.<br \/>\n\u201cLas nuevas generaciones quedan sorprendidas cuando deben enfrentarse a la burocracia en oficinas, pues a pesar de que ellos ya conocen muy bien la tecnolog\u00eda, se topan con la realidad, el Estado boliviano se ha quedado estancado en el funcionamiento de finales de los a\u00f1os ochenta y principios de los noventa\u201d, indic\u00f3.<br \/>\nEn este contexto, Camargo apunt\u00f3 que las brechas entre nuevas generaciones (centennials y alfas) que desarrollan sus actividades entre pr\u00e1cticas anticuadas y el choque con la tecnolog\u00eda, muchas veces creando una fusi\u00f3n entre ambas, generan diferentes tipos respuesta y actitudes para responder a la burocracia estatal; mientras unos se \u201csorprenden e indignan\u201d, otros (millenials) est\u00e1n \u201cacostumbrados y casi insensibilizados\u201d ante esta situaci\u00f3n.<br \/>\nLa cr\u00edtica de la diputada opositora se dirige a la \u201cgeneraci\u00f3n boomer\u201d, a la que caracteriza como \u201ccaudillista, sectaria, rosquera y nepotista por excelencia y sigue atornillada en el poder, desde donde se ha degradado el rol del Gobierno y la funci\u00f3n p\u00fablica a una corporaci\u00f3n de pegas para sus esbirros\u201d.<br \/>\nLamentando que la falta de inter\u00e9s en la actividad pol\u00edtica haya provocado que actualmente se llegue a un punto de total desidia, sobre todo en sectores j\u00f3venes de la poblaci\u00f3n, Camargo finaliz\u00f3 puntualizando que reencaminar la institucionalidad del Estado depende principalmente de las nuevas generaciones y su participaci\u00f3n activa en el \u00e1mbito pol\u00edtico.<br \/>\n\u201cSi queremos instituciones transparentes, burocracias m\u00ednimas, procesos efectivos, si realmente queremos profesionales calificados y a la altura de la Bolivia del siglo XXI, debemos recuperar la institucionalidad del Estado, ciertamente el futuro de la pol\u00edtica est\u00e1 en manos de las nuevas generaciones\u201d, concluy\u00f3.<\/p>\n","protected":false},"excerpt":{"rendered":"<p>A una semana de haberse ejecutado la jornada censal, en todo el territorio nacional, la diputada por Comunidad Ciudadana (CC), Alejandra Camargo, se\u00f1al\u00f3 que una de las lecciones que ha dejado el Censo 2024 es que instituciones del Estado, como el Instituto Nacional de Estad\u00edstica (INE), quedaron completamente obsoletas y carecen de credibilidad. Desde sus [&hellip;]<\/p>\n","protected":false},"author":1,"featured_media":211306,"comment_status":"open","ping_status":"open","sticky":false,"template":"","format":"standard","meta":{"_acf_changed":false,"footnotes":""},"categories":[14],"tags":[],"class_list":["post-211305","post","type-post","status-publish","format-standard","has-post-thumbnail","category-politica"],"acf":{"antetitulo":"Asegura Diputada"},"yoast_head":"<!-- This site is optimized with the Yoast SEO plugin v28.3 - https:\/\/yoast.com\/product\/yoast-seo-wordpress\/ -->\n<title>Obsolescencia y falta de credibilidad caracterizan a instituciones del Estado - El Diario - Bolivia<\/title>\n<meta name=\"robots\" content=\"index, follow, max-snippet:-1, max-image-preview:large, max-video-preview:-1\" \/>\n<link rel=\"canonical\" href=\"https:\/\/www.eldiario.net\/portal\/2024\/03\/31\/obsolescencia-y-falta-de-credibilidad-caracterizan-a-instituciones-del-estado\/\" \/>\n<meta property=\"og:locale\" content=\"es_ES\" \/>\n<meta property=\"og:type\" content=\"article\" \/>\n<meta property=\"og:title\" content=\"Obsolescencia y falta de credibilidad caracterizan a instituciones del Estado - El Diario - Bolivia\" \/>\n<meta property=\"og:description\" content=\"A una semana de haberse ejecutado la jornada censal, en todo el territorio nacional, la diputada por Comunidad Ciudadana (CC), Alejandra Camargo, se\u00f1al\u00f3 que una de las lecciones que ha dejado el Censo 2024 es que instituciones del Estado, como el Instituto Nacional de Estad\u00edstica (INE), quedaron completamente obsoletas y carecen de credibilidad. Desde sus [&hellip;]\" \/>\n<meta property=\"og:url\" content=\"https:\/\/www.eldiario.net\/portal\/2024\/03\/31\/obsolescencia-y-falta-de-credibilidad-caracterizan-a-instituciones-del-estado\/\" \/>\n<meta property=\"og:site_name\" content=\"El Diario - Bolivia\" \/>\n<meta property=\"article:publisher\" content=\"https:\/\/www.facebook.com\/eldiario.bolivia\/\" \/>\n<meta property=\"article:published_time\" content=\"2024-03-31T09:48:41+00:00\" \/>\n<meta property=\"og:image\" content=\"https:\/\/www.eldiario.net\/portal\/wp-content\/uploads\/2024\/03\/41-POL-10.jpg\" \/>\n\t<meta property=\"og:image:width\" content=\"1599\" \/>\n\t<meta property=\"og:image:height\" content=\"1004\" \/>\n\t<meta property=\"og:image:type\" content=\"image\/jpeg\" \/>\n<meta name=\"author\" content=\"Jeanette\" \/>\n<meta name=\"twitter:card\" content=\"summary_large_image\" \/>\n<meta name=\"twitter:creator\" content=\"@eldiario_net\" \/>\n<meta name=\"twitter:site\" content=\"@eldiario_net\" \/>\n<meta name=\"twitter:label1\" content=\"Escrito por\" \/>\n\t<meta name=\"twitter:data1\" content=\"Jeanette\" \/>\n\t<meta name=\"twitter:label2\" content=\"Tiempo de lectura\" \/>\n\t<meta name=\"twitter:data2\" content=\"3 minutos\" \/>\n<script type=\"application\/ld+json\" class=\"yoast-schema-graph\">{\"@context\":\"https:\\\/\\\/schema.org\",\"@graph\":[{\"@type\":\"Article\",\"@id\":\"https:\\\/\\\/www.eldiario.net\\\/portal\\\/2024\\\/03\\\/31\\\/obsolescencia-y-falta-de-credibilidad-caracterizan-a-instituciones-del-estado\\\/#article\",\"isPartOf\":{\"@id\":\"https:\\\/\\\/www.eldiario.net\\\/portal\\\/2024\\\/03\\\/31\\\/obsolescencia-y-falta-de-credibilidad-caracterizan-a-instituciones-del-estado\\\/\"},\"author\":{\"name\":\"Jeanette\",\"@id\":\"https:\\\/\\\/www.eldiario.net\\\/portal\\\/#\\\/schema\\\/person\\\/f46445640444750d7d753ccd04ae01b7\"},\"headline\":\"Obsolescencia y falta de credibilidad caracterizan a instituciones del Estado\",\"datePublished\":\"2024-03-31T09:48:41+00:00\",\"mainEntityOfPage\":{\"@id\":\"https:\\\/\\\/www.eldiario.net\\\/portal\\\/2024\\\/03\\\/31\\\/obsolescencia-y-falta-de-credibilidad-caracterizan-a-instituciones-del-estado\\\/\"},\"wordCount\":479,\"commentCount\":0,\"publisher\":{\"@id\":\"https:\\\/\\\/www.eldiario.net\\\/portal\\\/#organization\"},\"image\":{\"@id\":\"https:\\\/\\\/www.eldiario.net\\\/portal\\\/2024\\\/03\\\/31\\\/obsolescencia-y-falta-de-credibilidad-caracterizan-a-instituciones-del-estado\\\/#primaryimage\"},\"thumbnailUrl\":\"https:\\\/\\\/www.eldiario.net\\\/portal\\\/wp-content\\\/uploads\\\/2024\\\/03\\\/41-POL-10.jpg\",\"articleSection\":[\"Pol\u00edtica\"],\"inLanguage\":\"es\",\"potentialAction\":[{\"@type\":\"CommentAction\",\"name\":\"Comment\",\"target\":[\"https:\\\/\\\/www.eldiario.net\\\/portal\\\/2024\\\/03\\\/31\\\/obsolescencia-y-falta-de-credibilidad-caracterizan-a-instituciones-del-estado\\\/#respond\"]}]},{\"@type\":\"WebPage\",\"@id\":\"https:\\\/\\\/www.eldiario.net\\\/portal\\\/2024\\\/03\\\/31\\\/obsolescencia-y-falta-de-credibilidad-caracterizan-a-instituciones-del-estado\\\/\",\"url\":\"https:\\\/\\\/www.eldiario.net\\\/portal\\\/2024\\\/03\\\/31\\\/obsolescencia-y-falta-de-credibilidad-caracterizan-a-instituciones-del-estado\\\/\",\"name\":\"Obsolescencia y falta de credibilidad caracterizan a instituciones del Estado - El Diario - Bolivia\",\"isPartOf\":{\"@id\":\"https:\\\/\\\/www.eldiario.net\\\/portal\\\/#website\"},\"primaryImageOfPage\":{\"@id\":\"https:\\\/\\\/www.eldiario.net\\\/portal\\\/2024\\\/03\\\/31\\\/obsolescencia-y-falta-de-credibilidad-caracterizan-a-instituciones-del-estado\\\/#primaryimage\"},\"image\":{\"@id\":\"https:\\\/\\\/www.eldiario.net\\\/portal\\\/2024\\\/03\\\/31\\\/obsolescencia-y-falta-de-credibilidad-caracterizan-a-instituciones-del-estado\\\/#primaryimage\"},\"thumbnailUrl\":\"https:\\\/\\\/www.eldiario.net\\\/portal\\\/wp-content\\\/uploads\\\/2024\\\/03\\\/41-POL-10.jpg\",\"datePublished\":\"2024-03-31T09:48:41+00:00\",\"breadcrumb\":{\"@id\":\"https:\\\/\\\/www.eldiario.net\\\/portal\\\/2024\\\/03\\\/31\\\/obsolescencia-y-falta-de-credibilidad-caracterizan-a-instituciones-del-estado\\\/#breadcrumb\"},\"inLanguage\":\"es\",\"potentialAction\":[{\"@type\":\"ReadAction\",\"target\":[\"https:\\\/\\\/www.eldiario.net\\\/portal\\\/2024\\\/03\\\/31\\\/obsolescencia-y-falta-de-credibilidad-caracterizan-a-instituciones-del-estado\\\/\"]}]},{\"@type\":\"ImageObject\",\"inLanguage\":\"es\",\"@id\":\"https:\\\/\\\/www.eldiario.net\\\/portal\\\/2024\\\/03\\\/31\\\/obsolescencia-y-falta-de-credibilidad-caracterizan-a-instituciones-del-estado\\\/#primaryimage\",\"url\":\"https:\\\/\\\/www.eldiario.net\\\/portal\\\/wp-content\\\/uploads\\\/2024\\\/03\\\/41-POL-10.jpg\",\"contentUrl\":\"https:\\\/\\\/www.eldiario.net\\\/portal\\\/wp-content\\\/uploads\\\/2024\\\/03\\\/41-POL-10.jpg\",\"width\":1599,\"height\":1004,\"caption\":\"Diputada Alejandra Camargo (CC).\"},{\"@type\":\"BreadcrumbList\",\"@id\":\"https:\\\/\\\/www.eldiario.net\\\/portal\\\/2024\\\/03\\\/31\\\/obsolescencia-y-falta-de-credibilidad-caracterizan-a-instituciones-del-estado\\\/#breadcrumb\",\"itemListElement\":[{\"@type\":\"ListItem\",\"position\":1,\"name\":\"Portada\",\"item\":\"https:\\\/\\\/www.eldiario.net\\\/portal\\\/\"},{\"@type\":\"ListItem\",\"position\":2,\"name\":\"Obsolescencia y falta de credibilidad caracterizan a instituciones del Estado\"}]},{\"@type\":\"WebSite\",\"@id\":\"https:\\\/\\\/www.eldiario.net\\\/portal\\\/#website\",\"url\":\"https:\\\/\\\/www.eldiario.net\\\/portal\\\/\",\"name\":\"El Diario - Decano de la prensa nacional\",\"description\":\"El Diario - Decano de la prensa nacional\",\"publisher\":{\"@id\":\"https:\\\/\\\/www.eldiario.net\\\/portal\\\/#organization\"},\"potentialAction\":[{\"@type\":\"SearchAction\",\"target\":{\"@type\":\"EntryPoint\",\"urlTemplate\":\"https:\\\/\\\/www.eldiario.net\\\/portal\\\/?s={search_term_string}\"},\"query-input\":{\"@type\":\"PropertyValueSpecification\",\"valueRequired\":true,\"valueName\":\"search_term_string\"}}],\"inLanguage\":\"es\"},{\"@type\":\"Organization\",\"@id\":\"https:\\\/\\\/www.eldiario.net\\\/portal\\\/#organization\",\"name\":\"El Diario - Decano de la prensa nacional\",\"url\":\"https:\\\/\\\/www.eldiario.net\\\/portal\\\/\",\"logo\":{\"@type\":\"ImageObject\",\"inLanguage\":\"es\",\"@id\":\"https:\\\/\\\/www.eldiario.net\\\/portal\\\/#\\\/schema\\\/logo\\\/image\\\/\",\"url\":\"https:\\\/\\\/www.eldiario.net\\\/portal\\\/wp-content\\\/uploads\\\/2023\\\/07\\\/logo_ED.jpg\",\"contentUrl\":\"https:\\\/\\\/www.eldiario.net\\\/portal\\\/wp-content\\\/uploads\\\/2023\\\/07\\\/logo_ED.jpg\",\"width\":272,\"height\":52,\"caption\":\"El Diario - Decano de la prensa nacional\"},\"image\":{\"@id\":\"https:\\\/\\\/www.eldiario.net\\\/portal\\\/#\\\/schema\\\/logo\\\/image\\\/\"},\"sameAs\":[\"https:\\\/\\\/www.facebook.com\\\/eldiario.bolivia\\\/\",\"https:\\\/\\\/x.com\\\/eldiario_net\"]},{\"@type\":\"Person\",\"@id\":\"https:\\\/\\\/www.eldiario.net\\\/portal\\\/#\\\/schema\\\/person\\\/f46445640444750d7d753ccd04ae01b7\",\"name\":\"Jeanette\",\"image\":{\"@type\":\"ImageObject\",\"inLanguage\":\"es\",\"@id\":\"https:\\\/\\\/secure.gravatar.com\\\/avatar\\\/3ea2118a5f7dad2b7138b1187a6b7ee55f160b9968b66013c3a3ef39dd7e5798?s=96&d=mm&r=g\",\"url\":\"https:\\\/\\\/secure.gravatar.com\\\/avatar\\\/3ea2118a5f7dad2b7138b1187a6b7ee55f160b9968b66013c3a3ef39dd7e5798?s=96&d=mm&r=g\",\"contentUrl\":\"https:\\\/\\\/secure.gravatar.com\\\/avatar\\\/3ea2118a5f7dad2b7138b1187a6b7ee55f160b9968b66013c3a3ef39dd7e5798?s=96&d=mm&r=g\",\"caption\":\"Jeanette\"},\"sameAs\":[\"https:\\\/\\\/www.eldiario.net\\\/portal\"],\"url\":\"https:\\\/\\\/www.eldiario.net\\\/portal\\\/author\\\/jeanette\\\/\"}]}<\/script>\n<!-- \/ Yoast SEO plugin. -->","yoast_head_json":{"title":"Obsolescencia y falta de credibilidad caracterizan a instituciones del Estado - El Diario - Bolivia","robots":{"index":"index","follow":"follow","max-snippet":"max-snippet:-1","max-image-preview":"max-image-preview:large","max-video-preview":"max-video-preview:-1"},"canonical":"https:\/\/www.eldiario.net\/portal\/2024\/03\/31\/obsolescencia-y-falta-de-credibilidad-caracterizan-a-instituciones-del-estado\/","og_locale":"es_ES","og_type":"article","og_title":"Obsolescencia y falta de credibilidad caracterizan a instituciones del Estado - El Diario - Bolivia","og_description":"A una semana de haberse ejecutado la jornada censal, en todo el territorio nacional, la diputada por Comunidad Ciudadana (CC), Alejandra Camargo, se\u00f1al\u00f3 que una de las lecciones que ha dejado el Censo 2024 es que instituciones del Estado, como el Instituto Nacional de Estad\u00edstica (INE), quedaron completamente obsoletas y carecen de credibilidad. Desde sus [&hellip;]","og_url":"https:\/\/www.eldiario.net\/portal\/2024\/03\/31\/obsolescencia-y-falta-de-credibilidad-caracterizan-a-instituciones-del-estado\/","og_site_name":"El Diario - Bolivia","article_publisher":"https:\/\/www.facebook.com\/eldiario.bolivia\/","article_published_time":"2024-03-31T09:48:41+00:00","og_image":[{"width":1599,"height":1004,"url":"https:\/\/www.eldiario.net\/portal\/wp-content\/uploads\/2024\/03\/41-POL-10.jpg","type":"image\/jpeg"}],"author":"Jeanette","twitter_card":"summary_large_image","twitter_creator":"@eldiario_net","twitter_site":"@eldiario_net","twitter_misc":{"Escrito por":"Jeanette","Tiempo de lectura":"3 minutos"},"schema":{"@context":"https:\/\/schema.org","@graph":[{"@type":"Article","@id":"https:\/\/www.eldiario.net\/portal\/2024\/03\/31\/obsolescencia-y-falta-de-credibilidad-caracterizan-a-instituciones-del-estado\/#article","isPartOf":{"@id":"https:\/\/www.eldiario.net\/portal\/2024\/03\/31\/obsolescencia-y-falta-de-credibilidad-caracterizan-a-instituciones-del-estado\/"},"author":{"name":"Jeanette","@id":"https:\/\/www.eldiario.net\/portal\/#\/schema\/person\/f46445640444750d7d753ccd04ae01b7"},"headline":"Obsolescencia y falta de credibilidad caracterizan a instituciones del Estado","datePublished":"2024-03-31T09:48:41+00:00","mainEntityOfPage":{"@id":"https:\/\/www.eldiario.net\/portal\/2024\/03\/31\/obsolescencia-y-falta-de-credibilidad-caracterizan-a-instituciones-del-estado\/"},"wordCount":479,"commentCount":0,"publisher":{"@id":"https:\/\/www.eldiario.net\/portal\/#organization"},"image":{"@id":"https:\/\/www.eldiario.net\/portal\/2024\/03\/31\/obsolescencia-y-falta-de-credibilidad-caracterizan-a-instituciones-del-estado\/#primaryimage"},"thumbnailUrl":"https:\/\/www.eldiario.net\/portal\/wp-content\/uploads\/2024\/03\/41-POL-10.jpg","articleSection":["Pol\u00edtica"],"inLanguage":"es","potentialAction":[{"@type":"CommentAction","name":"Comment","target":["https:\/\/www.eldiario.net\/portal\/2024\/03\/31\/obsolescencia-y-falta-de-credibilidad-caracterizan-a-instituciones-del-estado\/#respond"]}]},{"@type":"WebPage","@id":"https:\/\/www.eldiario.net\/portal\/2024\/03\/31\/obsolescencia-y-falta-de-credibilidad-caracterizan-a-instituciones-del-estado\/","url":"https:\/\/www.eldiario.net\/portal\/2024\/03\/31\/obsolescencia-y-falta-de-credibilidad-caracterizan-a-instituciones-del-estado\/","name":"Obsolescencia y falta de credibilidad caracterizan a instituciones del Estado - El Diario - Bolivia","isPartOf":{"@id":"https:\/\/www.eldiario.net\/portal\/#website"},"primaryImageOfPage":{"@id":"https:\/\/www.eldiario.net\/portal\/2024\/03\/31\/obsolescencia-y-falta-de-credibilidad-caracterizan-a-instituciones-del-estado\/#primaryimage"},"image":{"@id":"https:\/\/www.eldiario.net\/portal\/2024\/03\/31\/obsolescencia-y-falta-de-credibilidad-caracterizan-a-instituciones-del-estado\/#primaryimage"},"thumbnailUrl":"https:\/\/www.eldiario.net\/portal\/wp-content\/uploads\/2024\/03\/41-POL-10.jpg","datePublished":"2024-03-31T09:48:41+00:00","breadcrumb":{"@id":"https:\/\/www.eldiario.net\/portal\/2024\/03\/31\/obsolescencia-y-falta-de-credibilidad-caracterizan-a-instituciones-del-estado\/#breadcrumb"},"inLanguage":"es","potentialAction":[{"@type":"ReadAction","target":["https:\/\/www.eldiario.net\/portal\/2024\/03\/31\/obsolescencia-y-falta-de-credibilidad-caracterizan-a-instituciones-del-estado\/"]}]},{"@type":"ImageObject","inLanguage":"es","@id":"https:\/\/www.eldiario.net\/portal\/2024\/03\/31\/obsolescencia-y-falta-de-credibilidad-caracterizan-a-instituciones-del-estado\/#primaryimage","url":"https:\/\/www.eldiario.net\/portal\/wp-content\/uploads\/2024\/03\/41-POL-10.jpg","contentUrl":"https:\/\/www.eldiario.net\/portal\/wp-content\/uploads\/2024\/03\/41-POL-10.jpg","width":1599,"height":1004,"caption":"Diputada Alejandra Camargo (CC)."},{"@type":"BreadcrumbList","@id":"https:\/\/www.eldiario.net\/portal\/2024\/03\/31\/obsolescencia-y-falta-de-credibilidad-caracterizan-a-instituciones-del-estado\/#breadcrumb","itemListElement":[{"@type":"ListItem","position":1,"name":"Portada","item":"https:\/\/www.eldiario.net\/portal\/"},{"@type":"ListItem","position":2,"name":"Obsolescencia y falta de credibilidad caracterizan a instituciones del Estado"}]},{"@type":"WebSite","@id":"https:\/\/www.eldiario.net\/portal\/#website","url":"https:\/\/www.eldiario.net\/portal\/","name":"El Diario - Decano de la prensa nacional","description":"El Diario - Decano de la prensa nacional","publisher":{"@id":"https:\/\/www.eldiario.net\/portal\/#organization"},"potentialAction":[{"@type":"SearchAction","target":{"@type":"EntryPoint","urlTemplate":"https:\/\/www.eldiario.net\/portal\/?s={search_term_string}"},"query-input":{"@type":"PropertyValueSpecification","valueRequired":true,"valueName":"search_term_string"}}],"inLanguage":"es"},{"@type":"Organization","@id":"https:\/\/www.eldiario.net\/portal\/#organization","name":"El Diario - Decano de la prensa nacional","url":"https:\/\/www.eldiario.net\/portal\/","logo":{"@type":"ImageObject","inLanguage":"es","@id":"https:\/\/www.eldiario.net\/portal\/#\/schema\/logo\/image\/","url":"https:\/\/www.eldiario.net\/portal\/wp-content\/uploads\/2023\/07\/logo_ED.jpg","contentUrl":"https:\/\/www.eldiario.net\/portal\/wp-content\/uploads\/2023\/07\/logo_ED.jpg","width":272,"height":52,"caption":"El Diario - Decano de la prensa nacional"},"image":{"@id":"https:\/\/www.eldiario.net\/portal\/#\/schema\/logo\/image\/"},"sameAs":["https:\/\/www.facebook.com\/eldiario.bolivia\/","https:\/\/x.com\/eldiario_net"]},{"@type":"Person","@id":"https:\/\/www.eldiario.net\/portal\/#\/schema\/person\/f46445640444750d7d753ccd04ae01b7","name":"Jeanette","image":{"@type":"ImageObject","inLanguage":"es","@id":"https:\/\/secure.gravatar.com\/avatar\/3ea2118a5f7dad2b7138b1187a6b7ee55f160b9968b66013c3a3ef39dd7e5798?s=96&d=mm&r=g","url":"https:\/\/secure.gravatar.com\/avatar\/3ea2118a5f7dad2b7138b1187a6b7ee55f160b9968b66013c3a3ef39dd7e5798?s=96&d=mm&r=g","contentUrl":"https:\/\/secure.gravatar.com\/avatar\/3ea2118a5f7dad2b7138b1187a6b7ee55f160b9968b66013c3a3ef39dd7e5798?s=96&d=mm&r=g","caption":"Jeanette"},"sameAs":["https:\/\/www.eldiario.net\/portal"],"url":"https:\/\/www.eldiario.net\/portal\/author\/jeanette\/"}]}},"_links":{"self":[{"href":"https:\/\/www.eldiario.net\/portal\/wp-json\/wp\/v2\/posts\/211305","targetHints":{"allow":["GET"]}}],"collection":[{"href":"https:\/\/www.eldiario.net\/portal\/wp-json\/wp\/v2\/posts"}],"about":[{"href":"https:\/\/www.eldiario.net\/portal\/wp-json\/wp\/v2\/types\/post"}],"author":[{"embeddable":true,"href":"https:\/\/www.eldiario.net\/portal\/wp-json\/wp\/v2\/users\/1"}],"replies":[{"embeddable":true,"href":"https:\/\/www.eldiario.net\/portal\/wp-json\/wp\/v2\/comments?post=211305"}],"version-history":[{"count":1,"href":"https:\/\/www.eldiario.net\/portal\/wp-json\/wp\/v2\/posts\/211305\/revisions"}],"predecessor-version":[{"id":211307,"href":"https:\/\/www.eldiario.net\/portal\/wp-json\/wp\/v2\/posts\/211305\/revisions\/211307"}],"wp:featuredmedia":[{"embeddable":true,"href":"https:\/\/www.eldiario.net\/portal\/wp-json\/wp\/v2\/media\/211306"}],"wp:attachment":[{"href":"https:\/\/www.eldiario.net\/portal\/wp-json\/wp\/v2\/media?parent=211305"}],"wp:term":[{"taxonomy":"category","embeddable":true,"href":"https:\/\/www.eldiario.net\/portal\/wp-json\/wp\/v2\/categories?post=211305"},{"taxonomy":"post_tag","embeddable":true,"href":"https:\/\/www.eldiario.net\/portal\/wp-json\/wp\/v2\/tags?post=211305"}],"curies":[{"name":"wp","href":"https:\/\/api.w.org\/{rel}","templated":true}]}}