{"id":211302,"date":"2024-03-31T05:47:59","date_gmt":"2024-03-31T09:47:59","guid":{"rendered":"https:\/\/www.eldiario.net\/portal\/?p=211302"},"modified":"2024-03-31T05:47:59","modified_gmt":"2024-03-31T09:47:59","slug":"paz-propone-eliminar-nueve-senaturias-y-a-supraestatales","status":"publish","type":"post","link":"https:\/\/www.eldiario.net\/portal\/2024\/03\/31\/paz-propone-eliminar-nueve-senaturias-y-a-supraestatales\/","title":{"rendered":"Paz propone eliminar nueve  senatur\u00edas y a supraestatales"},"content":{"rendered":"<p>Planteando evitar que algunos departamentos pierdan esca\u00f1os parlamentarios como efecto de los resultados del reciente Censo Nacional de Poblaci\u00f3n y Vivienda, el senador por Comunidad Ciudadana (CC), Rodrigo Paz Pereira, propuso eliminar una senatur\u00eda por departamento y a los representantes supraestatales, se\u00f1alando que esta acci\u00f3n permitir\u00e1 ahorrar alrededor de 7 millones de bolivianos al erario nacional.<br \/>\nEn criterio del asamble\u00edsta representante de Tarija, con esta medida se busca que recursos para la asignaci\u00f3n de m\u00e1s Diputados para las regiones que aumentaron poblaci\u00f3n, salgan de las partidas presupuestarias ya asignadas y aprobadas por la ALP.<br \/>\nPaz cuestion\u00f3 que las regiones afectadas por la p\u00e9rdida de esca\u00f1os a causa de la disminuci\u00f3n de su poblaci\u00f3n, sean producto de las malas pol\u00edticas p\u00fablicas del Gobierno y la ausencia de pol\u00edticas para frenar la migraci\u00f3n hacia las principales ciudades del pa\u00eds.<br \/>\n\u201cEn el tema Legislativo, propuesta clara y puntual, se elimina un senador por cada departamento y se elimina los supraestatales. Dicho esto, llevar\u00eda a una suerte de ahorro de Bs 7 millones de bolivianos\u201d, precis\u00f3.<br \/>\nEn el caso de aquellas regiones que crecieron en poblaci\u00f3n y demandan m\u00e1s esca\u00f1os, el legislador explic\u00f3 que los recursos saldr\u00edan de los Bs 7 millones. Por ejemplo, para cinco nuevos diputados de diferentes regiones que hayan crecido, dispondr\u00edamos de Bs 2 millones para su funcionamiento y nos ahorrar\u00edamos Bs 5 millones\u201d, dijo.<br \/>\nPara el legislador de oposici\u00f3n, tambi\u00e9n es necesario disponer de los Bs 62 mil millones que el Estado central destina cada a\u00f1o a las empresas p\u00fablicas deficitarias, para invertir estos recursos en iniciativas particulares y emprendimientos que han demostrado ser efectivas en lo referido a la generaci\u00f3n de fuentes laborales.<br \/>\n\u201cLos emprendedores saben generar empleo, techo y comida, son necesarios en aquellas regiones que no crecieron y disminuyeron en poblaci\u00f3n\u201d, concluy\u00f3.<\/p>\n","protected":false},"excerpt":{"rendered":"<p>Planteando evitar que algunos departamentos pierdan esca\u00f1os parlamentarios como efecto de los resultados del reciente Censo Nacional de Poblaci\u00f3n y Vivienda, el senador por Comunidad Ciudadana (CC), Rodrigo Paz Pereira, propuso eliminar una senatur\u00eda por departamento y a los representantes supraestatales, se\u00f1alando que esta acci\u00f3n permitir\u00e1 ahorrar alrededor de 7 millones de bolivianos al erario [&hellip;]<\/p>\n","protected":false},"author":1,"featured_media":211303,"comment_status":"open","ping_status":"open","sticky":false,"template":"","format":"standard","meta":{"_acf_changed":false,"footnotes":""},"categories":[14],"tags":[],"class_list":["post-211302","post","type-post","status-publish","format-standard","has-post-thumbnail","category-politica"],"acf":{"antetitulo":"Ahorro alcanzar\u00eda Bs 7 millones"},"yoast_head":"<!-- This site is optimized with the Yoast SEO plugin v28.3 - https:\/\/yoast.com\/product\/yoast-seo-wordpress\/ -->\n<title>Paz propone eliminar nueve senatur\u00edas y a supraestatales - El Diario - Bolivia<\/title>\n<meta name=\"robots\" content=\"index, follow, max-snippet:-1, max-image-preview:large, max-video-preview:-1\" \/>\n<link rel=\"canonical\" href=\"https:\/\/www.eldiario.net\/portal\/2024\/03\/31\/paz-propone-eliminar-nueve-senaturias-y-a-supraestatales\/\" \/>\n<meta property=\"og:locale\" content=\"es_ES\" \/>\n<meta property=\"og:type\" content=\"article\" \/>\n<meta property=\"og:title\" content=\"Paz propone eliminar nueve senatur\u00edas y a supraestatales - El Diario - Bolivia\" \/>\n<meta property=\"og:description\" content=\"Planteando evitar que algunos departamentos pierdan esca\u00f1os parlamentarios como efecto de los resultados del reciente Censo Nacional de Poblaci\u00f3n y Vivienda, el senador por Comunidad Ciudadana (CC), Rodrigo Paz Pereira, propuso eliminar una senatur\u00eda por departamento y a los representantes supraestatales, se\u00f1alando que esta acci\u00f3n permitir\u00e1 ahorrar alrededor de 7 millones de bolivianos al erario [&hellip;]\" \/>\n<meta property=\"og:url\" content=\"https:\/\/www.eldiario.net\/portal\/2024\/03\/31\/paz-propone-eliminar-nueve-senaturias-y-a-supraestatales\/\" \/>\n<meta property=\"og:site_name\" content=\"El Diario - Bolivia\" \/>\n<meta property=\"article:publisher\" content=\"https:\/\/www.facebook.com\/eldiario.bolivia\/\" \/>\n<meta property=\"article:published_time\" content=\"2024-03-31T09:47:59+00:00\" \/>\n<meta property=\"og:image\" content=\"https:\/\/www.eldiario.net\/portal\/wp-content\/uploads\/2024\/03\/42-POL-6-e1711878467404.jpg\" \/>\n\t<meta property=\"og:image:width\" content=\"1280\" \/>\n\t<meta property=\"og:image:height\" content=\"974\" \/>\n\t<meta property=\"og:image:type\" content=\"image\/jpeg\" \/>\n<meta name=\"author\" content=\"Jeanette\" \/>\n<meta name=\"twitter:card\" content=\"summary_large_image\" \/>\n<meta name=\"twitter:creator\" content=\"@eldiario_net\" \/>\n<meta name=\"twitter:site\" content=\"@eldiario_net\" \/>\n<meta name=\"twitter:label1\" content=\"Escrito por\" \/>\n\t<meta name=\"twitter:data1\" content=\"Jeanette\" \/>\n\t<meta name=\"twitter:label2\" content=\"Tiempo de lectura\" \/>\n\t<meta name=\"twitter:data2\" content=\"2 minutos\" \/>\n<script type=\"application\/ld+json\" class=\"yoast-schema-graph\">{\"@context\":\"https:\\\/\\\/schema.org\",\"@graph\":[{\"@type\":\"Article\",\"@id\":\"https:\\\/\\\/www.eldiario.net\\\/portal\\\/2024\\\/03\\\/31\\\/paz-propone-eliminar-nueve-senaturias-y-a-supraestatales\\\/#article\",\"isPartOf\":{\"@id\":\"https:\\\/\\\/www.eldiario.net\\\/portal\\\/2024\\\/03\\\/31\\\/paz-propone-eliminar-nueve-senaturias-y-a-supraestatales\\\/\"},\"author\":{\"name\":\"Jeanette\",\"@id\":\"https:\\\/\\\/www.eldiario.net\\\/portal\\\/#\\\/schema\\\/person\\\/f46445640444750d7d753ccd04ae01b7\"},\"headline\":\"Paz propone eliminar nueve senatur\u00edas y a supraestatales\",\"datePublished\":\"2024-03-31T09:47:59+00:00\",\"mainEntityOfPage\":{\"@id\":\"https:\\\/\\\/www.eldiario.net\\\/portal\\\/2024\\\/03\\\/31\\\/paz-propone-eliminar-nueve-senaturias-y-a-supraestatales\\\/\"},\"wordCount\":330,\"commentCount\":0,\"publisher\":{\"@id\":\"https:\\\/\\\/www.eldiario.net\\\/portal\\\/#organization\"},\"image\":{\"@id\":\"https:\\\/\\\/www.eldiario.net\\\/portal\\\/2024\\\/03\\\/31\\\/paz-propone-eliminar-nueve-senaturias-y-a-supraestatales\\\/#primaryimage\"},\"thumbnailUrl\":\"https:\\\/\\\/www.eldiario.net\\\/portal\\\/wp-content\\\/uploads\\\/2024\\\/03\\\/42-POL-6-e1711878467404.jpg\",\"articleSection\":[\"Pol\u00edtica\"],\"inLanguage\":\"es\",\"potentialAction\":[{\"@type\":\"CommentAction\",\"name\":\"Comment\",\"target\":[\"https:\\\/\\\/www.eldiario.net\\\/portal\\\/2024\\\/03\\\/31\\\/paz-propone-eliminar-nueve-senaturias-y-a-supraestatales\\\/#respond\"]}]},{\"@type\":\"WebPage\",\"@id\":\"https:\\\/\\\/www.eldiario.net\\\/portal\\\/2024\\\/03\\\/31\\\/paz-propone-eliminar-nueve-senaturias-y-a-supraestatales\\\/\",\"url\":\"https:\\\/\\\/www.eldiario.net\\\/portal\\\/2024\\\/03\\\/31\\\/paz-propone-eliminar-nueve-senaturias-y-a-supraestatales\\\/\",\"name\":\"Paz propone eliminar nueve senatur\u00edas y a supraestatales - El Diario - Bolivia\",\"isPartOf\":{\"@id\":\"https:\\\/\\\/www.eldiario.net\\\/portal\\\/#website\"},\"primaryImageOfPage\":{\"@id\":\"https:\\\/\\\/www.eldiario.net\\\/portal\\\/2024\\\/03\\\/31\\\/paz-propone-eliminar-nueve-senaturias-y-a-supraestatales\\\/#primaryimage\"},\"image\":{\"@id\":\"https:\\\/\\\/www.eldiario.net\\\/portal\\\/2024\\\/03\\\/31\\\/paz-propone-eliminar-nueve-senaturias-y-a-supraestatales\\\/#primaryimage\"},\"thumbnailUrl\":\"https:\\\/\\\/www.eldiario.net\\\/portal\\\/wp-content\\\/uploads\\\/2024\\\/03\\\/42-POL-6-e1711878467404.jpg\",\"datePublished\":\"2024-03-31T09:47:59+00:00\",\"breadcrumb\":{\"@id\":\"https:\\\/\\\/www.eldiario.net\\\/portal\\\/2024\\\/03\\\/31\\\/paz-propone-eliminar-nueve-senaturias-y-a-supraestatales\\\/#breadcrumb\"},\"inLanguage\":\"es\",\"potentialAction\":[{\"@type\":\"ReadAction\",\"target\":[\"https:\\\/\\\/www.eldiario.net\\\/portal\\\/2024\\\/03\\\/31\\\/paz-propone-eliminar-nueve-senaturias-y-a-supraestatales\\\/\"]}]},{\"@type\":\"ImageObject\",\"inLanguage\":\"es\",\"@id\":\"https:\\\/\\\/www.eldiario.net\\\/portal\\\/2024\\\/03\\\/31\\\/paz-propone-eliminar-nueve-senaturias-y-a-supraestatales\\\/#primaryimage\",\"url\":\"https:\\\/\\\/www.eldiario.net\\\/portal\\\/wp-content\\\/uploads\\\/2024\\\/03\\\/42-POL-6-e1711878467404.jpg\",\"contentUrl\":\"https:\\\/\\\/www.eldiario.net\\\/portal\\\/wp-content\\\/uploads\\\/2024\\\/03\\\/42-POL-6-e1711878467404.jpg\",\"width\":1280,\"height\":974,\"caption\":\"Senador Rodrigo Paz (CC).\"},{\"@type\":\"BreadcrumbList\",\"@id\":\"https:\\\/\\\/www.eldiario.net\\\/portal\\\/2024\\\/03\\\/31\\\/paz-propone-eliminar-nueve-senaturias-y-a-supraestatales\\\/#breadcrumb\",\"itemListElement\":[{\"@type\":\"ListItem\",\"position\":1,\"name\":\"Portada\",\"item\":\"https:\\\/\\\/www.eldiario.net\\\/portal\\\/\"},{\"@type\":\"ListItem\",\"position\":2,\"name\":\"Paz propone eliminar nueve senatur\u00edas y a supraestatales\"}]},{\"@type\":\"WebSite\",\"@id\":\"https:\\\/\\\/www.eldiario.net\\\/portal\\\/#website\",\"url\":\"https:\\\/\\\/www.eldiario.net\\\/portal\\\/\",\"name\":\"El Diario - Decano de la prensa nacional\",\"description\":\"El Diario - Decano de la prensa nacional\",\"publisher\":{\"@id\":\"https:\\\/\\\/www.eldiario.net\\\/portal\\\/#organization\"},\"potentialAction\":[{\"@type\":\"SearchAction\",\"target\":{\"@type\":\"EntryPoint\",\"urlTemplate\":\"https:\\\/\\\/www.eldiario.net\\\/portal\\\/?s={search_term_string}\"},\"query-input\":{\"@type\":\"PropertyValueSpecification\",\"valueRequired\":true,\"valueName\":\"search_term_string\"}}],\"inLanguage\":\"es\"},{\"@type\":\"Organization\",\"@id\":\"https:\\\/\\\/www.eldiario.net\\\/portal\\\/#organization\",\"name\":\"El Diario - Decano de la prensa nacional\",\"url\":\"https:\\\/\\\/www.eldiario.net\\\/portal\\\/\",\"logo\":{\"@type\":\"ImageObject\",\"inLanguage\":\"es\",\"@id\":\"https:\\\/\\\/www.eldiario.net\\\/portal\\\/#\\\/schema\\\/logo\\\/image\\\/\",\"url\":\"https:\\\/\\\/www.eldiario.net\\\/portal\\\/wp-content\\\/uploads\\\/2023\\\/07\\\/logo_ED.jpg\",\"contentUrl\":\"https:\\\/\\\/www.eldiario.net\\\/portal\\\/wp-content\\\/uploads\\\/2023\\\/07\\\/logo_ED.jpg\",\"width\":272,\"height\":52,\"caption\":\"El Diario - Decano de la prensa nacional\"},\"image\":{\"@id\":\"https:\\\/\\\/www.eldiario.net\\\/portal\\\/#\\\/schema\\\/logo\\\/image\\\/\"},\"sameAs\":[\"https:\\\/\\\/www.facebook.com\\\/eldiario.bolivia\\\/\",\"https:\\\/\\\/x.com\\\/eldiario_net\"]},{\"@type\":\"Person\",\"@id\":\"https:\\\/\\\/www.eldiario.net\\\/portal\\\/#\\\/schema\\\/person\\\/f46445640444750d7d753ccd04ae01b7\",\"name\":\"Jeanette\",\"image\":{\"@type\":\"ImageObject\",\"inLanguage\":\"es\",\"@id\":\"https:\\\/\\\/secure.gravatar.com\\\/avatar\\\/3ea2118a5f7dad2b7138b1187a6b7ee55f160b9968b66013c3a3ef39dd7e5798?s=96&d=mm&r=g\",\"url\":\"https:\\\/\\\/secure.gravatar.com\\\/avatar\\\/3ea2118a5f7dad2b7138b1187a6b7ee55f160b9968b66013c3a3ef39dd7e5798?s=96&d=mm&r=g\",\"contentUrl\":\"https:\\\/\\\/secure.gravatar.com\\\/avatar\\\/3ea2118a5f7dad2b7138b1187a6b7ee55f160b9968b66013c3a3ef39dd7e5798?s=96&d=mm&r=g\",\"caption\":\"Jeanette\"},\"sameAs\":[\"https:\\\/\\\/www.eldiario.net\\\/portal\"],\"url\":\"https:\\\/\\\/www.eldiario.net\\\/portal\\\/author\\\/jeanette\\\/\"}]}<\/script>\n<!-- \/ Yoast SEO plugin. -->","yoast_head_json":{"title":"Paz propone eliminar nueve senatur\u00edas y a supraestatales - El Diario - Bolivia","robots":{"index":"index","follow":"follow","max-snippet":"max-snippet:-1","max-image-preview":"max-image-preview:large","max-video-preview":"max-video-preview:-1"},"canonical":"https:\/\/www.eldiario.net\/portal\/2024\/03\/31\/paz-propone-eliminar-nueve-senaturias-y-a-supraestatales\/","og_locale":"es_ES","og_type":"article","og_title":"Paz propone eliminar nueve senatur\u00edas y a supraestatales - El Diario - Bolivia","og_description":"Planteando evitar que algunos departamentos pierdan esca\u00f1os parlamentarios como efecto de los resultados del reciente Censo Nacional de Poblaci\u00f3n y Vivienda, el senador por Comunidad Ciudadana (CC), Rodrigo Paz Pereira, propuso eliminar una senatur\u00eda por departamento y a los representantes supraestatales, se\u00f1alando que esta acci\u00f3n permitir\u00e1 ahorrar alrededor de 7 millones de bolivianos al erario [&hellip;]","og_url":"https:\/\/www.eldiario.net\/portal\/2024\/03\/31\/paz-propone-eliminar-nueve-senaturias-y-a-supraestatales\/","og_site_name":"El Diario - Bolivia","article_publisher":"https:\/\/www.facebook.com\/eldiario.bolivia\/","article_published_time":"2024-03-31T09:47:59+00:00","og_image":[{"width":1280,"height":974,"url":"https:\/\/www.eldiario.net\/portal\/wp-content\/uploads\/2024\/03\/42-POL-6-e1711878467404.jpg","type":"image\/jpeg"}],"author":"Jeanette","twitter_card":"summary_large_image","twitter_creator":"@eldiario_net","twitter_site":"@eldiario_net","twitter_misc":{"Escrito por":"Jeanette","Tiempo de lectura":"2 minutos"},"schema":{"@context":"https:\/\/schema.org","@graph":[{"@type":"Article","@id":"https:\/\/www.eldiario.net\/portal\/2024\/03\/31\/paz-propone-eliminar-nueve-senaturias-y-a-supraestatales\/#article","isPartOf":{"@id":"https:\/\/www.eldiario.net\/portal\/2024\/03\/31\/paz-propone-eliminar-nueve-senaturias-y-a-supraestatales\/"},"author":{"name":"Jeanette","@id":"https:\/\/www.eldiario.net\/portal\/#\/schema\/person\/f46445640444750d7d753ccd04ae01b7"},"headline":"Paz propone eliminar nueve senatur\u00edas y a supraestatales","datePublished":"2024-03-31T09:47:59+00:00","mainEntityOfPage":{"@id":"https:\/\/www.eldiario.net\/portal\/2024\/03\/31\/paz-propone-eliminar-nueve-senaturias-y-a-supraestatales\/"},"wordCount":330,"commentCount":0,"publisher":{"@id":"https:\/\/www.eldiario.net\/portal\/#organization"},"image":{"@id":"https:\/\/www.eldiario.net\/portal\/2024\/03\/31\/paz-propone-eliminar-nueve-senaturias-y-a-supraestatales\/#primaryimage"},"thumbnailUrl":"https:\/\/www.eldiario.net\/portal\/wp-content\/uploads\/2024\/03\/42-POL-6-e1711878467404.jpg","articleSection":["Pol\u00edtica"],"inLanguage":"es","potentialAction":[{"@type":"CommentAction","name":"Comment","target":["https:\/\/www.eldiario.net\/portal\/2024\/03\/31\/paz-propone-eliminar-nueve-senaturias-y-a-supraestatales\/#respond"]}]},{"@type":"WebPage","@id":"https:\/\/www.eldiario.net\/portal\/2024\/03\/31\/paz-propone-eliminar-nueve-senaturias-y-a-supraestatales\/","url":"https:\/\/www.eldiario.net\/portal\/2024\/03\/31\/paz-propone-eliminar-nueve-senaturias-y-a-supraestatales\/","name":"Paz propone eliminar nueve senatur\u00edas y a supraestatales - El Diario - Bolivia","isPartOf":{"@id":"https:\/\/www.eldiario.net\/portal\/#website"},"primaryImageOfPage":{"@id":"https:\/\/www.eldiario.net\/portal\/2024\/03\/31\/paz-propone-eliminar-nueve-senaturias-y-a-supraestatales\/#primaryimage"},"image":{"@id":"https:\/\/www.eldiario.net\/portal\/2024\/03\/31\/paz-propone-eliminar-nueve-senaturias-y-a-supraestatales\/#primaryimage"},"thumbnailUrl":"https:\/\/www.eldiario.net\/portal\/wp-content\/uploads\/2024\/03\/42-POL-6-e1711878467404.jpg","datePublished":"2024-03-31T09:47:59+00:00","breadcrumb":{"@id":"https:\/\/www.eldiario.net\/portal\/2024\/03\/31\/paz-propone-eliminar-nueve-senaturias-y-a-supraestatales\/#breadcrumb"},"inLanguage":"es","potentialAction":[{"@type":"ReadAction","target":["https:\/\/www.eldiario.net\/portal\/2024\/03\/31\/paz-propone-eliminar-nueve-senaturias-y-a-supraestatales\/"]}]},{"@type":"ImageObject","inLanguage":"es","@id":"https:\/\/www.eldiario.net\/portal\/2024\/03\/31\/paz-propone-eliminar-nueve-senaturias-y-a-supraestatales\/#primaryimage","url":"https:\/\/www.eldiario.net\/portal\/wp-content\/uploads\/2024\/03\/42-POL-6-e1711878467404.jpg","contentUrl":"https:\/\/www.eldiario.net\/portal\/wp-content\/uploads\/2024\/03\/42-POL-6-e1711878467404.jpg","width":1280,"height":974,"caption":"Senador Rodrigo Paz (CC)."},{"@type":"BreadcrumbList","@id":"https:\/\/www.eldiario.net\/portal\/2024\/03\/31\/paz-propone-eliminar-nueve-senaturias-y-a-supraestatales\/#breadcrumb","itemListElement":[{"@type":"ListItem","position":1,"name":"Portada","item":"https:\/\/www.eldiario.net\/portal\/"},{"@type":"ListItem","position":2,"name":"Paz propone eliminar nueve senatur\u00edas y a supraestatales"}]},{"@type":"WebSite","@id":"https:\/\/www.eldiario.net\/portal\/#website","url":"https:\/\/www.eldiario.net\/portal\/","name":"El Diario - Decano de la prensa nacional","description":"El Diario - Decano de la prensa nacional","publisher":{"@id":"https:\/\/www.eldiario.net\/portal\/#organization"},"potentialAction":[{"@type":"SearchAction","target":{"@type":"EntryPoint","urlTemplate":"https:\/\/www.eldiario.net\/portal\/?s={search_term_string}"},"query-input":{"@type":"PropertyValueSpecification","valueRequired":true,"valueName":"search_term_string"}}],"inLanguage":"es"},{"@type":"Organization","@id":"https:\/\/www.eldiario.net\/portal\/#organization","name":"El Diario - Decano de la prensa nacional","url":"https:\/\/www.eldiario.net\/portal\/","logo":{"@type":"ImageObject","inLanguage":"es","@id":"https:\/\/www.eldiario.net\/portal\/#\/schema\/logo\/image\/","url":"https:\/\/www.eldiario.net\/portal\/wp-content\/uploads\/2023\/07\/logo_ED.jpg","contentUrl":"https:\/\/www.eldiario.net\/portal\/wp-content\/uploads\/2023\/07\/logo_ED.jpg","width":272,"height":52,"caption":"El Diario - Decano de la prensa nacional"},"image":{"@id":"https:\/\/www.eldiario.net\/portal\/#\/schema\/logo\/image\/"},"sameAs":["https:\/\/www.facebook.com\/eldiario.bolivia\/","https:\/\/x.com\/eldiario_net"]},{"@type":"Person","@id":"https:\/\/www.eldiario.net\/portal\/#\/schema\/person\/f46445640444750d7d753ccd04ae01b7","name":"Jeanette","image":{"@type":"ImageObject","inLanguage":"es","@id":"https:\/\/secure.gravatar.com\/avatar\/3ea2118a5f7dad2b7138b1187a6b7ee55f160b9968b66013c3a3ef39dd7e5798?s=96&d=mm&r=g","url":"https:\/\/secure.gravatar.com\/avatar\/3ea2118a5f7dad2b7138b1187a6b7ee55f160b9968b66013c3a3ef39dd7e5798?s=96&d=mm&r=g","contentUrl":"https:\/\/secure.gravatar.com\/avatar\/3ea2118a5f7dad2b7138b1187a6b7ee55f160b9968b66013c3a3ef39dd7e5798?s=96&d=mm&r=g","caption":"Jeanette"},"sameAs":["https:\/\/www.eldiario.net\/portal"],"url":"https:\/\/www.eldiario.net\/portal\/author\/jeanette\/"}]}},"_links":{"self":[{"href":"https:\/\/www.eldiario.net\/portal\/wp-json\/wp\/v2\/posts\/211302","targetHints":{"allow":["GET"]}}],"collection":[{"href":"https:\/\/www.eldiario.net\/portal\/wp-json\/wp\/v2\/posts"}],"about":[{"href":"https:\/\/www.eldiario.net\/portal\/wp-json\/wp\/v2\/types\/post"}],"author":[{"embeddable":true,"href":"https:\/\/www.eldiario.net\/portal\/wp-json\/wp\/v2\/users\/1"}],"replies":[{"embeddable":true,"href":"https:\/\/www.eldiario.net\/portal\/wp-json\/wp\/v2\/comments?post=211302"}],"version-history":[{"count":1,"href":"https:\/\/www.eldiario.net\/portal\/wp-json\/wp\/v2\/posts\/211302\/revisions"}],"predecessor-version":[{"id":211304,"href":"https:\/\/www.eldiario.net\/portal\/wp-json\/wp\/v2\/posts\/211302\/revisions\/211304"}],"wp:featuredmedia":[{"embeddable":true,"href":"https:\/\/www.eldiario.net\/portal\/wp-json\/wp\/v2\/media\/211303"}],"wp:attachment":[{"href":"https:\/\/www.eldiario.net\/portal\/wp-json\/wp\/v2\/media?parent=211302"}],"wp:term":[{"taxonomy":"category","embeddable":true,"href":"https:\/\/www.eldiario.net\/portal\/wp-json\/wp\/v2\/categories?post=211302"},{"taxonomy":"post_tag","embeddable":true,"href":"https:\/\/www.eldiario.net\/portal\/wp-json\/wp\/v2\/tags?post=211302"}],"curies":[{"name":"wp","href":"https:\/\/api.w.org\/{rel}","templated":true}]}}