{"id":211299,"date":"2024-03-31T05:46:56","date_gmt":"2024-03-31T09:46:56","guid":{"rendered":"https:\/\/www.eldiario.net\/portal\/?p=211299"},"modified":"2024-03-31T05:46:56","modified_gmt":"2024-03-31T09:46:56","slug":"sanidad-notifica-4-000-casos-de-tosferina-en-lo-que-va-de-ano","status":"publish","type":"post","link":"https:\/\/www.eldiario.net\/portal\/2024\/03\/31\/sanidad-notifica-4-000-casos-de-tosferina-en-lo-que-va-de-ano\/","title":{"rendered":"Sanidad notifica 4.000 casos de  tosferina en lo que va de a\u00f1o"},"content":{"rendered":"<p>El Instituto de Salud Carlos III, notific\u00f3 4.000 casos de tosferina entre enero y febrero, cerca del doble de lo que se registr\u00f3 en todo 2023 (2.560 casos), seg\u00fan se recoge en un informe de la Red Nacional de Vigilancia Epidemiol\u00f3gica (Renave).<br \/>\nLa tosferina es una infecci\u00f3n frecuente del tracto respiratorio, muy contagiosa, causada por la \u2018Bordetella Pertussis\u2019 o \u2018Bordetella Parapertussis\u2019.<br \/>\nLa presentaci\u00f3n cl\u00ednica depende de la edad y de los antecedentes de vacunaci\u00f3n. En adolescentes y adultos, la enfermedad puede ser leve, mientras que, en los menores de 6 meses, sobre todo en los menores de 3 que a\u00fan no recibieron dos dosis de primovacunaci\u00f3n, la tosferina presenta riesgo de complicaciones y mortalidad.<br \/>\nDe hecho, este mismo informe alerta de la muerte de un lactante durante 2023 por tosferina en el primer mes de vida, sin condiciones de riesgo, cuya madre no se hab\u00eda vacunado durante la gestaci\u00f3n.<br \/>\nEl actual calendario vacunal recomienda 4 dosis de vacuna frente a la tosferina: primovacunaci\u00f3n a los 2 y 4 meses de vida y dos dosis de recuerdo a los 11 meses y a los 6 a\u00f1os. En 2016, se introdujo la vacunaci\u00f3n de las embarazadas a partir de la semana 27 con la vacuna triple bacteriana acelular (dTpa).<br \/>\nLas coberturas de primovacunaci\u00f3n se mantuvieron por encima del 90 por ciento en las \u00faltimas d\u00e9cadas. En el 2022, la cobertura de primovacunaci\u00f3n fue de 93,3 por ciento y la cobertura de dTpa en embarazadas fue del 87,2 por ciento.<\/p>\n<p>REPUNTE DE CASOS<br \/>\nDESDE EL VERANO DE 2023<br \/>\nDurante el per\u00edodo pand\u00e9mico 2020-2022, la incidencia de tosferina se redujo dr\u00e1sticamente, pero, a partir del verano del 2023, la enfermedad ha experimentado un r\u00e1pido crecimiento, marcando el inicio de una nueva onda epid\u00e9mica.<br \/>\nLa mayor\u00eda de los casos ocurrieron en edad pedi\u00e1trica (71,5% en menores de 15 a\u00f1os). Destaca el grupo de 10 a 14 a\u00f1os, que es el que m\u00e1s casos acumula, con el 36,3 por ciento del total de casos.<br \/>\nLa incidencia de tosferina es siempre m\u00e1xima en los menores de un a\u00f1o, seguida del resto de grupos en edad pedi\u00e1trica (1-14 a\u00f1os). En los \u00faltimos a\u00f1os, la incidencia de tosferina en los adolescentes de 10 a 14 a\u00f1os creci\u00f3 m\u00e1s r\u00e1pidamente que en el resto de grupos pedi\u00e1tricos, alcanzando valores que est\u00e1n solo por detr\u00e1s de las tasas en los menores de un a\u00f1o.(Europa Press)<\/p>\n<p>LOS MENORES DE UN A\u00d1O ENCABEZAN LAS HOSPITALIZACIONES<br \/>\nEn 2023, el 5,6 por ciento de los casos declarados de tosferina se hospitalizaron. Los menores de un a\u00f1o registraron el mayor porcentaje, con el 33,3 por ciento de casos hospitalizados, seguido de los adultos mayores de 50 a\u00f1os, con el 14,7 por ciento.<br \/>\nAsimismo, se notificaron m\u00e1s casos de tosferina en mujeres en todos los grupos de edad. En los menores de un a\u00f1o y en los grupos de 10 a 14 a\u00f1os y de 15 a 49 a\u00f1os, se declararon m\u00e1s casos hospitalizados en hombres.<br \/>\nPor CCAA, en 2023 la incidencia de tosferina fue heterog\u00e9nea, con valores m\u00e1ximos en Pa\u00eds Vasco (22,7 casos por 100.000 habitantes) y Arag\u00f3n (13,6), y m\u00ednimos en Asturias y Baleares (0,33 y 0,20 respectivamente).<br \/>\nGlobalmente, el 82,7 por ciento de los casos confirmados notificados estaban vacunados (hasta el 92,9% de los casos en los menores de 15 a\u00f1os) y el 60,6 por ciento ten\u00eda 5 o m\u00e1s dosis de vacuna administradas.<br \/>\nEl promedio de tiempo transcurrido entre la \u00faltima dosis de vacuna registrada y la aparici\u00f3n del caso fue de 5,6 a\u00f1os (rango de 19 d\u00edas a 42 a\u00f1os); la mediana fue de 5,3 a\u00f1os.<br \/>\nEn el grupo de 10 a 14 a\u00f1os, el porcentaje de vacunaci\u00f3n entre los casos confirmados fue del 97,3 por ciento. La media de tiempo transcurrido desde la \u00faltima dosis de vacuna y la aparici\u00f3n del caso fue de 6,3 a\u00f1os (rango entre 1 a\u00f1o y 13,4 a\u00f1os); la mediana fue de 6 a\u00f1os.<\/p>\n","protected":false},"excerpt":{"rendered":"<p>El Instituto de Salud Carlos III, notific\u00f3 4.000 casos de tosferina entre enero y febrero, cerca del doble de lo que se registr\u00f3 en todo 2023 (2.560 casos), seg\u00fan se recoge en un informe de la Red Nacional de Vigilancia Epidemiol\u00f3gica (Renave). La tosferina es una infecci\u00f3n frecuente del tracto respiratorio, muy contagiosa, causada por [&hellip;]<\/p>\n","protected":false},"author":1,"featured_media":211300,"comment_status":"open","ping_status":"open","sticky":false,"template":"","format":"standard","meta":{"_acf_changed":false,"footnotes":""},"categories":[3],"tags":[],"class_list":["post-211299","post","type-post","status-publish","format-standard","has-post-thumbnail","category-internacional"],"acf":{"antetitulo":"El doble del registro de 2023 en Espa\u00f1a"},"yoast_head":"<!-- This site is optimized with the Yoast SEO plugin v28.4 - https:\/\/yoast.com\/product\/yoast-seo-wordpress\/ -->\n<title>Sanidad notifica 4.000 casos de tosferina en lo que va de a\u00f1o - El Diario - Bolivia<\/title>\n<meta name=\"robots\" content=\"index, follow, max-snippet:-1, max-image-preview:large, max-video-preview:-1\" \/>\n<link rel=\"canonical\" href=\"https:\/\/www.eldiario.net\/portal\/2024\/03\/31\/sanidad-notifica-4-000-casos-de-tosferina-en-lo-que-va-de-ano\/\" \/>\n<meta property=\"og:locale\" content=\"es_ES\" \/>\n<meta property=\"og:type\" content=\"article\" \/>\n<meta property=\"og:title\" content=\"Sanidad notifica 4.000 casos de tosferina en lo que va de a\u00f1o - El Diario - Bolivia\" \/>\n<meta property=\"og:description\" content=\"El Instituto de Salud Carlos III, notific\u00f3 4.000 casos de tosferina entre enero y febrero, cerca del doble de lo que se registr\u00f3 en todo 2023 (2.560 casos), seg\u00fan se recoge en un informe de la Red Nacional de Vigilancia Epidemiol\u00f3gica (Renave). La tosferina es una infecci\u00f3n frecuente del tracto respiratorio, muy contagiosa, causada por [&hellip;]\" \/>\n<meta property=\"og:url\" content=\"https:\/\/www.eldiario.net\/portal\/2024\/03\/31\/sanidad-notifica-4-000-casos-de-tosferina-en-lo-que-va-de-ano\/\" \/>\n<meta property=\"og:site_name\" content=\"El Diario - Bolivia\" \/>\n<meta property=\"article:publisher\" content=\"https:\/\/www.facebook.com\/eldiario.bolivia\/\" \/>\n<meta property=\"article:published_time\" content=\"2024-03-31T09:46:56+00:00\" \/>\n<meta property=\"og:image\" content=\"https:\/\/www.eldiario.net\/portal\/wp-content\/uploads\/2024\/03\/VACUNA-1.jpg\" \/>\n\t<meta property=\"og:image:width\" content=\"1181\" \/>\n\t<meta property=\"og:image:height\" content=\"664\" \/>\n\t<meta property=\"og:image:type\" content=\"image\/jpeg\" \/>\n<meta name=\"author\" content=\"Jeanette\" \/>\n<meta name=\"twitter:card\" content=\"summary_large_image\" \/>\n<meta name=\"twitter:creator\" content=\"@eldiario_net\" \/>\n<meta name=\"twitter:site\" content=\"@eldiario_net\" \/>\n<meta name=\"twitter:label1\" content=\"Escrito por\" \/>\n\t<meta name=\"twitter:data1\" content=\"Jeanette\" \/>\n\t<meta name=\"twitter:label2\" content=\"Tiempo de lectura\" \/>\n\t<meta name=\"twitter:data2\" content=\"3 minutos\" \/>\n<script type=\"application\/ld+json\" class=\"yoast-schema-graph\">{\"@context\":\"https:\\\/\\\/schema.org\",\"@graph\":[{\"@type\":\"Article\",\"@id\":\"https:\\\/\\\/www.eldiario.net\\\/portal\\\/2024\\\/03\\\/31\\\/sanidad-notifica-4-000-casos-de-tosferina-en-lo-que-va-de-ano\\\/#article\",\"isPartOf\":{\"@id\":\"https:\\\/\\\/www.eldiario.net\\\/portal\\\/2024\\\/03\\\/31\\\/sanidad-notifica-4-000-casos-de-tosferina-en-lo-que-va-de-ano\\\/\"},\"author\":{\"name\":\"Jeanette\",\"@id\":\"https:\\\/\\\/www.eldiario.net\\\/portal\\\/#\\\/schema\\\/person\\\/f46445640444750d7d753ccd04ae01b7\"},\"headline\":\"Sanidad notifica 4.000 casos de tosferina en lo que va de a\u00f1o\",\"datePublished\":\"2024-03-31T09:46:56+00:00\",\"mainEntityOfPage\":{\"@id\":\"https:\\\/\\\/www.eldiario.net\\\/portal\\\/2024\\\/03\\\/31\\\/sanidad-notifica-4-000-casos-de-tosferina-en-lo-que-va-de-ano\\\/\"},\"wordCount\":670,\"commentCount\":0,\"publisher\":{\"@id\":\"https:\\\/\\\/www.eldiario.net\\\/portal\\\/#organization\"},\"image\":{\"@id\":\"https:\\\/\\\/www.eldiario.net\\\/portal\\\/2024\\\/03\\\/31\\\/sanidad-notifica-4-000-casos-de-tosferina-en-lo-que-va-de-ano\\\/#primaryimage\"},\"thumbnailUrl\":\"https:\\\/\\\/www.eldiario.net\\\/portal\\\/wp-content\\\/uploads\\\/2024\\\/03\\\/VACUNA-1.jpg\",\"articleSection\":[\"Internacional\"],\"inLanguage\":\"es\",\"potentialAction\":[{\"@type\":\"CommentAction\",\"name\":\"Comment\",\"target\":[\"https:\\\/\\\/www.eldiario.net\\\/portal\\\/2024\\\/03\\\/31\\\/sanidad-notifica-4-000-casos-de-tosferina-en-lo-que-va-de-ano\\\/#respond\"]}]},{\"@type\":\"WebPage\",\"@id\":\"https:\\\/\\\/www.eldiario.net\\\/portal\\\/2024\\\/03\\\/31\\\/sanidad-notifica-4-000-casos-de-tosferina-en-lo-que-va-de-ano\\\/\",\"url\":\"https:\\\/\\\/www.eldiario.net\\\/portal\\\/2024\\\/03\\\/31\\\/sanidad-notifica-4-000-casos-de-tosferina-en-lo-que-va-de-ano\\\/\",\"name\":\"Sanidad notifica 4.000 casos de tosferina en lo que va de a\u00f1o - El Diario - Bolivia\",\"isPartOf\":{\"@id\":\"https:\\\/\\\/www.eldiario.net\\\/portal\\\/#website\"},\"primaryImageOfPage\":{\"@id\":\"https:\\\/\\\/www.eldiario.net\\\/portal\\\/2024\\\/03\\\/31\\\/sanidad-notifica-4-000-casos-de-tosferina-en-lo-que-va-de-ano\\\/#primaryimage\"},\"image\":{\"@id\":\"https:\\\/\\\/www.eldiario.net\\\/portal\\\/2024\\\/03\\\/31\\\/sanidad-notifica-4-000-casos-de-tosferina-en-lo-que-va-de-ano\\\/#primaryimage\"},\"thumbnailUrl\":\"https:\\\/\\\/www.eldiario.net\\\/portal\\\/wp-content\\\/uploads\\\/2024\\\/03\\\/VACUNA-1.jpg\",\"datePublished\":\"2024-03-31T09:46:56+00:00\",\"breadcrumb\":{\"@id\":\"https:\\\/\\\/www.eldiario.net\\\/portal\\\/2024\\\/03\\\/31\\\/sanidad-notifica-4-000-casos-de-tosferina-en-lo-que-va-de-ano\\\/#breadcrumb\"},\"inLanguage\":\"es\",\"potentialAction\":[{\"@type\":\"ReadAction\",\"target\":[\"https:\\\/\\\/www.eldiario.net\\\/portal\\\/2024\\\/03\\\/31\\\/sanidad-notifica-4-000-casos-de-tosferina-en-lo-que-va-de-ano\\\/\"]}]},{\"@type\":\"ImageObject\",\"inLanguage\":\"es\",\"@id\":\"https:\\\/\\\/www.eldiario.net\\\/portal\\\/2024\\\/03\\\/31\\\/sanidad-notifica-4-000-casos-de-tosferina-en-lo-que-va-de-ano\\\/#primaryimage\",\"url\":\"https:\\\/\\\/www.eldiario.net\\\/portal\\\/wp-content\\\/uploads\\\/2024\\\/03\\\/VACUNA-1.jpg\",\"contentUrl\":\"https:\\\/\\\/www.eldiario.net\\\/portal\\\/wp-content\\\/uploads\\\/2024\\\/03\\\/VACUNA-1.jpg\",\"width\":1181,\"height\":664,\"caption\":\"SE RECOMIENDA 4 DOSIS DE VACUNA FRENTE A LA TOSFERINA. La Sexta\"},{\"@type\":\"BreadcrumbList\",\"@id\":\"https:\\\/\\\/www.eldiario.net\\\/portal\\\/2024\\\/03\\\/31\\\/sanidad-notifica-4-000-casos-de-tosferina-en-lo-que-va-de-ano\\\/#breadcrumb\",\"itemListElement\":[{\"@type\":\"ListItem\",\"position\":1,\"name\":\"Portada\",\"item\":\"https:\\\/\\\/www.eldiario.net\\\/portal\\\/\"},{\"@type\":\"ListItem\",\"position\":2,\"name\":\"Sanidad notifica 4.000 casos de tosferina en lo que va de a\u00f1o\"}]},{\"@type\":\"WebSite\",\"@id\":\"https:\\\/\\\/www.eldiario.net\\\/portal\\\/#website\",\"url\":\"https:\\\/\\\/www.eldiario.net\\\/portal\\\/\",\"name\":\"El Diario - Decano de la prensa nacional\",\"description\":\"El Diario - Decano de la prensa nacional\",\"publisher\":{\"@id\":\"https:\\\/\\\/www.eldiario.net\\\/portal\\\/#organization\"},\"potentialAction\":[{\"@type\":\"SearchAction\",\"target\":{\"@type\":\"EntryPoint\",\"urlTemplate\":\"https:\\\/\\\/www.eldiario.net\\\/portal\\\/?s={search_term_string}\"},\"query-input\":{\"@type\":\"PropertyValueSpecification\",\"valueRequired\":true,\"valueName\":\"search_term_string\"}}],\"inLanguage\":\"es\"},{\"@type\":\"Organization\",\"@id\":\"https:\\\/\\\/www.eldiario.net\\\/portal\\\/#organization\",\"name\":\"El Diario - Decano de la prensa nacional\",\"url\":\"https:\\\/\\\/www.eldiario.net\\\/portal\\\/\",\"logo\":{\"@type\":\"ImageObject\",\"inLanguage\":\"es\",\"@id\":\"https:\\\/\\\/www.eldiario.net\\\/portal\\\/#\\\/schema\\\/logo\\\/image\\\/\",\"url\":\"https:\\\/\\\/www.eldiario.net\\\/portal\\\/wp-content\\\/uploads\\\/2023\\\/07\\\/logo_ED.jpg\",\"contentUrl\":\"https:\\\/\\\/www.eldiario.net\\\/portal\\\/wp-content\\\/uploads\\\/2023\\\/07\\\/logo_ED.jpg\",\"width\":272,\"height\":52,\"caption\":\"El Diario - Decano de la prensa nacional\"},\"image\":{\"@id\":\"https:\\\/\\\/www.eldiario.net\\\/portal\\\/#\\\/schema\\\/logo\\\/image\\\/\"},\"sameAs\":[\"https:\\\/\\\/www.facebook.com\\\/eldiario.bolivia\\\/\",\"https:\\\/\\\/x.com\\\/eldiario_net\"]},{\"@type\":\"Person\",\"@id\":\"https:\\\/\\\/www.eldiario.net\\\/portal\\\/#\\\/schema\\\/person\\\/f46445640444750d7d753ccd04ae01b7\",\"name\":\"Jeanette\",\"image\":{\"@type\":\"ImageObject\",\"inLanguage\":\"es\",\"@id\":\"https:\\\/\\\/secure.gravatar.com\\\/avatar\\\/3ea2118a5f7dad2b7138b1187a6b7ee55f160b9968b66013c3a3ef39dd7e5798?s=96&d=mm&r=g\",\"url\":\"https:\\\/\\\/secure.gravatar.com\\\/avatar\\\/3ea2118a5f7dad2b7138b1187a6b7ee55f160b9968b66013c3a3ef39dd7e5798?s=96&d=mm&r=g\",\"contentUrl\":\"https:\\\/\\\/secure.gravatar.com\\\/avatar\\\/3ea2118a5f7dad2b7138b1187a6b7ee55f160b9968b66013c3a3ef39dd7e5798?s=96&d=mm&r=g\",\"caption\":\"Jeanette\"},\"sameAs\":[\"https:\\\/\\\/www.eldiario.net\\\/portal\"],\"url\":\"https:\\\/\\\/www.eldiario.net\\\/portal\\\/author\\\/jeanette\\\/\"}]}<\/script>\n<!-- \/ Yoast SEO plugin. -->","yoast_head_json":{"title":"Sanidad notifica 4.000 casos de tosferina en lo que va de a\u00f1o - El Diario - Bolivia","robots":{"index":"index","follow":"follow","max-snippet":"max-snippet:-1","max-image-preview":"max-image-preview:large","max-video-preview":"max-video-preview:-1"},"canonical":"https:\/\/www.eldiario.net\/portal\/2024\/03\/31\/sanidad-notifica-4-000-casos-de-tosferina-en-lo-que-va-de-ano\/","og_locale":"es_ES","og_type":"article","og_title":"Sanidad notifica 4.000 casos de tosferina en lo que va de a\u00f1o - El Diario - Bolivia","og_description":"El Instituto de Salud Carlos III, notific\u00f3 4.000 casos de tosferina entre enero y febrero, cerca del doble de lo que se registr\u00f3 en todo 2023 (2.560 casos), seg\u00fan se recoge en un informe de la Red Nacional de Vigilancia Epidemiol\u00f3gica (Renave). La tosferina es una infecci\u00f3n frecuente del tracto respiratorio, muy contagiosa, causada por [&hellip;]","og_url":"https:\/\/www.eldiario.net\/portal\/2024\/03\/31\/sanidad-notifica-4-000-casos-de-tosferina-en-lo-que-va-de-ano\/","og_site_name":"El Diario - Bolivia","article_publisher":"https:\/\/www.facebook.com\/eldiario.bolivia\/","article_published_time":"2024-03-31T09:46:56+00:00","og_image":[{"width":1181,"height":664,"url":"https:\/\/www.eldiario.net\/portal\/wp-content\/uploads\/2024\/03\/VACUNA-1.jpg","type":"image\/jpeg"}],"author":"Jeanette","twitter_card":"summary_large_image","twitter_creator":"@eldiario_net","twitter_site":"@eldiario_net","twitter_misc":{"Escrito por":"Jeanette","Tiempo de lectura":"3 minutos"},"schema":{"@context":"https:\/\/schema.org","@graph":[{"@type":"Article","@id":"https:\/\/www.eldiario.net\/portal\/2024\/03\/31\/sanidad-notifica-4-000-casos-de-tosferina-en-lo-que-va-de-ano\/#article","isPartOf":{"@id":"https:\/\/www.eldiario.net\/portal\/2024\/03\/31\/sanidad-notifica-4-000-casos-de-tosferina-en-lo-que-va-de-ano\/"},"author":{"name":"Jeanette","@id":"https:\/\/www.eldiario.net\/portal\/#\/schema\/person\/f46445640444750d7d753ccd04ae01b7"},"headline":"Sanidad notifica 4.000 casos de tosferina en lo que va de a\u00f1o","datePublished":"2024-03-31T09:46:56+00:00","mainEntityOfPage":{"@id":"https:\/\/www.eldiario.net\/portal\/2024\/03\/31\/sanidad-notifica-4-000-casos-de-tosferina-en-lo-que-va-de-ano\/"},"wordCount":670,"commentCount":0,"publisher":{"@id":"https:\/\/www.eldiario.net\/portal\/#organization"},"image":{"@id":"https:\/\/www.eldiario.net\/portal\/2024\/03\/31\/sanidad-notifica-4-000-casos-de-tosferina-en-lo-que-va-de-ano\/#primaryimage"},"thumbnailUrl":"https:\/\/www.eldiario.net\/portal\/wp-content\/uploads\/2024\/03\/VACUNA-1.jpg","articleSection":["Internacional"],"inLanguage":"es","potentialAction":[{"@type":"CommentAction","name":"Comment","target":["https:\/\/www.eldiario.net\/portal\/2024\/03\/31\/sanidad-notifica-4-000-casos-de-tosferina-en-lo-que-va-de-ano\/#respond"]}]},{"@type":"WebPage","@id":"https:\/\/www.eldiario.net\/portal\/2024\/03\/31\/sanidad-notifica-4-000-casos-de-tosferina-en-lo-que-va-de-ano\/","url":"https:\/\/www.eldiario.net\/portal\/2024\/03\/31\/sanidad-notifica-4-000-casos-de-tosferina-en-lo-que-va-de-ano\/","name":"Sanidad notifica 4.000 casos de tosferina en lo que va de a\u00f1o - El Diario - Bolivia","isPartOf":{"@id":"https:\/\/www.eldiario.net\/portal\/#website"},"primaryImageOfPage":{"@id":"https:\/\/www.eldiario.net\/portal\/2024\/03\/31\/sanidad-notifica-4-000-casos-de-tosferina-en-lo-que-va-de-ano\/#primaryimage"},"image":{"@id":"https:\/\/www.eldiario.net\/portal\/2024\/03\/31\/sanidad-notifica-4-000-casos-de-tosferina-en-lo-que-va-de-ano\/#primaryimage"},"thumbnailUrl":"https:\/\/www.eldiario.net\/portal\/wp-content\/uploads\/2024\/03\/VACUNA-1.jpg","datePublished":"2024-03-31T09:46:56+00:00","breadcrumb":{"@id":"https:\/\/www.eldiario.net\/portal\/2024\/03\/31\/sanidad-notifica-4-000-casos-de-tosferina-en-lo-que-va-de-ano\/#breadcrumb"},"inLanguage":"es","potentialAction":[{"@type":"ReadAction","target":["https:\/\/www.eldiario.net\/portal\/2024\/03\/31\/sanidad-notifica-4-000-casos-de-tosferina-en-lo-que-va-de-ano\/"]}]},{"@type":"ImageObject","inLanguage":"es","@id":"https:\/\/www.eldiario.net\/portal\/2024\/03\/31\/sanidad-notifica-4-000-casos-de-tosferina-en-lo-que-va-de-ano\/#primaryimage","url":"https:\/\/www.eldiario.net\/portal\/wp-content\/uploads\/2024\/03\/VACUNA-1.jpg","contentUrl":"https:\/\/www.eldiario.net\/portal\/wp-content\/uploads\/2024\/03\/VACUNA-1.jpg","width":1181,"height":664,"caption":"SE RECOMIENDA 4 DOSIS DE VACUNA FRENTE A LA TOSFERINA. La Sexta"},{"@type":"BreadcrumbList","@id":"https:\/\/www.eldiario.net\/portal\/2024\/03\/31\/sanidad-notifica-4-000-casos-de-tosferina-en-lo-que-va-de-ano\/#breadcrumb","itemListElement":[{"@type":"ListItem","position":1,"name":"Portada","item":"https:\/\/www.eldiario.net\/portal\/"},{"@type":"ListItem","position":2,"name":"Sanidad notifica 4.000 casos de tosferina en lo que va de a\u00f1o"}]},{"@type":"WebSite","@id":"https:\/\/www.eldiario.net\/portal\/#website","url":"https:\/\/www.eldiario.net\/portal\/","name":"El Diario - Decano de la prensa nacional","description":"El Diario - Decano de la prensa nacional","publisher":{"@id":"https:\/\/www.eldiario.net\/portal\/#organization"},"potentialAction":[{"@type":"SearchAction","target":{"@type":"EntryPoint","urlTemplate":"https:\/\/www.eldiario.net\/portal\/?s={search_term_string}"},"query-input":{"@type":"PropertyValueSpecification","valueRequired":true,"valueName":"search_term_string"}}],"inLanguage":"es"},{"@type":"Organization","@id":"https:\/\/www.eldiario.net\/portal\/#organization","name":"El Diario - Decano de la prensa nacional","url":"https:\/\/www.eldiario.net\/portal\/","logo":{"@type":"ImageObject","inLanguage":"es","@id":"https:\/\/www.eldiario.net\/portal\/#\/schema\/logo\/image\/","url":"https:\/\/www.eldiario.net\/portal\/wp-content\/uploads\/2023\/07\/logo_ED.jpg","contentUrl":"https:\/\/www.eldiario.net\/portal\/wp-content\/uploads\/2023\/07\/logo_ED.jpg","width":272,"height":52,"caption":"El Diario - Decano de la prensa nacional"},"image":{"@id":"https:\/\/www.eldiario.net\/portal\/#\/schema\/logo\/image\/"},"sameAs":["https:\/\/www.facebook.com\/eldiario.bolivia\/","https:\/\/x.com\/eldiario_net"]},{"@type":"Person","@id":"https:\/\/www.eldiario.net\/portal\/#\/schema\/person\/f46445640444750d7d753ccd04ae01b7","name":"Jeanette","image":{"@type":"ImageObject","inLanguage":"es","@id":"https:\/\/secure.gravatar.com\/avatar\/3ea2118a5f7dad2b7138b1187a6b7ee55f160b9968b66013c3a3ef39dd7e5798?s=96&d=mm&r=g","url":"https:\/\/secure.gravatar.com\/avatar\/3ea2118a5f7dad2b7138b1187a6b7ee55f160b9968b66013c3a3ef39dd7e5798?s=96&d=mm&r=g","contentUrl":"https:\/\/secure.gravatar.com\/avatar\/3ea2118a5f7dad2b7138b1187a6b7ee55f160b9968b66013c3a3ef39dd7e5798?s=96&d=mm&r=g","caption":"Jeanette"},"sameAs":["https:\/\/www.eldiario.net\/portal"],"url":"https:\/\/www.eldiario.net\/portal\/author\/jeanette\/"}]}},"_links":{"self":[{"href":"https:\/\/www.eldiario.net\/portal\/wp-json\/wp\/v2\/posts\/211299","targetHints":{"allow":["GET"]}}],"collection":[{"href":"https:\/\/www.eldiario.net\/portal\/wp-json\/wp\/v2\/posts"}],"about":[{"href":"https:\/\/www.eldiario.net\/portal\/wp-json\/wp\/v2\/types\/post"}],"author":[{"embeddable":true,"href":"https:\/\/www.eldiario.net\/portal\/wp-json\/wp\/v2\/users\/1"}],"replies":[{"embeddable":true,"href":"https:\/\/www.eldiario.net\/portal\/wp-json\/wp\/v2\/comments?post=211299"}],"version-history":[{"count":1,"href":"https:\/\/www.eldiario.net\/portal\/wp-json\/wp\/v2\/posts\/211299\/revisions"}],"predecessor-version":[{"id":211301,"href":"https:\/\/www.eldiario.net\/portal\/wp-json\/wp\/v2\/posts\/211299\/revisions\/211301"}],"wp:featuredmedia":[{"embeddable":true,"href":"https:\/\/www.eldiario.net\/portal\/wp-json\/wp\/v2\/media\/211300"}],"wp:attachment":[{"href":"https:\/\/www.eldiario.net\/portal\/wp-json\/wp\/v2\/media?parent=211299"}],"wp:term":[{"taxonomy":"category","embeddable":true,"href":"https:\/\/www.eldiario.net\/portal\/wp-json\/wp\/v2\/categories?post=211299"},{"taxonomy":"post_tag","embeddable":true,"href":"https:\/\/www.eldiario.net\/portal\/wp-json\/wp\/v2\/tags?post=211299"}],"curies":[{"name":"wp","href":"https:\/\/api.w.org\/{rel}","templated":true}]}}