{"id":211013,"date":"2024-03-29T06:46:41","date_gmt":"2024-03-29T10:46:41","guid":{"rendered":"https:\/\/www.eldiario.net\/portal\/?p=211013"},"modified":"2024-03-29T06:46:41","modified_gmt":"2024-03-29T10:46:41","slug":"broadway-bolivia-repone-el-musical-jesucristo-superstar","status":"publish","type":"post","link":"https:\/\/www.eldiario.net\/portal\/2024\/03\/29\/broadway-bolivia-repone-el-musical-jesucristo-superstar\/","title":{"rendered":"Broadway Bolivia repone el musical Jesucristo Superstar"},"content":{"rendered":"<p>Despu\u00e9s del \u00e9xito rotundo que tuvo Broadway Bolivia presentando el musical de \u201cEl Rey Le\u00f3n\u201d, \u201cRent: En La Paz de los 90\u201d, \u201cJesucristo Superstar\u201d y \u201cEl Fantasma de la \u00d3pera\u201d a nivel nacional, llenando teatros y doblando funciones, la conocida academia de teatro musical decide apostar nuevamente por la controversial obra \u201cJesucristo Superstar\u201d.<\/p>\n<p>Las funciones tendr\u00e1n lugar en el Cine Teatro 6 de Agosto, este 30 de marzo (S\u00e1bado de Gloria) y 31 de marzo (domingo de Resurrecci\u00f3n) a las 19:30 horas ambos d\u00edas.<\/p>\n<p>La puesta en escena tendr\u00e1 m\u00fasica en vivo, coros en vivo, bailarines profesionales y las mejores voces de Bolivia, con un vestuario y escenograf\u00eda impresionantes, menciona la nota de prensa de Broadway.<\/p>\n<p>Jesucristo Superstar es una \u00f3pera rock con m\u00fasica de Andrew Lloyd Webber y letras de Tim Rice, que primero surgi\u00f3 como \u00e1lbum conceptual en 1970 y un a\u00f1o despu\u00e9s dio el salto a los escenarios de Broadway, Nueva York. Su argumento se centra en los \u00faltimos siete d\u00edas de la vida de Jes\u00fas de Nazaret, comenzando con los preparativos de su llegada a Jerusal\u00e9n y finalizando con la crucifixi\u00f3n.<\/p>\n<p>Broadway busca conmemorar la Semana Santa con un mensaje de tolerancia ante las diferentes creencias y planteamientos que cada individuo tiene, sin dejar de lado la l\u00ednea narrativa original de la obra.<\/p>\n<p>El musical estar\u00e1 bajo la direcci\u00f3n general y producci\u00f3n de Jos\u00e9 Luis Si\u00f1ani, artista, abogado y analista financiero, que cuenta con un master en Artes Esc\u00e9nicas por la Universidad Rey Juan Carlos de Madrid, Espa\u00f1a, donde tambi\u00e9n se form\u00f3 en actuaci\u00f3n en la Escuela de Cristina Rota en la que estudi\u00f3 Pen\u00e9lope Cruz. Si\u00f1ani estudi\u00f3, adem\u00e1s, m\u00fasica en el Conservatorio Nacional de Bolivia.<\/p>\n<p>Para esta obra, Jos\u00e9 Luis describe un poco su planteamiento. \u201cNo quiero ofender a nadie. Solo quiero contar una historia de fe y tambi\u00e9n la de un Jes\u00fas hist\u00f3rico. Una persona que ten\u00eda fe y que el mundo le dec\u00eda lo contrario, hasta matarlo.<\/p>\n<p>Hay gente destructiva, que si no pensamos como ellos piensan, te atacan, destruyen, insultan, difaman y utilizan todo medio para lastimarte y lastimar a los que quieres hasta que est\u00e9s de acuerdo con su pensar subjetivo.<\/p>\n<p>\u00bfEsa sociedad queremos en el futuro?, porque en el presente al parecer en muchas ocasiones he visto esa imposici\u00f3n ideol\u00f3gica y tambi\u00e9n religiosa algunas veces, y tambi\u00e9n mucha falta de respeto a las ideolog\u00edas, creencias y luchas de otros. \u00bfSe acab\u00f3 la tolerancia?<\/p>\n<p>Reflexionemos: \u00bfExiste la fe de Jes\u00fas? \u00bfQu\u00e9 es la fe? \u00bfLa fe est\u00e1 inseparablemente unida a la religi\u00f3n? \u00bfQu\u00e9 tanto da\u00f1o hizo Jes\u00fas para que lo mataran? \u00bfEs posible respetar la fe de otros? \u00bfO es que como sociedad no hemos aprendido a ser tolerantes y buscando nuevamente callar a otras fes, creencias, ideolog\u00edas, como lo hicieron con Jes\u00fas con su muerte? Ir al Teatro es ser parte de un ritual art\u00edstico en el que se nutre el alma y nuestro pensar, un intersticio dial\u00e9ctico y existencial entre la raz\u00f3n y la sensibilidad. Y en esta ocasi\u00f3n entre la fe y el delirio\u201d, explic\u00f3 Si\u00f1ani.<\/p>\n<p>Jos\u00e9 Luis produce y dirige musicales desde el a\u00f1o 2013 hasta la actualidad. Entre los artistas a los que dirigi\u00f3 est\u00e1n Leonel Fransezze, Claudia Arce, Alejandro Delius, Jotty Pe\u00f1aranda, Ismael Cabrera, Myriam Claros y Juan Carlos Arana, entre otros, todo bajo la marca \u201cBroadway\u201d, de la cual es propietario en Bolivia.<\/p>\n<p>Para esta producci\u00f3n, Broadway realizar\u00e1 su propia adaptaci\u00f3n con un guion basado en las letras de Camilo Sesto, pero modificado para que se asemeje m\u00e1s al planteamiento de sus autores originales. El planteamiento surge sobre la base de lo que el director Jos\u00e9 Luis Si\u00f1ani busca transmitir con letras musicales de Jheysie Bravo.<\/p>\n<p>Entre los roles principales, la obra cuenta con Si\u00f1ani en el papel de Jes\u00fas, Chubi Gonzales, reconocido actor de teatro, en el papel de Judas, Bel\u00e9n \u00c1lvarez en el papel de Mar\u00eda Magdalena, Damian Gallardo en el papel de Pilatos, Jotty Pe\u00f1aranda interpretando a Herodes, Kevin Herrera da vida a Sim\u00f3n el Zelote, Chejov Ch\u00e1vez como Caif\u00e1s, Mauricio Acosta como An\u00e1s, Mart\u00edn Fuentes como Pedro y Leonardo Pinto como otro de los sacerdotes.<\/p>\n<p>La direcci\u00f3n musical est\u00e1 a cargo de Juan Pablo Barbosa. Sof\u00eda Claros es la encargada de la direcci\u00f3n coreogr\u00e1fica. Pablo Iturry est\u00e1 al frente de la direcci\u00f3n coral. Sara Esc\u00f3bar es la directora de vestuario. Kevin Herrera es el encargado de redes sociales. Jheysie Bravo es regidora y manager. Tereza Janco es jefa de operaciones, junto al equipo que compone el \u00e1rea t\u00e9cnica y administrativa. Todos est\u00e1n bajo la direcci\u00f3n general de Jos\u00e9 Luis Si\u00f1ani, quien tambi\u00e9n es el director esc\u00e9nico de cada producci\u00f3n.<\/p>\n<p>La venta de entradas est\u00e1 disponible en clicket.bo o escribiendo al 63063772.<\/p>\n\r\n                <style type=\"text\/css\">\r\n                    \r\n                    #tdi_1  .td-doubleSlider-2 .td-item1 {\r\n                        background: url(https:\/\/www.eldiario.net\/portal\/wp-content\/uploads\/2024\/03\/3-1-1-80x60.jpg) 0 0 no-repeat;\r\n                    }\r\n                    #tdi_1  .td-doubleSlider-2 .td-item2 {\r\n                        background: url(https:\/\/www.eldiario.net\/portal\/wp-content\/uploads\/2024\/03\/4-1-1-80x60.jpg) 0 0 no-repeat;\r\n                    }\r\n                    #tdi_1  .td-doubleSlider-2 .td-item3 {\r\n                        background: url(https:\/\/www.eldiario.net\/portal\/wp-content\/uploads\/2024\/03\/6--80x60.jpg) 0 0 no-repeat;\r\n                    }\r\n                    #tdi_1  .td-doubleSlider-2 .td-item4 {\r\n                        background: url(https:\/\/www.eldiario.net\/portal\/wp-content\/uploads\/2024\/03\/1PRINCIPAL-5-80x60.jpg) 0 0 no-repeat;\r\n                    }\r\n                    #tdi_1  .td-doubleSlider-2 .td-item5 {\r\n                        background: url(https:\/\/www.eldiario.net\/portal\/wp-content\/uploads\/2024\/03\/2-9-80x60.jpg) 0 0 no-repeat;\r\n                    }\r\n                    #tdi_1  .td-doubleSlider-2 .td-item6 {\r\n                        background: url(https:\/\/www.eldiario.net\/portal\/wp-content\/uploads\/2024\/03\/5-8-80x60.jpg) 0 0 no-repeat;\r\n                    }\r\n                <\/style>\r\n\r\n                <div id=\"tdi_1\" class=\"td-gallery td-slide-on-2-columns\">\r\n                    <div class=\"post_td_gallery\">\r\n                        <div class=\"td-gallery-slide-top\">\r\n                           <div class=\"td-gallery-title\"><\/div>\r\n\r\n                            <div class=\"td-gallery-controls-wrapper\">\r\n                                <div class=\"td-gallery-slide-count\"><span class=\"td-gallery-slide-item-focus\">1<\/span> de 6<\/div>\r\n                                <div class=\"td-gallery-slide-prev-next-but\">\r\n                                    <i class = \"td-icon-left doubleSliderPrevButton\"><\/i>\r\n                                    <i class = \"td-icon-right doubleSliderNextButton\"><\/i>\r\n                                <\/div>\r\n                            <\/div>\r\n                        <\/div>\r\n\r\n                        <div class = \"td-doubleSlider-1 \">\r\n                            <div class = \"td-slider\">\r\n                                \r\n                    <div class = \"td-slide-item td-item1\">\r\n                        <figure class=\"td-slide-galery-figure td-slide-popup-gallery\">\r\n                            <a class=\"slide-gallery-image-link\" href=\"https:\/\/www.eldiario.net\/portal\/wp-content\/uploads\/2024\/03\/3-1-1.jpg\" title=\"3-\"  data-caption=\"\"  data-description=\"\">\r\n                                <img decoding=\"async\" src=\"https:\/\/www.eldiario.net\/portal\/wp-content\/uploads\/2024\/03\/3-1-1-479x420.jpg\" srcset=\"https:\/\/www.eldiario.net\/portal\/wp-content\/uploads\/2024\/03\/3-1-1-479x420.jpg 479w, https:\/\/www.eldiario.net\/portal\/wp-content\/uploads\/2024\/03\/3-1-1-300x263.jpg 300w, https:\/\/www.eldiario.net\/portal\/wp-content\/uploads\/2024\/03\/3-1-1-1024x897.jpg 1024w, https:\/\/www.eldiario.net\/portal\/wp-content\/uploads\/2024\/03\/3-1-1-768x673.jpg 768w, https:\/\/www.eldiario.net\/portal\/wp-content\/uploads\/2024\/03\/3-1-1-696x610.jpg 696w, https:\/\/www.eldiario.net\/portal\/wp-content\/uploads\/2024\/03\/3-1-1-1068x935.jpg 1068w, https:\/\/www.eldiario.net\/portal\/wp-content\/uploads\/2024\/03\/3-1-1.jpg 1080w\" sizes=\"(max-width: 479px) 100vw, 479px\" alt=\"\">\r\n                            <\/a>\r\n                            \r\n                        <\/figure>\r\n                    <\/div>\r\n                    <div class = \"td-slide-item td-item2\">\r\n                        <figure class=\"td-slide-galery-figure td-slide-popup-gallery\">\r\n                            <a class=\"slide-gallery-image-link\" href=\"https:\/\/www.eldiario.net\/portal\/wp-content\/uploads\/2024\/03\/4-1-1.jpg\" title=\"4-\"  data-caption=\"\"  data-description=\"\">\r\n                                <img decoding=\"async\" src=\"https:\/\/www.eldiario.net\/portal\/wp-content\/uploads\/2024\/03\/4-1-1-349x420.jpg\" srcset=\"https:\/\/www.eldiario.net\/portal\/wp-content\/uploads\/2024\/03\/4-1-1-349x420.jpg 349w, https:\/\/www.eldiario.net\/portal\/wp-content\/uploads\/2024\/03\/4-1-1-250x300.jpg 250w, https:\/\/www.eldiario.net\/portal\/wp-content\/uploads\/2024\/03\/4-1-1-852x1024.jpg 852w, https:\/\/www.eldiario.net\/portal\/wp-content\/uploads\/2024\/03\/4-1-1-768x923.jpg 768w, https:\/\/www.eldiario.net\/portal\/wp-content\/uploads\/2024\/03\/4-1-1-696x837.jpg 696w, https:\/\/www.eldiario.net\/portal\/wp-content\/uploads\/2024\/03\/4-1-1-1068x1284.jpg 1068w, https:\/\/www.eldiario.net\/portal\/wp-content\/uploads\/2024\/03\/4-1-1.jpg 1079w\" sizes=\"(max-width: 349px) 100vw, 349px\" alt=\"\">\r\n                            <\/a>\r\n                            \r\n                        <\/figure>\r\n                    <\/div>\r\n                    <div class = \"td-slide-item td-item3\">\r\n                        <figure class=\"td-slide-galery-figure td-slide-popup-gallery\">\r\n                            <a class=\"slide-gallery-image-link\" href=\"https:\/\/www.eldiario.net\/portal\/wp-content\/uploads\/2024\/03\/6-.jpg\" title=\"6-\"  data-caption=\"\"  data-description=\"\">\r\n                                <img decoding=\"async\" src=\"https:\/\/www.eldiario.net\/portal\/wp-content\/uploads\/2024\/03\/6--630x420.jpg\" srcset=\"https:\/\/www.eldiario.net\/portal\/wp-content\/uploads\/2024\/03\/6--630x420.jpg 630w, https:\/\/www.eldiario.net\/portal\/wp-content\/uploads\/2024\/03\/6--300x200.jpg 300w, https:\/\/www.eldiario.net\/portal\/wp-content\/uploads\/2024\/03\/6--1024x683.jpg 1024w, https:\/\/www.eldiario.net\/portal\/wp-content\/uploads\/2024\/03\/6--768x512.jpg 768w, https:\/\/www.eldiario.net\/portal\/wp-content\/uploads\/2024\/03\/6--696x464.jpg 696w, https:\/\/www.eldiario.net\/portal\/wp-content\/uploads\/2024\/03\/6--1068x712.jpg 1068w, https:\/\/www.eldiario.net\/portal\/wp-content\/uploads\/2024\/03\/6-.jpg 1080w\" sizes=\"(max-width: 630px) 100vw, 630px\" alt=\"\">\r\n                            <\/a>\r\n                            \r\n                        <\/figure>\r\n                    <\/div>\r\n                    <div class = \"td-slide-item td-item4\">\r\n                        <figure class=\"td-slide-galery-figure td-slide-popup-gallery\">\r\n                            <a class=\"slide-gallery-image-link\" href=\"https:\/\/www.eldiario.net\/portal\/wp-content\/uploads\/2024\/03\/1PRINCIPAL-5-scaled.jpg\" title=\"1PRINCIPAL\"  data-caption=\"\"  data-description=\"\">\r\n                                <img decoding=\"async\" src=\"https:\/\/www.eldiario.net\/portal\/wp-content\/uploads\/2024\/03\/1PRINCIPAL-5-840x420.jpg\" srcset=\"https:\/\/www.eldiario.net\/portal\/wp-content\/uploads\/2024\/03\/1PRINCIPAL-5-840x420.jpg 840w, https:\/\/www.eldiario.net\/portal\/wp-content\/uploads\/2024\/03\/1PRINCIPAL-5-300x150.jpg 300w, https:\/\/www.eldiario.net\/portal\/wp-content\/uploads\/2024\/03\/1PRINCIPAL-5-1024x512.jpg 1024w, https:\/\/www.eldiario.net\/portal\/wp-content\/uploads\/2024\/03\/1PRINCIPAL-5-768x384.jpg 768w, https:\/\/www.eldiario.net\/portal\/wp-content\/uploads\/2024\/03\/1PRINCIPAL-5-1536x768.jpg 1536w, https:\/\/www.eldiario.net\/portal\/wp-content\/uploads\/2024\/03\/1PRINCIPAL-5-2048x1024.jpg 2048w, https:\/\/www.eldiario.net\/portal\/wp-content\/uploads\/2024\/03\/1PRINCIPAL-5-696x348.jpg 696w, https:\/\/www.eldiario.net\/portal\/wp-content\/uploads\/2024\/03\/1PRINCIPAL-5-1068x534.jpg 1068w, https:\/\/www.eldiario.net\/portal\/wp-content\/uploads\/2024\/03\/1PRINCIPAL-5-1920x960.jpg 1920w\" sizes=\"(max-width: 840px) 100vw, 840px\" alt=\"\">\r\n                            <\/a>\r\n                            \r\n                        <\/figure>\r\n                    <\/div>\r\n                    <div class = \"td-slide-item td-item5\">\r\n                        <figure class=\"td-slide-galery-figure td-slide-popup-gallery\">\r\n                            <a class=\"slide-gallery-image-link\" href=\"https:\/\/www.eldiario.net\/portal\/wp-content\/uploads\/2024\/03\/2-9-scaled.jpg\" title=\"2\"  data-caption=\"\"  data-description=\"\">\r\n                                <img decoding=\"async\" src=\"https:\/\/www.eldiario.net\/portal\/wp-content\/uploads\/2024\/03\/2-9-236x420.jpg\" srcset=\"https:\/\/www.eldiario.net\/portal\/wp-content\/uploads\/2024\/03\/2-9-236x420.jpg 236w, https:\/\/www.eldiario.net\/portal\/wp-content\/uploads\/2024\/03\/2-9-169x300.jpg 169w, https:\/\/www.eldiario.net\/portal\/wp-content\/uploads\/2024\/03\/2-9-577x1024.jpg 577w, https:\/\/www.eldiario.net\/portal\/wp-content\/uploads\/2024\/03\/2-9-768x1364.jpg 768w, https:\/\/www.eldiario.net\/portal\/wp-content\/uploads\/2024\/03\/2-9-865x1536.jpg 865w, https:\/\/www.eldiario.net\/portal\/wp-content\/uploads\/2024\/03\/2-9-1153x2048.jpg 1153w, https:\/\/www.eldiario.net\/portal\/wp-content\/uploads\/2024\/03\/2-9-696x1236.jpg 696w, https:\/\/www.eldiario.net\/portal\/wp-content\/uploads\/2024\/03\/2-9-1068x1897.jpg 1068w, https:\/\/www.eldiario.net\/portal\/wp-content\/uploads\/2024\/03\/2-9-1920x3410.jpg 1920w, https:\/\/www.eldiario.net\/portal\/wp-content\/uploads\/2024\/03\/2-9-scaled.jpg 1441w\" sizes=\"(max-width: 236px) 100vw, 236px\" alt=\"\">\r\n                            <\/a>\r\n                            \r\n                        <\/figure>\r\n                    <\/div>\r\n                    <div class = \"td-slide-item td-item6\">\r\n                        <figure class=\"td-slide-galery-figure td-slide-popup-gallery\">\r\n                            <a class=\"slide-gallery-image-link\" href=\"https:\/\/www.eldiario.net\/portal\/wp-content\/uploads\/2024\/03\/5-8-scaled.jpg\" title=\"5\"  data-caption=\"\"  data-description=\"\">\r\n                                <img decoding=\"async\" src=\"https:\/\/www.eldiario.net\/portal\/wp-content\/uploads\/2024\/03\/5-8-196x420.jpg\" srcset=\"https:\/\/www.eldiario.net\/portal\/wp-content\/uploads\/2024\/03\/5-8-196x420.jpg 196w, https:\/\/www.eldiario.net\/portal\/wp-content\/uploads\/2024\/03\/5-8-140x300.jpg 140w, https:\/\/www.eldiario.net\/portal\/wp-content\/uploads\/2024\/03\/5-8-478x1024.jpg 478w, https:\/\/www.eldiario.net\/portal\/wp-content\/uploads\/2024\/03\/5-8-768x1645.jpg 768w, https:\/\/www.eldiario.net\/portal\/wp-content\/uploads\/2024\/03\/5-8-717x1536.jpg 717w, https:\/\/www.eldiario.net\/portal\/wp-content\/uploads\/2024\/03\/5-8-956x2048.jpg 956w, https:\/\/www.eldiario.net\/portal\/wp-content\/uploads\/2024\/03\/5-8-696x1490.jpg 696w, https:\/\/www.eldiario.net\/portal\/wp-content\/uploads\/2024\/03\/5-8-1068x2287.jpg 1068w, https:\/\/www.eldiario.net\/portal\/wp-content\/uploads\/2024\/03\/5-8-scaled.jpg 1196w\" sizes=\"(max-width: 196px) 100vw, 196px\" alt=\"\">\r\n                            <\/a>\r\n                            \r\n                        <\/figure>\r\n                    <\/div>\r\n                            <\/div>\r\n                        <\/div>\r\n\r\n                        <div class = \"td-doubleSlider-2\">\r\n                            <div class = \"td-slider\">\r\n                                \r\n                    <div class = \"td-button td-item1\">\r\n                        <div class = \"td-border\"><\/div>\r\n                    <\/div>\r\n                    <div class = \"td-button td-item2\">\r\n                        <div class = \"td-border\"><\/div>\r\n                    <\/div>\r\n                    <div class = \"td-button td-item3\">\r\n                        <div class = \"td-border\"><\/div>\r\n                    <\/div>\r\n                    <div class = \"td-button td-item4\">\r\n                        <div class = \"td-border\"><\/div>\r\n                    <\/div>\r\n                    <div class = \"td-button td-item5\">\r\n                        <div class = \"td-border\"><\/div>\r\n                    <\/div>\r\n                    <div class = \"td-button td-item6\">\r\n                        <div class = \"td-border\"><\/div>\r\n                    <\/div>\r\n                            <\/div>\r\n                        <\/div>\r\n\r\n                    <\/div>\r\n\r\n                <\/div>\r\n                \n","protected":false},"excerpt":{"rendered":"<p>Despu\u00e9s del \u00e9xito rotundo que tuvo Broadway Bolivia presentando el musical de \u201cEl Rey Le\u00f3n\u201d, \u201cRent: En La Paz de los 90\u201d, \u201cJesucristo Superstar\u201d y \u201cEl Fantasma de la \u00d3pera\u201d a nivel nacional, llenando teatros y doblando funciones, la conocida academia de teatro musical decide apostar nuevamente por la controversial obra \u201cJesucristo Superstar\u201d. Las funciones [&hellip;]<\/p>\n","protected":false},"author":1,"featured_media":211017,"comment_status":"open","ping_status":"open","sticky":false,"template":"","format":"standard","meta":{"_acf_changed":false,"footnotes":""},"categories":[41],"tags":[],"class_list":["post-211013","post","type-post","status-publish","format-standard","has-post-thumbnail","category-la-guia"],"acf":{"antetitulo":""},"yoast_head":"<!-- This site is optimized with the Yoast SEO plugin v28.4 - https:\/\/yoast.com\/product\/yoast-seo-wordpress\/ -->\n<title>Broadway Bolivia repone el musical Jesucristo Superstar - El Diario - Bolivia<\/title>\n<meta name=\"robots\" content=\"index, follow, max-snippet:-1, max-image-preview:large, max-video-preview:-1\" \/>\n<link rel=\"canonical\" href=\"https:\/\/www.eldiario.net\/portal\/2024\/03\/29\/broadway-bolivia-repone-el-musical-jesucristo-superstar\/\" \/>\n<meta property=\"og:locale\" content=\"es_ES\" \/>\n<meta property=\"og:type\" content=\"article\" \/>\n<meta property=\"og:title\" content=\"Broadway Bolivia repone el musical Jesucristo Superstar - El Diario - Bolivia\" \/>\n<meta property=\"og:description\" content=\"Despu\u00e9s del \u00e9xito rotundo que tuvo Broadway Bolivia presentando el musical de \u201cEl Rey Le\u00f3n\u201d, \u201cRent: En La Paz de los 90\u201d, \u201cJesucristo Superstar\u201d y \u201cEl Fantasma de la \u00d3pera\u201d a nivel nacional, llenando teatros y doblando funciones, la conocida academia de teatro musical decide apostar nuevamente por la controversial obra \u201cJesucristo Superstar\u201d. Las funciones [&hellip;]\" \/>\n<meta property=\"og:url\" content=\"https:\/\/www.eldiario.net\/portal\/2024\/03\/29\/broadway-bolivia-repone-el-musical-jesucristo-superstar\/\" \/>\n<meta property=\"og:site_name\" content=\"El Diario - Bolivia\" \/>\n<meta property=\"article:publisher\" content=\"https:\/\/www.facebook.com\/eldiario.bolivia\/\" \/>\n<meta property=\"article:published_time\" content=\"2024-03-29T10:46:41+00:00\" \/>\n<meta property=\"og:image\" content=\"https:\/\/www.eldiario.net\/portal\/wp-content\/uploads\/2024\/03\/1PRINCIPAL-5-scaled.jpg\" \/>\n\t<meta property=\"og:image:width\" content=\"2560\" \/>\n\t<meta property=\"og:image:height\" content=\"1280\" \/>\n\t<meta property=\"og:image:type\" content=\"image\/jpeg\" \/>\n<meta name=\"author\" content=\"Jeanette\" \/>\n<meta name=\"twitter:card\" content=\"summary_large_image\" \/>\n<meta name=\"twitter:creator\" content=\"@eldiario_net\" \/>\n<meta name=\"twitter:site\" content=\"@eldiario_net\" \/>\n<meta name=\"twitter:label1\" content=\"Escrito por\" \/>\n\t<meta name=\"twitter:data1\" content=\"Jeanette\" \/>\n\t<meta name=\"twitter:label2\" content=\"Tiempo de lectura\" \/>\n\t<meta name=\"twitter:data2\" content=\"4 minutos\" \/>\n<script type=\"application\/ld+json\" class=\"yoast-schema-graph\">{\"@context\":\"https:\\\/\\\/schema.org\",\"@graph\":[{\"@type\":\"Article\",\"@id\":\"https:\\\/\\\/www.eldiario.net\\\/portal\\\/2024\\\/03\\\/29\\\/broadway-bolivia-repone-el-musical-jesucristo-superstar\\\/#article\",\"isPartOf\":{\"@id\":\"https:\\\/\\\/www.eldiario.net\\\/portal\\\/2024\\\/03\\\/29\\\/broadway-bolivia-repone-el-musical-jesucristo-superstar\\\/\"},\"author\":{\"name\":\"Jeanette\",\"@id\":\"https:\\\/\\\/www.eldiario.net\\\/portal\\\/#\\\/schema\\\/person\\\/2c57cf2b7a7ae032e449e4c9b1019eac\"},\"headline\":\"Broadway Bolivia repone el musical Jesucristo Superstar\",\"datePublished\":\"2024-03-29T10:46:41+00:00\",\"mainEntityOfPage\":{\"@id\":\"https:\\\/\\\/www.eldiario.net\\\/portal\\\/2024\\\/03\\\/29\\\/broadway-bolivia-repone-el-musical-jesucristo-superstar\\\/\"},\"wordCount\":869,\"commentCount\":0,\"publisher\":{\"@id\":\"https:\\\/\\\/www.eldiario.net\\\/portal\\\/#organization\"},\"image\":{\"@id\":\"https:\\\/\\\/www.eldiario.net\\\/portal\\\/2024\\\/03\\\/29\\\/broadway-bolivia-repone-el-musical-jesucristo-superstar\\\/#primaryimage\"},\"thumbnailUrl\":\"https:\\\/\\\/www.eldiario.net\\\/portal\\\/wp-content\\\/uploads\\\/2024\\\/03\\\/1PRINCIPAL-5-scaled.jpg\",\"articleSection\":[\"La Gu\u00eda\"],\"inLanguage\":\"es\",\"potentialAction\":[{\"@type\":\"CommentAction\",\"name\":\"Comment\",\"target\":[\"https:\\\/\\\/www.eldiario.net\\\/portal\\\/2024\\\/03\\\/29\\\/broadway-bolivia-repone-el-musical-jesucristo-superstar\\\/#respond\"]}]},{\"@type\":\"WebPage\",\"@id\":\"https:\\\/\\\/www.eldiario.net\\\/portal\\\/2024\\\/03\\\/29\\\/broadway-bolivia-repone-el-musical-jesucristo-superstar\\\/\",\"url\":\"https:\\\/\\\/www.eldiario.net\\\/portal\\\/2024\\\/03\\\/29\\\/broadway-bolivia-repone-el-musical-jesucristo-superstar\\\/\",\"name\":\"Broadway Bolivia repone el musical Jesucristo Superstar - El Diario - Bolivia\",\"isPartOf\":{\"@id\":\"https:\\\/\\\/www.eldiario.net\\\/portal\\\/#website\"},\"primaryImageOfPage\":{\"@id\":\"https:\\\/\\\/www.eldiario.net\\\/portal\\\/2024\\\/03\\\/29\\\/broadway-bolivia-repone-el-musical-jesucristo-superstar\\\/#primaryimage\"},\"image\":{\"@id\":\"https:\\\/\\\/www.eldiario.net\\\/portal\\\/2024\\\/03\\\/29\\\/broadway-bolivia-repone-el-musical-jesucristo-superstar\\\/#primaryimage\"},\"thumbnailUrl\":\"https:\\\/\\\/www.eldiario.net\\\/portal\\\/wp-content\\\/uploads\\\/2024\\\/03\\\/1PRINCIPAL-5-scaled.jpg\",\"datePublished\":\"2024-03-29T10:46:41+00:00\",\"breadcrumb\":{\"@id\":\"https:\\\/\\\/www.eldiario.net\\\/portal\\\/2024\\\/03\\\/29\\\/broadway-bolivia-repone-el-musical-jesucristo-superstar\\\/#breadcrumb\"},\"inLanguage\":\"es\",\"potentialAction\":[{\"@type\":\"ReadAction\",\"target\":[\"https:\\\/\\\/www.eldiario.net\\\/portal\\\/2024\\\/03\\\/29\\\/broadway-bolivia-repone-el-musical-jesucristo-superstar\\\/\"]}]},{\"@type\":\"ImageObject\",\"inLanguage\":\"es\",\"@id\":\"https:\\\/\\\/www.eldiario.net\\\/portal\\\/2024\\\/03\\\/29\\\/broadway-bolivia-repone-el-musical-jesucristo-superstar\\\/#primaryimage\",\"url\":\"https:\\\/\\\/www.eldiario.net\\\/portal\\\/wp-content\\\/uploads\\\/2024\\\/03\\\/1PRINCIPAL-5-scaled.jpg\",\"contentUrl\":\"https:\\\/\\\/www.eldiario.net\\\/portal\\\/wp-content\\\/uploads\\\/2024\\\/03\\\/1PRINCIPAL-5-scaled.jpg\",\"width\":2560,\"height\":1280},{\"@type\":\"BreadcrumbList\",\"@id\":\"https:\\\/\\\/www.eldiario.net\\\/portal\\\/2024\\\/03\\\/29\\\/broadway-bolivia-repone-el-musical-jesucristo-superstar\\\/#breadcrumb\",\"itemListElement\":[{\"@type\":\"ListItem\",\"position\":1,\"name\":\"Portada\",\"item\":\"https:\\\/\\\/www.eldiario.net\\\/portal\\\/\"},{\"@type\":\"ListItem\",\"position\":2,\"name\":\"Broadway Bolivia repone el musical Jesucristo Superstar\"}]},{\"@type\":\"WebSite\",\"@id\":\"https:\\\/\\\/www.eldiario.net\\\/portal\\\/#website\",\"url\":\"https:\\\/\\\/www.eldiario.net\\\/portal\\\/\",\"name\":\"El Diario - Decano de la prensa nacional\",\"description\":\"El Diario - Decano de la prensa nacional\",\"publisher\":{\"@id\":\"https:\\\/\\\/www.eldiario.net\\\/portal\\\/#organization\"},\"potentialAction\":[{\"@type\":\"SearchAction\",\"target\":{\"@type\":\"EntryPoint\",\"urlTemplate\":\"https:\\\/\\\/www.eldiario.net\\\/portal\\\/?s={search_term_string}\"},\"query-input\":{\"@type\":\"PropertyValueSpecification\",\"valueRequired\":true,\"valueName\":\"search_term_string\"}}],\"inLanguage\":\"es\"},{\"@type\":\"Organization\",\"@id\":\"https:\\\/\\\/www.eldiario.net\\\/portal\\\/#organization\",\"name\":\"El Diario - Decano de la prensa nacional\",\"url\":\"https:\\\/\\\/www.eldiario.net\\\/portal\\\/\",\"logo\":{\"@type\":\"ImageObject\",\"inLanguage\":\"es\",\"@id\":\"https:\\\/\\\/www.eldiario.net\\\/portal\\\/#\\\/schema\\\/logo\\\/image\\\/\",\"url\":\"https:\\\/\\\/www.eldiario.net\\\/portal\\\/wp-content\\\/uploads\\\/2023\\\/07\\\/logo_ED.jpg\",\"contentUrl\":\"https:\\\/\\\/www.eldiario.net\\\/portal\\\/wp-content\\\/uploads\\\/2023\\\/07\\\/logo_ED.jpg\",\"width\":272,\"height\":52,\"caption\":\"El Diario - Decano de la prensa nacional\"},\"image\":{\"@id\":\"https:\\\/\\\/www.eldiario.net\\\/portal\\\/#\\\/schema\\\/logo\\\/image\\\/\"},\"sameAs\":[\"https:\\\/\\\/www.facebook.com\\\/eldiario.bolivia\\\/\",\"https:\\\/\\\/x.com\\\/eldiario_net\"]},{\"@type\":\"Person\",\"@id\":\"https:\\\/\\\/www.eldiario.net\\\/portal\\\/#\\\/schema\\\/person\\\/2c57cf2b7a7ae032e449e4c9b1019eac\",\"name\":\"Jeanette\",\"image\":{\"@type\":\"ImageObject\",\"inLanguage\":\"es\",\"@id\":\"https:\\\/\\\/secure.gravatar.com\\\/avatar\\\/3ea2118a5f7dad2b7138b1187a6b7ee55f160b9968b66013c3a3ef39dd7e5798?s=96&d=mm&r=g\",\"url\":\"https:\\\/\\\/secure.gravatar.com\\\/avatar\\\/3ea2118a5f7dad2b7138b1187a6b7ee55f160b9968b66013c3a3ef39dd7e5798?s=96&d=mm&r=g\",\"contentUrl\":\"https:\\\/\\\/secure.gravatar.com\\\/avatar\\\/3ea2118a5f7dad2b7138b1187a6b7ee55f160b9968b66013c3a3ef39dd7e5798?s=96&d=mm&r=g\",\"caption\":\"Jeanette\"},\"sameAs\":[\"https:\\\/\\\/www.eldiario.net\\\/portal\"],\"url\":\"https:\\\/\\\/www.eldiario.net\\\/portal\\\/author\\\/jeanette\\\/\"}]}<\/script>\n<!-- \/ Yoast SEO plugin. -->","yoast_head_json":{"title":"Broadway Bolivia repone el musical Jesucristo Superstar - El Diario - Bolivia","robots":{"index":"index","follow":"follow","max-snippet":"max-snippet:-1","max-image-preview":"max-image-preview:large","max-video-preview":"max-video-preview:-1"},"canonical":"https:\/\/www.eldiario.net\/portal\/2024\/03\/29\/broadway-bolivia-repone-el-musical-jesucristo-superstar\/","og_locale":"es_ES","og_type":"article","og_title":"Broadway Bolivia repone el musical Jesucristo Superstar - El Diario - Bolivia","og_description":"Despu\u00e9s del \u00e9xito rotundo que tuvo Broadway Bolivia presentando el musical de \u201cEl Rey Le\u00f3n\u201d, \u201cRent: En La Paz de los 90\u201d, \u201cJesucristo Superstar\u201d y \u201cEl Fantasma de la \u00d3pera\u201d a nivel nacional, llenando teatros y doblando funciones, la conocida academia de teatro musical decide apostar nuevamente por la controversial obra \u201cJesucristo Superstar\u201d. Las funciones [&hellip;]","og_url":"https:\/\/www.eldiario.net\/portal\/2024\/03\/29\/broadway-bolivia-repone-el-musical-jesucristo-superstar\/","og_site_name":"El Diario - Bolivia","article_publisher":"https:\/\/www.facebook.com\/eldiario.bolivia\/","article_published_time":"2024-03-29T10:46:41+00:00","og_image":[{"width":2560,"height":1280,"url":"https:\/\/www.eldiario.net\/portal\/wp-content\/uploads\/2024\/03\/1PRINCIPAL-5-scaled.jpg","type":"image\/jpeg"}],"author":"Jeanette","twitter_card":"summary_large_image","twitter_creator":"@eldiario_net","twitter_site":"@eldiario_net","twitter_misc":{"Escrito por":"Jeanette","Tiempo de lectura":"4 minutos"},"schema":{"@context":"https:\/\/schema.org","@graph":[{"@type":"Article","@id":"https:\/\/www.eldiario.net\/portal\/2024\/03\/29\/broadway-bolivia-repone-el-musical-jesucristo-superstar\/#article","isPartOf":{"@id":"https:\/\/www.eldiario.net\/portal\/2024\/03\/29\/broadway-bolivia-repone-el-musical-jesucristo-superstar\/"},"author":{"name":"Jeanette","@id":"https:\/\/www.eldiario.net\/portal\/#\/schema\/person\/2c57cf2b7a7ae032e449e4c9b1019eac"},"headline":"Broadway Bolivia repone el musical Jesucristo Superstar","datePublished":"2024-03-29T10:46:41+00:00","mainEntityOfPage":{"@id":"https:\/\/www.eldiario.net\/portal\/2024\/03\/29\/broadway-bolivia-repone-el-musical-jesucristo-superstar\/"},"wordCount":869,"commentCount":0,"publisher":{"@id":"https:\/\/www.eldiario.net\/portal\/#organization"},"image":{"@id":"https:\/\/www.eldiario.net\/portal\/2024\/03\/29\/broadway-bolivia-repone-el-musical-jesucristo-superstar\/#primaryimage"},"thumbnailUrl":"https:\/\/www.eldiario.net\/portal\/wp-content\/uploads\/2024\/03\/1PRINCIPAL-5-scaled.jpg","articleSection":["La Gu\u00eda"],"inLanguage":"es","potentialAction":[{"@type":"CommentAction","name":"Comment","target":["https:\/\/www.eldiario.net\/portal\/2024\/03\/29\/broadway-bolivia-repone-el-musical-jesucristo-superstar\/#respond"]}]},{"@type":"WebPage","@id":"https:\/\/www.eldiario.net\/portal\/2024\/03\/29\/broadway-bolivia-repone-el-musical-jesucristo-superstar\/","url":"https:\/\/www.eldiario.net\/portal\/2024\/03\/29\/broadway-bolivia-repone-el-musical-jesucristo-superstar\/","name":"Broadway Bolivia repone el musical Jesucristo Superstar - El Diario - Bolivia","isPartOf":{"@id":"https:\/\/www.eldiario.net\/portal\/#website"},"primaryImageOfPage":{"@id":"https:\/\/www.eldiario.net\/portal\/2024\/03\/29\/broadway-bolivia-repone-el-musical-jesucristo-superstar\/#primaryimage"},"image":{"@id":"https:\/\/www.eldiario.net\/portal\/2024\/03\/29\/broadway-bolivia-repone-el-musical-jesucristo-superstar\/#primaryimage"},"thumbnailUrl":"https:\/\/www.eldiario.net\/portal\/wp-content\/uploads\/2024\/03\/1PRINCIPAL-5-scaled.jpg","datePublished":"2024-03-29T10:46:41+00:00","breadcrumb":{"@id":"https:\/\/www.eldiario.net\/portal\/2024\/03\/29\/broadway-bolivia-repone-el-musical-jesucristo-superstar\/#breadcrumb"},"inLanguage":"es","potentialAction":[{"@type":"ReadAction","target":["https:\/\/www.eldiario.net\/portal\/2024\/03\/29\/broadway-bolivia-repone-el-musical-jesucristo-superstar\/"]}]},{"@type":"ImageObject","inLanguage":"es","@id":"https:\/\/www.eldiario.net\/portal\/2024\/03\/29\/broadway-bolivia-repone-el-musical-jesucristo-superstar\/#primaryimage","url":"https:\/\/www.eldiario.net\/portal\/wp-content\/uploads\/2024\/03\/1PRINCIPAL-5-scaled.jpg","contentUrl":"https:\/\/www.eldiario.net\/portal\/wp-content\/uploads\/2024\/03\/1PRINCIPAL-5-scaled.jpg","width":2560,"height":1280},{"@type":"BreadcrumbList","@id":"https:\/\/www.eldiario.net\/portal\/2024\/03\/29\/broadway-bolivia-repone-el-musical-jesucristo-superstar\/#breadcrumb","itemListElement":[{"@type":"ListItem","position":1,"name":"Portada","item":"https:\/\/www.eldiario.net\/portal\/"},{"@type":"ListItem","position":2,"name":"Broadway Bolivia repone el musical Jesucristo Superstar"}]},{"@type":"WebSite","@id":"https:\/\/www.eldiario.net\/portal\/#website","url":"https:\/\/www.eldiario.net\/portal\/","name":"El Diario - Decano de la prensa nacional","description":"El Diario - Decano de la prensa nacional","publisher":{"@id":"https:\/\/www.eldiario.net\/portal\/#organization"},"potentialAction":[{"@type":"SearchAction","target":{"@type":"EntryPoint","urlTemplate":"https:\/\/www.eldiario.net\/portal\/?s={search_term_string}"},"query-input":{"@type":"PropertyValueSpecification","valueRequired":true,"valueName":"search_term_string"}}],"inLanguage":"es"},{"@type":"Organization","@id":"https:\/\/www.eldiario.net\/portal\/#organization","name":"El Diario - Decano de la prensa nacional","url":"https:\/\/www.eldiario.net\/portal\/","logo":{"@type":"ImageObject","inLanguage":"es","@id":"https:\/\/www.eldiario.net\/portal\/#\/schema\/logo\/image\/","url":"https:\/\/www.eldiario.net\/portal\/wp-content\/uploads\/2023\/07\/logo_ED.jpg","contentUrl":"https:\/\/www.eldiario.net\/portal\/wp-content\/uploads\/2023\/07\/logo_ED.jpg","width":272,"height":52,"caption":"El Diario - Decano de la prensa nacional"},"image":{"@id":"https:\/\/www.eldiario.net\/portal\/#\/schema\/logo\/image\/"},"sameAs":["https:\/\/www.facebook.com\/eldiario.bolivia\/","https:\/\/x.com\/eldiario_net"]},{"@type":"Person","@id":"https:\/\/www.eldiario.net\/portal\/#\/schema\/person\/2c57cf2b7a7ae032e449e4c9b1019eac","name":"Jeanette","image":{"@type":"ImageObject","inLanguage":"es","@id":"https:\/\/secure.gravatar.com\/avatar\/3ea2118a5f7dad2b7138b1187a6b7ee55f160b9968b66013c3a3ef39dd7e5798?s=96&d=mm&r=g","url":"https:\/\/secure.gravatar.com\/avatar\/3ea2118a5f7dad2b7138b1187a6b7ee55f160b9968b66013c3a3ef39dd7e5798?s=96&d=mm&r=g","contentUrl":"https:\/\/secure.gravatar.com\/avatar\/3ea2118a5f7dad2b7138b1187a6b7ee55f160b9968b66013c3a3ef39dd7e5798?s=96&d=mm&r=g","caption":"Jeanette"},"sameAs":["https:\/\/www.eldiario.net\/portal"],"url":"https:\/\/www.eldiario.net\/portal\/author\/jeanette\/"}]}},"_links":{"self":[{"href":"https:\/\/www.eldiario.net\/portal\/wp-json\/wp\/v2\/posts\/211013","targetHints":{"allow":["GET"]}}],"collection":[{"href":"https:\/\/www.eldiario.net\/portal\/wp-json\/wp\/v2\/posts"}],"about":[{"href":"https:\/\/www.eldiario.net\/portal\/wp-json\/wp\/v2\/types\/post"}],"author":[{"embeddable":true,"href":"https:\/\/www.eldiario.net\/portal\/wp-json\/wp\/v2\/users\/1"}],"replies":[{"embeddable":true,"href":"https:\/\/www.eldiario.net\/portal\/wp-json\/wp\/v2\/comments?post=211013"}],"version-history":[{"count":1,"href":"https:\/\/www.eldiario.net\/portal\/wp-json\/wp\/v2\/posts\/211013\/revisions"}],"predecessor-version":[{"id":211020,"href":"https:\/\/www.eldiario.net\/portal\/wp-json\/wp\/v2\/posts\/211013\/revisions\/211020"}],"wp:featuredmedia":[{"embeddable":true,"href":"https:\/\/www.eldiario.net\/portal\/wp-json\/wp\/v2\/media\/211017"}],"wp:attachment":[{"href":"https:\/\/www.eldiario.net\/portal\/wp-json\/wp\/v2\/media?parent=211013"}],"wp:term":[{"taxonomy":"category","embeddable":true,"href":"https:\/\/www.eldiario.net\/portal\/wp-json\/wp\/v2\/categories?post=211013"},{"taxonomy":"post_tag","embeddable":true,"href":"https:\/\/www.eldiario.net\/portal\/wp-json\/wp\/v2\/tags?post=211013"}],"curies":[{"name":"wp","href":"https:\/\/api.w.org\/{rel}","templated":true}]}}