{"id":211011,"date":"2024-03-29T06:41:49","date_gmt":"2024-03-29T10:41:49","guid":{"rendered":"https:\/\/www.eldiario.net\/portal\/?p=211011"},"modified":"2024-03-29T06:41:49","modified_gmt":"2024-03-29T10:41:49","slug":"gv-san-jose-renace-con-triunfo","status":"publish","type":"post","link":"https:\/\/www.eldiario.net\/portal\/2024\/03\/29\/gv-san-jose-renace-con-triunfo\/","title":{"rendered":"Gv San Jos\u00e9 renace con triunfo"},"content":{"rendered":"<p>Gualberto Villarroel San Jos\u00e9 volvi\u00f3 a la vida con una victoria sobre un desconocido Always Ready. El cuadro orure\u00f1o gan\u00f3 por el gol de Sa\u00fal Torres. Los millonarios, en cambio, peligran su clasificaci\u00f3n a la siguiente fase del torneo Apertura.<br \/>\nFue un duro golpe para el equipo millonario, tendr\u00e1n que ganar sus restantes cotejos para pelear por la clasificaci\u00f3n en el torneo local y adem\u00e1s tener un buen arranque en la Copa Sudamericana. El equipo orure\u00f1o, por su parte, se esperanza avanzar de fase.<br \/>\nEn el primer tiempo, el cuadro de Gualberto Villarroel comenz\u00f3 muy activo, ya que supo controlar el juego y llegar con ataques notables frente a Always Ready, elenco que mostr\u00f3 algunos momentos interesantes, pero sin la claridad suficiente para llegar al arco contrario.<br \/>\nFue r\u00e1pido el primer gol, ya que a los 8 minutos una llegada desde el sector izquierdo permiti\u00f3 que Sanguinetti pudiera inventarse un pase para Sa\u00fal Torres, quien de media volea marc\u00f3 el 1-0. El portero Alain Baroja no pudo alcanzar el disparo.<br \/>\nFue la primera anotaci\u00f3n del partido y Always Ready no supo qu\u00e9 hacer. Pese a algunas individualidades, siempre se vio con el muro de la defensa del elenco orure\u00f1o.<br \/>\nA los 14 minutos, Wensley Da Silva estuvo muy cerca de anotar el empate tras una buena habilitaci\u00f3n de sus compa\u00f1eros. El delantero enfrent\u00f3 y venci\u00f3 al portero rival, todo indic\u00f3 que iba a ser gol ya que el arco se encontraba vac\u00edo. Da Silva remat\u00f3, pero de sorpresa lleg\u00f3 Mario Cu\u00e9llar para desviar el disparo.<br \/>\nFue lo \u00fanico que mostr\u00f3 Always Ready, ya que m\u00e1s supo jugar en el mediocampo, pero sin mucha opci\u00f3n de hacer llegar la pelota a sus delanteros.<br \/>\nA los 20\u2019, Gonzalo Vaca remat\u00f3 con peligro, pero Baroja salv\u00f3 su arco. Luego GV San Jos\u00e9 intent\u00f3 por otros lados, pero tambi\u00e9n se vio con la defensa millonaria.<br \/>\nEn el segundo tiempo, Always Ready reaccion\u00f3 y aceler\u00f3. En una de sus ocasiones, Jos\u00e9 Carabal\u00ed lleg\u00f3 a verse muy cerca con el gol, pero su jugada fue anulada por posici\u00f3n adelantada.<br \/>\nEl elenco de Oruro tuvo a BrianSobrero siendo muy insistente en el ataque, ya que en dos ocasiones estuvo muy cerca de ampliar el marcador.<br \/>\nAlways Ready se vio enredado; atac\u00f3, pero siempre fall\u00f3 en lo \u00faltimo para definir. Cerca del final Luis Caicedo estuvo cerca de anotar con un cabezazo, pero la pelota se fue muy alta. El partido se mantuvo intenso, pero el resultado fue de 1-0.<\/p>\n<p><em><strong>ERWIN QUISPE PERCA<\/strong><\/em><\/p>\n","protected":false},"excerpt":{"rendered":"<p>Gualberto Villarroel San Jos\u00e9 volvi\u00f3 a la vida con una victoria sobre un desconocido Always Ready. El cuadro orure\u00f1o gan\u00f3 por el gol de Sa\u00fal Torres. Los millonarios, en cambio, peligran su clasificaci\u00f3n a la siguiente fase del torneo Apertura. Fue un duro golpe para el equipo millonario, tendr\u00e1n que ganar sus restantes cotejos para [&hellip;]<\/p>\n","protected":false},"author":1,"featured_media":211002,"comment_status":"open","ping_status":"open","sticky":false,"template":"","format":"standard","meta":{"_acf_changed":false,"footnotes":""},"categories":[6],"tags":[],"class_list":["post-211011","post","type-post","status-publish","format-standard","has-post-thumbnail","category-deportes"],"acf":{"antetitulo":""},"yoast_head":"<!-- This site is optimized with the Yoast SEO plugin v28.4 - https:\/\/yoast.com\/product\/yoast-seo-wordpress\/ -->\n<title>Gv San Jos\u00e9 renace con triunfo - El Diario - Bolivia<\/title>\n<meta name=\"robots\" content=\"index, follow, max-snippet:-1, max-image-preview:large, max-video-preview:-1\" \/>\n<link rel=\"canonical\" href=\"https:\/\/www.eldiario.net\/portal\/2024\/03\/29\/gv-san-jose-renace-con-triunfo\/\" \/>\n<meta property=\"og:locale\" content=\"es_ES\" \/>\n<meta property=\"og:type\" content=\"article\" \/>\n<meta property=\"og:title\" content=\"Gv San Jos\u00e9 renace con triunfo - El Diario - Bolivia\" \/>\n<meta property=\"og:description\" content=\"Gualberto Villarroel San Jos\u00e9 volvi\u00f3 a la vida con una victoria sobre un desconocido Always Ready. El cuadro orure\u00f1o gan\u00f3 por el gol de Sa\u00fal Torres. Los millonarios, en cambio, peligran su clasificaci\u00f3n a la siguiente fase del torneo Apertura. Fue un duro golpe para el equipo millonario, tendr\u00e1n que ganar sus restantes cotejos para [&hellip;]\" \/>\n<meta property=\"og:url\" content=\"https:\/\/www.eldiario.net\/portal\/2024\/03\/29\/gv-san-jose-renace-con-triunfo\/\" \/>\n<meta property=\"og:site_name\" content=\"El Diario - Bolivia\" \/>\n<meta property=\"article:publisher\" content=\"https:\/\/www.facebook.com\/eldiario.bolivia\/\" \/>\n<meta property=\"article:published_time\" content=\"2024-03-29T10:41:49+00:00\" \/>\n<meta property=\"og:image\" content=\"https:\/\/www.eldiario.net\/portal\/wp-content\/uploads\/2024\/03\/PRINCIPAL-6.jpg\" \/>\n\t<meta property=\"og:image:width\" content=\"1280\" \/>\n\t<meta property=\"og:image:height\" content=\"883\" \/>\n\t<meta property=\"og:image:type\" content=\"image\/jpeg\" \/>\n<meta name=\"author\" content=\"Jeanette\" \/>\n<meta name=\"twitter:card\" content=\"summary_large_image\" \/>\n<meta name=\"twitter:creator\" content=\"@eldiario_net\" \/>\n<meta name=\"twitter:site\" content=\"@eldiario_net\" \/>\n<meta name=\"twitter:label1\" content=\"Escrito por\" \/>\n\t<meta name=\"twitter:data1\" content=\"Jeanette\" \/>\n\t<meta name=\"twitter:label2\" content=\"Tiempo de lectura\" \/>\n\t<meta name=\"twitter:data2\" content=\"3 minutos\" \/>\n<script type=\"application\/ld+json\" class=\"yoast-schema-graph\">{\"@context\":\"https:\\\/\\\/schema.org\",\"@graph\":[{\"@type\":\"Article\",\"@id\":\"https:\\\/\\\/www.eldiario.net\\\/portal\\\/2024\\\/03\\\/29\\\/gv-san-jose-renace-con-triunfo\\\/#article\",\"isPartOf\":{\"@id\":\"https:\\\/\\\/www.eldiario.net\\\/portal\\\/2024\\\/03\\\/29\\\/gv-san-jose-renace-con-triunfo\\\/\"},\"author\":{\"name\":\"Jeanette\",\"@id\":\"https:\\\/\\\/www.eldiario.net\\\/portal\\\/#\\\/schema\\\/person\\\/2c57cf2b7a7ae032e449e4c9b1019eac\"},\"headline\":\"Gv San Jos\u00e9 renace con triunfo\",\"datePublished\":\"2024-03-29T10:41:49+00:00\",\"mainEntityOfPage\":{\"@id\":\"https:\\\/\\\/www.eldiario.net\\\/portal\\\/2024\\\/03\\\/29\\\/gv-san-jose-renace-con-triunfo\\\/\"},\"wordCount\":437,\"commentCount\":0,\"publisher\":{\"@id\":\"https:\\\/\\\/www.eldiario.net\\\/portal\\\/#organization\"},\"image\":{\"@id\":\"https:\\\/\\\/www.eldiario.net\\\/portal\\\/2024\\\/03\\\/29\\\/gv-san-jose-renace-con-triunfo\\\/#primaryimage\"},\"thumbnailUrl\":\"https:\\\/\\\/www.eldiario.net\\\/portal\\\/wp-content\\\/uploads\\\/2024\\\/03\\\/PRINCIPAL-6.jpg\",\"articleSection\":[\"Deportes\"],\"inLanguage\":\"es\",\"potentialAction\":[{\"@type\":\"CommentAction\",\"name\":\"Comment\",\"target\":[\"https:\\\/\\\/www.eldiario.net\\\/portal\\\/2024\\\/03\\\/29\\\/gv-san-jose-renace-con-triunfo\\\/#respond\"]}]},{\"@type\":\"WebPage\",\"@id\":\"https:\\\/\\\/www.eldiario.net\\\/portal\\\/2024\\\/03\\\/29\\\/gv-san-jose-renace-con-triunfo\\\/\",\"url\":\"https:\\\/\\\/www.eldiario.net\\\/portal\\\/2024\\\/03\\\/29\\\/gv-san-jose-renace-con-triunfo\\\/\",\"name\":\"Gv San Jos\u00e9 renace con triunfo - El Diario - Bolivia\",\"isPartOf\":{\"@id\":\"https:\\\/\\\/www.eldiario.net\\\/portal\\\/#website\"},\"primaryImageOfPage\":{\"@id\":\"https:\\\/\\\/www.eldiario.net\\\/portal\\\/2024\\\/03\\\/29\\\/gv-san-jose-renace-con-triunfo\\\/#primaryimage\"},\"image\":{\"@id\":\"https:\\\/\\\/www.eldiario.net\\\/portal\\\/2024\\\/03\\\/29\\\/gv-san-jose-renace-con-triunfo\\\/#primaryimage\"},\"thumbnailUrl\":\"https:\\\/\\\/www.eldiario.net\\\/portal\\\/wp-content\\\/uploads\\\/2024\\\/03\\\/PRINCIPAL-6.jpg\",\"datePublished\":\"2024-03-29T10:41:49+00:00\",\"breadcrumb\":{\"@id\":\"https:\\\/\\\/www.eldiario.net\\\/portal\\\/2024\\\/03\\\/29\\\/gv-san-jose-renace-con-triunfo\\\/#breadcrumb\"},\"inLanguage\":\"es\",\"potentialAction\":[{\"@type\":\"ReadAction\",\"target\":[\"https:\\\/\\\/www.eldiario.net\\\/portal\\\/2024\\\/03\\\/29\\\/gv-san-jose-renace-con-triunfo\\\/\"]}]},{\"@type\":\"ImageObject\",\"inLanguage\":\"es\",\"@id\":\"https:\\\/\\\/www.eldiario.net\\\/portal\\\/2024\\\/03\\\/29\\\/gv-san-jose-renace-con-triunfo\\\/#primaryimage\",\"url\":\"https:\\\/\\\/www.eldiario.net\\\/portal\\\/wp-content\\\/uploads\\\/2024\\\/03\\\/PRINCIPAL-6.jpg\",\"contentUrl\":\"https:\\\/\\\/www.eldiario.net\\\/portal\\\/wp-content\\\/uploads\\\/2024\\\/03\\\/PRINCIPAL-6.jpg\",\"width\":1280,\"height\":883},{\"@type\":\"BreadcrumbList\",\"@id\":\"https:\\\/\\\/www.eldiario.net\\\/portal\\\/2024\\\/03\\\/29\\\/gv-san-jose-renace-con-triunfo\\\/#breadcrumb\",\"itemListElement\":[{\"@type\":\"ListItem\",\"position\":1,\"name\":\"Portada\",\"item\":\"https:\\\/\\\/www.eldiario.net\\\/portal\\\/\"},{\"@type\":\"ListItem\",\"position\":2,\"name\":\"Gv San Jos\u00e9 renace con triunfo\"}]},{\"@type\":\"WebSite\",\"@id\":\"https:\\\/\\\/www.eldiario.net\\\/portal\\\/#website\",\"url\":\"https:\\\/\\\/www.eldiario.net\\\/portal\\\/\",\"name\":\"El Diario - Decano de la prensa nacional\",\"description\":\"El Diario - Decano de la prensa nacional\",\"publisher\":{\"@id\":\"https:\\\/\\\/www.eldiario.net\\\/portal\\\/#organization\"},\"potentialAction\":[{\"@type\":\"SearchAction\",\"target\":{\"@type\":\"EntryPoint\",\"urlTemplate\":\"https:\\\/\\\/www.eldiario.net\\\/portal\\\/?s={search_term_string}\"},\"query-input\":{\"@type\":\"PropertyValueSpecification\",\"valueRequired\":true,\"valueName\":\"search_term_string\"}}],\"inLanguage\":\"es\"},{\"@type\":\"Organization\",\"@id\":\"https:\\\/\\\/www.eldiario.net\\\/portal\\\/#organization\",\"name\":\"El Diario - Decano de la prensa nacional\",\"url\":\"https:\\\/\\\/www.eldiario.net\\\/portal\\\/\",\"logo\":{\"@type\":\"ImageObject\",\"inLanguage\":\"es\",\"@id\":\"https:\\\/\\\/www.eldiario.net\\\/portal\\\/#\\\/schema\\\/logo\\\/image\\\/\",\"url\":\"https:\\\/\\\/www.eldiario.net\\\/portal\\\/wp-content\\\/uploads\\\/2023\\\/07\\\/logo_ED.jpg\",\"contentUrl\":\"https:\\\/\\\/www.eldiario.net\\\/portal\\\/wp-content\\\/uploads\\\/2023\\\/07\\\/logo_ED.jpg\",\"width\":272,\"height\":52,\"caption\":\"El Diario - Decano de la prensa nacional\"},\"image\":{\"@id\":\"https:\\\/\\\/www.eldiario.net\\\/portal\\\/#\\\/schema\\\/logo\\\/image\\\/\"},\"sameAs\":[\"https:\\\/\\\/www.facebook.com\\\/eldiario.bolivia\\\/\",\"https:\\\/\\\/x.com\\\/eldiario_net\"]},{\"@type\":\"Person\",\"@id\":\"https:\\\/\\\/www.eldiario.net\\\/portal\\\/#\\\/schema\\\/person\\\/2c57cf2b7a7ae032e449e4c9b1019eac\",\"name\":\"Jeanette\",\"image\":{\"@type\":\"ImageObject\",\"inLanguage\":\"es\",\"@id\":\"https:\\\/\\\/secure.gravatar.com\\\/avatar\\\/3ea2118a5f7dad2b7138b1187a6b7ee55f160b9968b66013c3a3ef39dd7e5798?s=96&d=mm&r=g\",\"url\":\"https:\\\/\\\/secure.gravatar.com\\\/avatar\\\/3ea2118a5f7dad2b7138b1187a6b7ee55f160b9968b66013c3a3ef39dd7e5798?s=96&d=mm&r=g\",\"contentUrl\":\"https:\\\/\\\/secure.gravatar.com\\\/avatar\\\/3ea2118a5f7dad2b7138b1187a6b7ee55f160b9968b66013c3a3ef39dd7e5798?s=96&d=mm&r=g\",\"caption\":\"Jeanette\"},\"sameAs\":[\"https:\\\/\\\/www.eldiario.net\\\/portal\"],\"url\":\"https:\\\/\\\/www.eldiario.net\\\/portal\\\/author\\\/jeanette\\\/\"}]}<\/script>\n<!-- \/ Yoast SEO plugin. -->","yoast_head_json":{"title":"Gv San Jos\u00e9 renace con triunfo - El Diario - Bolivia","robots":{"index":"index","follow":"follow","max-snippet":"max-snippet:-1","max-image-preview":"max-image-preview:large","max-video-preview":"max-video-preview:-1"},"canonical":"https:\/\/www.eldiario.net\/portal\/2024\/03\/29\/gv-san-jose-renace-con-triunfo\/","og_locale":"es_ES","og_type":"article","og_title":"Gv San Jos\u00e9 renace con triunfo - El Diario - Bolivia","og_description":"Gualberto Villarroel San Jos\u00e9 volvi\u00f3 a la vida con una victoria sobre un desconocido Always Ready. El cuadro orure\u00f1o gan\u00f3 por el gol de Sa\u00fal Torres. Los millonarios, en cambio, peligran su clasificaci\u00f3n a la siguiente fase del torneo Apertura. Fue un duro golpe para el equipo millonario, tendr\u00e1n que ganar sus restantes cotejos para [&hellip;]","og_url":"https:\/\/www.eldiario.net\/portal\/2024\/03\/29\/gv-san-jose-renace-con-triunfo\/","og_site_name":"El Diario - Bolivia","article_publisher":"https:\/\/www.facebook.com\/eldiario.bolivia\/","article_published_time":"2024-03-29T10:41:49+00:00","og_image":[{"width":1280,"height":883,"url":"https:\/\/www.eldiario.net\/portal\/wp-content\/uploads\/2024\/03\/PRINCIPAL-6.jpg","type":"image\/jpeg"}],"author":"Jeanette","twitter_card":"summary_large_image","twitter_creator":"@eldiario_net","twitter_site":"@eldiario_net","twitter_misc":{"Escrito por":"Jeanette","Tiempo de lectura":"3 minutos"},"schema":{"@context":"https:\/\/schema.org","@graph":[{"@type":"Article","@id":"https:\/\/www.eldiario.net\/portal\/2024\/03\/29\/gv-san-jose-renace-con-triunfo\/#article","isPartOf":{"@id":"https:\/\/www.eldiario.net\/portal\/2024\/03\/29\/gv-san-jose-renace-con-triunfo\/"},"author":{"name":"Jeanette","@id":"https:\/\/www.eldiario.net\/portal\/#\/schema\/person\/2c57cf2b7a7ae032e449e4c9b1019eac"},"headline":"Gv San Jos\u00e9 renace con triunfo","datePublished":"2024-03-29T10:41:49+00:00","mainEntityOfPage":{"@id":"https:\/\/www.eldiario.net\/portal\/2024\/03\/29\/gv-san-jose-renace-con-triunfo\/"},"wordCount":437,"commentCount":0,"publisher":{"@id":"https:\/\/www.eldiario.net\/portal\/#organization"},"image":{"@id":"https:\/\/www.eldiario.net\/portal\/2024\/03\/29\/gv-san-jose-renace-con-triunfo\/#primaryimage"},"thumbnailUrl":"https:\/\/www.eldiario.net\/portal\/wp-content\/uploads\/2024\/03\/PRINCIPAL-6.jpg","articleSection":["Deportes"],"inLanguage":"es","potentialAction":[{"@type":"CommentAction","name":"Comment","target":["https:\/\/www.eldiario.net\/portal\/2024\/03\/29\/gv-san-jose-renace-con-triunfo\/#respond"]}]},{"@type":"WebPage","@id":"https:\/\/www.eldiario.net\/portal\/2024\/03\/29\/gv-san-jose-renace-con-triunfo\/","url":"https:\/\/www.eldiario.net\/portal\/2024\/03\/29\/gv-san-jose-renace-con-triunfo\/","name":"Gv San Jos\u00e9 renace con triunfo - El Diario - Bolivia","isPartOf":{"@id":"https:\/\/www.eldiario.net\/portal\/#website"},"primaryImageOfPage":{"@id":"https:\/\/www.eldiario.net\/portal\/2024\/03\/29\/gv-san-jose-renace-con-triunfo\/#primaryimage"},"image":{"@id":"https:\/\/www.eldiario.net\/portal\/2024\/03\/29\/gv-san-jose-renace-con-triunfo\/#primaryimage"},"thumbnailUrl":"https:\/\/www.eldiario.net\/portal\/wp-content\/uploads\/2024\/03\/PRINCIPAL-6.jpg","datePublished":"2024-03-29T10:41:49+00:00","breadcrumb":{"@id":"https:\/\/www.eldiario.net\/portal\/2024\/03\/29\/gv-san-jose-renace-con-triunfo\/#breadcrumb"},"inLanguage":"es","potentialAction":[{"@type":"ReadAction","target":["https:\/\/www.eldiario.net\/portal\/2024\/03\/29\/gv-san-jose-renace-con-triunfo\/"]}]},{"@type":"ImageObject","inLanguage":"es","@id":"https:\/\/www.eldiario.net\/portal\/2024\/03\/29\/gv-san-jose-renace-con-triunfo\/#primaryimage","url":"https:\/\/www.eldiario.net\/portal\/wp-content\/uploads\/2024\/03\/PRINCIPAL-6.jpg","contentUrl":"https:\/\/www.eldiario.net\/portal\/wp-content\/uploads\/2024\/03\/PRINCIPAL-6.jpg","width":1280,"height":883},{"@type":"BreadcrumbList","@id":"https:\/\/www.eldiario.net\/portal\/2024\/03\/29\/gv-san-jose-renace-con-triunfo\/#breadcrumb","itemListElement":[{"@type":"ListItem","position":1,"name":"Portada","item":"https:\/\/www.eldiario.net\/portal\/"},{"@type":"ListItem","position":2,"name":"Gv San Jos\u00e9 renace con triunfo"}]},{"@type":"WebSite","@id":"https:\/\/www.eldiario.net\/portal\/#website","url":"https:\/\/www.eldiario.net\/portal\/","name":"El Diario - Decano de la prensa nacional","description":"El Diario - Decano de la prensa nacional","publisher":{"@id":"https:\/\/www.eldiario.net\/portal\/#organization"},"potentialAction":[{"@type":"SearchAction","target":{"@type":"EntryPoint","urlTemplate":"https:\/\/www.eldiario.net\/portal\/?s={search_term_string}"},"query-input":{"@type":"PropertyValueSpecification","valueRequired":true,"valueName":"search_term_string"}}],"inLanguage":"es"},{"@type":"Organization","@id":"https:\/\/www.eldiario.net\/portal\/#organization","name":"El Diario - Decano de la prensa nacional","url":"https:\/\/www.eldiario.net\/portal\/","logo":{"@type":"ImageObject","inLanguage":"es","@id":"https:\/\/www.eldiario.net\/portal\/#\/schema\/logo\/image\/","url":"https:\/\/www.eldiario.net\/portal\/wp-content\/uploads\/2023\/07\/logo_ED.jpg","contentUrl":"https:\/\/www.eldiario.net\/portal\/wp-content\/uploads\/2023\/07\/logo_ED.jpg","width":272,"height":52,"caption":"El Diario - Decano de la prensa nacional"},"image":{"@id":"https:\/\/www.eldiario.net\/portal\/#\/schema\/logo\/image\/"},"sameAs":["https:\/\/www.facebook.com\/eldiario.bolivia\/","https:\/\/x.com\/eldiario_net"]},{"@type":"Person","@id":"https:\/\/www.eldiario.net\/portal\/#\/schema\/person\/2c57cf2b7a7ae032e449e4c9b1019eac","name":"Jeanette","image":{"@type":"ImageObject","inLanguage":"es","@id":"https:\/\/secure.gravatar.com\/avatar\/3ea2118a5f7dad2b7138b1187a6b7ee55f160b9968b66013c3a3ef39dd7e5798?s=96&d=mm&r=g","url":"https:\/\/secure.gravatar.com\/avatar\/3ea2118a5f7dad2b7138b1187a6b7ee55f160b9968b66013c3a3ef39dd7e5798?s=96&d=mm&r=g","contentUrl":"https:\/\/secure.gravatar.com\/avatar\/3ea2118a5f7dad2b7138b1187a6b7ee55f160b9968b66013c3a3ef39dd7e5798?s=96&d=mm&r=g","caption":"Jeanette"},"sameAs":["https:\/\/www.eldiario.net\/portal"],"url":"https:\/\/www.eldiario.net\/portal\/author\/jeanette\/"}]}},"_links":{"self":[{"href":"https:\/\/www.eldiario.net\/portal\/wp-json\/wp\/v2\/posts\/211011","targetHints":{"allow":["GET"]}}],"collection":[{"href":"https:\/\/www.eldiario.net\/portal\/wp-json\/wp\/v2\/posts"}],"about":[{"href":"https:\/\/www.eldiario.net\/portal\/wp-json\/wp\/v2\/types\/post"}],"author":[{"embeddable":true,"href":"https:\/\/www.eldiario.net\/portal\/wp-json\/wp\/v2\/users\/1"}],"replies":[{"embeddable":true,"href":"https:\/\/www.eldiario.net\/portal\/wp-json\/wp\/v2\/comments?post=211011"}],"version-history":[{"count":1,"href":"https:\/\/www.eldiario.net\/portal\/wp-json\/wp\/v2\/posts\/211011\/revisions"}],"predecessor-version":[{"id":211012,"href":"https:\/\/www.eldiario.net\/portal\/wp-json\/wp\/v2\/posts\/211011\/revisions\/211012"}],"wp:featuredmedia":[{"embeddable":true,"href":"https:\/\/www.eldiario.net\/portal\/wp-json\/wp\/v2\/media\/211002"}],"wp:attachment":[{"href":"https:\/\/www.eldiario.net\/portal\/wp-json\/wp\/v2\/media?parent=211011"}],"wp:term":[{"taxonomy":"category","embeddable":true,"href":"https:\/\/www.eldiario.net\/portal\/wp-json\/wp\/v2\/categories?post=211011"},{"taxonomy":"post_tag","embeddable":true,"href":"https:\/\/www.eldiario.net\/portal\/wp-json\/wp\/v2\/tags?post=211011"}],"curies":[{"name":"wp","href":"https:\/\/api.w.org\/{rel}","templated":true}]}}