{"id":21099,"date":"2021-08-03T08:08:42","date_gmt":"2021-08-03T12:08:42","guid":{"rendered":"https:\/\/www.eldiario.net\/portal\/?p=21099"},"modified":"2021-08-03T08:08:42","modified_gmt":"2021-08-03T12:08:42","slug":"juez-argentino-declina-competencia-del-caso-material-belico-enviado-a-bolivia-en-2019","status":"publish","type":"post","link":"https:\/\/www.eldiario.net\/portal\/2021\/08\/03\/juez-argentino-declina-competencia-del-caso-material-belico-enviado-a-bolivia-en-2019\/","title":{"rendered":"Juez argentino declina competencia del caso \u2018material b\u00e9lico\u2019 enviado a Bolivia en 2019"},"content":{"rendered":"<p>El juez argentino Javier L\u00f3pez Biscayart declin\u00f3 su competencia en la investigaci\u00f3n por el env\u00edo irregular de \u201cmaterial b\u00e9lico\u201d a Bolivia, d\u00edas despu\u00e9s de la renuncia de Evo Morales en 2019. El caso ahora podr\u00eda quedar en manos del abogado Alejandro Catania.<\/p>\n<p>La decisi\u00f3n de no continuar con el proceso se debe a que en el juzgado de su colega se encuentra radicada la primera denuncia sobre el mismo caso, seg\u00fan el portal del diario La Naci\u00f3n.<\/p>\n<p>El juez Catania puede aceptar la competencia o rechazarla y entonces se plantear\u00eda un conflicto que deber\u00eda resolver la C\u00e1mara de Apelaciones en lo penal Econ\u00f3mico de Argentina.<\/p>\n<p>Los investigados en el vecino pa\u00eds se encuentran el expresidente Mauricio Macri, sus exministros de Seguridad, Patricia Bullrich y de Defensa, Oscar Aguad, adem\u00e1s del exembajador de Argentina en Bolivia Normando \u00c1lvarez Garc\u00eda, al exdirector de la Gendarmer\u00eda Gerardo Jos\u00e9 Otero, entre otros.<\/p>\n<p>La denuncia es impulsada por el gobierno del mandatario Alberto Fern\u00e1ndez luego que desde Bolivia el canciller Rogelio Mayta haya denunciado que el 13 de noviembre de 2019 \u2013tres d\u00edas despu\u00e9s de la renuncia de Evo Morales\u2013 ingres\u00f3 al pa\u00eds un avi\u00f3n militar argentino con material antidisturbios de manera irregular.<\/p>\n<p>La denuncia tiene como base una carta que le habr\u00eda enviado el excomandante de la Fuerza A\u00e9rea Boliviana (FAB) general Jorge Terceros al entonces embajador argentino Normando \u00c1lvarez donde le agradece \u201cla colaboraci\u00f3n\u201d y se detalla el material recibido.<\/p>\n<p>La defensa del general Terceros descart\u00f3 la autenticidad de la misiva, pero desde el Comando General de la Polic\u00eda se confirm\u00f3 que parte de ese material continuaba en sus dep\u00f3sitos. Se investiga su uso, aunque el Gobierno sospecha que fue durante los conflictos sociales tras la renuncia de Morales. (Erbol)<\/p>\n","protected":false},"excerpt":{"rendered":"<p>El juez argentino Javier L\u00f3pez Biscayart declin\u00f3 su competencia en la investigaci\u00f3n por el env\u00edo irregular de \u201cmaterial b\u00e9lico\u201d a Bolivia, d\u00edas despu\u00e9s de la renuncia de Evo Morales en 2019. El caso ahora podr\u00eda quedar en manos del abogado Alejandro Catania. La decisi\u00f3n de no continuar con el proceso se debe a que en [&hellip;]<\/p>\n","protected":false},"author":1,"featured_media":21100,"comment_status":"closed","ping_status":"closed","sticky":false,"template":"","format":"standard","meta":{"_acf_changed":false,"footnotes":""},"categories":[15],"tags":[],"class_list":["post-21099","post","type-post","status-publish","format-standard","has-post-thumbnail","category-portada"],"acf":{"antetitulo":""},"yoast_head":"<!-- This site is optimized with the Yoast SEO plugin v28.4 - https:\/\/yoast.com\/product\/yoast-seo-wordpress\/ -->\n<title>Juez argentino declina competencia del caso \u2018material b\u00e9lico\u2019 enviado a Bolivia en 2019 - El Diario - Bolivia<\/title>\n<meta name=\"robots\" content=\"index, follow, max-snippet:-1, max-image-preview:large, max-video-preview:-1\" \/>\n<link rel=\"canonical\" href=\"https:\/\/www.eldiario.net\/portal\/2021\/08\/03\/juez-argentino-declina-competencia-del-caso-material-belico-enviado-a-bolivia-en-2019\/\" \/>\n<meta property=\"og:locale\" content=\"es_ES\" \/>\n<meta property=\"og:type\" content=\"article\" \/>\n<meta property=\"og:title\" content=\"Juez argentino declina competencia del caso \u2018material b\u00e9lico\u2019 enviado a Bolivia en 2019 - El Diario - Bolivia\" \/>\n<meta property=\"og:description\" content=\"El juez argentino Javier L\u00f3pez Biscayart declin\u00f3 su competencia en la investigaci\u00f3n por el env\u00edo irregular de \u201cmaterial b\u00e9lico\u201d a Bolivia, d\u00edas despu\u00e9s de la renuncia de Evo Morales en 2019. El caso ahora podr\u00eda quedar en manos del abogado Alejandro Catania. La decisi\u00f3n de no continuar con el proceso se debe a que en [&hellip;]\" \/>\n<meta property=\"og:url\" content=\"https:\/\/www.eldiario.net\/portal\/2021\/08\/03\/juez-argentino-declina-competencia-del-caso-material-belico-enviado-a-bolivia-en-2019\/\" \/>\n<meta property=\"og:site_name\" content=\"El Diario - Bolivia\" \/>\n<meta property=\"article:publisher\" content=\"https:\/\/www.facebook.com\/eldiario.bolivia\/\" \/>\n<meta property=\"article:published_time\" content=\"2021-08-03T12:08:42+00:00\" \/>\n<meta name=\"author\" content=\"Jeanette\" \/>\n<meta name=\"twitter:card\" content=\"summary_large_image\" \/>\n<meta name=\"twitter:creator\" content=\"@eldiario_net\" \/>\n<meta name=\"twitter:site\" content=\"@eldiario_net\" \/>\n<meta name=\"twitter:label1\" content=\"Escrito por\" \/>\n\t<meta name=\"twitter:data1\" content=\"Jeanette\" \/>\n\t<meta name=\"twitter:label2\" content=\"Tiempo de lectura\" \/>\n\t<meta name=\"twitter:data2\" content=\"2 minutos\" \/>\n<script type=\"application\/ld+json\" class=\"yoast-schema-graph\">{\"@context\":\"https:\\\/\\\/schema.org\",\"@graph\":[{\"@type\":\"Article\",\"@id\":\"https:\\\/\\\/www.eldiario.net\\\/portal\\\/2021\\\/08\\\/03\\\/juez-argentino-declina-competencia-del-caso-material-belico-enviado-a-bolivia-en-2019\\\/#article\",\"isPartOf\":{\"@id\":\"https:\\\/\\\/www.eldiario.net\\\/portal\\\/2021\\\/08\\\/03\\\/juez-argentino-declina-competencia-del-caso-material-belico-enviado-a-bolivia-en-2019\\\/\"},\"author\":{\"name\":\"Jeanette\",\"@id\":\"https:\\\/\\\/www.eldiario.net\\\/portal\\\/#\\\/schema\\\/person\\\/f46445640444750d7d753ccd04ae01b7\"},\"headline\":\"Juez argentino declina competencia del caso \u2018material b\u00e9lico\u2019 enviado a Bolivia en 2019\",\"datePublished\":\"2021-08-03T12:08:42+00:00\",\"mainEntityOfPage\":{\"@id\":\"https:\\\/\\\/www.eldiario.net\\\/portal\\\/2021\\\/08\\\/03\\\/juez-argentino-declina-competencia-del-caso-material-belico-enviado-a-bolivia-en-2019\\\/\"},\"wordCount\":325,\"publisher\":{\"@id\":\"https:\\\/\\\/www.eldiario.net\\\/portal\\\/#organization\"},\"image\":{\"@id\":\"https:\\\/\\\/www.eldiario.net\\\/portal\\\/2021\\\/08\\\/03\\\/juez-argentino-declina-competencia-del-caso-material-belico-enviado-a-bolivia-en-2019\\\/#primaryimage\"},\"thumbnailUrl\":\"\",\"articleSection\":[\"Portada\"],\"inLanguage\":\"es\"},{\"@type\":\"WebPage\",\"@id\":\"https:\\\/\\\/www.eldiario.net\\\/portal\\\/2021\\\/08\\\/03\\\/juez-argentino-declina-competencia-del-caso-material-belico-enviado-a-bolivia-en-2019\\\/\",\"url\":\"https:\\\/\\\/www.eldiario.net\\\/portal\\\/2021\\\/08\\\/03\\\/juez-argentino-declina-competencia-del-caso-material-belico-enviado-a-bolivia-en-2019\\\/\",\"name\":\"Juez argentino declina competencia del caso \u2018material b\u00e9lico\u2019 enviado a Bolivia en 2019 - El Diario - Bolivia\",\"isPartOf\":{\"@id\":\"https:\\\/\\\/www.eldiario.net\\\/portal\\\/#website\"},\"primaryImageOfPage\":{\"@id\":\"https:\\\/\\\/www.eldiario.net\\\/portal\\\/2021\\\/08\\\/03\\\/juez-argentino-declina-competencia-del-caso-material-belico-enviado-a-bolivia-en-2019\\\/#primaryimage\"},\"image\":{\"@id\":\"https:\\\/\\\/www.eldiario.net\\\/portal\\\/2021\\\/08\\\/03\\\/juez-argentino-declina-competencia-del-caso-material-belico-enviado-a-bolivia-en-2019\\\/#primaryimage\"},\"thumbnailUrl\":\"\",\"datePublished\":\"2021-08-03T12:08:42+00:00\",\"breadcrumb\":{\"@id\":\"https:\\\/\\\/www.eldiario.net\\\/portal\\\/2021\\\/08\\\/03\\\/juez-argentino-declina-competencia-del-caso-material-belico-enviado-a-bolivia-en-2019\\\/#breadcrumb\"},\"inLanguage\":\"es\",\"potentialAction\":[{\"@type\":\"ReadAction\",\"target\":[\"https:\\\/\\\/www.eldiario.net\\\/portal\\\/2021\\\/08\\\/03\\\/juez-argentino-declina-competencia-del-caso-material-belico-enviado-a-bolivia-en-2019\\\/\"]}]},{\"@type\":\"ImageObject\",\"inLanguage\":\"es\",\"@id\":\"https:\\\/\\\/www.eldiario.net\\\/portal\\\/2021\\\/08\\\/03\\\/juez-argentino-declina-competencia-del-caso-material-belico-enviado-a-bolivia-en-2019\\\/#primaryimage\",\"url\":\"\",\"contentUrl\":\"\"},{\"@type\":\"BreadcrumbList\",\"@id\":\"https:\\\/\\\/www.eldiario.net\\\/portal\\\/2021\\\/08\\\/03\\\/juez-argentino-declina-competencia-del-caso-material-belico-enviado-a-bolivia-en-2019\\\/#breadcrumb\",\"itemListElement\":[{\"@type\":\"ListItem\",\"position\":1,\"name\":\"Portada\",\"item\":\"https:\\\/\\\/www.eldiario.net\\\/portal\\\/\"},{\"@type\":\"ListItem\",\"position\":2,\"name\":\"Juez argentino declina competencia del caso \u2018material b\u00e9lico\u2019 enviado a Bolivia en 2019\"}]},{\"@type\":\"WebSite\",\"@id\":\"https:\\\/\\\/www.eldiario.net\\\/portal\\\/#website\",\"url\":\"https:\\\/\\\/www.eldiario.net\\\/portal\\\/\",\"name\":\"El Diario - Decano de la prensa nacional\",\"description\":\"El Diario - Decano de la prensa nacional\",\"publisher\":{\"@id\":\"https:\\\/\\\/www.eldiario.net\\\/portal\\\/#organization\"},\"potentialAction\":[{\"@type\":\"SearchAction\",\"target\":{\"@type\":\"EntryPoint\",\"urlTemplate\":\"https:\\\/\\\/www.eldiario.net\\\/portal\\\/?s={search_term_string}\"},\"query-input\":{\"@type\":\"PropertyValueSpecification\",\"valueRequired\":true,\"valueName\":\"search_term_string\"}}],\"inLanguage\":\"es\"},{\"@type\":\"Organization\",\"@id\":\"https:\\\/\\\/www.eldiario.net\\\/portal\\\/#organization\",\"name\":\"El Diario - Decano de la prensa nacional\",\"url\":\"https:\\\/\\\/www.eldiario.net\\\/portal\\\/\",\"logo\":{\"@type\":\"ImageObject\",\"inLanguage\":\"es\",\"@id\":\"https:\\\/\\\/www.eldiario.net\\\/portal\\\/#\\\/schema\\\/logo\\\/image\\\/\",\"url\":\"https:\\\/\\\/www.eldiario.net\\\/portal\\\/wp-content\\\/uploads\\\/2023\\\/07\\\/logo_ED.jpg\",\"contentUrl\":\"https:\\\/\\\/www.eldiario.net\\\/portal\\\/wp-content\\\/uploads\\\/2023\\\/07\\\/logo_ED.jpg\",\"width\":272,\"height\":52,\"caption\":\"El Diario - Decano de la prensa nacional\"},\"image\":{\"@id\":\"https:\\\/\\\/www.eldiario.net\\\/portal\\\/#\\\/schema\\\/logo\\\/image\\\/\"},\"sameAs\":[\"https:\\\/\\\/www.facebook.com\\\/eldiario.bolivia\\\/\",\"https:\\\/\\\/x.com\\\/eldiario_net\"]},{\"@type\":\"Person\",\"@id\":\"https:\\\/\\\/www.eldiario.net\\\/portal\\\/#\\\/schema\\\/person\\\/f46445640444750d7d753ccd04ae01b7\",\"name\":\"Jeanette\",\"image\":{\"@type\":\"ImageObject\",\"inLanguage\":\"es\",\"@id\":\"https:\\\/\\\/secure.gravatar.com\\\/avatar\\\/3ea2118a5f7dad2b7138b1187a6b7ee55f160b9968b66013c3a3ef39dd7e5798?s=96&d=mm&r=g\",\"url\":\"https:\\\/\\\/secure.gravatar.com\\\/avatar\\\/3ea2118a5f7dad2b7138b1187a6b7ee55f160b9968b66013c3a3ef39dd7e5798?s=96&d=mm&r=g\",\"contentUrl\":\"https:\\\/\\\/secure.gravatar.com\\\/avatar\\\/3ea2118a5f7dad2b7138b1187a6b7ee55f160b9968b66013c3a3ef39dd7e5798?s=96&d=mm&r=g\",\"caption\":\"Jeanette\"},\"sameAs\":[\"https:\\\/\\\/www.eldiario.net\\\/portal\"],\"url\":\"https:\\\/\\\/www.eldiario.net\\\/portal\\\/author\\\/jeanette\\\/\"}]}<\/script>\n<!-- \/ Yoast SEO plugin. -->","yoast_head_json":{"title":"Juez argentino declina competencia del caso \u2018material b\u00e9lico\u2019 enviado a Bolivia en 2019 - El Diario - Bolivia","robots":{"index":"index","follow":"follow","max-snippet":"max-snippet:-1","max-image-preview":"max-image-preview:large","max-video-preview":"max-video-preview:-1"},"canonical":"https:\/\/www.eldiario.net\/portal\/2021\/08\/03\/juez-argentino-declina-competencia-del-caso-material-belico-enviado-a-bolivia-en-2019\/","og_locale":"es_ES","og_type":"article","og_title":"Juez argentino declina competencia del caso \u2018material b\u00e9lico\u2019 enviado a Bolivia en 2019 - El Diario - Bolivia","og_description":"El juez argentino Javier L\u00f3pez Biscayart declin\u00f3 su competencia en la investigaci\u00f3n por el env\u00edo irregular de \u201cmaterial b\u00e9lico\u201d a Bolivia, d\u00edas despu\u00e9s de la renuncia de Evo Morales en 2019. El caso ahora podr\u00eda quedar en manos del abogado Alejandro Catania. La decisi\u00f3n de no continuar con el proceso se debe a que en [&hellip;]","og_url":"https:\/\/www.eldiario.net\/portal\/2021\/08\/03\/juez-argentino-declina-competencia-del-caso-material-belico-enviado-a-bolivia-en-2019\/","og_site_name":"El Diario - Bolivia","article_publisher":"https:\/\/www.facebook.com\/eldiario.bolivia\/","article_published_time":"2021-08-03T12:08:42+00:00","author":"Jeanette","twitter_card":"summary_large_image","twitter_creator":"@eldiario_net","twitter_site":"@eldiario_net","twitter_misc":{"Escrito por":"Jeanette","Tiempo de lectura":"2 minutos"},"schema":{"@context":"https:\/\/schema.org","@graph":[{"@type":"Article","@id":"https:\/\/www.eldiario.net\/portal\/2021\/08\/03\/juez-argentino-declina-competencia-del-caso-material-belico-enviado-a-bolivia-en-2019\/#article","isPartOf":{"@id":"https:\/\/www.eldiario.net\/portal\/2021\/08\/03\/juez-argentino-declina-competencia-del-caso-material-belico-enviado-a-bolivia-en-2019\/"},"author":{"name":"Jeanette","@id":"https:\/\/www.eldiario.net\/portal\/#\/schema\/person\/f46445640444750d7d753ccd04ae01b7"},"headline":"Juez argentino declina competencia del caso \u2018material b\u00e9lico\u2019 enviado a Bolivia en 2019","datePublished":"2021-08-03T12:08:42+00:00","mainEntityOfPage":{"@id":"https:\/\/www.eldiario.net\/portal\/2021\/08\/03\/juez-argentino-declina-competencia-del-caso-material-belico-enviado-a-bolivia-en-2019\/"},"wordCount":325,"publisher":{"@id":"https:\/\/www.eldiario.net\/portal\/#organization"},"image":{"@id":"https:\/\/www.eldiario.net\/portal\/2021\/08\/03\/juez-argentino-declina-competencia-del-caso-material-belico-enviado-a-bolivia-en-2019\/#primaryimage"},"thumbnailUrl":"","articleSection":["Portada"],"inLanguage":"es"},{"@type":"WebPage","@id":"https:\/\/www.eldiario.net\/portal\/2021\/08\/03\/juez-argentino-declina-competencia-del-caso-material-belico-enviado-a-bolivia-en-2019\/","url":"https:\/\/www.eldiario.net\/portal\/2021\/08\/03\/juez-argentino-declina-competencia-del-caso-material-belico-enviado-a-bolivia-en-2019\/","name":"Juez argentino declina competencia del caso \u2018material b\u00e9lico\u2019 enviado a Bolivia en 2019 - El Diario - Bolivia","isPartOf":{"@id":"https:\/\/www.eldiario.net\/portal\/#website"},"primaryImageOfPage":{"@id":"https:\/\/www.eldiario.net\/portal\/2021\/08\/03\/juez-argentino-declina-competencia-del-caso-material-belico-enviado-a-bolivia-en-2019\/#primaryimage"},"image":{"@id":"https:\/\/www.eldiario.net\/portal\/2021\/08\/03\/juez-argentino-declina-competencia-del-caso-material-belico-enviado-a-bolivia-en-2019\/#primaryimage"},"thumbnailUrl":"","datePublished":"2021-08-03T12:08:42+00:00","breadcrumb":{"@id":"https:\/\/www.eldiario.net\/portal\/2021\/08\/03\/juez-argentino-declina-competencia-del-caso-material-belico-enviado-a-bolivia-en-2019\/#breadcrumb"},"inLanguage":"es","potentialAction":[{"@type":"ReadAction","target":["https:\/\/www.eldiario.net\/portal\/2021\/08\/03\/juez-argentino-declina-competencia-del-caso-material-belico-enviado-a-bolivia-en-2019\/"]}]},{"@type":"ImageObject","inLanguage":"es","@id":"https:\/\/www.eldiario.net\/portal\/2021\/08\/03\/juez-argentino-declina-competencia-del-caso-material-belico-enviado-a-bolivia-en-2019\/#primaryimage","url":"","contentUrl":""},{"@type":"BreadcrumbList","@id":"https:\/\/www.eldiario.net\/portal\/2021\/08\/03\/juez-argentino-declina-competencia-del-caso-material-belico-enviado-a-bolivia-en-2019\/#breadcrumb","itemListElement":[{"@type":"ListItem","position":1,"name":"Portada","item":"https:\/\/www.eldiario.net\/portal\/"},{"@type":"ListItem","position":2,"name":"Juez argentino declina competencia del caso \u2018material b\u00e9lico\u2019 enviado a Bolivia en 2019"}]},{"@type":"WebSite","@id":"https:\/\/www.eldiario.net\/portal\/#website","url":"https:\/\/www.eldiario.net\/portal\/","name":"El Diario - Decano de la prensa nacional","description":"El Diario - Decano de la prensa nacional","publisher":{"@id":"https:\/\/www.eldiario.net\/portal\/#organization"},"potentialAction":[{"@type":"SearchAction","target":{"@type":"EntryPoint","urlTemplate":"https:\/\/www.eldiario.net\/portal\/?s={search_term_string}"},"query-input":{"@type":"PropertyValueSpecification","valueRequired":true,"valueName":"search_term_string"}}],"inLanguage":"es"},{"@type":"Organization","@id":"https:\/\/www.eldiario.net\/portal\/#organization","name":"El Diario - Decano de la prensa nacional","url":"https:\/\/www.eldiario.net\/portal\/","logo":{"@type":"ImageObject","inLanguage":"es","@id":"https:\/\/www.eldiario.net\/portal\/#\/schema\/logo\/image\/","url":"https:\/\/www.eldiario.net\/portal\/wp-content\/uploads\/2023\/07\/logo_ED.jpg","contentUrl":"https:\/\/www.eldiario.net\/portal\/wp-content\/uploads\/2023\/07\/logo_ED.jpg","width":272,"height":52,"caption":"El Diario - Decano de la prensa nacional"},"image":{"@id":"https:\/\/www.eldiario.net\/portal\/#\/schema\/logo\/image\/"},"sameAs":["https:\/\/www.facebook.com\/eldiario.bolivia\/","https:\/\/x.com\/eldiario_net"]},{"@type":"Person","@id":"https:\/\/www.eldiario.net\/portal\/#\/schema\/person\/f46445640444750d7d753ccd04ae01b7","name":"Jeanette","image":{"@type":"ImageObject","inLanguage":"es","@id":"https:\/\/secure.gravatar.com\/avatar\/3ea2118a5f7dad2b7138b1187a6b7ee55f160b9968b66013c3a3ef39dd7e5798?s=96&d=mm&r=g","url":"https:\/\/secure.gravatar.com\/avatar\/3ea2118a5f7dad2b7138b1187a6b7ee55f160b9968b66013c3a3ef39dd7e5798?s=96&d=mm&r=g","contentUrl":"https:\/\/secure.gravatar.com\/avatar\/3ea2118a5f7dad2b7138b1187a6b7ee55f160b9968b66013c3a3ef39dd7e5798?s=96&d=mm&r=g","caption":"Jeanette"},"sameAs":["https:\/\/www.eldiario.net\/portal"],"url":"https:\/\/www.eldiario.net\/portal\/author\/jeanette\/"}]}},"_links":{"self":[{"href":"https:\/\/www.eldiario.net\/portal\/wp-json\/wp\/v2\/posts\/21099","targetHints":{"allow":["GET"]}}],"collection":[{"href":"https:\/\/www.eldiario.net\/portal\/wp-json\/wp\/v2\/posts"}],"about":[{"href":"https:\/\/www.eldiario.net\/portal\/wp-json\/wp\/v2\/types\/post"}],"author":[{"embeddable":true,"href":"https:\/\/www.eldiario.net\/portal\/wp-json\/wp\/v2\/users\/1"}],"replies":[{"embeddable":true,"href":"https:\/\/www.eldiario.net\/portal\/wp-json\/wp\/v2\/comments?post=21099"}],"version-history":[{"count":0,"href":"https:\/\/www.eldiario.net\/portal\/wp-json\/wp\/v2\/posts\/21099\/revisions"}],"wp:attachment":[{"href":"https:\/\/www.eldiario.net\/portal\/wp-json\/wp\/v2\/media?parent=21099"}],"wp:term":[{"taxonomy":"category","embeddable":true,"href":"https:\/\/www.eldiario.net\/portal\/wp-json\/wp\/v2\/categories?post=21099"},{"taxonomy":"post_tag","embeddable":true,"href":"https:\/\/www.eldiario.net\/portal\/wp-json\/wp\/v2\/tags?post=21099"}],"curies":[{"name":"wp","href":"https:\/\/api.w.org\/{rel}","templated":true}]}}