{"id":210984,"date":"2024-03-29T06:35:04","date_gmt":"2024-03-29T10:35:04","guid":{"rendered":"https:\/\/www.eldiario.net\/portal\/?p=210984"},"modified":"2024-03-29T06:35:04","modified_gmt":"2024-03-29T10:35:04","slug":"economia-al-reves","status":"publish","type":"post","link":"https:\/\/www.eldiario.net\/portal\/2024\/03\/29\/economia-al-reves\/","title":{"rendered":"Econom\u00eda al rev\u00e9s"},"content":{"rendered":"<p>El gobierno de Luis Arce dice que su prioridad es industrializar el pa\u00eds, pero en los hechos muestra que su supremo inter\u00e9s est\u00e1 dirigido a comprar equipos industriales, muy caros, del exterior.<br \/>\nSu segunda prioridad es crear empresas estatales para esas plantas y luego contratar a miles de empleados que las manejen, o digan que las manejan, pero que sean en la pr\u00e1ctica esclavos pol\u00edticos del MAS.<br \/>\nAhora est\u00e1 empe\u00f1ado con el biodi\u00e9sel, para lo que compr\u00f3 equipos, con sobreprecio, por supuesto, de 47 millones de d\u00f3lares, con cientos de empleados que estar\u00e1n a cargo de una muy curiosa operaci\u00f3n econ\u00f3mica.<br \/>\nDeben producir biodi\u00e9sel a partir de aceite de soya. El problema es que ese aceite vale 1,30 d\u00f3lares el litro y debe servir para producir biodi\u00e9sel, que ser\u00e1 vendido en los surtidores en Bs 3,70, es decir en 30 centavos de d\u00f3lar.<br \/>\nQuiz\u00e1 los catedr\u00e1ticos de Arce en la universidad olvidaron decirle que los empresarios tienen la costumbre inexcusable de vender sus productos en precios mayores al costo de producirlos.<br \/>\nComo es la plata de ellos, los empresarios prefieren no perder en sus operaciones, porque de lo contrario tendr\u00edan que cerrar sus empresas.<br \/>\nA juzgar por los criterios con que los masistas manejan las empresas estatales, la idea es comprar caro y vender barato, poniendo siempre atenci\u00f3n en que los equipos hayan sido comprados muy caros para que las comisiones sean altas.<br \/>\nEn el caso de empresas estatales, los principios universales de los empresarios no se aplican, o son revertidos, para que la empresa tenga las mayores p\u00e9rdidas posibles.<br \/>\nY ahora se lanza el Presidente a crear una nueva empresa, esta vez de procesamiento de soya, para producir el aceite que ya se produce en Bolivia por parte de empresas privadas en vol\u00famenes, m\u00e1s que suficientes para cubrir la demanda interna.<br \/>\nLa actual capacidad instalada del sector privado servir\u00eda para cubrir 15% de los requerimientos del biodi\u00e9sel. Y podr\u00eda crecer con facilidad si es que los empresarios tuvieran seguridades jur\u00eddicas, si es que no tuvieran que pagar la FES cada vez que los masistas desean, pero sobre todo si las tierras donde cultivan la oleaginosa no est\u00e9n en riesgo de ser avasalladas por los cocaleros de Morales.<br \/>\nArce decidi\u00f3 invertir 60 millones de d\u00f3lares en una planta que producir\u00e1 la mitad del aceite requerido para el biodi\u00e9sel, pero que permitir\u00e1 contratar a cientos de empleados, todos masistas.<br \/>\nAs\u00ed, Arce podr\u00e1 decir que es el segundo mejor presidente de Bolivia, despu\u00e9s de Morales, pero antes que Bol\u00edvar y Paz Estenssoro.<\/p>\n<p><img loading=\"lazy\" decoding=\"async\" class=\"aligncenter size-full wp-image-210985\" src=\"https:\/\/www.eldiario.net\/portal\/wp-content\/uploads\/2024\/03\/Sin-titulo-1-2.jpg\" alt=\"\" width=\"275\" height=\"55\" \/><\/p>\n<p><img loading=\"lazy\" decoding=\"async\" class=\"alignleft size-full wp-image-210986\" src=\"https:\/\/www.eldiario.net\/portal\/wp-content\/uploads\/2024\/03\/PETROLEO-2.jpg\" alt=\"\" width=\"150\" height=\"205\" \/><em><strong>PETR\u00d3LEO<\/strong><\/em><\/p>\n<p>India est\u00e1 dejando de comprar petr\u00f3leo de Rusia, a pesar del precio de US$ 60 el barril, resultado de las sanciones. Rusia se est\u00e1 quedando sin clientes por lo que ha reducido su producci\u00f3n en casi 20% en lo que va del a\u00f1o. Rusia ha anunciado que frenar\u00e1 su producci\u00f3n para \u201ccumplir con las reducciones comprometidas con la OPEP\u201d. Para Bolivia esta es una muy mala noticia dada su condici\u00f3n de importador neto de combustibles y lubricantes desde 2022.<\/p>\n<p><img loading=\"lazy\" decoding=\"async\" class=\"alignleft size-full wp-image-210988\" src=\"https:\/\/www.eldiario.net\/portal\/wp-content\/uploads\/2024\/03\/ORO-5.jpg\" alt=\"\" width=\"150\" height=\"202\" \/><em><strong>ORO<\/strong><\/em><\/p>\n<p>El oro volvi\u00f3 a subir el jueves y se encamina a su mayor subida mensual desde noviembre de 2022, gracias a los mercados internacionales y sus apuestas sobre los recortes de las tasas de inter\u00e9s de Estados Unidos y la fuerte demanda por un refugio seguro. Para Bolivia esto encarece las compras de oro que son una de las pocas fuentes de reservas que le quedan al Banco Central. El BC ha estado comprando oro para lingotes que espera poder vender.<\/p>\n<p><img loading=\"lazy\" decoding=\"async\" class=\"alignleft size-full wp-image-210989\" src=\"https:\/\/www.eldiario.net\/portal\/wp-content\/uploads\/2024\/03\/ZINC-2.jpg\" alt=\"\" width=\"150\" height=\"206\" \/><em><strong>ZINC<\/strong><\/em><\/p>\n<p>La demanda de Zinc se ha debilitado en el primer trimestre de 2024, debido a que, en China, el principal consumidor mundial de zinc, la falta de capital ha ralentizado la construcci\u00f3n de proyectos inmobiliarios y de infraestructura. La fortaleza del d\u00f3lar tambi\u00e9n afecta el precio del zinc. Un d\u00f3lar m\u00e1s fuerte encarece los metales cotizados en esa moneda para los tenedores de otras divisas, como los chinos cuyos proyectos de construcci\u00f3n est\u00e1n frenados.<\/p>\n<p><em><strong>Limbo petrolero<\/strong><\/em><\/p>\n<p>Hay 4 buques tanqueros (con capacidad de 8 millones de barriles) que est\u00e1n esperando para recibir petr\u00f3leo de Venezuela. Las empresas que los han alquilado est\u00e1n en el limbo petrolero que representan las elecciones venezolanas. Si Maduro incumple con los acuerdos de Barbados e impide la participaci\u00f3n de candidatos, las sanciones volver\u00e1n el 18 de abril.<\/p>\n<p><em><strong>Econom\u00eda en shock<\/strong><\/em><\/p>\n<p>Las cifras preliminares sobre la econom\u00eda argentina, muestran una ca\u00edda de 1,2% en enero con respecto al mes anterior y 4,3% con respecto a enero de 2023. Sin embargo, esto es parte de lo que se esperaba cuando se anunci\u00f3 el proceso de shock en el que deb\u00eda entrar la econom\u00eda durante el proceso de reajuste de la nueva administraci\u00f3n Milei.<\/p>\n<p><em><strong>Turismo lastimado<\/strong><\/em><\/p>\n<p>Los US$ 57 millones que invert\u00eda Per\u00fa en promoci\u00f3n tur\u00edstica antes de la pandemia ha ca\u00eddo a s\u00f3lo US$ 24 millones y esto no ha logrado atraer a los turistas que visitan el pa\u00eds de Machu Picchu. Seg\u00fan las cifras oficiales en 2023, los 5,6 millones de turistas representaron una ca\u00edda de 29% con respecto a 2019. Esto por una ca\u00edda de casi 50% en el turismo extranjero.<\/p>\n<p style=\"text-align: center;\">Lo bueno<br \/>\n***<br \/>\nEs que el Gobierno se niega a pagar 27 millones de d\u00f3lares a Rusia por las vacunas Sputnik V que nunca llegaron durante la pandemia.<\/p>\n<p style=\"text-align: center;\">Lo malo<br \/>\n***<br \/>\nEs que los rusos insisten en decir que van a mandar de todos modos las vacunas que deb\u00edan haber llegado en 2021, seg\u00fan dice el contrato.<\/p>\n<p style=\"text-align: center;\">Lo feo<br \/>\n***<br \/>\nEs que el Gobierno del \u201chermano Put\u00edn\u201d tiene la costumbre de invadir territorios de pa\u00edses con los que tiene diferencias, lo que es un peligro para Bolivia.<\/p>\n","protected":false},"excerpt":{"rendered":"<p>El gobierno de Luis Arce dice que su prioridad es industrializar el pa\u00eds, pero en los hechos muestra que su supremo inter\u00e9s est\u00e1 dirigido a comprar equipos industriales, muy caros, del exterior. Su segunda prioridad es crear empresas estatales para esas plantas y luego contratar a miles de empleados que las manejen, o digan que [&hellip;]<\/p>\n","protected":false},"author":1,"featured_media":210990,"comment_status":"open","ping_status":"open","sticky":false,"template":"","format":"standard","meta":{"_acf_changed":false,"footnotes":""},"categories":[7],"tags":[],"class_list":["post-210984","post","type-post","status-publish","format-standard","has-post-thumbnail","category-economia"],"acf":{"antetitulo":"An\u00e1lisis econ\u00f3mico"},"yoast_head":"<!-- This site is optimized with the Yoast SEO plugin v28.4 - https:\/\/yoast.com\/product\/yoast-seo-wordpress\/ -->\n<title>Econom\u00eda al rev\u00e9s - El Diario - Bolivia<\/title>\n<meta name=\"robots\" content=\"index, follow, max-snippet:-1, max-image-preview:large, max-video-preview:-1\" \/>\n<link rel=\"canonical\" href=\"https:\/\/www.eldiario.net\/portal\/2024\/03\/29\/economia-al-reves\/\" \/>\n<meta property=\"og:locale\" content=\"es_ES\" \/>\n<meta property=\"og:type\" content=\"article\" \/>\n<meta property=\"og:title\" content=\"Econom\u00eda al rev\u00e9s - El Diario - Bolivia\" \/>\n<meta property=\"og:description\" content=\"El gobierno de Luis Arce dice que su prioridad es industrializar el pa\u00eds, pero en los hechos muestra que su supremo inter\u00e9s est\u00e1 dirigido a comprar equipos industriales, muy caros, del exterior. Su segunda prioridad es crear empresas estatales para esas plantas y luego contratar a miles de empleados que las manejen, o digan que [&hellip;]\" \/>\n<meta property=\"og:url\" content=\"https:\/\/www.eldiario.net\/portal\/2024\/03\/29\/economia-al-reves\/\" \/>\n<meta property=\"og:site_name\" content=\"El Diario - Bolivia\" \/>\n<meta property=\"article:publisher\" content=\"https:\/\/www.facebook.com\/eldiario.bolivia\/\" \/>\n<meta property=\"article:published_time\" content=\"2024-03-29T10:35:04+00:00\" \/>\n<meta property=\"og:image\" content=\"https:\/\/www.eldiario.net\/portal\/wp-content\/uploads\/2024\/03\/economia_v-2.jpg\" \/>\n\t<meta property=\"og:image:width\" content=\"1108\" \/>\n\t<meta property=\"og:image:height\" content=\"611\" \/>\n\t<meta property=\"og:image:type\" content=\"image\/jpeg\" \/>\n<meta name=\"author\" content=\"Jeanette\" \/>\n<meta name=\"twitter:card\" content=\"summary_large_image\" \/>\n<meta name=\"twitter:creator\" content=\"@eldiario_net\" \/>\n<meta name=\"twitter:site\" content=\"@eldiario_net\" \/>\n<meta name=\"twitter:label1\" content=\"Escrito por\" \/>\n\t<meta name=\"twitter:data1\" content=\"Jeanette\" \/>\n\t<meta name=\"twitter:label2\" content=\"Tiempo de lectura\" \/>\n\t<meta name=\"twitter:data2\" content=\"6 minutos\" \/>\n<script type=\"application\/ld+json\" class=\"yoast-schema-graph\">{\"@context\":\"https:\\\/\\\/schema.org\",\"@graph\":[{\"@type\":\"Article\",\"@id\":\"https:\\\/\\\/www.eldiario.net\\\/portal\\\/2024\\\/03\\\/29\\\/economia-al-reves\\\/#article\",\"isPartOf\":{\"@id\":\"https:\\\/\\\/www.eldiario.net\\\/portal\\\/2024\\\/03\\\/29\\\/economia-al-reves\\\/\"},\"author\":{\"name\":\"Jeanette\",\"@id\":\"https:\\\/\\\/www.eldiario.net\\\/portal\\\/#\\\/schema\\\/person\\\/f46445640444750d7d753ccd04ae01b7\"},\"headline\":\"Econom\u00eda al rev\u00e9s\",\"datePublished\":\"2024-03-29T10:35:04+00:00\",\"mainEntityOfPage\":{\"@id\":\"https:\\\/\\\/www.eldiario.net\\\/portal\\\/2024\\\/03\\\/29\\\/economia-al-reves\\\/\"},\"wordCount\":980,\"commentCount\":0,\"publisher\":{\"@id\":\"https:\\\/\\\/www.eldiario.net\\\/portal\\\/#organization\"},\"image\":{\"@id\":\"https:\\\/\\\/www.eldiario.net\\\/portal\\\/2024\\\/03\\\/29\\\/economia-al-reves\\\/#primaryimage\"},\"thumbnailUrl\":\"https:\\\/\\\/www.eldiario.net\\\/portal\\\/wp-content\\\/uploads\\\/2024\\\/03\\\/economia_v-2.jpg\",\"articleSection\":[\"Econom\u00eda\"],\"inLanguage\":\"es\",\"potentialAction\":[{\"@type\":\"CommentAction\",\"name\":\"Comment\",\"target\":[\"https:\\\/\\\/www.eldiario.net\\\/portal\\\/2024\\\/03\\\/29\\\/economia-al-reves\\\/#respond\"]}]},{\"@type\":\"WebPage\",\"@id\":\"https:\\\/\\\/www.eldiario.net\\\/portal\\\/2024\\\/03\\\/29\\\/economia-al-reves\\\/\",\"url\":\"https:\\\/\\\/www.eldiario.net\\\/portal\\\/2024\\\/03\\\/29\\\/economia-al-reves\\\/\",\"name\":\"Econom\u00eda al rev\u00e9s - El Diario - Bolivia\",\"isPartOf\":{\"@id\":\"https:\\\/\\\/www.eldiario.net\\\/portal\\\/#website\"},\"primaryImageOfPage\":{\"@id\":\"https:\\\/\\\/www.eldiario.net\\\/portal\\\/2024\\\/03\\\/29\\\/economia-al-reves\\\/#primaryimage\"},\"image\":{\"@id\":\"https:\\\/\\\/www.eldiario.net\\\/portal\\\/2024\\\/03\\\/29\\\/economia-al-reves\\\/#primaryimage\"},\"thumbnailUrl\":\"https:\\\/\\\/www.eldiario.net\\\/portal\\\/wp-content\\\/uploads\\\/2024\\\/03\\\/economia_v-2.jpg\",\"datePublished\":\"2024-03-29T10:35:04+00:00\",\"breadcrumb\":{\"@id\":\"https:\\\/\\\/www.eldiario.net\\\/portal\\\/2024\\\/03\\\/29\\\/economia-al-reves\\\/#breadcrumb\"},\"inLanguage\":\"es\",\"potentialAction\":[{\"@type\":\"ReadAction\",\"target\":[\"https:\\\/\\\/www.eldiario.net\\\/portal\\\/2024\\\/03\\\/29\\\/economia-al-reves\\\/\"]}]},{\"@type\":\"ImageObject\",\"inLanguage\":\"es\",\"@id\":\"https:\\\/\\\/www.eldiario.net\\\/portal\\\/2024\\\/03\\\/29\\\/economia-al-reves\\\/#primaryimage\",\"url\":\"https:\\\/\\\/www.eldiario.net\\\/portal\\\/wp-content\\\/uploads\\\/2024\\\/03\\\/economia_v-2.jpg\",\"contentUrl\":\"https:\\\/\\\/www.eldiario.net\\\/portal\\\/wp-content\\\/uploads\\\/2024\\\/03\\\/economia_v-2.jpg\",\"width\":1108,\"height\":611},{\"@type\":\"BreadcrumbList\",\"@id\":\"https:\\\/\\\/www.eldiario.net\\\/portal\\\/2024\\\/03\\\/29\\\/economia-al-reves\\\/#breadcrumb\",\"itemListElement\":[{\"@type\":\"ListItem\",\"position\":1,\"name\":\"Portada\",\"item\":\"https:\\\/\\\/www.eldiario.net\\\/portal\\\/\"},{\"@type\":\"ListItem\",\"position\":2,\"name\":\"Econom\u00eda al rev\u00e9s\"}]},{\"@type\":\"WebSite\",\"@id\":\"https:\\\/\\\/www.eldiario.net\\\/portal\\\/#website\",\"url\":\"https:\\\/\\\/www.eldiario.net\\\/portal\\\/\",\"name\":\"El Diario - Decano de la prensa nacional\",\"description\":\"El Diario - Decano de la prensa nacional\",\"publisher\":{\"@id\":\"https:\\\/\\\/www.eldiario.net\\\/portal\\\/#organization\"},\"potentialAction\":[{\"@type\":\"SearchAction\",\"target\":{\"@type\":\"EntryPoint\",\"urlTemplate\":\"https:\\\/\\\/www.eldiario.net\\\/portal\\\/?s={search_term_string}\"},\"query-input\":{\"@type\":\"PropertyValueSpecification\",\"valueRequired\":true,\"valueName\":\"search_term_string\"}}],\"inLanguage\":\"es\"},{\"@type\":\"Organization\",\"@id\":\"https:\\\/\\\/www.eldiario.net\\\/portal\\\/#organization\",\"name\":\"El Diario - Decano de la prensa nacional\",\"url\":\"https:\\\/\\\/www.eldiario.net\\\/portal\\\/\",\"logo\":{\"@type\":\"ImageObject\",\"inLanguage\":\"es\",\"@id\":\"https:\\\/\\\/www.eldiario.net\\\/portal\\\/#\\\/schema\\\/logo\\\/image\\\/\",\"url\":\"https:\\\/\\\/www.eldiario.net\\\/portal\\\/wp-content\\\/uploads\\\/2023\\\/07\\\/logo_ED.jpg\",\"contentUrl\":\"https:\\\/\\\/www.eldiario.net\\\/portal\\\/wp-content\\\/uploads\\\/2023\\\/07\\\/logo_ED.jpg\",\"width\":272,\"height\":52,\"caption\":\"El Diario - Decano de la prensa nacional\"},\"image\":{\"@id\":\"https:\\\/\\\/www.eldiario.net\\\/portal\\\/#\\\/schema\\\/logo\\\/image\\\/\"},\"sameAs\":[\"https:\\\/\\\/www.facebook.com\\\/eldiario.bolivia\\\/\",\"https:\\\/\\\/x.com\\\/eldiario_net\"]},{\"@type\":\"Person\",\"@id\":\"https:\\\/\\\/www.eldiario.net\\\/portal\\\/#\\\/schema\\\/person\\\/f46445640444750d7d753ccd04ae01b7\",\"name\":\"Jeanette\",\"image\":{\"@type\":\"ImageObject\",\"inLanguage\":\"es\",\"@id\":\"https:\\\/\\\/secure.gravatar.com\\\/avatar\\\/3ea2118a5f7dad2b7138b1187a6b7ee55f160b9968b66013c3a3ef39dd7e5798?s=96&d=mm&r=g\",\"url\":\"https:\\\/\\\/secure.gravatar.com\\\/avatar\\\/3ea2118a5f7dad2b7138b1187a6b7ee55f160b9968b66013c3a3ef39dd7e5798?s=96&d=mm&r=g\",\"contentUrl\":\"https:\\\/\\\/secure.gravatar.com\\\/avatar\\\/3ea2118a5f7dad2b7138b1187a6b7ee55f160b9968b66013c3a3ef39dd7e5798?s=96&d=mm&r=g\",\"caption\":\"Jeanette\"},\"sameAs\":[\"https:\\\/\\\/www.eldiario.net\\\/portal\"],\"url\":\"https:\\\/\\\/www.eldiario.net\\\/portal\\\/author\\\/jeanette\\\/\"}]}<\/script>\n<!-- \/ Yoast SEO plugin. -->","yoast_head_json":{"title":"Econom\u00eda al rev\u00e9s - El Diario - Bolivia","robots":{"index":"index","follow":"follow","max-snippet":"max-snippet:-1","max-image-preview":"max-image-preview:large","max-video-preview":"max-video-preview:-1"},"canonical":"https:\/\/www.eldiario.net\/portal\/2024\/03\/29\/economia-al-reves\/","og_locale":"es_ES","og_type":"article","og_title":"Econom\u00eda al rev\u00e9s - El Diario - Bolivia","og_description":"El gobierno de Luis Arce dice que su prioridad es industrializar el pa\u00eds, pero en los hechos muestra que su supremo inter\u00e9s est\u00e1 dirigido a comprar equipos industriales, muy caros, del exterior. Su segunda prioridad es crear empresas estatales para esas plantas y luego contratar a miles de empleados que las manejen, o digan que [&hellip;]","og_url":"https:\/\/www.eldiario.net\/portal\/2024\/03\/29\/economia-al-reves\/","og_site_name":"El Diario - Bolivia","article_publisher":"https:\/\/www.facebook.com\/eldiario.bolivia\/","article_published_time":"2024-03-29T10:35:04+00:00","og_image":[{"width":1108,"height":611,"url":"https:\/\/www.eldiario.net\/portal\/wp-content\/uploads\/2024\/03\/economia_v-2.jpg","type":"image\/jpeg"}],"author":"Jeanette","twitter_card":"summary_large_image","twitter_creator":"@eldiario_net","twitter_site":"@eldiario_net","twitter_misc":{"Escrito por":"Jeanette","Tiempo de lectura":"6 minutos"},"schema":{"@context":"https:\/\/schema.org","@graph":[{"@type":"Article","@id":"https:\/\/www.eldiario.net\/portal\/2024\/03\/29\/economia-al-reves\/#article","isPartOf":{"@id":"https:\/\/www.eldiario.net\/portal\/2024\/03\/29\/economia-al-reves\/"},"author":{"name":"Jeanette","@id":"https:\/\/www.eldiario.net\/portal\/#\/schema\/person\/f46445640444750d7d753ccd04ae01b7"},"headline":"Econom\u00eda al rev\u00e9s","datePublished":"2024-03-29T10:35:04+00:00","mainEntityOfPage":{"@id":"https:\/\/www.eldiario.net\/portal\/2024\/03\/29\/economia-al-reves\/"},"wordCount":980,"commentCount":0,"publisher":{"@id":"https:\/\/www.eldiario.net\/portal\/#organization"},"image":{"@id":"https:\/\/www.eldiario.net\/portal\/2024\/03\/29\/economia-al-reves\/#primaryimage"},"thumbnailUrl":"https:\/\/www.eldiario.net\/portal\/wp-content\/uploads\/2024\/03\/economia_v-2.jpg","articleSection":["Econom\u00eda"],"inLanguage":"es","potentialAction":[{"@type":"CommentAction","name":"Comment","target":["https:\/\/www.eldiario.net\/portal\/2024\/03\/29\/economia-al-reves\/#respond"]}]},{"@type":"WebPage","@id":"https:\/\/www.eldiario.net\/portal\/2024\/03\/29\/economia-al-reves\/","url":"https:\/\/www.eldiario.net\/portal\/2024\/03\/29\/economia-al-reves\/","name":"Econom\u00eda al rev\u00e9s - El Diario - Bolivia","isPartOf":{"@id":"https:\/\/www.eldiario.net\/portal\/#website"},"primaryImageOfPage":{"@id":"https:\/\/www.eldiario.net\/portal\/2024\/03\/29\/economia-al-reves\/#primaryimage"},"image":{"@id":"https:\/\/www.eldiario.net\/portal\/2024\/03\/29\/economia-al-reves\/#primaryimage"},"thumbnailUrl":"https:\/\/www.eldiario.net\/portal\/wp-content\/uploads\/2024\/03\/economia_v-2.jpg","datePublished":"2024-03-29T10:35:04+00:00","breadcrumb":{"@id":"https:\/\/www.eldiario.net\/portal\/2024\/03\/29\/economia-al-reves\/#breadcrumb"},"inLanguage":"es","potentialAction":[{"@type":"ReadAction","target":["https:\/\/www.eldiario.net\/portal\/2024\/03\/29\/economia-al-reves\/"]}]},{"@type":"ImageObject","inLanguage":"es","@id":"https:\/\/www.eldiario.net\/portal\/2024\/03\/29\/economia-al-reves\/#primaryimage","url":"https:\/\/www.eldiario.net\/portal\/wp-content\/uploads\/2024\/03\/economia_v-2.jpg","contentUrl":"https:\/\/www.eldiario.net\/portal\/wp-content\/uploads\/2024\/03\/economia_v-2.jpg","width":1108,"height":611},{"@type":"BreadcrumbList","@id":"https:\/\/www.eldiario.net\/portal\/2024\/03\/29\/economia-al-reves\/#breadcrumb","itemListElement":[{"@type":"ListItem","position":1,"name":"Portada","item":"https:\/\/www.eldiario.net\/portal\/"},{"@type":"ListItem","position":2,"name":"Econom\u00eda al rev\u00e9s"}]},{"@type":"WebSite","@id":"https:\/\/www.eldiario.net\/portal\/#website","url":"https:\/\/www.eldiario.net\/portal\/","name":"El Diario - Decano de la prensa nacional","description":"El Diario - Decano de la prensa nacional","publisher":{"@id":"https:\/\/www.eldiario.net\/portal\/#organization"},"potentialAction":[{"@type":"SearchAction","target":{"@type":"EntryPoint","urlTemplate":"https:\/\/www.eldiario.net\/portal\/?s={search_term_string}"},"query-input":{"@type":"PropertyValueSpecification","valueRequired":true,"valueName":"search_term_string"}}],"inLanguage":"es"},{"@type":"Organization","@id":"https:\/\/www.eldiario.net\/portal\/#organization","name":"El Diario - Decano de la prensa nacional","url":"https:\/\/www.eldiario.net\/portal\/","logo":{"@type":"ImageObject","inLanguage":"es","@id":"https:\/\/www.eldiario.net\/portal\/#\/schema\/logo\/image\/","url":"https:\/\/www.eldiario.net\/portal\/wp-content\/uploads\/2023\/07\/logo_ED.jpg","contentUrl":"https:\/\/www.eldiario.net\/portal\/wp-content\/uploads\/2023\/07\/logo_ED.jpg","width":272,"height":52,"caption":"El Diario - Decano de la prensa nacional"},"image":{"@id":"https:\/\/www.eldiario.net\/portal\/#\/schema\/logo\/image\/"},"sameAs":["https:\/\/www.facebook.com\/eldiario.bolivia\/","https:\/\/x.com\/eldiario_net"]},{"@type":"Person","@id":"https:\/\/www.eldiario.net\/portal\/#\/schema\/person\/f46445640444750d7d753ccd04ae01b7","name":"Jeanette","image":{"@type":"ImageObject","inLanguage":"es","@id":"https:\/\/secure.gravatar.com\/avatar\/3ea2118a5f7dad2b7138b1187a6b7ee55f160b9968b66013c3a3ef39dd7e5798?s=96&d=mm&r=g","url":"https:\/\/secure.gravatar.com\/avatar\/3ea2118a5f7dad2b7138b1187a6b7ee55f160b9968b66013c3a3ef39dd7e5798?s=96&d=mm&r=g","contentUrl":"https:\/\/secure.gravatar.com\/avatar\/3ea2118a5f7dad2b7138b1187a6b7ee55f160b9968b66013c3a3ef39dd7e5798?s=96&d=mm&r=g","caption":"Jeanette"},"sameAs":["https:\/\/www.eldiario.net\/portal"],"url":"https:\/\/www.eldiario.net\/portal\/author\/jeanette\/"}]}},"_links":{"self":[{"href":"https:\/\/www.eldiario.net\/portal\/wp-json\/wp\/v2\/posts\/210984","targetHints":{"allow":["GET"]}}],"collection":[{"href":"https:\/\/www.eldiario.net\/portal\/wp-json\/wp\/v2\/posts"}],"about":[{"href":"https:\/\/www.eldiario.net\/portal\/wp-json\/wp\/v2\/types\/post"}],"author":[{"embeddable":true,"href":"https:\/\/www.eldiario.net\/portal\/wp-json\/wp\/v2\/users\/1"}],"replies":[{"embeddable":true,"href":"https:\/\/www.eldiario.net\/portal\/wp-json\/wp\/v2\/comments?post=210984"}],"version-history":[{"count":1,"href":"https:\/\/www.eldiario.net\/portal\/wp-json\/wp\/v2\/posts\/210984\/revisions"}],"predecessor-version":[{"id":210991,"href":"https:\/\/www.eldiario.net\/portal\/wp-json\/wp\/v2\/posts\/210984\/revisions\/210991"}],"wp:featuredmedia":[{"embeddable":true,"href":"https:\/\/www.eldiario.net\/portal\/wp-json\/wp\/v2\/media\/210990"}],"wp:attachment":[{"href":"https:\/\/www.eldiario.net\/portal\/wp-json\/wp\/v2\/media?parent=210984"}],"wp:term":[{"taxonomy":"category","embeddable":true,"href":"https:\/\/www.eldiario.net\/portal\/wp-json\/wp\/v2\/categories?post=210984"},{"taxonomy":"post_tag","embeddable":true,"href":"https:\/\/www.eldiario.net\/portal\/wp-json\/wp\/v2\/tags?post=210984"}],"curies":[{"name":"wp","href":"https:\/\/api.w.org\/{rel}","templated":true}]}}