{"id":210982,"date":"2024-03-29T06:27:11","date_gmt":"2024-03-29T10:27:11","guid":{"rendered":"https:\/\/www.eldiario.net\/portal\/?p=210982"},"modified":"2024-03-29T06:27:11","modified_gmt":"2024-03-29T10:27:11","slug":"un-foro-cruceno-para-la-libertad-2","status":"publish","type":"post","link":"https:\/\/www.eldiario.net\/portal\/2024\/03\/29\/un-foro-cruceno-para-la-libertad-2\/","title":{"rendered":"Un Foro Cruce\u00f1o para la Libertad"},"content":{"rendered":"<p>Ya es demasiado tarde para que exista un candidato cruce\u00f1o que pueda terciar a la presidencia de Bolivia el pr\u00f3ximo a\u00f1o. Eso parece claro. Hay un par de ciudadanos orientales que son conocidos en el resto del pa\u00eds, pero no tienen la estructura pol\u00edtica suficiente como para cosechar los votos que son necesarios para ganar en unas elecciones generales. Sin la posibilidad de que aparezca un fen\u00f3meno de candidato propio, como hasta ahora parece ser, por lo menos los cruce\u00f1os deber\u00edamos decidir por la persona a qui\u00e9n darle nuestro apoyo, nuestro sufragio, mal que nos pese.<br \/>\nSi vamos a ser francos, lo cierto es que no se conoce pol\u00edtico cruce\u00f1o que no hable de unidad. Ni pol\u00edtico boliviano tampoco. Es que la unidad, de darse, es algo m\u00e1gico, invencible. Y por eso mismo, por ser algo tan magn\u00edfico, es que no se da. Sencillamente porque la unidad no cae del cielo, sino que se forja trabajosamente, teniendo como base el di\u00e1logo, el desprendimiento y la fraternidad. Di\u00e1logo es otra palabra que est\u00e1 en boca de todos nuestros pol\u00edticos, pero, lo malo, es que no se sabe que dialoguen entre ellos, que se entiendan entre s\u00ed. Lo primero que se hace en Santa Cruz si se re\u00fanen dos o m\u00e1s l\u00edderes es que cada quien acarree su claque, su barra brava, y que aturdan a quienes van a dialogar con insultos, c\u00e1nticos y cohetes. Esta actitud nos lleva a la sospecha de que conciliar criterios no es lo m\u00e1s importante; peor a\u00fan, que no tiene importancia. Lo principal est\u00e1 en la calle, entre el gent\u00edo, que muchas veces acude a cambio de alguna recompensa. Existe la idea, muy primitiva, por cierto, de que quien m\u00e1s grita, quien provoca m\u00e1s tumulto, es el ganador.<br \/>\nDe ah\u00ed la necesidad de que los jefes pol\u00edticos y los representantes de las m\u00e1s importantes instituciones cruce\u00f1as y de quienes viven aqu\u00ed, contrarias a la dictadura masista, conformen un foro para el debate en libertad. Sabemos que esto suena a demasiada pretensi\u00f3n, a algo que est\u00e1 muy lejano de nuestras costumbres, que esto solo se dar\u00eda en sociedades evolucionadas. Pero es que justamente tenemos que avanzar en ese sentido, creciendo, y es as\u00ed que en un foro de discusi\u00f3n pol\u00edtica seria podr\u00e1n darse cuenta entre los propios participantes qu\u00e9 ideas convienen a la regi\u00f3n y al pa\u00eds, y qui\u00e9nes son los hombres probos que las pueden llevar a cabo.<br \/>\nLa chamuchina m\u00e1s confusa es la que vemos en muchos de nuestros pol\u00edticos y los que piensan bien y lo han podido demostrar con obras tienen que bajar al nivel de los menos formados pero que exhiben lo que dominan mejor: el discurso demag\u00f3gico y populachero. Hay en Santa Cruz gente seria, pero tambi\u00e9n priman quienes bajan el nivel de conocimiento y la discusi\u00f3n a algo deplorable. Y lo peor de todo es que en una poblaci\u00f3n poco pol\u00edtica como es la cruce\u00f1a, se vibra por un candidato como se vibrar\u00eda por el goleador en un equipo de f\u00fatbol. Ni m\u00e1s ni menos. Y eso a nada bueno nos lleva. Mucho m\u00e1s grave todav\u00eda, no nos va a llevar a la conquista del voto en el occidente, que es fundamental.<br \/>\nEs muy com\u00fan o\u00edr decir que un cruce\u00f1o nunca va a poder ganar en el Collao. Que eso es como pedirle peras al olmo. Todo depende de c\u00f3mo sea ese pol\u00edtico. Porque no podemos olvidar que el general Banzer gan\u00f3, reiteradas veces, en todos los departamentos de Bolivia, hasta alcanzar la presidencia de la Rep\u00fablica. Y que el Dr. Mario R. Guti\u00e9rrez fue elegido parlamentario nada menos que por el departamento de La Paz. Suced\u00eda que sin que les faltaran adversarios en Santa Cruz \u2013y a veces perdieran en su propia tierra\u2013 ten\u00edan visi\u00f3n de pa\u00eds, no solo del terru\u00f1o. El candidato cruce\u00f1o para las elecciones del 2030 tiene que conocer suficientemente a Bolivia y a su gente, adem\u00e1s de ser due\u00f1o de un respaldo contundente en su regi\u00f3n. Santa Cruz ya no es como era hace medio siglo, cuando nuestras diferencias las arregl\u00e1bamos entre cruce\u00f1os. Hoy tenemos que contar con multitudes de otras zonas del pa\u00eds que votan, que sufragan exactamente igual que los oriundos, con el mismo valor.<br \/>\nDe ah\u00ed la importancia de ese Foro Cruce\u00f1o para la Libertad o lo que se llame, donde se re\u00fana no qui\u00e9n quiera conseguir tres o cuatro esca\u00f1os para sus partidarios, sino quienes aspiren a ganar una cincuentena de curules o ced\u00e9rselos a qui\u00e9n sea capaz de gobernar Bolivia. Eso es imposible con odios intestinos entre cambas, con discursos netamente regionalistas en busca de simpat\u00edas, con ofrecimientos que est\u00e1n alejados de la realidad. Es necesaria una paz interior, y no solamente hablar fuerte, sino escuchar. No gritar solamente sino o\u00edr.<br \/>\nEl Comit\u00e9 C\u00edvico podr\u00eda tener a su cargo organizar un emprendimiento de esta naturaleza u otra instituci\u00f3n que sea confiable para la mayor\u00eda. Es necesario que se acabe con la pol\u00edtica tribal, \u201ccaciquista\u201d, de amigos o parientes, y que los cruce\u00f1os \u2013todos los que vivimos en el departamento\u2013 podamos enrumbar nuestras aspiraciones coincidiendo con la realidad en que vivimos.<\/p>\n","protected":false},"excerpt":{"rendered":"<p>Ya es demasiado tarde para que exista un candidato cruce\u00f1o que pueda terciar a la presidencia de Bolivia el pr\u00f3ximo a\u00f1o. Eso parece claro. Hay un par de ciudadanos orientales que son conocidos en el resto del pa\u00eds, pero no tienen la estructura pol\u00edtica suficiente como para cosechar los votos que son necesarios para ganar [&hellip;]<\/p>\n","protected":false},"author":1,"featured_media":157472,"comment_status":"open","ping_status":"open","sticky":false,"template":"","format":"standard","meta":{"_acf_changed":false,"footnotes":""},"categories":[9],"tags":[],"class_list":["post-210982","post","type-post","status-publish","format-standard","has-post-thumbnail","category-opinion"],"acf":{"antetitulo":""},"yoast_head":"<!-- This site is optimized with the Yoast SEO plugin v28.4 - https:\/\/yoast.com\/product\/yoast-seo-wordpress\/ -->\n<title>Un Foro Cruce\u00f1o para la Libertad - El Diario - Bolivia<\/title>\n<meta name=\"robots\" content=\"index, follow, max-snippet:-1, max-image-preview:large, max-video-preview:-1\" \/>\n<link rel=\"canonical\" href=\"https:\/\/www.eldiario.net\/portal\/2024\/03\/29\/un-foro-cruceno-para-la-libertad-2\/\" \/>\n<meta property=\"og:locale\" content=\"es_ES\" \/>\n<meta property=\"og:type\" content=\"article\" \/>\n<meta property=\"og:title\" content=\"Un Foro Cruce\u00f1o para la Libertad - El Diario - Bolivia\" \/>\n<meta property=\"og:description\" content=\"Ya es demasiado tarde para que exista un candidato cruce\u00f1o que pueda terciar a la presidencia de Bolivia el pr\u00f3ximo a\u00f1o. Eso parece claro. Hay un par de ciudadanos orientales que son conocidos en el resto del pa\u00eds, pero no tienen la estructura pol\u00edtica suficiente como para cosechar los votos que son necesarios para ganar [&hellip;]\" \/>\n<meta property=\"og:url\" content=\"https:\/\/www.eldiario.net\/portal\/2024\/03\/29\/un-foro-cruceno-para-la-libertad-2\/\" \/>\n<meta property=\"og:site_name\" content=\"El Diario - Bolivia\" \/>\n<meta property=\"article:publisher\" content=\"https:\/\/www.facebook.com\/eldiario.bolivia\/\" \/>\n<meta property=\"article:published_time\" content=\"2024-03-29T10:27:11+00:00\" \/>\n<meta property=\"og:image\" content=\"https:\/\/www.eldiario.net\/portal\/wp-content\/uploads\/2023\/06\/Manfredo-Kempff-Suarez.jpg\" \/>\n\t<meta property=\"og:image:width\" content=\"1200\" \/>\n\t<meta property=\"og:image:height\" content=\"628\" \/>\n\t<meta property=\"og:image:type\" content=\"image\/jpeg\" \/>\n<meta name=\"author\" content=\"Jeanette\" \/>\n<meta name=\"twitter:card\" content=\"summary_large_image\" \/>\n<meta name=\"twitter:creator\" content=\"@eldiario_net\" \/>\n<meta name=\"twitter:site\" content=\"@eldiario_net\" \/>\n<meta name=\"twitter:label1\" content=\"Escrito por\" \/>\n\t<meta name=\"twitter:data1\" content=\"Jeanette\" \/>\n\t<meta name=\"twitter:label2\" content=\"Tiempo de lectura\" \/>\n\t<meta name=\"twitter:data2\" content=\"5 minutos\" \/>\n<script type=\"application\/ld+json\" class=\"yoast-schema-graph\">{\"@context\":\"https:\\\/\\\/schema.org\",\"@graph\":[{\"@type\":\"Article\",\"@id\":\"https:\\\/\\\/www.eldiario.net\\\/portal\\\/2024\\\/03\\\/29\\\/un-foro-cruceno-para-la-libertad-2\\\/#article\",\"isPartOf\":{\"@id\":\"https:\\\/\\\/www.eldiario.net\\\/portal\\\/2024\\\/03\\\/29\\\/un-foro-cruceno-para-la-libertad-2\\\/\"},\"author\":{\"name\":\"Jeanette\",\"@id\":\"https:\\\/\\\/www.eldiario.net\\\/portal\\\/#\\\/schema\\\/person\\\/f46445640444750d7d753ccd04ae01b7\"},\"headline\":\"Un Foro Cruce\u00f1o para la Libertad\",\"datePublished\":\"2024-03-29T10:27:11+00:00\",\"mainEntityOfPage\":{\"@id\":\"https:\\\/\\\/www.eldiario.net\\\/portal\\\/2024\\\/03\\\/29\\\/un-foro-cruceno-para-la-libertad-2\\\/\"},\"wordCount\":940,\"commentCount\":0,\"publisher\":{\"@id\":\"https:\\\/\\\/www.eldiario.net\\\/portal\\\/#organization\"},\"image\":{\"@id\":\"https:\\\/\\\/www.eldiario.net\\\/portal\\\/2024\\\/03\\\/29\\\/un-foro-cruceno-para-la-libertad-2\\\/#primaryimage\"},\"thumbnailUrl\":\"https:\\\/\\\/www.eldiario.net\\\/portal\\\/wp-content\\\/uploads\\\/2023\\\/06\\\/Manfredo-Kempff-Suarez.jpg\",\"articleSection\":[\"Opini\u00f3n\"],\"inLanguage\":\"es\",\"potentialAction\":[{\"@type\":\"CommentAction\",\"name\":\"Comment\",\"target\":[\"https:\\\/\\\/www.eldiario.net\\\/portal\\\/2024\\\/03\\\/29\\\/un-foro-cruceno-para-la-libertad-2\\\/#respond\"]}]},{\"@type\":\"WebPage\",\"@id\":\"https:\\\/\\\/www.eldiario.net\\\/portal\\\/2024\\\/03\\\/29\\\/un-foro-cruceno-para-la-libertad-2\\\/\",\"url\":\"https:\\\/\\\/www.eldiario.net\\\/portal\\\/2024\\\/03\\\/29\\\/un-foro-cruceno-para-la-libertad-2\\\/\",\"name\":\"Un Foro Cruce\u00f1o para la Libertad - El Diario - Bolivia\",\"isPartOf\":{\"@id\":\"https:\\\/\\\/www.eldiario.net\\\/portal\\\/#website\"},\"primaryImageOfPage\":{\"@id\":\"https:\\\/\\\/www.eldiario.net\\\/portal\\\/2024\\\/03\\\/29\\\/un-foro-cruceno-para-la-libertad-2\\\/#primaryimage\"},\"image\":{\"@id\":\"https:\\\/\\\/www.eldiario.net\\\/portal\\\/2024\\\/03\\\/29\\\/un-foro-cruceno-para-la-libertad-2\\\/#primaryimage\"},\"thumbnailUrl\":\"https:\\\/\\\/www.eldiario.net\\\/portal\\\/wp-content\\\/uploads\\\/2023\\\/06\\\/Manfredo-Kempff-Suarez.jpg\",\"datePublished\":\"2024-03-29T10:27:11+00:00\",\"breadcrumb\":{\"@id\":\"https:\\\/\\\/www.eldiario.net\\\/portal\\\/2024\\\/03\\\/29\\\/un-foro-cruceno-para-la-libertad-2\\\/#breadcrumb\"},\"inLanguage\":\"es\",\"potentialAction\":[{\"@type\":\"ReadAction\",\"target\":[\"https:\\\/\\\/www.eldiario.net\\\/portal\\\/2024\\\/03\\\/29\\\/un-foro-cruceno-para-la-libertad-2\\\/\"]}]},{\"@type\":\"ImageObject\",\"inLanguage\":\"es\",\"@id\":\"https:\\\/\\\/www.eldiario.net\\\/portal\\\/2024\\\/03\\\/29\\\/un-foro-cruceno-para-la-libertad-2\\\/#primaryimage\",\"url\":\"https:\\\/\\\/www.eldiario.net\\\/portal\\\/wp-content\\\/uploads\\\/2023\\\/06\\\/Manfredo-Kempff-Suarez.jpg\",\"contentUrl\":\"https:\\\/\\\/www.eldiario.net\\\/portal\\\/wp-content\\\/uploads\\\/2023\\\/06\\\/Manfredo-Kempff-Suarez.jpg\",\"width\":1200,\"height\":628},{\"@type\":\"BreadcrumbList\",\"@id\":\"https:\\\/\\\/www.eldiario.net\\\/portal\\\/2024\\\/03\\\/29\\\/un-foro-cruceno-para-la-libertad-2\\\/#breadcrumb\",\"itemListElement\":[{\"@type\":\"ListItem\",\"position\":1,\"name\":\"Portada\",\"item\":\"https:\\\/\\\/www.eldiario.net\\\/portal\\\/\"},{\"@type\":\"ListItem\",\"position\":2,\"name\":\"Un Foro Cruce\u00f1o para la Libertad\"}]},{\"@type\":\"WebSite\",\"@id\":\"https:\\\/\\\/www.eldiario.net\\\/portal\\\/#website\",\"url\":\"https:\\\/\\\/www.eldiario.net\\\/portal\\\/\",\"name\":\"El Diario - Decano de la prensa nacional\",\"description\":\"El Diario - Decano de la prensa nacional\",\"publisher\":{\"@id\":\"https:\\\/\\\/www.eldiario.net\\\/portal\\\/#organization\"},\"potentialAction\":[{\"@type\":\"SearchAction\",\"target\":{\"@type\":\"EntryPoint\",\"urlTemplate\":\"https:\\\/\\\/www.eldiario.net\\\/portal\\\/?s={search_term_string}\"},\"query-input\":{\"@type\":\"PropertyValueSpecification\",\"valueRequired\":true,\"valueName\":\"search_term_string\"}}],\"inLanguage\":\"es\"},{\"@type\":\"Organization\",\"@id\":\"https:\\\/\\\/www.eldiario.net\\\/portal\\\/#organization\",\"name\":\"El Diario - Decano de la prensa nacional\",\"url\":\"https:\\\/\\\/www.eldiario.net\\\/portal\\\/\",\"logo\":{\"@type\":\"ImageObject\",\"inLanguage\":\"es\",\"@id\":\"https:\\\/\\\/www.eldiario.net\\\/portal\\\/#\\\/schema\\\/logo\\\/image\\\/\",\"url\":\"https:\\\/\\\/www.eldiario.net\\\/portal\\\/wp-content\\\/uploads\\\/2023\\\/07\\\/logo_ED.jpg\",\"contentUrl\":\"https:\\\/\\\/www.eldiario.net\\\/portal\\\/wp-content\\\/uploads\\\/2023\\\/07\\\/logo_ED.jpg\",\"width\":272,\"height\":52,\"caption\":\"El Diario - Decano de la prensa nacional\"},\"image\":{\"@id\":\"https:\\\/\\\/www.eldiario.net\\\/portal\\\/#\\\/schema\\\/logo\\\/image\\\/\"},\"sameAs\":[\"https:\\\/\\\/www.facebook.com\\\/eldiario.bolivia\\\/\",\"https:\\\/\\\/x.com\\\/eldiario_net\"]},{\"@type\":\"Person\",\"@id\":\"https:\\\/\\\/www.eldiario.net\\\/portal\\\/#\\\/schema\\\/person\\\/f46445640444750d7d753ccd04ae01b7\",\"name\":\"Jeanette\",\"image\":{\"@type\":\"ImageObject\",\"inLanguage\":\"es\",\"@id\":\"https:\\\/\\\/secure.gravatar.com\\\/avatar\\\/3ea2118a5f7dad2b7138b1187a6b7ee55f160b9968b66013c3a3ef39dd7e5798?s=96&d=mm&r=g\",\"url\":\"https:\\\/\\\/secure.gravatar.com\\\/avatar\\\/3ea2118a5f7dad2b7138b1187a6b7ee55f160b9968b66013c3a3ef39dd7e5798?s=96&d=mm&r=g\",\"contentUrl\":\"https:\\\/\\\/secure.gravatar.com\\\/avatar\\\/3ea2118a5f7dad2b7138b1187a6b7ee55f160b9968b66013c3a3ef39dd7e5798?s=96&d=mm&r=g\",\"caption\":\"Jeanette\"},\"sameAs\":[\"https:\\\/\\\/www.eldiario.net\\\/portal\"],\"url\":\"https:\\\/\\\/www.eldiario.net\\\/portal\\\/author\\\/jeanette\\\/\"}]}<\/script>\n<!-- \/ Yoast SEO plugin. -->","yoast_head_json":{"title":"Un Foro Cruce\u00f1o para la Libertad - El Diario - Bolivia","robots":{"index":"index","follow":"follow","max-snippet":"max-snippet:-1","max-image-preview":"max-image-preview:large","max-video-preview":"max-video-preview:-1"},"canonical":"https:\/\/www.eldiario.net\/portal\/2024\/03\/29\/un-foro-cruceno-para-la-libertad-2\/","og_locale":"es_ES","og_type":"article","og_title":"Un Foro Cruce\u00f1o para la Libertad - El Diario - Bolivia","og_description":"Ya es demasiado tarde para que exista un candidato cruce\u00f1o que pueda terciar a la presidencia de Bolivia el pr\u00f3ximo a\u00f1o. Eso parece claro. Hay un par de ciudadanos orientales que son conocidos en el resto del pa\u00eds, pero no tienen la estructura pol\u00edtica suficiente como para cosechar los votos que son necesarios para ganar [&hellip;]","og_url":"https:\/\/www.eldiario.net\/portal\/2024\/03\/29\/un-foro-cruceno-para-la-libertad-2\/","og_site_name":"El Diario - Bolivia","article_publisher":"https:\/\/www.facebook.com\/eldiario.bolivia\/","article_published_time":"2024-03-29T10:27:11+00:00","og_image":[{"width":1200,"height":628,"url":"https:\/\/www.eldiario.net\/portal\/wp-content\/uploads\/2023\/06\/Manfredo-Kempff-Suarez.jpg","type":"image\/jpeg"}],"author":"Jeanette","twitter_card":"summary_large_image","twitter_creator":"@eldiario_net","twitter_site":"@eldiario_net","twitter_misc":{"Escrito por":"Jeanette","Tiempo de lectura":"5 minutos"},"schema":{"@context":"https:\/\/schema.org","@graph":[{"@type":"Article","@id":"https:\/\/www.eldiario.net\/portal\/2024\/03\/29\/un-foro-cruceno-para-la-libertad-2\/#article","isPartOf":{"@id":"https:\/\/www.eldiario.net\/portal\/2024\/03\/29\/un-foro-cruceno-para-la-libertad-2\/"},"author":{"name":"Jeanette","@id":"https:\/\/www.eldiario.net\/portal\/#\/schema\/person\/f46445640444750d7d753ccd04ae01b7"},"headline":"Un Foro Cruce\u00f1o para la Libertad","datePublished":"2024-03-29T10:27:11+00:00","mainEntityOfPage":{"@id":"https:\/\/www.eldiario.net\/portal\/2024\/03\/29\/un-foro-cruceno-para-la-libertad-2\/"},"wordCount":940,"commentCount":0,"publisher":{"@id":"https:\/\/www.eldiario.net\/portal\/#organization"},"image":{"@id":"https:\/\/www.eldiario.net\/portal\/2024\/03\/29\/un-foro-cruceno-para-la-libertad-2\/#primaryimage"},"thumbnailUrl":"https:\/\/www.eldiario.net\/portal\/wp-content\/uploads\/2023\/06\/Manfredo-Kempff-Suarez.jpg","articleSection":["Opini\u00f3n"],"inLanguage":"es","potentialAction":[{"@type":"CommentAction","name":"Comment","target":["https:\/\/www.eldiario.net\/portal\/2024\/03\/29\/un-foro-cruceno-para-la-libertad-2\/#respond"]}]},{"@type":"WebPage","@id":"https:\/\/www.eldiario.net\/portal\/2024\/03\/29\/un-foro-cruceno-para-la-libertad-2\/","url":"https:\/\/www.eldiario.net\/portal\/2024\/03\/29\/un-foro-cruceno-para-la-libertad-2\/","name":"Un Foro Cruce\u00f1o para la Libertad - El Diario - Bolivia","isPartOf":{"@id":"https:\/\/www.eldiario.net\/portal\/#website"},"primaryImageOfPage":{"@id":"https:\/\/www.eldiario.net\/portal\/2024\/03\/29\/un-foro-cruceno-para-la-libertad-2\/#primaryimage"},"image":{"@id":"https:\/\/www.eldiario.net\/portal\/2024\/03\/29\/un-foro-cruceno-para-la-libertad-2\/#primaryimage"},"thumbnailUrl":"https:\/\/www.eldiario.net\/portal\/wp-content\/uploads\/2023\/06\/Manfredo-Kempff-Suarez.jpg","datePublished":"2024-03-29T10:27:11+00:00","breadcrumb":{"@id":"https:\/\/www.eldiario.net\/portal\/2024\/03\/29\/un-foro-cruceno-para-la-libertad-2\/#breadcrumb"},"inLanguage":"es","potentialAction":[{"@type":"ReadAction","target":["https:\/\/www.eldiario.net\/portal\/2024\/03\/29\/un-foro-cruceno-para-la-libertad-2\/"]}]},{"@type":"ImageObject","inLanguage":"es","@id":"https:\/\/www.eldiario.net\/portal\/2024\/03\/29\/un-foro-cruceno-para-la-libertad-2\/#primaryimage","url":"https:\/\/www.eldiario.net\/portal\/wp-content\/uploads\/2023\/06\/Manfredo-Kempff-Suarez.jpg","contentUrl":"https:\/\/www.eldiario.net\/portal\/wp-content\/uploads\/2023\/06\/Manfredo-Kempff-Suarez.jpg","width":1200,"height":628},{"@type":"BreadcrumbList","@id":"https:\/\/www.eldiario.net\/portal\/2024\/03\/29\/un-foro-cruceno-para-la-libertad-2\/#breadcrumb","itemListElement":[{"@type":"ListItem","position":1,"name":"Portada","item":"https:\/\/www.eldiario.net\/portal\/"},{"@type":"ListItem","position":2,"name":"Un Foro Cruce\u00f1o para la Libertad"}]},{"@type":"WebSite","@id":"https:\/\/www.eldiario.net\/portal\/#website","url":"https:\/\/www.eldiario.net\/portal\/","name":"El Diario - Decano de la prensa nacional","description":"El Diario - Decano de la prensa nacional","publisher":{"@id":"https:\/\/www.eldiario.net\/portal\/#organization"},"potentialAction":[{"@type":"SearchAction","target":{"@type":"EntryPoint","urlTemplate":"https:\/\/www.eldiario.net\/portal\/?s={search_term_string}"},"query-input":{"@type":"PropertyValueSpecification","valueRequired":true,"valueName":"search_term_string"}}],"inLanguage":"es"},{"@type":"Organization","@id":"https:\/\/www.eldiario.net\/portal\/#organization","name":"El Diario - Decano de la prensa nacional","url":"https:\/\/www.eldiario.net\/portal\/","logo":{"@type":"ImageObject","inLanguage":"es","@id":"https:\/\/www.eldiario.net\/portal\/#\/schema\/logo\/image\/","url":"https:\/\/www.eldiario.net\/portal\/wp-content\/uploads\/2023\/07\/logo_ED.jpg","contentUrl":"https:\/\/www.eldiario.net\/portal\/wp-content\/uploads\/2023\/07\/logo_ED.jpg","width":272,"height":52,"caption":"El Diario - Decano de la prensa nacional"},"image":{"@id":"https:\/\/www.eldiario.net\/portal\/#\/schema\/logo\/image\/"},"sameAs":["https:\/\/www.facebook.com\/eldiario.bolivia\/","https:\/\/x.com\/eldiario_net"]},{"@type":"Person","@id":"https:\/\/www.eldiario.net\/portal\/#\/schema\/person\/f46445640444750d7d753ccd04ae01b7","name":"Jeanette","image":{"@type":"ImageObject","inLanguage":"es","@id":"https:\/\/secure.gravatar.com\/avatar\/3ea2118a5f7dad2b7138b1187a6b7ee55f160b9968b66013c3a3ef39dd7e5798?s=96&d=mm&r=g","url":"https:\/\/secure.gravatar.com\/avatar\/3ea2118a5f7dad2b7138b1187a6b7ee55f160b9968b66013c3a3ef39dd7e5798?s=96&d=mm&r=g","contentUrl":"https:\/\/secure.gravatar.com\/avatar\/3ea2118a5f7dad2b7138b1187a6b7ee55f160b9968b66013c3a3ef39dd7e5798?s=96&d=mm&r=g","caption":"Jeanette"},"sameAs":["https:\/\/www.eldiario.net\/portal"],"url":"https:\/\/www.eldiario.net\/portal\/author\/jeanette\/"}]}},"_links":{"self":[{"href":"https:\/\/www.eldiario.net\/portal\/wp-json\/wp\/v2\/posts\/210982","targetHints":{"allow":["GET"]}}],"collection":[{"href":"https:\/\/www.eldiario.net\/portal\/wp-json\/wp\/v2\/posts"}],"about":[{"href":"https:\/\/www.eldiario.net\/portal\/wp-json\/wp\/v2\/types\/post"}],"author":[{"embeddable":true,"href":"https:\/\/www.eldiario.net\/portal\/wp-json\/wp\/v2\/users\/1"}],"replies":[{"embeddable":true,"href":"https:\/\/www.eldiario.net\/portal\/wp-json\/wp\/v2\/comments?post=210982"}],"version-history":[{"count":1,"href":"https:\/\/www.eldiario.net\/portal\/wp-json\/wp\/v2\/posts\/210982\/revisions"}],"predecessor-version":[{"id":210983,"href":"https:\/\/www.eldiario.net\/portal\/wp-json\/wp\/v2\/posts\/210982\/revisions\/210983"}],"wp:featuredmedia":[{"embeddable":true,"href":"https:\/\/www.eldiario.net\/portal\/wp-json\/wp\/v2\/media\/157472"}],"wp:attachment":[{"href":"https:\/\/www.eldiario.net\/portal\/wp-json\/wp\/v2\/media?parent=210982"}],"wp:term":[{"taxonomy":"category","embeddable":true,"href":"https:\/\/www.eldiario.net\/portal\/wp-json\/wp\/v2\/categories?post=210982"},{"taxonomy":"post_tag","embeddable":true,"href":"https:\/\/www.eldiario.net\/portal\/wp-json\/wp\/v2\/tags?post=210982"}],"curies":[{"name":"wp","href":"https:\/\/api.w.org\/{rel}","templated":true}]}}