{"id":210980,"date":"2024-03-29T06:26:41","date_gmt":"2024-03-29T10:26:41","guid":{"rendered":"https:\/\/www.eldiario.net\/portal\/?p=210980"},"modified":"2024-03-29T06:26:41","modified_gmt":"2024-03-29T10:26:41","slug":"tradiciones-de-semana-santa","status":"publish","type":"post","link":"https:\/\/www.eldiario.net\/portal\/2024\/03\/29\/tradiciones-de-semana-santa\/","title":{"rendered":"Tradiciones de Semana Santa"},"content":{"rendered":"<p>La Paz costumbrista, dedica estos d\u00edas al recogimiento espiritual, con sus actos lit\u00fargicos que se remontan a los tiempos de la colonia, cuando la Procesi\u00f3n de Viernes Santo sal\u00eda de la Iglesia de La Merced y recorr\u00eda sus alrededores. Entonces, la sociedad pace\u00f1a junto a sus autoridades acompa\u00f1aba la Procesi\u00f3n del Santo Sepulcro y vecinos notables llevaban en hombros las humildes im\u00e1genes del Cristo muerto y la Virgen Dolorosa, seguidos de los habitantes originarios que llevaban consigo grandes cirios para iluminar la noche.<br \/>\nSeg\u00fan El\u00edas Zalles en su libro: \u201cTradiciones y an\u00e9cdotas bolivianas\u201d, en tiempos de la Rep\u00fablica, el presidente Mariano Melgarejo junto a tres de sus ministros, llevaron en hombros el Santo Sepulcro, en el Siglo XIX. Aunque el car\u00e1cter oficial de la Procesi\u00f3n se inicia durante la presidencia de otro \u201ctarate\u00f1o\u201d, el Gral. Ren\u00e9 Barrientos Ortu\u00f1o, a fines de la d\u00e9cada del 60 del siglo pasado, cuando acompa\u00f1\u00f3 a la Procesi\u00f3n de ese a\u00f1o como Jefe de Estado, junto a su comitiva y la banda de m\u00fasica del Colegio Militar. A partir de entonces, el presidente de la naci\u00f3n, vicepresidente, ministros, autoridades locales y ciudadan\u00eda asisten a esta ceremonia \u201coficial\u201d que s\u00f3lo puede ser apreciada en Bolivia.<br \/>\nLa solemne marcha es encabezada por monaguillos que hacen sonar grandes \u201cmatracas\u201d \u2014propias de los actos lit\u00fargicos\u2014 llamando a los feligreses a ser parte de la procesi\u00f3n. Desde hace casi medio siglo cadetes de las Fuerzas Armadas y Polic\u00eda Nacional son los encargados de escoltar a cada una de las Im\u00e1genes, junto a sus bandas de guerra, que le dan el marco musical solemne a esta celebraci\u00f3n, interpretando tristes \u201cboleros de caballer\u00eda\u201d que datan de la Guerra del Chaco, fusionadas a marchas f\u00fanebres que hacen retumbar el coraz\u00f3n de los bolivianos.<br \/>\nEn estos actos, la tradici\u00f3n no permite, por respeto, que ning\u00fan curioso o asistente lleve puesto gorra o sombrero, porque es considerado como una falta de respeto; impide espiar el solemne recorrido tras las cortinas de alguna ventana; y m\u00e1s bien fomenta que la vecindad reciba el paso de las Im\u00e1genes decorando sus balcones con elegantes lienzos adornados con flores.<br \/>\nEl recorrido de la procesi\u00f3n estrat\u00e9gicamente pasa por diferentes templos por si llueve, y se puedan guarecer a las im\u00e1genes, lo que alguna vez ocurri\u00f3 y fueron ingresadas al templo de Santo Domingo, entre calles Ingavi y Yanacocha; o recientemente cuando luego de una fuerte lluvia, casi cae la imagen del Se\u00f1or de la Sentencia porque el agua remoj\u00f3 parte de su base, haci\u00e9ndole tambalear.<br \/>\nCon todo, la Procesi\u00f3n del Santo Sepulcro de Viernes Santo, siempre ha contado con muy buena cantidad de feligreses, aunque durante la presidencia de Evo Morales se le haya quitado su solemnidad, al no permitir el acompa\u00f1amiento de las escoltas de las FFAA y Polic\u00eda Boliviana ni sus bandas de guerra, en el entendido que nuestro pa\u00eds es un Estado laico, es decir, que no tiene una religi\u00f3n propia como religi\u00f3n oficial, pero que respeta el derecho a la libertad religiosa.<br \/>\nLuego de 15 a\u00f1os, el actual presidente, Luis Arce Catacora, promulg\u00f3 en noviembre de 2023 la Ley nacional que declara la Semana Santa como patrimonio de nuestro pa\u00eds y establece el retorno de militares y polic\u00edas con todas sus caracter\u00edsticas.<br \/>\nPero la Semana Santa no solo es devocional, es tambi\u00e9n una oportunidad para develar una variedad gastron\u00f3mica propia de estas fechas, son los \u201csiete platos\u201d, todos ellos a base de frutos de mar y nada de carne roja, como el aj\u00ed de cochayuyo, de bacalao tra\u00eddo desde Noruega, sopa de camarones y \u201ccarbonada\u201d a base de zapallo, entre otros. Semana Santa de tradiciones, no hay duda que tanto estas como otras van a mantenerse en el tiempo, aunque conviviendo con nuevas tradiciones\u2026<\/p>\n<p>El autor es Concejal de La Paz.<\/p>\n","protected":false},"excerpt":{"rendered":"<p>La Paz costumbrista, dedica estos d\u00edas al recogimiento espiritual, con sus actos lit\u00fargicos que se remontan a los tiempos de la colonia, cuando la Procesi\u00f3n de Viernes Santo sal\u00eda de la Iglesia de La Merced y recorr\u00eda sus alrededores. Entonces, la sociedad pace\u00f1a junto a sus autoridades acompa\u00f1aba la Procesi\u00f3n del Santo Sepulcro y vecinos [&hellip;]<\/p>\n","protected":false},"author":1,"featured_media":194790,"comment_status":"open","ping_status":"open","sticky":false,"template":"","format":"standard","meta":{"_acf_changed":false,"footnotes":""},"categories":[9],"tags":[],"class_list":["post-210980","post","type-post","status-publish","format-standard","has-post-thumbnail","category-opinion"],"acf":{"antetitulo":""},"yoast_head":"<!-- This site is optimized with the Yoast SEO plugin v28.4 - https:\/\/yoast.com\/product\/yoast-seo-wordpress\/ -->\n<title>Tradiciones de Semana Santa - El Diario - Bolivia<\/title>\n<meta name=\"robots\" content=\"index, follow, max-snippet:-1, max-image-preview:large, max-video-preview:-1\" \/>\n<link rel=\"canonical\" href=\"https:\/\/www.eldiario.net\/portal\/2024\/03\/29\/tradiciones-de-semana-santa\/\" \/>\n<meta property=\"og:locale\" content=\"es_ES\" \/>\n<meta property=\"og:type\" content=\"article\" \/>\n<meta property=\"og:title\" content=\"Tradiciones de Semana Santa - El Diario - Bolivia\" \/>\n<meta property=\"og:description\" content=\"La Paz costumbrista, dedica estos d\u00edas al recogimiento espiritual, con sus actos lit\u00fargicos que se remontan a los tiempos de la colonia, cuando la Procesi\u00f3n de Viernes Santo sal\u00eda de la Iglesia de La Merced y recorr\u00eda sus alrededores. Entonces, la sociedad pace\u00f1a junto a sus autoridades acompa\u00f1aba la Procesi\u00f3n del Santo Sepulcro y vecinos [&hellip;]\" \/>\n<meta property=\"og:url\" content=\"https:\/\/www.eldiario.net\/portal\/2024\/03\/29\/tradiciones-de-semana-santa\/\" \/>\n<meta property=\"og:site_name\" content=\"El Diario - Bolivia\" \/>\n<meta property=\"article:publisher\" content=\"https:\/\/www.facebook.com\/eldiario.bolivia\/\" \/>\n<meta property=\"article:published_time\" content=\"2024-03-29T10:26:41+00:00\" \/>\n<meta property=\"og:image\" content=\"https:\/\/www.eldiario.net\/portal\/wp-content\/uploads\/2023\/12\/Opinion.jpg\" \/>\n\t<meta property=\"og:image:width\" content=\"800\" \/>\n\t<meta property=\"og:image:height\" content=\"500\" \/>\n\t<meta property=\"og:image:type\" content=\"image\/jpeg\" \/>\n<meta name=\"author\" content=\"Jeanette\" \/>\n<meta name=\"twitter:card\" content=\"summary_large_image\" \/>\n<meta name=\"twitter:creator\" content=\"@eldiario_net\" \/>\n<meta name=\"twitter:site\" content=\"@eldiario_net\" \/>\n<meta name=\"twitter:label1\" content=\"Escrito por\" \/>\n\t<meta name=\"twitter:data1\" content=\"Jeanette\" \/>\n\t<meta name=\"twitter:label2\" content=\"Tiempo de lectura\" \/>\n\t<meta name=\"twitter:data2\" content=\"1 minuto\" \/>\n<script type=\"application\/ld+json\" class=\"yoast-schema-graph\">{\"@context\":\"https:\\\/\\\/schema.org\",\"@graph\":[{\"@type\":\"Article\",\"@id\":\"https:\\\/\\\/www.eldiario.net\\\/portal\\\/2024\\\/03\\\/29\\\/tradiciones-de-semana-santa\\\/#article\",\"isPartOf\":{\"@id\":\"https:\\\/\\\/www.eldiario.net\\\/portal\\\/2024\\\/03\\\/29\\\/tradiciones-de-semana-santa\\\/\"},\"author\":{\"name\":\"Jeanette\",\"@id\":\"https:\\\/\\\/www.eldiario.net\\\/portal\\\/#\\\/schema\\\/person\\\/f46445640444750d7d753ccd04ae01b7\"},\"headline\":\"Tradiciones de Semana Santa\",\"datePublished\":\"2024-03-29T10:26:41+00:00\",\"mainEntityOfPage\":{\"@id\":\"https:\\\/\\\/www.eldiario.net\\\/portal\\\/2024\\\/03\\\/29\\\/tradiciones-de-semana-santa\\\/\"},\"wordCount\":680,\"commentCount\":0,\"publisher\":{\"@id\":\"https:\\\/\\\/www.eldiario.net\\\/portal\\\/#organization\"},\"image\":{\"@id\":\"https:\\\/\\\/www.eldiario.net\\\/portal\\\/2024\\\/03\\\/29\\\/tradiciones-de-semana-santa\\\/#primaryimage\"},\"thumbnailUrl\":\"https:\\\/\\\/www.eldiario.net\\\/portal\\\/wp-content\\\/uploads\\\/2023\\\/12\\\/Opinion.jpg\",\"articleSection\":[\"Opini\u00f3n\"],\"inLanguage\":\"es\",\"potentialAction\":[{\"@type\":\"CommentAction\",\"name\":\"Comment\",\"target\":[\"https:\\\/\\\/www.eldiario.net\\\/portal\\\/2024\\\/03\\\/29\\\/tradiciones-de-semana-santa\\\/#respond\"]}]},{\"@type\":\"WebPage\",\"@id\":\"https:\\\/\\\/www.eldiario.net\\\/portal\\\/2024\\\/03\\\/29\\\/tradiciones-de-semana-santa\\\/\",\"url\":\"https:\\\/\\\/www.eldiario.net\\\/portal\\\/2024\\\/03\\\/29\\\/tradiciones-de-semana-santa\\\/\",\"name\":\"Tradiciones de Semana Santa - El Diario - Bolivia\",\"isPartOf\":{\"@id\":\"https:\\\/\\\/www.eldiario.net\\\/portal\\\/#website\"},\"primaryImageOfPage\":{\"@id\":\"https:\\\/\\\/www.eldiario.net\\\/portal\\\/2024\\\/03\\\/29\\\/tradiciones-de-semana-santa\\\/#primaryimage\"},\"image\":{\"@id\":\"https:\\\/\\\/www.eldiario.net\\\/portal\\\/2024\\\/03\\\/29\\\/tradiciones-de-semana-santa\\\/#primaryimage\"},\"thumbnailUrl\":\"https:\\\/\\\/www.eldiario.net\\\/portal\\\/wp-content\\\/uploads\\\/2023\\\/12\\\/Opinion.jpg\",\"datePublished\":\"2024-03-29T10:26:41+00:00\",\"breadcrumb\":{\"@id\":\"https:\\\/\\\/www.eldiario.net\\\/portal\\\/2024\\\/03\\\/29\\\/tradiciones-de-semana-santa\\\/#breadcrumb\"},\"inLanguage\":\"es\",\"potentialAction\":[{\"@type\":\"ReadAction\",\"target\":[\"https:\\\/\\\/www.eldiario.net\\\/portal\\\/2024\\\/03\\\/29\\\/tradiciones-de-semana-santa\\\/\"]}]},{\"@type\":\"ImageObject\",\"inLanguage\":\"es\",\"@id\":\"https:\\\/\\\/www.eldiario.net\\\/portal\\\/2024\\\/03\\\/29\\\/tradiciones-de-semana-santa\\\/#primaryimage\",\"url\":\"https:\\\/\\\/www.eldiario.net\\\/portal\\\/wp-content\\\/uploads\\\/2023\\\/12\\\/Opinion.jpg\",\"contentUrl\":\"https:\\\/\\\/www.eldiario.net\\\/portal\\\/wp-content\\\/uploads\\\/2023\\\/12\\\/Opinion.jpg\",\"width\":800,\"height\":500},{\"@type\":\"BreadcrumbList\",\"@id\":\"https:\\\/\\\/www.eldiario.net\\\/portal\\\/2024\\\/03\\\/29\\\/tradiciones-de-semana-santa\\\/#breadcrumb\",\"itemListElement\":[{\"@type\":\"ListItem\",\"position\":1,\"name\":\"Portada\",\"item\":\"https:\\\/\\\/www.eldiario.net\\\/portal\\\/\"},{\"@type\":\"ListItem\",\"position\":2,\"name\":\"Tradiciones de Semana Santa\"}]},{\"@type\":\"WebSite\",\"@id\":\"https:\\\/\\\/www.eldiario.net\\\/portal\\\/#website\",\"url\":\"https:\\\/\\\/www.eldiario.net\\\/portal\\\/\",\"name\":\"El Diario - Decano de la prensa nacional\",\"description\":\"El Diario - Decano de la prensa nacional\",\"publisher\":{\"@id\":\"https:\\\/\\\/www.eldiario.net\\\/portal\\\/#organization\"},\"potentialAction\":[{\"@type\":\"SearchAction\",\"target\":{\"@type\":\"EntryPoint\",\"urlTemplate\":\"https:\\\/\\\/www.eldiario.net\\\/portal\\\/?s={search_term_string}\"},\"query-input\":{\"@type\":\"PropertyValueSpecification\",\"valueRequired\":true,\"valueName\":\"search_term_string\"}}],\"inLanguage\":\"es\"},{\"@type\":\"Organization\",\"@id\":\"https:\\\/\\\/www.eldiario.net\\\/portal\\\/#organization\",\"name\":\"El Diario - Decano de la prensa nacional\",\"url\":\"https:\\\/\\\/www.eldiario.net\\\/portal\\\/\",\"logo\":{\"@type\":\"ImageObject\",\"inLanguage\":\"es\",\"@id\":\"https:\\\/\\\/www.eldiario.net\\\/portal\\\/#\\\/schema\\\/logo\\\/image\\\/\",\"url\":\"https:\\\/\\\/www.eldiario.net\\\/portal\\\/wp-content\\\/uploads\\\/2023\\\/07\\\/logo_ED.jpg\",\"contentUrl\":\"https:\\\/\\\/www.eldiario.net\\\/portal\\\/wp-content\\\/uploads\\\/2023\\\/07\\\/logo_ED.jpg\",\"width\":272,\"height\":52,\"caption\":\"El Diario - Decano de la prensa nacional\"},\"image\":{\"@id\":\"https:\\\/\\\/www.eldiario.net\\\/portal\\\/#\\\/schema\\\/logo\\\/image\\\/\"},\"sameAs\":[\"https:\\\/\\\/www.facebook.com\\\/eldiario.bolivia\\\/\",\"https:\\\/\\\/x.com\\\/eldiario_net\"]},{\"@type\":\"Person\",\"@id\":\"https:\\\/\\\/www.eldiario.net\\\/portal\\\/#\\\/schema\\\/person\\\/f46445640444750d7d753ccd04ae01b7\",\"name\":\"Jeanette\",\"image\":{\"@type\":\"ImageObject\",\"inLanguage\":\"es\",\"@id\":\"https:\\\/\\\/secure.gravatar.com\\\/avatar\\\/3ea2118a5f7dad2b7138b1187a6b7ee55f160b9968b66013c3a3ef39dd7e5798?s=96&d=mm&r=g\",\"url\":\"https:\\\/\\\/secure.gravatar.com\\\/avatar\\\/3ea2118a5f7dad2b7138b1187a6b7ee55f160b9968b66013c3a3ef39dd7e5798?s=96&d=mm&r=g\",\"contentUrl\":\"https:\\\/\\\/secure.gravatar.com\\\/avatar\\\/3ea2118a5f7dad2b7138b1187a6b7ee55f160b9968b66013c3a3ef39dd7e5798?s=96&d=mm&r=g\",\"caption\":\"Jeanette\"},\"sameAs\":[\"https:\\\/\\\/www.eldiario.net\\\/portal\"],\"url\":\"https:\\\/\\\/www.eldiario.net\\\/portal\\\/author\\\/jeanette\\\/\"}]}<\/script>\n<!-- \/ Yoast SEO plugin. -->","yoast_head_json":{"title":"Tradiciones de Semana Santa - El Diario - Bolivia","robots":{"index":"index","follow":"follow","max-snippet":"max-snippet:-1","max-image-preview":"max-image-preview:large","max-video-preview":"max-video-preview:-1"},"canonical":"https:\/\/www.eldiario.net\/portal\/2024\/03\/29\/tradiciones-de-semana-santa\/","og_locale":"es_ES","og_type":"article","og_title":"Tradiciones de Semana Santa - El Diario - Bolivia","og_description":"La Paz costumbrista, dedica estos d\u00edas al recogimiento espiritual, con sus actos lit\u00fargicos que se remontan a los tiempos de la colonia, cuando la Procesi\u00f3n de Viernes Santo sal\u00eda de la Iglesia de La Merced y recorr\u00eda sus alrededores. Entonces, la sociedad pace\u00f1a junto a sus autoridades acompa\u00f1aba la Procesi\u00f3n del Santo Sepulcro y vecinos [&hellip;]","og_url":"https:\/\/www.eldiario.net\/portal\/2024\/03\/29\/tradiciones-de-semana-santa\/","og_site_name":"El Diario - Bolivia","article_publisher":"https:\/\/www.facebook.com\/eldiario.bolivia\/","article_published_time":"2024-03-29T10:26:41+00:00","og_image":[{"width":800,"height":500,"url":"https:\/\/www.eldiario.net\/portal\/wp-content\/uploads\/2023\/12\/Opinion.jpg","type":"image\/jpeg"}],"author":"Jeanette","twitter_card":"summary_large_image","twitter_creator":"@eldiario_net","twitter_site":"@eldiario_net","twitter_misc":{"Escrito por":"Jeanette","Tiempo de lectura":"1 minuto"},"schema":{"@context":"https:\/\/schema.org","@graph":[{"@type":"Article","@id":"https:\/\/www.eldiario.net\/portal\/2024\/03\/29\/tradiciones-de-semana-santa\/#article","isPartOf":{"@id":"https:\/\/www.eldiario.net\/portal\/2024\/03\/29\/tradiciones-de-semana-santa\/"},"author":{"name":"Jeanette","@id":"https:\/\/www.eldiario.net\/portal\/#\/schema\/person\/f46445640444750d7d753ccd04ae01b7"},"headline":"Tradiciones de Semana Santa","datePublished":"2024-03-29T10:26:41+00:00","mainEntityOfPage":{"@id":"https:\/\/www.eldiario.net\/portal\/2024\/03\/29\/tradiciones-de-semana-santa\/"},"wordCount":680,"commentCount":0,"publisher":{"@id":"https:\/\/www.eldiario.net\/portal\/#organization"},"image":{"@id":"https:\/\/www.eldiario.net\/portal\/2024\/03\/29\/tradiciones-de-semana-santa\/#primaryimage"},"thumbnailUrl":"https:\/\/www.eldiario.net\/portal\/wp-content\/uploads\/2023\/12\/Opinion.jpg","articleSection":["Opini\u00f3n"],"inLanguage":"es","potentialAction":[{"@type":"CommentAction","name":"Comment","target":["https:\/\/www.eldiario.net\/portal\/2024\/03\/29\/tradiciones-de-semana-santa\/#respond"]}]},{"@type":"WebPage","@id":"https:\/\/www.eldiario.net\/portal\/2024\/03\/29\/tradiciones-de-semana-santa\/","url":"https:\/\/www.eldiario.net\/portal\/2024\/03\/29\/tradiciones-de-semana-santa\/","name":"Tradiciones de Semana Santa - El Diario - Bolivia","isPartOf":{"@id":"https:\/\/www.eldiario.net\/portal\/#website"},"primaryImageOfPage":{"@id":"https:\/\/www.eldiario.net\/portal\/2024\/03\/29\/tradiciones-de-semana-santa\/#primaryimage"},"image":{"@id":"https:\/\/www.eldiario.net\/portal\/2024\/03\/29\/tradiciones-de-semana-santa\/#primaryimage"},"thumbnailUrl":"https:\/\/www.eldiario.net\/portal\/wp-content\/uploads\/2023\/12\/Opinion.jpg","datePublished":"2024-03-29T10:26:41+00:00","breadcrumb":{"@id":"https:\/\/www.eldiario.net\/portal\/2024\/03\/29\/tradiciones-de-semana-santa\/#breadcrumb"},"inLanguage":"es","potentialAction":[{"@type":"ReadAction","target":["https:\/\/www.eldiario.net\/portal\/2024\/03\/29\/tradiciones-de-semana-santa\/"]}]},{"@type":"ImageObject","inLanguage":"es","@id":"https:\/\/www.eldiario.net\/portal\/2024\/03\/29\/tradiciones-de-semana-santa\/#primaryimage","url":"https:\/\/www.eldiario.net\/portal\/wp-content\/uploads\/2023\/12\/Opinion.jpg","contentUrl":"https:\/\/www.eldiario.net\/portal\/wp-content\/uploads\/2023\/12\/Opinion.jpg","width":800,"height":500},{"@type":"BreadcrumbList","@id":"https:\/\/www.eldiario.net\/portal\/2024\/03\/29\/tradiciones-de-semana-santa\/#breadcrumb","itemListElement":[{"@type":"ListItem","position":1,"name":"Portada","item":"https:\/\/www.eldiario.net\/portal\/"},{"@type":"ListItem","position":2,"name":"Tradiciones de Semana Santa"}]},{"@type":"WebSite","@id":"https:\/\/www.eldiario.net\/portal\/#website","url":"https:\/\/www.eldiario.net\/portal\/","name":"El Diario - Decano de la prensa nacional","description":"El Diario - Decano de la prensa nacional","publisher":{"@id":"https:\/\/www.eldiario.net\/portal\/#organization"},"potentialAction":[{"@type":"SearchAction","target":{"@type":"EntryPoint","urlTemplate":"https:\/\/www.eldiario.net\/portal\/?s={search_term_string}"},"query-input":{"@type":"PropertyValueSpecification","valueRequired":true,"valueName":"search_term_string"}}],"inLanguage":"es"},{"@type":"Organization","@id":"https:\/\/www.eldiario.net\/portal\/#organization","name":"El Diario - Decano de la prensa nacional","url":"https:\/\/www.eldiario.net\/portal\/","logo":{"@type":"ImageObject","inLanguage":"es","@id":"https:\/\/www.eldiario.net\/portal\/#\/schema\/logo\/image\/","url":"https:\/\/www.eldiario.net\/portal\/wp-content\/uploads\/2023\/07\/logo_ED.jpg","contentUrl":"https:\/\/www.eldiario.net\/portal\/wp-content\/uploads\/2023\/07\/logo_ED.jpg","width":272,"height":52,"caption":"El Diario - Decano de la prensa nacional"},"image":{"@id":"https:\/\/www.eldiario.net\/portal\/#\/schema\/logo\/image\/"},"sameAs":["https:\/\/www.facebook.com\/eldiario.bolivia\/","https:\/\/x.com\/eldiario_net"]},{"@type":"Person","@id":"https:\/\/www.eldiario.net\/portal\/#\/schema\/person\/f46445640444750d7d753ccd04ae01b7","name":"Jeanette","image":{"@type":"ImageObject","inLanguage":"es","@id":"https:\/\/secure.gravatar.com\/avatar\/3ea2118a5f7dad2b7138b1187a6b7ee55f160b9968b66013c3a3ef39dd7e5798?s=96&d=mm&r=g","url":"https:\/\/secure.gravatar.com\/avatar\/3ea2118a5f7dad2b7138b1187a6b7ee55f160b9968b66013c3a3ef39dd7e5798?s=96&d=mm&r=g","contentUrl":"https:\/\/secure.gravatar.com\/avatar\/3ea2118a5f7dad2b7138b1187a6b7ee55f160b9968b66013c3a3ef39dd7e5798?s=96&d=mm&r=g","caption":"Jeanette"},"sameAs":["https:\/\/www.eldiario.net\/portal"],"url":"https:\/\/www.eldiario.net\/portal\/author\/jeanette\/"}]}},"_links":{"self":[{"href":"https:\/\/www.eldiario.net\/portal\/wp-json\/wp\/v2\/posts\/210980","targetHints":{"allow":["GET"]}}],"collection":[{"href":"https:\/\/www.eldiario.net\/portal\/wp-json\/wp\/v2\/posts"}],"about":[{"href":"https:\/\/www.eldiario.net\/portal\/wp-json\/wp\/v2\/types\/post"}],"author":[{"embeddable":true,"href":"https:\/\/www.eldiario.net\/portal\/wp-json\/wp\/v2\/users\/1"}],"replies":[{"embeddable":true,"href":"https:\/\/www.eldiario.net\/portal\/wp-json\/wp\/v2\/comments?post=210980"}],"version-history":[{"count":1,"href":"https:\/\/www.eldiario.net\/portal\/wp-json\/wp\/v2\/posts\/210980\/revisions"}],"predecessor-version":[{"id":210981,"href":"https:\/\/www.eldiario.net\/portal\/wp-json\/wp\/v2\/posts\/210980\/revisions\/210981"}],"wp:featuredmedia":[{"embeddable":true,"href":"https:\/\/www.eldiario.net\/portal\/wp-json\/wp\/v2\/media\/194790"}],"wp:attachment":[{"href":"https:\/\/www.eldiario.net\/portal\/wp-json\/wp\/v2\/media?parent=210980"}],"wp:term":[{"taxonomy":"category","embeddable":true,"href":"https:\/\/www.eldiario.net\/portal\/wp-json\/wp\/v2\/categories?post=210980"},{"taxonomy":"post_tag","embeddable":true,"href":"https:\/\/www.eldiario.net\/portal\/wp-json\/wp\/v2\/tags?post=210980"}],"curies":[{"name":"wp","href":"https:\/\/api.w.org\/{rel}","templated":true}]}}