{"id":210975,"date":"2024-03-29T06:25:22","date_gmt":"2024-03-29T10:25:22","guid":{"rendered":"https:\/\/www.eldiario.net\/portal\/?p=210975"},"modified":"2024-04-01T09:49:56","modified_gmt":"2024-04-01T13:49:56","slug":"bolivia-ingreso-a-una-crisis-de-balanza-de-pagos","status":"publish","type":"post","link":"https:\/\/www.eldiario.net\/portal\/2024\/03\/29\/bolivia-ingreso-a-una-crisis-de-balanza-de-pagos\/","title":{"rendered":"Bolivia ingres\u00f3 a una  crisis de balanza de pagos"},"content":{"rendered":"<p>La falta de divisa extranjera, el d\u00f3lar, ha provocado que Bolivia ingrese a una crisis de balanza de pagos. Los d\u00e9ficits fiscales continuos, la ca\u00edda de las exportaciones y las reservas internacionales, m\u00e1s la falta de inversi\u00f3n para diversificar productos para el mercado internacional han acelerado la situaci\u00f3n actual.<br \/>\nEl investigador y economista, Joshua Bellott, dijo que esa situaci\u00f3n ya fue anticipada por los economistas, por la escasez de la divisa extranjera, pero tambi\u00e9n se registra una burbuja inflacionaria, que podr\u00eda reventar en cualquier momento, y volverse en una hiperinflaci\u00f3n.<br \/>\nDesde hace tiempo los economistas alertaron que Bolivia no s\u00f3lo registra una inflaci\u00f3n, sino una reprimida, debido al control de precios y a la subvenci\u00f3n, en especial a los combustibles, as\u00ed como a los alimentos y servicios, cuyo valor est\u00e1 por encima de los 2.000 millones de d\u00f3lares, pero ante la escasez de la divisa se podr\u00eda volver insostenible.<br \/>\nCuando un pa\u00eds registra d\u00e9ficit fiscales continuos y elevados, no ha invertido para generar mayores recursos, tambi\u00e9n muestra una ca\u00edda de las exportaciones, en especial de gas, una inversi\u00f3n p\u00fablica mal dirigida y priorizada, as\u00ed como mayor gasto p\u00fablico y menos reservas internacionales, provocan incertidumbre, y en este caso se agudiza la crisis de la balanza de pagos, de acuerdo al an\u00e1lisis del entrevistado.<br \/>\nBelloth lament\u00f3 que haya mayor gasto del Gobierno y haga crecer el aparato burocr\u00e1tico, y tenga como consecuencias menores reservas, que est\u00e1 ligada a la importaci\u00f3n de combustibles, que tambi\u00e9n requiere de d\u00f3lares.<br \/>\nProblema estructural<br \/>\nMientras, el presidente del Colegio de Economistas de Tarija, Fernando Romero, sostiene que a la fecha no se ha atacado el problema estructural de la econom\u00eda, la subvenci\u00f3n, que requiere de una restructuraci\u00f3n, para que llegue a sectores productivos y a los sectores que realmente lo necesitan, y no se desv\u00ede al contrabando o a los autos indocumentados.<br \/>\nSi bien la planta de biodi\u00e9sel reducir\u00e1 el gasto, pero no ser\u00e1 significativo, porque en el largo plazo s\u00f3lo llegar\u00eda a 10% del consumo total, y se seguir\u00eda importando el 90% del combustible que requiere el mercado nacional.<br \/>\nPara el economista Gonzalo Ch\u00e1vez, el problema principal es el d\u00e9ficit fiscal. En su cuenta de su red social, explic\u00f3 que el Gobierno gasta mucho, como en la \u00e9poca de la bonaza econ\u00f3mica, cuando los ingresos del gas eran altos, por ello planteo una reducci\u00f3n del aparato estatal.<br \/>\nAnte la ca\u00edda de los ingresos por la venta de gas, debido a la baja producci\u00f3n, el Banco Central de Bolivia (BCB) es el principal financiador del sector p\u00fablico, lo que provoc\u00f3 una ca\u00edda de las Reservas Internacionales y la escasez de d\u00f3lares.<br \/>\nHidrocarburos<br \/>\nRomero record\u00f3 que el sector de hidrocarburos tuvo una ca\u00edda en los \u00faltimos a\u00f1os. Antes el 51% de las exportaciones correspond\u00edan a la venta de gas natural a mercados de Brasil y Argentina, y ahora s\u00f3lo representa 29%, pero el porcentaje m\u00e1s pronunciado obedece al valor, que de 2014 a 2023, cay\u00f3 en 66%.<br \/>\nDijo que la exportaci\u00f3n de materias primas representa el 70%, aproximadamente, de productos tradicionales, por ello se est\u00e1 lejos de hablar de un pa\u00eds industrializado, ya que no se tiene una diversidad econ\u00f3mica y la dependencia de las materias primas, no baj\u00f3.<br \/>\nLa situaci\u00f3n actual del pa\u00eds fue provocada por bajos niveles de libertad econ\u00f3mica y una alta corrupci\u00f3n, hechos que no vuelven atractivo a Bolivia para atraer inversiones internacionales.<br \/>\nControl<br \/>\nPor otra parte, Belloth sostiene que el Gobierno al controlar mucho la econom\u00eda, una medida intervencionista convencional, distorsiona el mercado nacional, que s\u00f3lo provoca p\u00e9rdidas para los emprendedores y consumidores.<br \/>\n\u201cUna intervenci\u00f3n distorsiona el mercado, crea muchas p\u00e9rdidas, crea el mercado negro o paralelo\u201d, alert\u00f3 a tiempo de indicar que el Gobierno no tiene tanto poder como el mercado, que al final es el que pone el precio a los bienes o servicios.<br \/>\nPor ejemplo, la realidad del salario m\u00ednimo est\u00e1 por debajo del oficial, ya que los j\u00f3venes se insertan al mercado por una suma de 1.600 bolivianos, definido por la libre oferta y demanda.<br \/>\n\u201cEl Gobierno no puede legislar, no tiene tanto poder como lo tiene el mercado\u201d, resalt\u00f3 Belloth e indic\u00f3 que no existen las condiciones para pagar el salario m\u00ednimo fijado por las autoridades nacionales.<br \/>\nPor ello sugiere que, el Gobierno debe crear las condiciones econ\u00f3micas para generar mayor valor agregado, impulsado por las empresas privadas sin necesidad de una legislaci\u00f3n social.<br \/>\nPIE DE FOTO<\/p>\n","protected":false},"excerpt":{"rendered":"<p>La falta de divisa extranjera, el d\u00f3lar, ha provocado que Bolivia ingrese a una crisis de balanza de pagos. Los d\u00e9ficits fiscales continuos, la ca\u00edda de las exportaciones y las reservas internacionales, m\u00e1s la falta de inversi\u00f3n para diversificar productos para el mercado internacional han acelerado la situaci\u00f3n actual. El investigador y economista, Joshua Bellott, [&hellip;]<\/p>\n","protected":false},"author":1,"featured_media":210976,"comment_status":"open","ping_status":"open","sticky":false,"template":"","format":"standard","meta":{"_acf_changed":false,"footnotes":""},"categories":[7],"tags":[],"class_list":["post-210975","post","type-post","status-publish","format-standard","has-post-thumbnail","category-economia"],"acf":{"antetitulo":""},"yoast_head":"<!-- This site is optimized with the Yoast SEO plugin v28.4 - https:\/\/yoast.com\/product\/yoast-seo-wordpress\/ -->\n<title>Bolivia ingres\u00f3 a una crisis de balanza de pagos - El Diario - Bolivia<\/title>\n<meta name=\"robots\" content=\"index, follow, max-snippet:-1, max-image-preview:large, max-video-preview:-1\" \/>\n<link rel=\"canonical\" href=\"https:\/\/www.eldiario.net\/portal\/2024\/03\/29\/bolivia-ingreso-a-una-crisis-de-balanza-de-pagos\/\" \/>\n<meta property=\"og:locale\" content=\"es_ES\" \/>\n<meta property=\"og:type\" content=\"article\" \/>\n<meta property=\"og:title\" content=\"Bolivia ingres\u00f3 a una crisis de balanza de pagos - El Diario - Bolivia\" \/>\n<meta property=\"og:description\" content=\"La falta de divisa extranjera, el d\u00f3lar, ha provocado que Bolivia ingrese a una crisis de balanza de pagos. Los d\u00e9ficits fiscales continuos, la ca\u00edda de las exportaciones y las reservas internacionales, m\u00e1s la falta de inversi\u00f3n para diversificar productos para el mercado internacional han acelerado la situaci\u00f3n actual. El investigador y economista, Joshua Bellott, [&hellip;]\" \/>\n<meta property=\"og:url\" content=\"https:\/\/www.eldiario.net\/portal\/2024\/03\/29\/bolivia-ingreso-a-una-crisis-de-balanza-de-pagos\/\" \/>\n<meta property=\"og:site_name\" content=\"El Diario - Bolivia\" \/>\n<meta property=\"article:publisher\" content=\"https:\/\/www.facebook.com\/eldiario.bolivia\/\" \/>\n<meta property=\"article:published_time\" content=\"2024-03-29T10:25:22+00:00\" \/>\n<meta property=\"article:modified_time\" content=\"2024-04-01T13:49:56+00:00\" \/>\n<meta property=\"og:image\" content=\"https:\/\/www.eldiario.net\/portal\/wp-content\/uploads\/2024\/03\/crisis-2-1.jpg\" \/>\n\t<meta property=\"og:image:width\" content=\"671\" \/>\n\t<meta property=\"og:image:height\" content=\"403\" \/>\n\t<meta property=\"og:image:type\" content=\"image\/jpeg\" \/>\n<meta name=\"author\" content=\"Jeanette\" \/>\n<meta name=\"twitter:card\" content=\"summary_large_image\" \/>\n<meta name=\"twitter:creator\" content=\"@eldiario_net\" \/>\n<meta name=\"twitter:site\" content=\"@eldiario_net\" \/>\n<meta name=\"twitter:label1\" content=\"Escrito por\" \/>\n\t<meta name=\"twitter:data1\" content=\"Jeanette\" \/>\n\t<meta name=\"twitter:label2\" content=\"Tiempo de lectura\" \/>\n\t<meta name=\"twitter:data2\" content=\"4 minutos\" \/>\n<script type=\"application\/ld+json\" class=\"yoast-schema-graph\">{\"@context\":\"https:\\\/\\\/schema.org\",\"@graph\":[{\"@type\":\"Article\",\"@id\":\"https:\\\/\\\/www.eldiario.net\\\/portal\\\/2024\\\/03\\\/29\\\/bolivia-ingreso-a-una-crisis-de-balanza-de-pagos\\\/#article\",\"isPartOf\":{\"@id\":\"https:\\\/\\\/www.eldiario.net\\\/portal\\\/2024\\\/03\\\/29\\\/bolivia-ingreso-a-una-crisis-de-balanza-de-pagos\\\/\"},\"author\":{\"name\":\"Jeanette\",\"@id\":\"https:\\\/\\\/www.eldiario.net\\\/portal\\\/#\\\/schema\\\/person\\\/f46445640444750d7d753ccd04ae01b7\"},\"headline\":\"Bolivia ingres\u00f3 a una crisis de balanza de pagos\",\"datePublished\":\"2024-03-29T10:25:22+00:00\",\"dateModified\":\"2024-04-01T13:49:56+00:00\",\"mainEntityOfPage\":{\"@id\":\"https:\\\/\\\/www.eldiario.net\\\/portal\\\/2024\\\/03\\\/29\\\/bolivia-ingreso-a-una-crisis-de-balanza-de-pagos\\\/\"},\"wordCount\":795,\"commentCount\":0,\"publisher\":{\"@id\":\"https:\\\/\\\/www.eldiario.net\\\/portal\\\/#organization\"},\"image\":{\"@id\":\"https:\\\/\\\/www.eldiario.net\\\/portal\\\/2024\\\/03\\\/29\\\/bolivia-ingreso-a-una-crisis-de-balanza-de-pagos\\\/#primaryimage\"},\"thumbnailUrl\":\"https:\\\/\\\/www.eldiario.net\\\/portal\\\/wp-content\\\/uploads\\\/2024\\\/03\\\/crisis-2-1.jpg\",\"articleSection\":[\"Econom\u00eda\"],\"inLanguage\":\"es\",\"potentialAction\":[{\"@type\":\"CommentAction\",\"name\":\"Comment\",\"target\":[\"https:\\\/\\\/www.eldiario.net\\\/portal\\\/2024\\\/03\\\/29\\\/bolivia-ingreso-a-una-crisis-de-balanza-de-pagos\\\/#respond\"]}]},{\"@type\":\"WebPage\",\"@id\":\"https:\\\/\\\/www.eldiario.net\\\/portal\\\/2024\\\/03\\\/29\\\/bolivia-ingreso-a-una-crisis-de-balanza-de-pagos\\\/\",\"url\":\"https:\\\/\\\/www.eldiario.net\\\/portal\\\/2024\\\/03\\\/29\\\/bolivia-ingreso-a-una-crisis-de-balanza-de-pagos\\\/\",\"name\":\"Bolivia ingres\u00f3 a una crisis de balanza de pagos - El Diario - Bolivia\",\"isPartOf\":{\"@id\":\"https:\\\/\\\/www.eldiario.net\\\/portal\\\/#website\"},\"primaryImageOfPage\":{\"@id\":\"https:\\\/\\\/www.eldiario.net\\\/portal\\\/2024\\\/03\\\/29\\\/bolivia-ingreso-a-una-crisis-de-balanza-de-pagos\\\/#primaryimage\"},\"image\":{\"@id\":\"https:\\\/\\\/www.eldiario.net\\\/portal\\\/2024\\\/03\\\/29\\\/bolivia-ingreso-a-una-crisis-de-balanza-de-pagos\\\/#primaryimage\"},\"thumbnailUrl\":\"https:\\\/\\\/www.eldiario.net\\\/portal\\\/wp-content\\\/uploads\\\/2024\\\/03\\\/crisis-2-1.jpg\",\"datePublished\":\"2024-03-29T10:25:22+00:00\",\"dateModified\":\"2024-04-01T13:49:56+00:00\",\"breadcrumb\":{\"@id\":\"https:\\\/\\\/www.eldiario.net\\\/portal\\\/2024\\\/03\\\/29\\\/bolivia-ingreso-a-una-crisis-de-balanza-de-pagos\\\/#breadcrumb\"},\"inLanguage\":\"es\",\"potentialAction\":[{\"@type\":\"ReadAction\",\"target\":[\"https:\\\/\\\/www.eldiario.net\\\/portal\\\/2024\\\/03\\\/29\\\/bolivia-ingreso-a-una-crisis-de-balanza-de-pagos\\\/\"]}]},{\"@type\":\"ImageObject\",\"inLanguage\":\"es\",\"@id\":\"https:\\\/\\\/www.eldiario.net\\\/portal\\\/2024\\\/03\\\/29\\\/bolivia-ingreso-a-una-crisis-de-balanza-de-pagos\\\/#primaryimage\",\"url\":\"https:\\\/\\\/www.eldiario.net\\\/portal\\\/wp-content\\\/uploads\\\/2024\\\/03\\\/crisis-2-1.jpg\",\"contentUrl\":\"https:\\\/\\\/www.eldiario.net\\\/portal\\\/wp-content\\\/uploads\\\/2024\\\/03\\\/crisis-2-1.jpg\",\"width\":671,\"height\":403,\"caption\":\"El crecimiento se desacelera.\"},{\"@type\":\"BreadcrumbList\",\"@id\":\"https:\\\/\\\/www.eldiario.net\\\/portal\\\/2024\\\/03\\\/29\\\/bolivia-ingreso-a-una-crisis-de-balanza-de-pagos\\\/#breadcrumb\",\"itemListElement\":[{\"@type\":\"ListItem\",\"position\":1,\"name\":\"Portada\",\"item\":\"https:\\\/\\\/www.eldiario.net\\\/portal\\\/\"},{\"@type\":\"ListItem\",\"position\":2,\"name\":\"Bolivia ingres\u00f3 a una crisis de balanza de pagos\"}]},{\"@type\":\"WebSite\",\"@id\":\"https:\\\/\\\/www.eldiario.net\\\/portal\\\/#website\",\"url\":\"https:\\\/\\\/www.eldiario.net\\\/portal\\\/\",\"name\":\"El Diario - Decano de la prensa nacional\",\"description\":\"El Diario - Decano de la prensa nacional\",\"publisher\":{\"@id\":\"https:\\\/\\\/www.eldiario.net\\\/portal\\\/#organization\"},\"potentialAction\":[{\"@type\":\"SearchAction\",\"target\":{\"@type\":\"EntryPoint\",\"urlTemplate\":\"https:\\\/\\\/www.eldiario.net\\\/portal\\\/?s={search_term_string}\"},\"query-input\":{\"@type\":\"PropertyValueSpecification\",\"valueRequired\":true,\"valueName\":\"search_term_string\"}}],\"inLanguage\":\"es\"},{\"@type\":\"Organization\",\"@id\":\"https:\\\/\\\/www.eldiario.net\\\/portal\\\/#organization\",\"name\":\"El Diario - Decano de la prensa nacional\",\"url\":\"https:\\\/\\\/www.eldiario.net\\\/portal\\\/\",\"logo\":{\"@type\":\"ImageObject\",\"inLanguage\":\"es\",\"@id\":\"https:\\\/\\\/www.eldiario.net\\\/portal\\\/#\\\/schema\\\/logo\\\/image\\\/\",\"url\":\"https:\\\/\\\/www.eldiario.net\\\/portal\\\/wp-content\\\/uploads\\\/2023\\\/07\\\/logo_ED.jpg\",\"contentUrl\":\"https:\\\/\\\/www.eldiario.net\\\/portal\\\/wp-content\\\/uploads\\\/2023\\\/07\\\/logo_ED.jpg\",\"width\":272,\"height\":52,\"caption\":\"El Diario - Decano de la prensa nacional\"},\"image\":{\"@id\":\"https:\\\/\\\/www.eldiario.net\\\/portal\\\/#\\\/schema\\\/logo\\\/image\\\/\"},\"sameAs\":[\"https:\\\/\\\/www.facebook.com\\\/eldiario.bolivia\\\/\",\"https:\\\/\\\/x.com\\\/eldiario_net\"]},{\"@type\":\"Person\",\"@id\":\"https:\\\/\\\/www.eldiario.net\\\/portal\\\/#\\\/schema\\\/person\\\/f46445640444750d7d753ccd04ae01b7\",\"name\":\"Jeanette\",\"image\":{\"@type\":\"ImageObject\",\"inLanguage\":\"es\",\"@id\":\"https:\\\/\\\/secure.gravatar.com\\\/avatar\\\/3ea2118a5f7dad2b7138b1187a6b7ee55f160b9968b66013c3a3ef39dd7e5798?s=96&d=mm&r=g\",\"url\":\"https:\\\/\\\/secure.gravatar.com\\\/avatar\\\/3ea2118a5f7dad2b7138b1187a6b7ee55f160b9968b66013c3a3ef39dd7e5798?s=96&d=mm&r=g\",\"contentUrl\":\"https:\\\/\\\/secure.gravatar.com\\\/avatar\\\/3ea2118a5f7dad2b7138b1187a6b7ee55f160b9968b66013c3a3ef39dd7e5798?s=96&d=mm&r=g\",\"caption\":\"Jeanette\"},\"sameAs\":[\"https:\\\/\\\/www.eldiario.net\\\/portal\"],\"url\":\"https:\\\/\\\/www.eldiario.net\\\/portal\\\/author\\\/jeanette\\\/\"}]}<\/script>\n<!-- \/ Yoast SEO plugin. -->","yoast_head_json":{"title":"Bolivia ingres\u00f3 a una crisis de balanza de pagos - El Diario - Bolivia","robots":{"index":"index","follow":"follow","max-snippet":"max-snippet:-1","max-image-preview":"max-image-preview:large","max-video-preview":"max-video-preview:-1"},"canonical":"https:\/\/www.eldiario.net\/portal\/2024\/03\/29\/bolivia-ingreso-a-una-crisis-de-balanza-de-pagos\/","og_locale":"es_ES","og_type":"article","og_title":"Bolivia ingres\u00f3 a una crisis de balanza de pagos - El Diario - Bolivia","og_description":"La falta de divisa extranjera, el d\u00f3lar, ha provocado que Bolivia ingrese a una crisis de balanza de pagos. Los d\u00e9ficits fiscales continuos, la ca\u00edda de las exportaciones y las reservas internacionales, m\u00e1s la falta de inversi\u00f3n para diversificar productos para el mercado internacional han acelerado la situaci\u00f3n actual. El investigador y economista, Joshua Bellott, [&hellip;]","og_url":"https:\/\/www.eldiario.net\/portal\/2024\/03\/29\/bolivia-ingreso-a-una-crisis-de-balanza-de-pagos\/","og_site_name":"El Diario - Bolivia","article_publisher":"https:\/\/www.facebook.com\/eldiario.bolivia\/","article_published_time":"2024-03-29T10:25:22+00:00","article_modified_time":"2024-04-01T13:49:56+00:00","og_image":[{"width":671,"height":403,"url":"https:\/\/www.eldiario.net\/portal\/wp-content\/uploads\/2024\/03\/crisis-2-1.jpg","type":"image\/jpeg"}],"author":"Jeanette","twitter_card":"summary_large_image","twitter_creator":"@eldiario_net","twitter_site":"@eldiario_net","twitter_misc":{"Escrito por":"Jeanette","Tiempo de lectura":"4 minutos"},"schema":{"@context":"https:\/\/schema.org","@graph":[{"@type":"Article","@id":"https:\/\/www.eldiario.net\/portal\/2024\/03\/29\/bolivia-ingreso-a-una-crisis-de-balanza-de-pagos\/#article","isPartOf":{"@id":"https:\/\/www.eldiario.net\/portal\/2024\/03\/29\/bolivia-ingreso-a-una-crisis-de-balanza-de-pagos\/"},"author":{"name":"Jeanette","@id":"https:\/\/www.eldiario.net\/portal\/#\/schema\/person\/f46445640444750d7d753ccd04ae01b7"},"headline":"Bolivia ingres\u00f3 a una crisis de balanza de pagos","datePublished":"2024-03-29T10:25:22+00:00","dateModified":"2024-04-01T13:49:56+00:00","mainEntityOfPage":{"@id":"https:\/\/www.eldiario.net\/portal\/2024\/03\/29\/bolivia-ingreso-a-una-crisis-de-balanza-de-pagos\/"},"wordCount":795,"commentCount":0,"publisher":{"@id":"https:\/\/www.eldiario.net\/portal\/#organization"},"image":{"@id":"https:\/\/www.eldiario.net\/portal\/2024\/03\/29\/bolivia-ingreso-a-una-crisis-de-balanza-de-pagos\/#primaryimage"},"thumbnailUrl":"https:\/\/www.eldiario.net\/portal\/wp-content\/uploads\/2024\/03\/crisis-2-1.jpg","articleSection":["Econom\u00eda"],"inLanguage":"es","potentialAction":[{"@type":"CommentAction","name":"Comment","target":["https:\/\/www.eldiario.net\/portal\/2024\/03\/29\/bolivia-ingreso-a-una-crisis-de-balanza-de-pagos\/#respond"]}]},{"@type":"WebPage","@id":"https:\/\/www.eldiario.net\/portal\/2024\/03\/29\/bolivia-ingreso-a-una-crisis-de-balanza-de-pagos\/","url":"https:\/\/www.eldiario.net\/portal\/2024\/03\/29\/bolivia-ingreso-a-una-crisis-de-balanza-de-pagos\/","name":"Bolivia ingres\u00f3 a una crisis de balanza de pagos - El Diario - Bolivia","isPartOf":{"@id":"https:\/\/www.eldiario.net\/portal\/#website"},"primaryImageOfPage":{"@id":"https:\/\/www.eldiario.net\/portal\/2024\/03\/29\/bolivia-ingreso-a-una-crisis-de-balanza-de-pagos\/#primaryimage"},"image":{"@id":"https:\/\/www.eldiario.net\/portal\/2024\/03\/29\/bolivia-ingreso-a-una-crisis-de-balanza-de-pagos\/#primaryimage"},"thumbnailUrl":"https:\/\/www.eldiario.net\/portal\/wp-content\/uploads\/2024\/03\/crisis-2-1.jpg","datePublished":"2024-03-29T10:25:22+00:00","dateModified":"2024-04-01T13:49:56+00:00","breadcrumb":{"@id":"https:\/\/www.eldiario.net\/portal\/2024\/03\/29\/bolivia-ingreso-a-una-crisis-de-balanza-de-pagos\/#breadcrumb"},"inLanguage":"es","potentialAction":[{"@type":"ReadAction","target":["https:\/\/www.eldiario.net\/portal\/2024\/03\/29\/bolivia-ingreso-a-una-crisis-de-balanza-de-pagos\/"]}]},{"@type":"ImageObject","inLanguage":"es","@id":"https:\/\/www.eldiario.net\/portal\/2024\/03\/29\/bolivia-ingreso-a-una-crisis-de-balanza-de-pagos\/#primaryimage","url":"https:\/\/www.eldiario.net\/portal\/wp-content\/uploads\/2024\/03\/crisis-2-1.jpg","contentUrl":"https:\/\/www.eldiario.net\/portal\/wp-content\/uploads\/2024\/03\/crisis-2-1.jpg","width":671,"height":403,"caption":"El crecimiento se desacelera."},{"@type":"BreadcrumbList","@id":"https:\/\/www.eldiario.net\/portal\/2024\/03\/29\/bolivia-ingreso-a-una-crisis-de-balanza-de-pagos\/#breadcrumb","itemListElement":[{"@type":"ListItem","position":1,"name":"Portada","item":"https:\/\/www.eldiario.net\/portal\/"},{"@type":"ListItem","position":2,"name":"Bolivia ingres\u00f3 a una crisis de balanza de pagos"}]},{"@type":"WebSite","@id":"https:\/\/www.eldiario.net\/portal\/#website","url":"https:\/\/www.eldiario.net\/portal\/","name":"El Diario - Decano de la prensa nacional","description":"El Diario - Decano de la prensa nacional","publisher":{"@id":"https:\/\/www.eldiario.net\/portal\/#organization"},"potentialAction":[{"@type":"SearchAction","target":{"@type":"EntryPoint","urlTemplate":"https:\/\/www.eldiario.net\/portal\/?s={search_term_string}"},"query-input":{"@type":"PropertyValueSpecification","valueRequired":true,"valueName":"search_term_string"}}],"inLanguage":"es"},{"@type":"Organization","@id":"https:\/\/www.eldiario.net\/portal\/#organization","name":"El Diario - Decano de la prensa nacional","url":"https:\/\/www.eldiario.net\/portal\/","logo":{"@type":"ImageObject","inLanguage":"es","@id":"https:\/\/www.eldiario.net\/portal\/#\/schema\/logo\/image\/","url":"https:\/\/www.eldiario.net\/portal\/wp-content\/uploads\/2023\/07\/logo_ED.jpg","contentUrl":"https:\/\/www.eldiario.net\/portal\/wp-content\/uploads\/2023\/07\/logo_ED.jpg","width":272,"height":52,"caption":"El Diario - Decano de la prensa nacional"},"image":{"@id":"https:\/\/www.eldiario.net\/portal\/#\/schema\/logo\/image\/"},"sameAs":["https:\/\/www.facebook.com\/eldiario.bolivia\/","https:\/\/x.com\/eldiario_net"]},{"@type":"Person","@id":"https:\/\/www.eldiario.net\/portal\/#\/schema\/person\/f46445640444750d7d753ccd04ae01b7","name":"Jeanette","image":{"@type":"ImageObject","inLanguage":"es","@id":"https:\/\/secure.gravatar.com\/avatar\/3ea2118a5f7dad2b7138b1187a6b7ee55f160b9968b66013c3a3ef39dd7e5798?s=96&d=mm&r=g","url":"https:\/\/secure.gravatar.com\/avatar\/3ea2118a5f7dad2b7138b1187a6b7ee55f160b9968b66013c3a3ef39dd7e5798?s=96&d=mm&r=g","contentUrl":"https:\/\/secure.gravatar.com\/avatar\/3ea2118a5f7dad2b7138b1187a6b7ee55f160b9968b66013c3a3ef39dd7e5798?s=96&d=mm&r=g","caption":"Jeanette"},"sameAs":["https:\/\/www.eldiario.net\/portal"],"url":"https:\/\/www.eldiario.net\/portal\/author\/jeanette\/"}]}},"_links":{"self":[{"href":"https:\/\/www.eldiario.net\/portal\/wp-json\/wp\/v2\/posts\/210975","targetHints":{"allow":["GET"]}}],"collection":[{"href":"https:\/\/www.eldiario.net\/portal\/wp-json\/wp\/v2\/posts"}],"about":[{"href":"https:\/\/www.eldiario.net\/portal\/wp-json\/wp\/v2\/types\/post"}],"author":[{"embeddable":true,"href":"https:\/\/www.eldiario.net\/portal\/wp-json\/wp\/v2\/users\/1"}],"replies":[{"embeddable":true,"href":"https:\/\/www.eldiario.net\/portal\/wp-json\/wp\/v2\/comments?post=210975"}],"version-history":[{"count":3,"href":"https:\/\/www.eldiario.net\/portal\/wp-json\/wp\/v2\/posts\/210975\/revisions"}],"predecessor-version":[{"id":211672,"href":"https:\/\/www.eldiario.net\/portal\/wp-json\/wp\/v2\/posts\/210975\/revisions\/211672"}],"wp:featuredmedia":[{"embeddable":true,"href":"https:\/\/www.eldiario.net\/portal\/wp-json\/wp\/v2\/media\/210976"}],"wp:attachment":[{"href":"https:\/\/www.eldiario.net\/portal\/wp-json\/wp\/v2\/media?parent=210975"}],"wp:term":[{"taxonomy":"category","embeddable":true,"href":"https:\/\/www.eldiario.net\/portal\/wp-json\/wp\/v2\/categories?post=210975"},{"taxonomy":"post_tag","embeddable":true,"href":"https:\/\/www.eldiario.net\/portal\/wp-json\/wp\/v2\/tags?post=210975"}],"curies":[{"name":"wp","href":"https:\/\/api.w.org\/{rel}","templated":true}]}}