{"id":210969,"date":"2024-03-29T06:24:08","date_gmt":"2024-03-29T10:24:08","guid":{"rendered":"https:\/\/www.eldiario.net\/portal\/?p=210969"},"modified":"2024-03-29T06:24:08","modified_gmt":"2024-03-29T10:24:08","slug":"bolivia-relegada-en-inversiones-mineras-a-comparacion-de-paises-de-la-region","status":"publish","type":"post","link":"https:\/\/www.eldiario.net\/portal\/2024\/03\/29\/bolivia-relegada-en-inversiones-mineras-a-comparacion-de-paises-de-la-region\/","title":{"rendered":"Bolivia relegada en inversiones mineras a comparaci\u00f3n de pa\u00edses de la regi\u00f3n"},"content":{"rendered":"<p>La miner\u00eda en Bolivia enfrenta un dilema crucial, mientras que los pa\u00edses vecinos atraen inversiones extranjeras masivas en este sector, Bolivia parece ser relegada. Los pa\u00edses de la regi\u00f3n atraen importantes capitales extranjeros para el desarrollo del sector, mientras que la inseguridad jur\u00eddica frena la llegada de empresas al pa\u00eds, seg\u00fan un an\u00e1lisis realizado por el experto de la Fundaci\u00f3n Jubileo, H\u00e9ctor C\u00f3rdova.<br \/>\nLa exautoridad en una entrevista reciente con la periodista, Amalia Pando, publicada en el medio digital Cabildeo, inform\u00f3 que \u201cla falta de exploraci\u00f3n es la causante de nuestros males actuales. No repitamos lo mismo en el sector minero, atraigamos capitales y esto ser\u00e1 posible si viene de la mano de la seguridad, de la protecci\u00f3n de esos capitales, de esa gente que se arriesga al llegar a nuestro pa\u00eds y hay que involucrarse, comprometerse como Estado y desde las comunidades para que esto se d\u00e9, sino los d\u00edas de la miner\u00eda est\u00e1n contados\u201d.<br \/>\nCon el 47% de las exportaciones bolivianas provenientes de la miner\u00eda, queda claro que este sector desempe\u00f1a un papel crucial en la econom\u00eda del pa\u00eds. Sin embargo, el declive en la participaci\u00f3n del oro, pasando del 54% en 2022 a cifras menores en a\u00f1os recientes, plantea interrogantes sobre el futuro de la industria.<br \/>\nSe\u00f1ala que la falta de seguridad jur\u00eddica y la percepci\u00f3n de inestabilidad pol\u00edtica son los principales obst\u00e1culos para atraer inversiones extranjeras. Bolivia ha sido calificada como un pa\u00eds de alto riesgo para las inversiones y esta situaci\u00f3n se ve agravada por casos de avasallamientos por parte de campesinos y cooperativistas, que generan incertidumbre y desconfianza en los inversionistas.<br \/>\nC\u00f3rdoba, ingeniero metal\u00fargico con m\u00e1s de 30 a\u00f1os de trabajo en el \u00e1mbito minero boliviano, sostiene que -dada la disminuci\u00f3n de otros sectores econ\u00f3micos y el agotamiento de los yacimientos tradicionales- \u201ces imperativo atraer inversiones privadas (&#8230;). En este momento, las minas del Estado se est\u00e1n agotando y la mina San Crist\u00f3bal, privada, la m\u00e1s grande, en dos a\u00f1os terminar\u00e1 la explotaci\u00f3n del yacimiento de zinc. Entonces, tenemos que atraer inversiones privadas para exploraci\u00f3n\u201d, asevera.<br \/>\nBolivia posee un gran potencial minero que podr\u00eda ser aprovechado con la participaci\u00f3n de inversionistas y esto es vital para el desarrollo sostenible de la industria. Si el pa\u00eds aspira a posicionarse como un destino atractivo para la inversi\u00f3n minera, abordar estas preocupaciones y trabajar en la construcci\u00f3n de un entorno favorable para los inversionistas tanto nacionales como extranjeros es imprescindible, alega el experto.<\/p>\n","protected":false},"excerpt":{"rendered":"<p>La miner\u00eda en Bolivia enfrenta un dilema crucial, mientras que los pa\u00edses vecinos atraen inversiones extranjeras masivas en este sector, Bolivia parece ser relegada. Los pa\u00edses de la regi\u00f3n atraen importantes capitales extranjeros para el desarrollo del sector, mientras que la inseguridad jur\u00eddica frena la llegada de empresas al pa\u00eds, seg\u00fan un an\u00e1lisis realizado por [&hellip;]<\/p>\n","protected":false},"author":1,"featured_media":210970,"comment_status":"open","ping_status":"open","sticky":false,"template":"","format":"standard","meta":{"_acf_changed":false,"footnotes":""},"categories":[7],"tags":[],"class_list":["post-210969","post","type-post","status-publish","format-standard","has-post-thumbnail","category-economia"],"acf":{"antetitulo":""},"yoast_head":"<!-- This site is optimized with the Yoast SEO plugin v28.3 - https:\/\/yoast.com\/product\/yoast-seo-wordpress\/ -->\n<title>Bolivia relegada en inversiones mineras a comparaci\u00f3n de pa\u00edses de la regi\u00f3n - El Diario - Bolivia<\/title>\n<meta name=\"robots\" content=\"index, follow, max-snippet:-1, max-image-preview:large, max-video-preview:-1\" \/>\n<link rel=\"canonical\" href=\"https:\/\/www.eldiario.net\/portal\/2024\/03\/29\/bolivia-relegada-en-inversiones-mineras-a-comparacion-de-paises-de-la-region\/\" \/>\n<meta property=\"og:locale\" content=\"es_ES\" \/>\n<meta property=\"og:type\" content=\"article\" \/>\n<meta property=\"og:title\" content=\"Bolivia relegada en inversiones mineras a comparaci\u00f3n de pa\u00edses de la regi\u00f3n - El Diario - Bolivia\" \/>\n<meta property=\"og:description\" content=\"La miner\u00eda en Bolivia enfrenta un dilema crucial, mientras que los pa\u00edses vecinos atraen inversiones extranjeras masivas en este sector, Bolivia parece ser relegada. Los pa\u00edses de la regi\u00f3n atraen importantes capitales extranjeros para el desarrollo del sector, mientras que la inseguridad jur\u00eddica frena la llegada de empresas al pa\u00eds, seg\u00fan un an\u00e1lisis realizado por [&hellip;]\" \/>\n<meta property=\"og:url\" content=\"https:\/\/www.eldiario.net\/portal\/2024\/03\/29\/bolivia-relegada-en-inversiones-mineras-a-comparacion-de-paises-de-la-region\/\" \/>\n<meta property=\"og:site_name\" content=\"El Diario - Bolivia\" \/>\n<meta property=\"article:publisher\" content=\"https:\/\/www.facebook.com\/eldiario.bolivia\/\" \/>\n<meta property=\"article:published_time\" content=\"2024-03-29T10:24:08+00:00\" \/>\n<meta property=\"og:image\" content=\"https:\/\/www.eldiario.net\/portal\/wp-content\/uploads\/2024\/03\/mineria.jpg\" \/>\n\t<meta property=\"og:image:width\" content=\"1600\" \/>\n\t<meta property=\"og:image:height\" content=\"1065\" \/>\n\t<meta property=\"og:image:type\" content=\"image\/jpeg\" \/>\n<meta name=\"author\" content=\"Jeanette\" \/>\n<meta name=\"twitter:card\" content=\"summary_large_image\" \/>\n<meta name=\"twitter:creator\" content=\"@eldiario_net\" \/>\n<meta name=\"twitter:site\" content=\"@eldiario_net\" \/>\n<meta name=\"twitter:label1\" content=\"Escrito por\" \/>\n\t<meta name=\"twitter:data1\" content=\"Jeanette\" \/>\n\t<meta name=\"twitter:label2\" content=\"Tiempo de lectura\" \/>\n\t<meta name=\"twitter:data2\" content=\"3 minutos\" \/>\n<script type=\"application\/ld+json\" class=\"yoast-schema-graph\">{\"@context\":\"https:\\\/\\\/schema.org\",\"@graph\":[{\"@type\":\"Article\",\"@id\":\"https:\\\/\\\/www.eldiario.net\\\/portal\\\/2024\\\/03\\\/29\\\/bolivia-relegada-en-inversiones-mineras-a-comparacion-de-paises-de-la-region\\\/#article\",\"isPartOf\":{\"@id\":\"https:\\\/\\\/www.eldiario.net\\\/portal\\\/2024\\\/03\\\/29\\\/bolivia-relegada-en-inversiones-mineras-a-comparacion-de-paises-de-la-region\\\/\"},\"author\":{\"name\":\"Jeanette\",\"@id\":\"https:\\\/\\\/www.eldiario.net\\\/portal\\\/#\\\/schema\\\/person\\\/f46445640444750d7d753ccd04ae01b7\"},\"headline\":\"Bolivia relegada en inversiones mineras a comparaci\u00f3n de pa\u00edses de la regi\u00f3n\",\"datePublished\":\"2024-03-29T10:24:08+00:00\",\"mainEntityOfPage\":{\"@id\":\"https:\\\/\\\/www.eldiario.net\\\/portal\\\/2024\\\/03\\\/29\\\/bolivia-relegada-en-inversiones-mineras-a-comparacion-de-paises-de-la-region\\\/\"},\"wordCount\":463,\"commentCount\":0,\"publisher\":{\"@id\":\"https:\\\/\\\/www.eldiario.net\\\/portal\\\/#organization\"},\"image\":{\"@id\":\"https:\\\/\\\/www.eldiario.net\\\/portal\\\/2024\\\/03\\\/29\\\/bolivia-relegada-en-inversiones-mineras-a-comparacion-de-paises-de-la-region\\\/#primaryimage\"},\"thumbnailUrl\":\"https:\\\/\\\/www.eldiario.net\\\/portal\\\/wp-content\\\/uploads\\\/2024\\\/03\\\/mineria.jpg\",\"articleSection\":[\"Econom\u00eda\"],\"inLanguage\":\"es\",\"potentialAction\":[{\"@type\":\"CommentAction\",\"name\":\"Comment\",\"target\":[\"https:\\\/\\\/www.eldiario.net\\\/portal\\\/2024\\\/03\\\/29\\\/bolivia-relegada-en-inversiones-mineras-a-comparacion-de-paises-de-la-region\\\/#respond\"]}]},{\"@type\":\"WebPage\",\"@id\":\"https:\\\/\\\/www.eldiario.net\\\/portal\\\/2024\\\/03\\\/29\\\/bolivia-relegada-en-inversiones-mineras-a-comparacion-de-paises-de-la-region\\\/\",\"url\":\"https:\\\/\\\/www.eldiario.net\\\/portal\\\/2024\\\/03\\\/29\\\/bolivia-relegada-en-inversiones-mineras-a-comparacion-de-paises-de-la-region\\\/\",\"name\":\"Bolivia relegada en inversiones mineras a comparaci\u00f3n de pa\u00edses de la regi\u00f3n - El Diario - Bolivia\",\"isPartOf\":{\"@id\":\"https:\\\/\\\/www.eldiario.net\\\/portal\\\/#website\"},\"primaryImageOfPage\":{\"@id\":\"https:\\\/\\\/www.eldiario.net\\\/portal\\\/2024\\\/03\\\/29\\\/bolivia-relegada-en-inversiones-mineras-a-comparacion-de-paises-de-la-region\\\/#primaryimage\"},\"image\":{\"@id\":\"https:\\\/\\\/www.eldiario.net\\\/portal\\\/2024\\\/03\\\/29\\\/bolivia-relegada-en-inversiones-mineras-a-comparacion-de-paises-de-la-region\\\/#primaryimage\"},\"thumbnailUrl\":\"https:\\\/\\\/www.eldiario.net\\\/portal\\\/wp-content\\\/uploads\\\/2024\\\/03\\\/mineria.jpg\",\"datePublished\":\"2024-03-29T10:24:08+00:00\",\"breadcrumb\":{\"@id\":\"https:\\\/\\\/www.eldiario.net\\\/portal\\\/2024\\\/03\\\/29\\\/bolivia-relegada-en-inversiones-mineras-a-comparacion-de-paises-de-la-region\\\/#breadcrumb\"},\"inLanguage\":\"es\",\"potentialAction\":[{\"@type\":\"ReadAction\",\"target\":[\"https:\\\/\\\/www.eldiario.net\\\/portal\\\/2024\\\/03\\\/29\\\/bolivia-relegada-en-inversiones-mineras-a-comparacion-de-paises-de-la-region\\\/\"]}]},{\"@type\":\"ImageObject\",\"inLanguage\":\"es\",\"@id\":\"https:\\\/\\\/www.eldiario.net\\\/portal\\\/2024\\\/03\\\/29\\\/bolivia-relegada-en-inversiones-mineras-a-comparacion-de-paises-de-la-region\\\/#primaryimage\",\"url\":\"https:\\\/\\\/www.eldiario.net\\\/portal\\\/wp-content\\\/uploads\\\/2024\\\/03\\\/mineria.jpg\",\"contentUrl\":\"https:\\\/\\\/www.eldiario.net\\\/portal\\\/wp-content\\\/uploads\\\/2024\\\/03\\\/mineria.jpg\",\"width\":1600,\"height\":1065,\"caption\":\"Operaciones mineras a cielo abierto.\"},{\"@type\":\"BreadcrumbList\",\"@id\":\"https:\\\/\\\/www.eldiario.net\\\/portal\\\/2024\\\/03\\\/29\\\/bolivia-relegada-en-inversiones-mineras-a-comparacion-de-paises-de-la-region\\\/#breadcrumb\",\"itemListElement\":[{\"@type\":\"ListItem\",\"position\":1,\"name\":\"Portada\",\"item\":\"https:\\\/\\\/www.eldiario.net\\\/portal\\\/\"},{\"@type\":\"ListItem\",\"position\":2,\"name\":\"Bolivia relegada en inversiones mineras a comparaci\u00f3n de pa\u00edses de la regi\u00f3n\"}]},{\"@type\":\"WebSite\",\"@id\":\"https:\\\/\\\/www.eldiario.net\\\/portal\\\/#website\",\"url\":\"https:\\\/\\\/www.eldiario.net\\\/portal\\\/\",\"name\":\"El Diario - Decano de la prensa nacional\",\"description\":\"El Diario - Decano de la prensa nacional\",\"publisher\":{\"@id\":\"https:\\\/\\\/www.eldiario.net\\\/portal\\\/#organization\"},\"potentialAction\":[{\"@type\":\"SearchAction\",\"target\":{\"@type\":\"EntryPoint\",\"urlTemplate\":\"https:\\\/\\\/www.eldiario.net\\\/portal\\\/?s={search_term_string}\"},\"query-input\":{\"@type\":\"PropertyValueSpecification\",\"valueRequired\":true,\"valueName\":\"search_term_string\"}}],\"inLanguage\":\"es\"},{\"@type\":\"Organization\",\"@id\":\"https:\\\/\\\/www.eldiario.net\\\/portal\\\/#organization\",\"name\":\"El Diario - Decano de la prensa nacional\",\"url\":\"https:\\\/\\\/www.eldiario.net\\\/portal\\\/\",\"logo\":{\"@type\":\"ImageObject\",\"inLanguage\":\"es\",\"@id\":\"https:\\\/\\\/www.eldiario.net\\\/portal\\\/#\\\/schema\\\/logo\\\/image\\\/\",\"url\":\"https:\\\/\\\/www.eldiario.net\\\/portal\\\/wp-content\\\/uploads\\\/2023\\\/07\\\/logo_ED.jpg\",\"contentUrl\":\"https:\\\/\\\/www.eldiario.net\\\/portal\\\/wp-content\\\/uploads\\\/2023\\\/07\\\/logo_ED.jpg\",\"width\":272,\"height\":52,\"caption\":\"El Diario - Decano de la prensa nacional\"},\"image\":{\"@id\":\"https:\\\/\\\/www.eldiario.net\\\/portal\\\/#\\\/schema\\\/logo\\\/image\\\/\"},\"sameAs\":[\"https:\\\/\\\/www.facebook.com\\\/eldiario.bolivia\\\/\",\"https:\\\/\\\/x.com\\\/eldiario_net\"]},{\"@type\":\"Person\",\"@id\":\"https:\\\/\\\/www.eldiario.net\\\/portal\\\/#\\\/schema\\\/person\\\/f46445640444750d7d753ccd04ae01b7\",\"name\":\"Jeanette\",\"image\":{\"@type\":\"ImageObject\",\"inLanguage\":\"es\",\"@id\":\"https:\\\/\\\/secure.gravatar.com\\\/avatar\\\/3ea2118a5f7dad2b7138b1187a6b7ee55f160b9968b66013c3a3ef39dd7e5798?s=96&d=mm&r=g\",\"url\":\"https:\\\/\\\/secure.gravatar.com\\\/avatar\\\/3ea2118a5f7dad2b7138b1187a6b7ee55f160b9968b66013c3a3ef39dd7e5798?s=96&d=mm&r=g\",\"contentUrl\":\"https:\\\/\\\/secure.gravatar.com\\\/avatar\\\/3ea2118a5f7dad2b7138b1187a6b7ee55f160b9968b66013c3a3ef39dd7e5798?s=96&d=mm&r=g\",\"caption\":\"Jeanette\"},\"sameAs\":[\"https:\\\/\\\/www.eldiario.net\\\/portal\"],\"url\":\"https:\\\/\\\/www.eldiario.net\\\/portal\\\/author\\\/jeanette\\\/\"}]}<\/script>\n<!-- \/ Yoast SEO plugin. -->","yoast_head_json":{"title":"Bolivia relegada en inversiones mineras a comparaci\u00f3n de pa\u00edses de la regi\u00f3n - El Diario - Bolivia","robots":{"index":"index","follow":"follow","max-snippet":"max-snippet:-1","max-image-preview":"max-image-preview:large","max-video-preview":"max-video-preview:-1"},"canonical":"https:\/\/www.eldiario.net\/portal\/2024\/03\/29\/bolivia-relegada-en-inversiones-mineras-a-comparacion-de-paises-de-la-region\/","og_locale":"es_ES","og_type":"article","og_title":"Bolivia relegada en inversiones mineras a comparaci\u00f3n de pa\u00edses de la regi\u00f3n - El Diario - Bolivia","og_description":"La miner\u00eda en Bolivia enfrenta un dilema crucial, mientras que los pa\u00edses vecinos atraen inversiones extranjeras masivas en este sector, Bolivia parece ser relegada. Los pa\u00edses de la regi\u00f3n atraen importantes capitales extranjeros para el desarrollo del sector, mientras que la inseguridad jur\u00eddica frena la llegada de empresas al pa\u00eds, seg\u00fan un an\u00e1lisis realizado por [&hellip;]","og_url":"https:\/\/www.eldiario.net\/portal\/2024\/03\/29\/bolivia-relegada-en-inversiones-mineras-a-comparacion-de-paises-de-la-region\/","og_site_name":"El Diario - Bolivia","article_publisher":"https:\/\/www.facebook.com\/eldiario.bolivia\/","article_published_time":"2024-03-29T10:24:08+00:00","og_image":[{"width":1600,"height":1065,"url":"https:\/\/www.eldiario.net\/portal\/wp-content\/uploads\/2024\/03\/mineria.jpg","type":"image\/jpeg"}],"author":"Jeanette","twitter_card":"summary_large_image","twitter_creator":"@eldiario_net","twitter_site":"@eldiario_net","twitter_misc":{"Escrito por":"Jeanette","Tiempo de lectura":"3 minutos"},"schema":{"@context":"https:\/\/schema.org","@graph":[{"@type":"Article","@id":"https:\/\/www.eldiario.net\/portal\/2024\/03\/29\/bolivia-relegada-en-inversiones-mineras-a-comparacion-de-paises-de-la-region\/#article","isPartOf":{"@id":"https:\/\/www.eldiario.net\/portal\/2024\/03\/29\/bolivia-relegada-en-inversiones-mineras-a-comparacion-de-paises-de-la-region\/"},"author":{"name":"Jeanette","@id":"https:\/\/www.eldiario.net\/portal\/#\/schema\/person\/f46445640444750d7d753ccd04ae01b7"},"headline":"Bolivia relegada en inversiones mineras a comparaci\u00f3n de pa\u00edses de la regi\u00f3n","datePublished":"2024-03-29T10:24:08+00:00","mainEntityOfPage":{"@id":"https:\/\/www.eldiario.net\/portal\/2024\/03\/29\/bolivia-relegada-en-inversiones-mineras-a-comparacion-de-paises-de-la-region\/"},"wordCount":463,"commentCount":0,"publisher":{"@id":"https:\/\/www.eldiario.net\/portal\/#organization"},"image":{"@id":"https:\/\/www.eldiario.net\/portal\/2024\/03\/29\/bolivia-relegada-en-inversiones-mineras-a-comparacion-de-paises-de-la-region\/#primaryimage"},"thumbnailUrl":"https:\/\/www.eldiario.net\/portal\/wp-content\/uploads\/2024\/03\/mineria.jpg","articleSection":["Econom\u00eda"],"inLanguage":"es","potentialAction":[{"@type":"CommentAction","name":"Comment","target":["https:\/\/www.eldiario.net\/portal\/2024\/03\/29\/bolivia-relegada-en-inversiones-mineras-a-comparacion-de-paises-de-la-region\/#respond"]}]},{"@type":"WebPage","@id":"https:\/\/www.eldiario.net\/portal\/2024\/03\/29\/bolivia-relegada-en-inversiones-mineras-a-comparacion-de-paises-de-la-region\/","url":"https:\/\/www.eldiario.net\/portal\/2024\/03\/29\/bolivia-relegada-en-inversiones-mineras-a-comparacion-de-paises-de-la-region\/","name":"Bolivia relegada en inversiones mineras a comparaci\u00f3n de pa\u00edses de la regi\u00f3n - El Diario - Bolivia","isPartOf":{"@id":"https:\/\/www.eldiario.net\/portal\/#website"},"primaryImageOfPage":{"@id":"https:\/\/www.eldiario.net\/portal\/2024\/03\/29\/bolivia-relegada-en-inversiones-mineras-a-comparacion-de-paises-de-la-region\/#primaryimage"},"image":{"@id":"https:\/\/www.eldiario.net\/portal\/2024\/03\/29\/bolivia-relegada-en-inversiones-mineras-a-comparacion-de-paises-de-la-region\/#primaryimage"},"thumbnailUrl":"https:\/\/www.eldiario.net\/portal\/wp-content\/uploads\/2024\/03\/mineria.jpg","datePublished":"2024-03-29T10:24:08+00:00","breadcrumb":{"@id":"https:\/\/www.eldiario.net\/portal\/2024\/03\/29\/bolivia-relegada-en-inversiones-mineras-a-comparacion-de-paises-de-la-region\/#breadcrumb"},"inLanguage":"es","potentialAction":[{"@type":"ReadAction","target":["https:\/\/www.eldiario.net\/portal\/2024\/03\/29\/bolivia-relegada-en-inversiones-mineras-a-comparacion-de-paises-de-la-region\/"]}]},{"@type":"ImageObject","inLanguage":"es","@id":"https:\/\/www.eldiario.net\/portal\/2024\/03\/29\/bolivia-relegada-en-inversiones-mineras-a-comparacion-de-paises-de-la-region\/#primaryimage","url":"https:\/\/www.eldiario.net\/portal\/wp-content\/uploads\/2024\/03\/mineria.jpg","contentUrl":"https:\/\/www.eldiario.net\/portal\/wp-content\/uploads\/2024\/03\/mineria.jpg","width":1600,"height":1065,"caption":"Operaciones mineras a cielo abierto."},{"@type":"BreadcrumbList","@id":"https:\/\/www.eldiario.net\/portal\/2024\/03\/29\/bolivia-relegada-en-inversiones-mineras-a-comparacion-de-paises-de-la-region\/#breadcrumb","itemListElement":[{"@type":"ListItem","position":1,"name":"Portada","item":"https:\/\/www.eldiario.net\/portal\/"},{"@type":"ListItem","position":2,"name":"Bolivia relegada en inversiones mineras a comparaci\u00f3n de pa\u00edses de la regi\u00f3n"}]},{"@type":"WebSite","@id":"https:\/\/www.eldiario.net\/portal\/#website","url":"https:\/\/www.eldiario.net\/portal\/","name":"El Diario - Decano de la prensa nacional","description":"El Diario - Decano de la prensa nacional","publisher":{"@id":"https:\/\/www.eldiario.net\/portal\/#organization"},"potentialAction":[{"@type":"SearchAction","target":{"@type":"EntryPoint","urlTemplate":"https:\/\/www.eldiario.net\/portal\/?s={search_term_string}"},"query-input":{"@type":"PropertyValueSpecification","valueRequired":true,"valueName":"search_term_string"}}],"inLanguage":"es"},{"@type":"Organization","@id":"https:\/\/www.eldiario.net\/portal\/#organization","name":"El Diario - Decano de la prensa nacional","url":"https:\/\/www.eldiario.net\/portal\/","logo":{"@type":"ImageObject","inLanguage":"es","@id":"https:\/\/www.eldiario.net\/portal\/#\/schema\/logo\/image\/","url":"https:\/\/www.eldiario.net\/portal\/wp-content\/uploads\/2023\/07\/logo_ED.jpg","contentUrl":"https:\/\/www.eldiario.net\/portal\/wp-content\/uploads\/2023\/07\/logo_ED.jpg","width":272,"height":52,"caption":"El Diario - Decano de la prensa nacional"},"image":{"@id":"https:\/\/www.eldiario.net\/portal\/#\/schema\/logo\/image\/"},"sameAs":["https:\/\/www.facebook.com\/eldiario.bolivia\/","https:\/\/x.com\/eldiario_net"]},{"@type":"Person","@id":"https:\/\/www.eldiario.net\/portal\/#\/schema\/person\/f46445640444750d7d753ccd04ae01b7","name":"Jeanette","image":{"@type":"ImageObject","inLanguage":"es","@id":"https:\/\/secure.gravatar.com\/avatar\/3ea2118a5f7dad2b7138b1187a6b7ee55f160b9968b66013c3a3ef39dd7e5798?s=96&d=mm&r=g","url":"https:\/\/secure.gravatar.com\/avatar\/3ea2118a5f7dad2b7138b1187a6b7ee55f160b9968b66013c3a3ef39dd7e5798?s=96&d=mm&r=g","contentUrl":"https:\/\/secure.gravatar.com\/avatar\/3ea2118a5f7dad2b7138b1187a6b7ee55f160b9968b66013c3a3ef39dd7e5798?s=96&d=mm&r=g","caption":"Jeanette"},"sameAs":["https:\/\/www.eldiario.net\/portal"],"url":"https:\/\/www.eldiario.net\/portal\/author\/jeanette\/"}]}},"_links":{"self":[{"href":"https:\/\/www.eldiario.net\/portal\/wp-json\/wp\/v2\/posts\/210969","targetHints":{"allow":["GET"]}}],"collection":[{"href":"https:\/\/www.eldiario.net\/portal\/wp-json\/wp\/v2\/posts"}],"about":[{"href":"https:\/\/www.eldiario.net\/portal\/wp-json\/wp\/v2\/types\/post"}],"author":[{"embeddable":true,"href":"https:\/\/www.eldiario.net\/portal\/wp-json\/wp\/v2\/users\/1"}],"replies":[{"embeddable":true,"href":"https:\/\/www.eldiario.net\/portal\/wp-json\/wp\/v2\/comments?post=210969"}],"version-history":[{"count":1,"href":"https:\/\/www.eldiario.net\/portal\/wp-json\/wp\/v2\/posts\/210969\/revisions"}],"predecessor-version":[{"id":210971,"href":"https:\/\/www.eldiario.net\/portal\/wp-json\/wp\/v2\/posts\/210969\/revisions\/210971"}],"wp:featuredmedia":[{"embeddable":true,"href":"https:\/\/www.eldiario.net\/portal\/wp-json\/wp\/v2\/media\/210970"}],"wp:attachment":[{"href":"https:\/\/www.eldiario.net\/portal\/wp-json\/wp\/v2\/media?parent=210969"}],"wp:term":[{"taxonomy":"category","embeddable":true,"href":"https:\/\/www.eldiario.net\/portal\/wp-json\/wp\/v2\/categories?post=210969"},{"taxonomy":"post_tag","embeddable":true,"href":"https:\/\/www.eldiario.net\/portal\/wp-json\/wp\/v2\/tags?post=210969"}],"curies":[{"name":"wp","href":"https:\/\/api.w.org\/{rel}","templated":true}]}}