{"id":210966,"date":"2024-03-29T06:23:20","date_gmt":"2024-03-29T10:23:20","guid":{"rendered":"https:\/\/www.eldiario.net\/portal\/?p=210966"},"modified":"2024-03-29T06:23:20","modified_gmt":"2024-03-29T10:23:20","slug":"bolivia-lejos-de-paraguay-y-brasil-para-usar-etanol-hasta-25-en-la-mezcla","status":"publish","type":"post","link":"https:\/\/www.eldiario.net\/portal\/2024\/03\/29\/bolivia-lejos-de-paraguay-y-brasil-para-usar-etanol-hasta-25-en-la-mezcla\/","title":{"rendered":"Bolivia lejos de Paraguay y Brasil para  usar etanol hasta 25% en la mezcla"},"content":{"rendered":"<p>Despu\u00e9s de las declaraciones de autoridades del sector de hidrocarburos y tras aprobar un decreto que autoriza un mayor porcentaje de etanol en la mezcla de la gasolina, 25%, empresas, economista y propietarios indicaron que el parque automotor boliviano tendr\u00e1 problemas y que Paraguay y Brasil tienen d\u00e9cadas de uso de este carburante, luego de un an\u00e1lisis y cambios que realizaron en los veh\u00edculos.<br \/>\nLa C\u00e1mara Automotor Boliviana (CAB) en una declaraci\u00f3n, tras la aprobaci\u00f3n del decreto supremo 5135 de 13\/03\/2924, que establece un aumento de 12% a 25% de etanol anhidro para la producci\u00f3n de combustibles, indicaron que se debe tomar en cuenta que el parque automotor boliviano est\u00e1 compuesto por veh\u00edculos convencionales que no est\u00e1n preparado para consumir combustible con m\u00e1s de 12% de etanol, lo que podr\u00eda provocar da\u00f1os a los motores.<br \/>\nEn su red social, el economista Gonzalo Ch\u00e1vez dijo que, por ejemplo, su veh\u00edculo, seg\u00fan manual del fabricante, no podr\u00eda utilizar un 25% de etanol en la gasolina, ya que su l\u00edmite es de 12%.<br \/>\nEntretanto, el mec\u00e1nico Juan Chiquipa sostuvo que los propietarios deber\u00e1n verificar su manual del autom\u00f3vil, en especial de los \u00faltimos modelos, para ver hasta qu\u00e9 porcentaje de etanol pueden soportar.<br \/>\nAnte las cr\u00edticas y observaciones de la ciudadan\u00eda el Gobierno retrocedi\u00f3 en su aplicaci\u00f3n inmediata, a pesar de que dijo que Paraguay y Brasil ya ingresaron en el uso de hasta 25% de etanol.<br \/>\nAl respecto, Ch\u00e1vez explic\u00f3 que Paraguay llev\u00f3 var\u00edas d\u00e9cadas de estudio para aplicarlo en su mercado, mientras que Brasil, como fabricante de autom\u00f3viles, hizo los ajustes para el uso de la mezcla, pero en Bolivia la situaci\u00f3n es diferente.<br \/>\nRetrocede<br \/>\nMientras tanto, el pasado 16 de marzo, los medios digitales e impresos informaron que Yacimientos Petrol\u00edferos Fiscales Bolivianos (YPFB) retrocedi\u00f3 en su medida, y dijo que la misma se aplicar\u00eda una vez que se tengan los estudios.<br \/>\nLuego de que el Gobierno aprob\u00f3 el Decreto 5135 para sustituir gradualmente la importaci\u00f3n de insumos, aditivos y di\u00e9sel o\u00edl, mediante mezclas de biodi\u00e9sel y etanol anhidro con combustibles f\u00f3siles base hasta un 25%, el presidente de la estatal petrolera, YPFB, Armin Dorgathen, anunci\u00f3 que para la implementaci\u00f3n de la medida se tendr\u00e1 que esperar los resultados de estudios independientes que se realizar\u00e1n por parte de universidades, en coordinaci\u00f3n con marcas y casas importadoras de veh\u00edculos.<br \/>\nEn una entrevista en el programa sabatino \u00a1Qu\u00e9 semana!, que se emite por El Deber Radio, Dorgathen descart\u00f3 que la incorporaci\u00f3n del 25% de alcohol a las gasolinas que se comercializan en el pa\u00eds se realice durante 2024.<br \/>\n\u00abNo estimo que este a\u00f1o se llegue siquiera a mezclar el 25% (de alcohol) a la gasolina. Se va a ir, gradualmente, subiendo en funci\u00f3n de c\u00f3mo va reaccionando (la gasolina) en cada una de las diferentes zonas del pa\u00eds y los estudios que se va haciendo\u00bb, indic\u00f3 el ejecutivo.<\/p>\n","protected":false},"excerpt":{"rendered":"<p>Despu\u00e9s de las declaraciones de autoridades del sector de hidrocarburos y tras aprobar un decreto que autoriza un mayor porcentaje de etanol en la mezcla de la gasolina, 25%, empresas, economista y propietarios indicaron que el parque automotor boliviano tendr\u00e1 problemas y que Paraguay y Brasil tienen d\u00e9cadas de uso de este carburante, luego de [&hellip;]<\/p>\n","protected":false},"author":1,"featured_media":210967,"comment_status":"open","ping_status":"open","sticky":false,"template":"","format":"standard","meta":{"_acf_changed":false,"footnotes":""},"categories":[7],"tags":[],"class_list":["post-210966","post","type-post","status-publish","format-standard","has-post-thumbnail","category-economia"],"acf":{"antetitulo":""},"yoast_head":"<!-- This site is optimized with the Yoast SEO plugin v28.3 - https:\/\/yoast.com\/product\/yoast-seo-wordpress\/ -->\n<title>Bolivia lejos de Paraguay y Brasil para usar etanol hasta 25% en la mezcla - El Diario - Bolivia<\/title>\n<meta name=\"robots\" content=\"index, follow, max-snippet:-1, max-image-preview:large, max-video-preview:-1\" \/>\n<link rel=\"canonical\" href=\"https:\/\/www.eldiario.net\/portal\/2024\/03\/29\/bolivia-lejos-de-paraguay-y-brasil-para-usar-etanol-hasta-25-en-la-mezcla\/\" \/>\n<meta property=\"og:locale\" content=\"es_ES\" \/>\n<meta property=\"og:type\" content=\"article\" \/>\n<meta property=\"og:title\" content=\"Bolivia lejos de Paraguay y Brasil para usar etanol hasta 25% en la mezcla - El Diario - Bolivia\" \/>\n<meta property=\"og:description\" content=\"Despu\u00e9s de las declaraciones de autoridades del sector de hidrocarburos y tras aprobar un decreto que autoriza un mayor porcentaje de etanol en la mezcla de la gasolina, 25%, empresas, economista y propietarios indicaron que el parque automotor boliviano tendr\u00e1 problemas y que Paraguay y Brasil tienen d\u00e9cadas de uso de este carburante, luego de [&hellip;]\" \/>\n<meta property=\"og:url\" content=\"https:\/\/www.eldiario.net\/portal\/2024\/03\/29\/bolivia-lejos-de-paraguay-y-brasil-para-usar-etanol-hasta-25-en-la-mezcla\/\" \/>\n<meta property=\"og:site_name\" content=\"El Diario - Bolivia\" \/>\n<meta property=\"article:publisher\" content=\"https:\/\/www.facebook.com\/eldiario.bolivia\/\" \/>\n<meta property=\"article:published_time\" content=\"2024-03-29T10:23:20+00:00\" \/>\n<meta property=\"og:image\" content=\"https:\/\/www.eldiario.net\/portal\/wp-content\/uploads\/2024\/03\/etanol.jpg\" \/>\n\t<meta property=\"og:image:width\" content=\"623\" \/>\n\t<meta property=\"og:image:height\" content=\"350\" \/>\n\t<meta property=\"og:image:type\" content=\"image\/jpeg\" \/>\n<meta name=\"author\" content=\"Jeanette\" \/>\n<meta name=\"twitter:card\" content=\"summary_large_image\" \/>\n<meta name=\"twitter:creator\" content=\"@eldiario_net\" \/>\n<meta name=\"twitter:site\" content=\"@eldiario_net\" \/>\n<meta name=\"twitter:label1\" content=\"Escrito por\" \/>\n\t<meta name=\"twitter:data1\" content=\"Jeanette\" \/>\n\t<meta name=\"twitter:label2\" content=\"Tiempo de lectura\" \/>\n\t<meta name=\"twitter:data2\" content=\"3 minutos\" \/>\n<script type=\"application\/ld+json\" class=\"yoast-schema-graph\">{\"@context\":\"https:\\\/\\\/schema.org\",\"@graph\":[{\"@type\":\"Article\",\"@id\":\"https:\\\/\\\/www.eldiario.net\\\/portal\\\/2024\\\/03\\\/29\\\/bolivia-lejos-de-paraguay-y-brasil-para-usar-etanol-hasta-25-en-la-mezcla\\\/#article\",\"isPartOf\":{\"@id\":\"https:\\\/\\\/www.eldiario.net\\\/portal\\\/2024\\\/03\\\/29\\\/bolivia-lejos-de-paraguay-y-brasil-para-usar-etanol-hasta-25-en-la-mezcla\\\/\"},\"author\":{\"name\":\"Jeanette\",\"@id\":\"https:\\\/\\\/www.eldiario.net\\\/portal\\\/#\\\/schema\\\/person\\\/f46445640444750d7d753ccd04ae01b7\"},\"headline\":\"Bolivia lejos de Paraguay y Brasil para usar etanol hasta 25% en la mezcla\",\"datePublished\":\"2024-03-29T10:23:20+00:00\",\"mainEntityOfPage\":{\"@id\":\"https:\\\/\\\/www.eldiario.net\\\/portal\\\/2024\\\/03\\\/29\\\/bolivia-lejos-de-paraguay-y-brasil-para-usar-etanol-hasta-25-en-la-mezcla\\\/\"},\"wordCount\":519,\"commentCount\":0,\"publisher\":{\"@id\":\"https:\\\/\\\/www.eldiario.net\\\/portal\\\/#organization\"},\"image\":{\"@id\":\"https:\\\/\\\/www.eldiario.net\\\/portal\\\/2024\\\/03\\\/29\\\/bolivia-lejos-de-paraguay-y-brasil-para-usar-etanol-hasta-25-en-la-mezcla\\\/#primaryimage\"},\"thumbnailUrl\":\"https:\\\/\\\/www.eldiario.net\\\/portal\\\/wp-content\\\/uploads\\\/2024\\\/03\\\/etanol.jpg\",\"articleSection\":[\"Econom\u00eda\"],\"inLanguage\":\"es\",\"potentialAction\":[{\"@type\":\"CommentAction\",\"name\":\"Comment\",\"target\":[\"https:\\\/\\\/www.eldiario.net\\\/portal\\\/2024\\\/03\\\/29\\\/bolivia-lejos-de-paraguay-y-brasil-para-usar-etanol-hasta-25-en-la-mezcla\\\/#respond\"]}]},{\"@type\":\"WebPage\",\"@id\":\"https:\\\/\\\/www.eldiario.net\\\/portal\\\/2024\\\/03\\\/29\\\/bolivia-lejos-de-paraguay-y-brasil-para-usar-etanol-hasta-25-en-la-mezcla\\\/\",\"url\":\"https:\\\/\\\/www.eldiario.net\\\/portal\\\/2024\\\/03\\\/29\\\/bolivia-lejos-de-paraguay-y-brasil-para-usar-etanol-hasta-25-en-la-mezcla\\\/\",\"name\":\"Bolivia lejos de Paraguay y Brasil para usar etanol hasta 25% en la mezcla - El Diario - Bolivia\",\"isPartOf\":{\"@id\":\"https:\\\/\\\/www.eldiario.net\\\/portal\\\/#website\"},\"primaryImageOfPage\":{\"@id\":\"https:\\\/\\\/www.eldiario.net\\\/portal\\\/2024\\\/03\\\/29\\\/bolivia-lejos-de-paraguay-y-brasil-para-usar-etanol-hasta-25-en-la-mezcla\\\/#primaryimage\"},\"image\":{\"@id\":\"https:\\\/\\\/www.eldiario.net\\\/portal\\\/2024\\\/03\\\/29\\\/bolivia-lejos-de-paraguay-y-brasil-para-usar-etanol-hasta-25-en-la-mezcla\\\/#primaryimage\"},\"thumbnailUrl\":\"https:\\\/\\\/www.eldiario.net\\\/portal\\\/wp-content\\\/uploads\\\/2024\\\/03\\\/etanol.jpg\",\"datePublished\":\"2024-03-29T10:23:20+00:00\",\"breadcrumb\":{\"@id\":\"https:\\\/\\\/www.eldiario.net\\\/portal\\\/2024\\\/03\\\/29\\\/bolivia-lejos-de-paraguay-y-brasil-para-usar-etanol-hasta-25-en-la-mezcla\\\/#breadcrumb\"},\"inLanguage\":\"es\",\"potentialAction\":[{\"@type\":\"ReadAction\",\"target\":[\"https:\\\/\\\/www.eldiario.net\\\/portal\\\/2024\\\/03\\\/29\\\/bolivia-lejos-de-paraguay-y-brasil-para-usar-etanol-hasta-25-en-la-mezcla\\\/\"]}]},{\"@type\":\"ImageObject\",\"inLanguage\":\"es\",\"@id\":\"https:\\\/\\\/www.eldiario.net\\\/portal\\\/2024\\\/03\\\/29\\\/bolivia-lejos-de-paraguay-y-brasil-para-usar-etanol-hasta-25-en-la-mezcla\\\/#primaryimage\",\"url\":\"https:\\\/\\\/www.eldiario.net\\\/portal\\\/wp-content\\\/uploads\\\/2024\\\/03\\\/etanol.jpg\",\"contentUrl\":\"https:\\\/\\\/www.eldiario.net\\\/portal\\\/wp-content\\\/uploads\\\/2024\\\/03\\\/etanol.jpg\",\"width\":623,\"height\":350,\"caption\":\"La venta de s\u00faper 92, etanol. El aumento del porcentaje provoca dudas y preocupaciones en la ciudadan\u00eda.\"},{\"@type\":\"BreadcrumbList\",\"@id\":\"https:\\\/\\\/www.eldiario.net\\\/portal\\\/2024\\\/03\\\/29\\\/bolivia-lejos-de-paraguay-y-brasil-para-usar-etanol-hasta-25-en-la-mezcla\\\/#breadcrumb\",\"itemListElement\":[{\"@type\":\"ListItem\",\"position\":1,\"name\":\"Portada\",\"item\":\"https:\\\/\\\/www.eldiario.net\\\/portal\\\/\"},{\"@type\":\"ListItem\",\"position\":2,\"name\":\"Bolivia lejos de Paraguay y Brasil para usar etanol hasta 25% en la mezcla\"}]},{\"@type\":\"WebSite\",\"@id\":\"https:\\\/\\\/www.eldiario.net\\\/portal\\\/#website\",\"url\":\"https:\\\/\\\/www.eldiario.net\\\/portal\\\/\",\"name\":\"El Diario - Decano de la prensa nacional\",\"description\":\"El Diario - Decano de la prensa nacional\",\"publisher\":{\"@id\":\"https:\\\/\\\/www.eldiario.net\\\/portal\\\/#organization\"},\"potentialAction\":[{\"@type\":\"SearchAction\",\"target\":{\"@type\":\"EntryPoint\",\"urlTemplate\":\"https:\\\/\\\/www.eldiario.net\\\/portal\\\/?s={search_term_string}\"},\"query-input\":{\"@type\":\"PropertyValueSpecification\",\"valueRequired\":true,\"valueName\":\"search_term_string\"}}],\"inLanguage\":\"es\"},{\"@type\":\"Organization\",\"@id\":\"https:\\\/\\\/www.eldiario.net\\\/portal\\\/#organization\",\"name\":\"El Diario - Decano de la prensa nacional\",\"url\":\"https:\\\/\\\/www.eldiario.net\\\/portal\\\/\",\"logo\":{\"@type\":\"ImageObject\",\"inLanguage\":\"es\",\"@id\":\"https:\\\/\\\/www.eldiario.net\\\/portal\\\/#\\\/schema\\\/logo\\\/image\\\/\",\"url\":\"https:\\\/\\\/www.eldiario.net\\\/portal\\\/wp-content\\\/uploads\\\/2023\\\/07\\\/logo_ED.jpg\",\"contentUrl\":\"https:\\\/\\\/www.eldiario.net\\\/portal\\\/wp-content\\\/uploads\\\/2023\\\/07\\\/logo_ED.jpg\",\"width\":272,\"height\":52,\"caption\":\"El Diario - Decano de la prensa nacional\"},\"image\":{\"@id\":\"https:\\\/\\\/www.eldiario.net\\\/portal\\\/#\\\/schema\\\/logo\\\/image\\\/\"},\"sameAs\":[\"https:\\\/\\\/www.facebook.com\\\/eldiario.bolivia\\\/\",\"https:\\\/\\\/x.com\\\/eldiario_net\"]},{\"@type\":\"Person\",\"@id\":\"https:\\\/\\\/www.eldiario.net\\\/portal\\\/#\\\/schema\\\/person\\\/f46445640444750d7d753ccd04ae01b7\",\"name\":\"Jeanette\",\"image\":{\"@type\":\"ImageObject\",\"inLanguage\":\"es\",\"@id\":\"https:\\\/\\\/secure.gravatar.com\\\/avatar\\\/3ea2118a5f7dad2b7138b1187a6b7ee55f160b9968b66013c3a3ef39dd7e5798?s=96&d=mm&r=g\",\"url\":\"https:\\\/\\\/secure.gravatar.com\\\/avatar\\\/3ea2118a5f7dad2b7138b1187a6b7ee55f160b9968b66013c3a3ef39dd7e5798?s=96&d=mm&r=g\",\"contentUrl\":\"https:\\\/\\\/secure.gravatar.com\\\/avatar\\\/3ea2118a5f7dad2b7138b1187a6b7ee55f160b9968b66013c3a3ef39dd7e5798?s=96&d=mm&r=g\",\"caption\":\"Jeanette\"},\"sameAs\":[\"https:\\\/\\\/www.eldiario.net\\\/portal\"],\"url\":\"https:\\\/\\\/www.eldiario.net\\\/portal\\\/author\\\/jeanette\\\/\"}]}<\/script>\n<!-- \/ Yoast SEO plugin. -->","yoast_head_json":{"title":"Bolivia lejos de Paraguay y Brasil para usar etanol hasta 25% en la mezcla - El Diario - Bolivia","robots":{"index":"index","follow":"follow","max-snippet":"max-snippet:-1","max-image-preview":"max-image-preview:large","max-video-preview":"max-video-preview:-1"},"canonical":"https:\/\/www.eldiario.net\/portal\/2024\/03\/29\/bolivia-lejos-de-paraguay-y-brasil-para-usar-etanol-hasta-25-en-la-mezcla\/","og_locale":"es_ES","og_type":"article","og_title":"Bolivia lejos de Paraguay y Brasil para usar etanol hasta 25% en la mezcla - El Diario - Bolivia","og_description":"Despu\u00e9s de las declaraciones de autoridades del sector de hidrocarburos y tras aprobar un decreto que autoriza un mayor porcentaje de etanol en la mezcla de la gasolina, 25%, empresas, economista y propietarios indicaron que el parque automotor boliviano tendr\u00e1 problemas y que Paraguay y Brasil tienen d\u00e9cadas de uso de este carburante, luego de [&hellip;]","og_url":"https:\/\/www.eldiario.net\/portal\/2024\/03\/29\/bolivia-lejos-de-paraguay-y-brasil-para-usar-etanol-hasta-25-en-la-mezcla\/","og_site_name":"El Diario - Bolivia","article_publisher":"https:\/\/www.facebook.com\/eldiario.bolivia\/","article_published_time":"2024-03-29T10:23:20+00:00","og_image":[{"width":623,"height":350,"url":"https:\/\/www.eldiario.net\/portal\/wp-content\/uploads\/2024\/03\/etanol.jpg","type":"image\/jpeg"}],"author":"Jeanette","twitter_card":"summary_large_image","twitter_creator":"@eldiario_net","twitter_site":"@eldiario_net","twitter_misc":{"Escrito por":"Jeanette","Tiempo de lectura":"3 minutos"},"schema":{"@context":"https:\/\/schema.org","@graph":[{"@type":"Article","@id":"https:\/\/www.eldiario.net\/portal\/2024\/03\/29\/bolivia-lejos-de-paraguay-y-brasil-para-usar-etanol-hasta-25-en-la-mezcla\/#article","isPartOf":{"@id":"https:\/\/www.eldiario.net\/portal\/2024\/03\/29\/bolivia-lejos-de-paraguay-y-brasil-para-usar-etanol-hasta-25-en-la-mezcla\/"},"author":{"name":"Jeanette","@id":"https:\/\/www.eldiario.net\/portal\/#\/schema\/person\/f46445640444750d7d753ccd04ae01b7"},"headline":"Bolivia lejos de Paraguay y Brasil para usar etanol hasta 25% en la mezcla","datePublished":"2024-03-29T10:23:20+00:00","mainEntityOfPage":{"@id":"https:\/\/www.eldiario.net\/portal\/2024\/03\/29\/bolivia-lejos-de-paraguay-y-brasil-para-usar-etanol-hasta-25-en-la-mezcla\/"},"wordCount":519,"commentCount":0,"publisher":{"@id":"https:\/\/www.eldiario.net\/portal\/#organization"},"image":{"@id":"https:\/\/www.eldiario.net\/portal\/2024\/03\/29\/bolivia-lejos-de-paraguay-y-brasil-para-usar-etanol-hasta-25-en-la-mezcla\/#primaryimage"},"thumbnailUrl":"https:\/\/www.eldiario.net\/portal\/wp-content\/uploads\/2024\/03\/etanol.jpg","articleSection":["Econom\u00eda"],"inLanguage":"es","potentialAction":[{"@type":"CommentAction","name":"Comment","target":["https:\/\/www.eldiario.net\/portal\/2024\/03\/29\/bolivia-lejos-de-paraguay-y-brasil-para-usar-etanol-hasta-25-en-la-mezcla\/#respond"]}]},{"@type":"WebPage","@id":"https:\/\/www.eldiario.net\/portal\/2024\/03\/29\/bolivia-lejos-de-paraguay-y-brasil-para-usar-etanol-hasta-25-en-la-mezcla\/","url":"https:\/\/www.eldiario.net\/portal\/2024\/03\/29\/bolivia-lejos-de-paraguay-y-brasil-para-usar-etanol-hasta-25-en-la-mezcla\/","name":"Bolivia lejos de Paraguay y Brasil para usar etanol hasta 25% en la mezcla - El Diario - Bolivia","isPartOf":{"@id":"https:\/\/www.eldiario.net\/portal\/#website"},"primaryImageOfPage":{"@id":"https:\/\/www.eldiario.net\/portal\/2024\/03\/29\/bolivia-lejos-de-paraguay-y-brasil-para-usar-etanol-hasta-25-en-la-mezcla\/#primaryimage"},"image":{"@id":"https:\/\/www.eldiario.net\/portal\/2024\/03\/29\/bolivia-lejos-de-paraguay-y-brasil-para-usar-etanol-hasta-25-en-la-mezcla\/#primaryimage"},"thumbnailUrl":"https:\/\/www.eldiario.net\/portal\/wp-content\/uploads\/2024\/03\/etanol.jpg","datePublished":"2024-03-29T10:23:20+00:00","breadcrumb":{"@id":"https:\/\/www.eldiario.net\/portal\/2024\/03\/29\/bolivia-lejos-de-paraguay-y-brasil-para-usar-etanol-hasta-25-en-la-mezcla\/#breadcrumb"},"inLanguage":"es","potentialAction":[{"@type":"ReadAction","target":["https:\/\/www.eldiario.net\/portal\/2024\/03\/29\/bolivia-lejos-de-paraguay-y-brasil-para-usar-etanol-hasta-25-en-la-mezcla\/"]}]},{"@type":"ImageObject","inLanguage":"es","@id":"https:\/\/www.eldiario.net\/portal\/2024\/03\/29\/bolivia-lejos-de-paraguay-y-brasil-para-usar-etanol-hasta-25-en-la-mezcla\/#primaryimage","url":"https:\/\/www.eldiario.net\/portal\/wp-content\/uploads\/2024\/03\/etanol.jpg","contentUrl":"https:\/\/www.eldiario.net\/portal\/wp-content\/uploads\/2024\/03\/etanol.jpg","width":623,"height":350,"caption":"La venta de s\u00faper 92, etanol. El aumento del porcentaje provoca dudas y preocupaciones en la ciudadan\u00eda."},{"@type":"BreadcrumbList","@id":"https:\/\/www.eldiario.net\/portal\/2024\/03\/29\/bolivia-lejos-de-paraguay-y-brasil-para-usar-etanol-hasta-25-en-la-mezcla\/#breadcrumb","itemListElement":[{"@type":"ListItem","position":1,"name":"Portada","item":"https:\/\/www.eldiario.net\/portal\/"},{"@type":"ListItem","position":2,"name":"Bolivia lejos de Paraguay y Brasil para usar etanol hasta 25% en la mezcla"}]},{"@type":"WebSite","@id":"https:\/\/www.eldiario.net\/portal\/#website","url":"https:\/\/www.eldiario.net\/portal\/","name":"El Diario - Decano de la prensa nacional","description":"El Diario - Decano de la prensa nacional","publisher":{"@id":"https:\/\/www.eldiario.net\/portal\/#organization"},"potentialAction":[{"@type":"SearchAction","target":{"@type":"EntryPoint","urlTemplate":"https:\/\/www.eldiario.net\/portal\/?s={search_term_string}"},"query-input":{"@type":"PropertyValueSpecification","valueRequired":true,"valueName":"search_term_string"}}],"inLanguage":"es"},{"@type":"Organization","@id":"https:\/\/www.eldiario.net\/portal\/#organization","name":"El Diario - Decano de la prensa nacional","url":"https:\/\/www.eldiario.net\/portal\/","logo":{"@type":"ImageObject","inLanguage":"es","@id":"https:\/\/www.eldiario.net\/portal\/#\/schema\/logo\/image\/","url":"https:\/\/www.eldiario.net\/portal\/wp-content\/uploads\/2023\/07\/logo_ED.jpg","contentUrl":"https:\/\/www.eldiario.net\/portal\/wp-content\/uploads\/2023\/07\/logo_ED.jpg","width":272,"height":52,"caption":"El Diario - Decano de la prensa nacional"},"image":{"@id":"https:\/\/www.eldiario.net\/portal\/#\/schema\/logo\/image\/"},"sameAs":["https:\/\/www.facebook.com\/eldiario.bolivia\/","https:\/\/x.com\/eldiario_net"]},{"@type":"Person","@id":"https:\/\/www.eldiario.net\/portal\/#\/schema\/person\/f46445640444750d7d753ccd04ae01b7","name":"Jeanette","image":{"@type":"ImageObject","inLanguage":"es","@id":"https:\/\/secure.gravatar.com\/avatar\/3ea2118a5f7dad2b7138b1187a6b7ee55f160b9968b66013c3a3ef39dd7e5798?s=96&d=mm&r=g","url":"https:\/\/secure.gravatar.com\/avatar\/3ea2118a5f7dad2b7138b1187a6b7ee55f160b9968b66013c3a3ef39dd7e5798?s=96&d=mm&r=g","contentUrl":"https:\/\/secure.gravatar.com\/avatar\/3ea2118a5f7dad2b7138b1187a6b7ee55f160b9968b66013c3a3ef39dd7e5798?s=96&d=mm&r=g","caption":"Jeanette"},"sameAs":["https:\/\/www.eldiario.net\/portal"],"url":"https:\/\/www.eldiario.net\/portal\/author\/jeanette\/"}]}},"_links":{"self":[{"href":"https:\/\/www.eldiario.net\/portal\/wp-json\/wp\/v2\/posts\/210966","targetHints":{"allow":["GET"]}}],"collection":[{"href":"https:\/\/www.eldiario.net\/portal\/wp-json\/wp\/v2\/posts"}],"about":[{"href":"https:\/\/www.eldiario.net\/portal\/wp-json\/wp\/v2\/types\/post"}],"author":[{"embeddable":true,"href":"https:\/\/www.eldiario.net\/portal\/wp-json\/wp\/v2\/users\/1"}],"replies":[{"embeddable":true,"href":"https:\/\/www.eldiario.net\/portal\/wp-json\/wp\/v2\/comments?post=210966"}],"version-history":[{"count":1,"href":"https:\/\/www.eldiario.net\/portal\/wp-json\/wp\/v2\/posts\/210966\/revisions"}],"predecessor-version":[{"id":210968,"href":"https:\/\/www.eldiario.net\/portal\/wp-json\/wp\/v2\/posts\/210966\/revisions\/210968"}],"wp:featuredmedia":[{"embeddable":true,"href":"https:\/\/www.eldiario.net\/portal\/wp-json\/wp\/v2\/media\/210967"}],"wp:attachment":[{"href":"https:\/\/www.eldiario.net\/portal\/wp-json\/wp\/v2\/media?parent=210966"}],"wp:term":[{"taxonomy":"category","embeddable":true,"href":"https:\/\/www.eldiario.net\/portal\/wp-json\/wp\/v2\/categories?post=210966"},{"taxonomy":"post_tag","embeddable":true,"href":"https:\/\/www.eldiario.net\/portal\/wp-json\/wp\/v2\/tags?post=210966"}],"curies":[{"name":"wp","href":"https:\/\/api.w.org\/{rel}","templated":true}]}}