{"id":210964,"date":"2024-03-29T06:17:43","date_gmt":"2024-03-29T10:17:43","guid":{"rendered":"https:\/\/www.eldiario.net\/portal\/?p=210964"},"modified":"2024-03-29T06:17:43","modified_gmt":"2024-03-29T10:17:43","slug":"jose-maria-del-pueblo-bolivia-esta-en-peligro","status":"publish","type":"post","link":"https:\/\/www.eldiario.net\/portal\/2024\/03\/29\/jose-maria-del-pueblo-bolivia-esta-en-peligro\/","title":{"rendered":"Jos\u00e9 Mar\u00eda Del Pueblo. Bolivia est\u00e1 en peligro"},"content":{"rendered":"<p>Querido Jos\u00e9 Mar\u00eda,<\/p>\n<p>Vivimos momentos dif\u00edciles que nos hacen pensar y actuar con urgencia. Hoy me veo obligado a escribirte no solo como un compatriota preocupado por el bienestar de nuestra Bolivia, sino tambi\u00e9n como alguien que est\u00e1 muy preocupado por los problemas graves que enfrenta nuestro pa\u00eds. La situaci\u00f3n actual es muy seria, enfrentamos una crisis de muchas caras que afecta todo lo que somos y c\u00f3mo vivimos.<br \/>\nEstamos en un punto peligroso de nuestra historia, donde las pocas ra\u00edces de lo que fue nuestra rep\u00fablica est\u00e1n muriendo. El gobierno actual, en lugar de unirnos, ha creado m\u00e1s divisiones entre nosotros y ha hecho que la discriminaci\u00f3n sea peor, lo que podr\u00eda terminar dividi\u00e9ndonos a\u00fan m\u00e1s. Sus acciones autoritarias y opresivas nos han llevado a una situaci\u00f3n donde vivir juntos en paz y mantener nuestra democracia est\u00e1n en riesgo.<br \/>\nLa crisis econ\u00f3mica que estamos sufriendo no es solo por malas decisiones de gente incompetente, sino tambi\u00e9n por seguir un modelo que concentra el poder y los recursos en manos del gobierno central. Esto ha hecho que el gasto p\u00fablico y el consumo sean lo m\u00e1s importante, beneficiando solo a los amigos del gobierno, dejando muy poco espacio para que las empresas y las personas emprendan y hagan sus propios negocios. Muchos han tenido que volverse informales, buscando la manera de llevar adelante sus proyectos en libertad.<br \/>\nLa justicia en Bolivia, que es esencial para cualquier democracia, es controlada por el poder pol\u00edtico. Esto ha hecho que la gente pierda confianza en nuestras instituciones y se meta a la c\u00e1rcel a muchos inocentes. Algunos porque se atrevieron a no estar de acuerdo con el gobierno. La Constituci\u00f3n nacida en un cuartel no es respetada ni por sus propios padres. Este control sobre la justicia no solo da\u00f1a nuestra sociedad, sino que tambi\u00e9n muestra un peligroso autoritarismo. Los magistrados hacen lo que quieren, el parlamento no puede controlar al gobierno. El Presidente ya act\u00faa como un dictador.<br \/>\nEl centralismo impuesto ha dejado a nuestras regiones en un segundo plano, sin poder desarrollarse y aportar al bien com\u00fan del pa\u00eds. Casi toda la plata se la agarra el gobierno y sus amigos. Esto ha limitado enormemente nuestro potencial, en un momento en que necesitamos m\u00e1s que nunca trabajar juntos y empoderar a todas las regiones.<br \/>\nNuestras relaciones con otros pa\u00edses, en vez de ayudarnos, nos han aislado de aliados importantes y han puesto en riesgo nuestra independencia, aline\u00e1ndonos con gobiernos y pa\u00edses que no comparten nuestros valores ni respetan la libertad de los pueblos. Esto nos aleja de oportunidades importantes para nuestro desarrollo.<br \/>\nAdem\u00e1s, el descuido total de nuestro medio ambiente y el aumento del narcotr\u00e1fico, junto con la explotaci\u00f3n ilegal de recursos con el visto bueno del gobierno, son signos de un problema muy grande que da\u00f1a las bases de nuestro pa\u00eds, poniendo en peligro no solo nuestro presente sino tambi\u00e9n el futuro de las pr\u00f3ximas generaciones. Estamos asfixiados, cada d\u00eda menos libres, en un pa\u00eds donde el futuro pende de un hilo.<br \/>\nJos\u00e9 Mar\u00eda, hay m\u00e1s problemas de los que te he contado, y hablar\u00e9 de ellos luego de manera simple. Pero ya es hora de abrir los ojos. No podemos quedarnos de brazos cruzados, viendo c\u00f3mo perdemos nuestra patria poco a poco.<\/p>\n<p>Jaime Dunn es Analista Financiero.<br \/>\nTwitter: JaimeDunn_<\/p>\n","protected":false},"excerpt":{"rendered":"<p>Querido Jos\u00e9 Mar\u00eda, Vivimos momentos dif\u00edciles que nos hacen pensar y actuar con urgencia. Hoy me veo obligado a escribirte no solo como un compatriota preocupado por el bienestar de nuestra Bolivia, sino tambi\u00e9n como alguien que est\u00e1 muy preocupado por los problemas graves que enfrenta nuestro pa\u00eds. La situaci\u00f3n actual es muy seria, enfrentamos [&hellip;]<\/p>\n","protected":false},"author":1,"featured_media":171389,"comment_status":"open","ping_status":"open","sticky":false,"template":"","format":"standard","meta":{"_acf_changed":false,"footnotes":""},"categories":[9],"tags":[],"class_list":["post-210964","post","type-post","status-publish","format-standard","has-post-thumbnail","category-opinion"],"acf":{"antetitulo":"Serendipia"},"yoast_head":"<!-- This site is optimized with the Yoast SEO plugin v28.3 - https:\/\/yoast.com\/product\/yoast-seo-wordpress\/ -->\n<title>Jos\u00e9 Mar\u00eda Del Pueblo. Bolivia est\u00e1 en peligro - El Diario - Bolivia<\/title>\n<meta name=\"robots\" content=\"index, follow, max-snippet:-1, max-image-preview:large, max-video-preview:-1\" \/>\n<link rel=\"canonical\" href=\"https:\/\/www.eldiario.net\/portal\/2024\/03\/29\/jose-maria-del-pueblo-bolivia-esta-en-peligro\/\" \/>\n<meta property=\"og:locale\" content=\"es_ES\" \/>\n<meta property=\"og:type\" content=\"article\" \/>\n<meta property=\"og:title\" content=\"Jos\u00e9 Mar\u00eda Del Pueblo. Bolivia est\u00e1 en peligro - El Diario - Bolivia\" \/>\n<meta property=\"og:description\" content=\"Querido Jos\u00e9 Mar\u00eda, Vivimos momentos dif\u00edciles que nos hacen pensar y actuar con urgencia. Hoy me veo obligado a escribirte no solo como un compatriota preocupado por el bienestar de nuestra Bolivia, sino tambi\u00e9n como alguien que est\u00e1 muy preocupado por los problemas graves que enfrenta nuestro pa\u00eds. La situaci\u00f3n actual es muy seria, enfrentamos [&hellip;]\" \/>\n<meta property=\"og:url\" content=\"https:\/\/www.eldiario.net\/portal\/2024\/03\/29\/jose-maria-del-pueblo-bolivia-esta-en-peligro\/\" \/>\n<meta property=\"og:site_name\" content=\"El Diario - Bolivia\" \/>\n<meta property=\"article:publisher\" content=\"https:\/\/www.facebook.com\/eldiario.bolivia\/\" \/>\n<meta property=\"article:published_time\" content=\"2024-03-29T10:17:43+00:00\" \/>\n<meta property=\"og:image\" content=\"https:\/\/www.eldiario.net\/portal\/wp-content\/uploads\/2023\/08\/Jaime-Dunn.jpg\" \/>\n\t<meta property=\"og:image:width\" content=\"1200\" \/>\n\t<meta property=\"og:image:height\" content=\"628\" \/>\n\t<meta property=\"og:image:type\" content=\"image\/jpeg\" \/>\n<meta name=\"author\" content=\"Jeanette\" \/>\n<meta name=\"twitter:card\" content=\"summary_large_image\" \/>\n<meta name=\"twitter:creator\" content=\"@eldiario_net\" \/>\n<meta name=\"twitter:site\" content=\"@eldiario_net\" \/>\n<meta name=\"twitter:label1\" content=\"Escrito por\" \/>\n\t<meta name=\"twitter:data1\" content=\"Jeanette\" \/>\n\t<meta name=\"twitter:label2\" content=\"Tiempo de lectura\" \/>\n\t<meta name=\"twitter:data2\" content=\"3 minutos\" \/>\n<script type=\"application\/ld+json\" class=\"yoast-schema-graph\">{\"@context\":\"https:\\\/\\\/schema.org\",\"@graph\":[{\"@type\":\"Article\",\"@id\":\"https:\\\/\\\/www.eldiario.net\\\/portal\\\/2024\\\/03\\\/29\\\/jose-maria-del-pueblo-bolivia-esta-en-peligro\\\/#article\",\"isPartOf\":{\"@id\":\"https:\\\/\\\/www.eldiario.net\\\/portal\\\/2024\\\/03\\\/29\\\/jose-maria-del-pueblo-bolivia-esta-en-peligro\\\/\"},\"author\":{\"name\":\"Jeanette\",\"@id\":\"https:\\\/\\\/www.eldiario.net\\\/portal\\\/#\\\/schema\\\/person\\\/f46445640444750d7d753ccd04ae01b7\"},\"headline\":\"Jos\u00e9 Mar\u00eda Del Pueblo. Bolivia est\u00e1 en peligro\",\"datePublished\":\"2024-03-29T10:17:43+00:00\",\"mainEntityOfPage\":{\"@id\":\"https:\\\/\\\/www.eldiario.net\\\/portal\\\/2024\\\/03\\\/29\\\/jose-maria-del-pueblo-bolivia-esta-en-peligro\\\/\"},\"wordCount\":604,\"commentCount\":0,\"publisher\":{\"@id\":\"https:\\\/\\\/www.eldiario.net\\\/portal\\\/#organization\"},\"image\":{\"@id\":\"https:\\\/\\\/www.eldiario.net\\\/portal\\\/2024\\\/03\\\/29\\\/jose-maria-del-pueblo-bolivia-esta-en-peligro\\\/#primaryimage\"},\"thumbnailUrl\":\"https:\\\/\\\/www.eldiario.net\\\/portal\\\/wp-content\\\/uploads\\\/2023\\\/08\\\/Jaime-Dunn.jpg\",\"articleSection\":[\"Opini\u00f3n\"],\"inLanguage\":\"es\",\"potentialAction\":[{\"@type\":\"CommentAction\",\"name\":\"Comment\",\"target\":[\"https:\\\/\\\/www.eldiario.net\\\/portal\\\/2024\\\/03\\\/29\\\/jose-maria-del-pueblo-bolivia-esta-en-peligro\\\/#respond\"]}]},{\"@type\":\"WebPage\",\"@id\":\"https:\\\/\\\/www.eldiario.net\\\/portal\\\/2024\\\/03\\\/29\\\/jose-maria-del-pueblo-bolivia-esta-en-peligro\\\/\",\"url\":\"https:\\\/\\\/www.eldiario.net\\\/portal\\\/2024\\\/03\\\/29\\\/jose-maria-del-pueblo-bolivia-esta-en-peligro\\\/\",\"name\":\"Jos\u00e9 Mar\u00eda Del Pueblo. Bolivia est\u00e1 en peligro - El Diario - Bolivia\",\"isPartOf\":{\"@id\":\"https:\\\/\\\/www.eldiario.net\\\/portal\\\/#website\"},\"primaryImageOfPage\":{\"@id\":\"https:\\\/\\\/www.eldiario.net\\\/portal\\\/2024\\\/03\\\/29\\\/jose-maria-del-pueblo-bolivia-esta-en-peligro\\\/#primaryimage\"},\"image\":{\"@id\":\"https:\\\/\\\/www.eldiario.net\\\/portal\\\/2024\\\/03\\\/29\\\/jose-maria-del-pueblo-bolivia-esta-en-peligro\\\/#primaryimage\"},\"thumbnailUrl\":\"https:\\\/\\\/www.eldiario.net\\\/portal\\\/wp-content\\\/uploads\\\/2023\\\/08\\\/Jaime-Dunn.jpg\",\"datePublished\":\"2024-03-29T10:17:43+00:00\",\"breadcrumb\":{\"@id\":\"https:\\\/\\\/www.eldiario.net\\\/portal\\\/2024\\\/03\\\/29\\\/jose-maria-del-pueblo-bolivia-esta-en-peligro\\\/#breadcrumb\"},\"inLanguage\":\"es\",\"potentialAction\":[{\"@type\":\"ReadAction\",\"target\":[\"https:\\\/\\\/www.eldiario.net\\\/portal\\\/2024\\\/03\\\/29\\\/jose-maria-del-pueblo-bolivia-esta-en-peligro\\\/\"]}]},{\"@type\":\"ImageObject\",\"inLanguage\":\"es\",\"@id\":\"https:\\\/\\\/www.eldiario.net\\\/portal\\\/2024\\\/03\\\/29\\\/jose-maria-del-pueblo-bolivia-esta-en-peligro\\\/#primaryimage\",\"url\":\"https:\\\/\\\/www.eldiario.net\\\/portal\\\/wp-content\\\/uploads\\\/2023\\\/08\\\/Jaime-Dunn.jpg\",\"contentUrl\":\"https:\\\/\\\/www.eldiario.net\\\/portal\\\/wp-content\\\/uploads\\\/2023\\\/08\\\/Jaime-Dunn.jpg\",\"width\":1200,\"height\":628},{\"@type\":\"BreadcrumbList\",\"@id\":\"https:\\\/\\\/www.eldiario.net\\\/portal\\\/2024\\\/03\\\/29\\\/jose-maria-del-pueblo-bolivia-esta-en-peligro\\\/#breadcrumb\",\"itemListElement\":[{\"@type\":\"ListItem\",\"position\":1,\"name\":\"Portada\",\"item\":\"https:\\\/\\\/www.eldiario.net\\\/portal\\\/\"},{\"@type\":\"ListItem\",\"position\":2,\"name\":\"Jos\u00e9 Mar\u00eda Del Pueblo. Bolivia est\u00e1 en peligro\"}]},{\"@type\":\"WebSite\",\"@id\":\"https:\\\/\\\/www.eldiario.net\\\/portal\\\/#website\",\"url\":\"https:\\\/\\\/www.eldiario.net\\\/portal\\\/\",\"name\":\"El Diario - Decano de la prensa nacional\",\"description\":\"El Diario - Decano de la prensa nacional\",\"publisher\":{\"@id\":\"https:\\\/\\\/www.eldiario.net\\\/portal\\\/#organization\"},\"potentialAction\":[{\"@type\":\"SearchAction\",\"target\":{\"@type\":\"EntryPoint\",\"urlTemplate\":\"https:\\\/\\\/www.eldiario.net\\\/portal\\\/?s={search_term_string}\"},\"query-input\":{\"@type\":\"PropertyValueSpecification\",\"valueRequired\":true,\"valueName\":\"search_term_string\"}}],\"inLanguage\":\"es\"},{\"@type\":\"Organization\",\"@id\":\"https:\\\/\\\/www.eldiario.net\\\/portal\\\/#organization\",\"name\":\"El Diario - Decano de la prensa nacional\",\"url\":\"https:\\\/\\\/www.eldiario.net\\\/portal\\\/\",\"logo\":{\"@type\":\"ImageObject\",\"inLanguage\":\"es\",\"@id\":\"https:\\\/\\\/www.eldiario.net\\\/portal\\\/#\\\/schema\\\/logo\\\/image\\\/\",\"url\":\"https:\\\/\\\/www.eldiario.net\\\/portal\\\/wp-content\\\/uploads\\\/2023\\\/07\\\/logo_ED.jpg\",\"contentUrl\":\"https:\\\/\\\/www.eldiario.net\\\/portal\\\/wp-content\\\/uploads\\\/2023\\\/07\\\/logo_ED.jpg\",\"width\":272,\"height\":52,\"caption\":\"El Diario - Decano de la prensa nacional\"},\"image\":{\"@id\":\"https:\\\/\\\/www.eldiario.net\\\/portal\\\/#\\\/schema\\\/logo\\\/image\\\/\"},\"sameAs\":[\"https:\\\/\\\/www.facebook.com\\\/eldiario.bolivia\\\/\",\"https:\\\/\\\/x.com\\\/eldiario_net\"]},{\"@type\":\"Person\",\"@id\":\"https:\\\/\\\/www.eldiario.net\\\/portal\\\/#\\\/schema\\\/person\\\/f46445640444750d7d753ccd04ae01b7\",\"name\":\"Jeanette\",\"image\":{\"@type\":\"ImageObject\",\"inLanguage\":\"es\",\"@id\":\"https:\\\/\\\/secure.gravatar.com\\\/avatar\\\/3ea2118a5f7dad2b7138b1187a6b7ee55f160b9968b66013c3a3ef39dd7e5798?s=96&d=mm&r=g\",\"url\":\"https:\\\/\\\/secure.gravatar.com\\\/avatar\\\/3ea2118a5f7dad2b7138b1187a6b7ee55f160b9968b66013c3a3ef39dd7e5798?s=96&d=mm&r=g\",\"contentUrl\":\"https:\\\/\\\/secure.gravatar.com\\\/avatar\\\/3ea2118a5f7dad2b7138b1187a6b7ee55f160b9968b66013c3a3ef39dd7e5798?s=96&d=mm&r=g\",\"caption\":\"Jeanette\"},\"sameAs\":[\"https:\\\/\\\/www.eldiario.net\\\/portal\"],\"url\":\"https:\\\/\\\/www.eldiario.net\\\/portal\\\/author\\\/jeanette\\\/\"}]}<\/script>\n<!-- \/ Yoast SEO plugin. -->","yoast_head_json":{"title":"Jos\u00e9 Mar\u00eda Del Pueblo. Bolivia est\u00e1 en peligro - El Diario - Bolivia","robots":{"index":"index","follow":"follow","max-snippet":"max-snippet:-1","max-image-preview":"max-image-preview:large","max-video-preview":"max-video-preview:-1"},"canonical":"https:\/\/www.eldiario.net\/portal\/2024\/03\/29\/jose-maria-del-pueblo-bolivia-esta-en-peligro\/","og_locale":"es_ES","og_type":"article","og_title":"Jos\u00e9 Mar\u00eda Del Pueblo. Bolivia est\u00e1 en peligro - El Diario - Bolivia","og_description":"Querido Jos\u00e9 Mar\u00eda, Vivimos momentos dif\u00edciles que nos hacen pensar y actuar con urgencia. Hoy me veo obligado a escribirte no solo como un compatriota preocupado por el bienestar de nuestra Bolivia, sino tambi\u00e9n como alguien que est\u00e1 muy preocupado por los problemas graves que enfrenta nuestro pa\u00eds. La situaci\u00f3n actual es muy seria, enfrentamos [&hellip;]","og_url":"https:\/\/www.eldiario.net\/portal\/2024\/03\/29\/jose-maria-del-pueblo-bolivia-esta-en-peligro\/","og_site_name":"El Diario - Bolivia","article_publisher":"https:\/\/www.facebook.com\/eldiario.bolivia\/","article_published_time":"2024-03-29T10:17:43+00:00","og_image":[{"width":1200,"height":628,"url":"https:\/\/www.eldiario.net\/portal\/wp-content\/uploads\/2023\/08\/Jaime-Dunn.jpg","type":"image\/jpeg"}],"author":"Jeanette","twitter_card":"summary_large_image","twitter_creator":"@eldiario_net","twitter_site":"@eldiario_net","twitter_misc":{"Escrito por":"Jeanette","Tiempo de lectura":"3 minutos"},"schema":{"@context":"https:\/\/schema.org","@graph":[{"@type":"Article","@id":"https:\/\/www.eldiario.net\/portal\/2024\/03\/29\/jose-maria-del-pueblo-bolivia-esta-en-peligro\/#article","isPartOf":{"@id":"https:\/\/www.eldiario.net\/portal\/2024\/03\/29\/jose-maria-del-pueblo-bolivia-esta-en-peligro\/"},"author":{"name":"Jeanette","@id":"https:\/\/www.eldiario.net\/portal\/#\/schema\/person\/f46445640444750d7d753ccd04ae01b7"},"headline":"Jos\u00e9 Mar\u00eda Del Pueblo. Bolivia est\u00e1 en peligro","datePublished":"2024-03-29T10:17:43+00:00","mainEntityOfPage":{"@id":"https:\/\/www.eldiario.net\/portal\/2024\/03\/29\/jose-maria-del-pueblo-bolivia-esta-en-peligro\/"},"wordCount":604,"commentCount":0,"publisher":{"@id":"https:\/\/www.eldiario.net\/portal\/#organization"},"image":{"@id":"https:\/\/www.eldiario.net\/portal\/2024\/03\/29\/jose-maria-del-pueblo-bolivia-esta-en-peligro\/#primaryimage"},"thumbnailUrl":"https:\/\/www.eldiario.net\/portal\/wp-content\/uploads\/2023\/08\/Jaime-Dunn.jpg","articleSection":["Opini\u00f3n"],"inLanguage":"es","potentialAction":[{"@type":"CommentAction","name":"Comment","target":["https:\/\/www.eldiario.net\/portal\/2024\/03\/29\/jose-maria-del-pueblo-bolivia-esta-en-peligro\/#respond"]}]},{"@type":"WebPage","@id":"https:\/\/www.eldiario.net\/portal\/2024\/03\/29\/jose-maria-del-pueblo-bolivia-esta-en-peligro\/","url":"https:\/\/www.eldiario.net\/portal\/2024\/03\/29\/jose-maria-del-pueblo-bolivia-esta-en-peligro\/","name":"Jos\u00e9 Mar\u00eda Del Pueblo. Bolivia est\u00e1 en peligro - El Diario - Bolivia","isPartOf":{"@id":"https:\/\/www.eldiario.net\/portal\/#website"},"primaryImageOfPage":{"@id":"https:\/\/www.eldiario.net\/portal\/2024\/03\/29\/jose-maria-del-pueblo-bolivia-esta-en-peligro\/#primaryimage"},"image":{"@id":"https:\/\/www.eldiario.net\/portal\/2024\/03\/29\/jose-maria-del-pueblo-bolivia-esta-en-peligro\/#primaryimage"},"thumbnailUrl":"https:\/\/www.eldiario.net\/portal\/wp-content\/uploads\/2023\/08\/Jaime-Dunn.jpg","datePublished":"2024-03-29T10:17:43+00:00","breadcrumb":{"@id":"https:\/\/www.eldiario.net\/portal\/2024\/03\/29\/jose-maria-del-pueblo-bolivia-esta-en-peligro\/#breadcrumb"},"inLanguage":"es","potentialAction":[{"@type":"ReadAction","target":["https:\/\/www.eldiario.net\/portal\/2024\/03\/29\/jose-maria-del-pueblo-bolivia-esta-en-peligro\/"]}]},{"@type":"ImageObject","inLanguage":"es","@id":"https:\/\/www.eldiario.net\/portal\/2024\/03\/29\/jose-maria-del-pueblo-bolivia-esta-en-peligro\/#primaryimage","url":"https:\/\/www.eldiario.net\/portal\/wp-content\/uploads\/2023\/08\/Jaime-Dunn.jpg","contentUrl":"https:\/\/www.eldiario.net\/portal\/wp-content\/uploads\/2023\/08\/Jaime-Dunn.jpg","width":1200,"height":628},{"@type":"BreadcrumbList","@id":"https:\/\/www.eldiario.net\/portal\/2024\/03\/29\/jose-maria-del-pueblo-bolivia-esta-en-peligro\/#breadcrumb","itemListElement":[{"@type":"ListItem","position":1,"name":"Portada","item":"https:\/\/www.eldiario.net\/portal\/"},{"@type":"ListItem","position":2,"name":"Jos\u00e9 Mar\u00eda Del Pueblo. Bolivia est\u00e1 en peligro"}]},{"@type":"WebSite","@id":"https:\/\/www.eldiario.net\/portal\/#website","url":"https:\/\/www.eldiario.net\/portal\/","name":"El Diario - Decano de la prensa nacional","description":"El Diario - Decano de la prensa nacional","publisher":{"@id":"https:\/\/www.eldiario.net\/portal\/#organization"},"potentialAction":[{"@type":"SearchAction","target":{"@type":"EntryPoint","urlTemplate":"https:\/\/www.eldiario.net\/portal\/?s={search_term_string}"},"query-input":{"@type":"PropertyValueSpecification","valueRequired":true,"valueName":"search_term_string"}}],"inLanguage":"es"},{"@type":"Organization","@id":"https:\/\/www.eldiario.net\/portal\/#organization","name":"El Diario - Decano de la prensa nacional","url":"https:\/\/www.eldiario.net\/portal\/","logo":{"@type":"ImageObject","inLanguage":"es","@id":"https:\/\/www.eldiario.net\/portal\/#\/schema\/logo\/image\/","url":"https:\/\/www.eldiario.net\/portal\/wp-content\/uploads\/2023\/07\/logo_ED.jpg","contentUrl":"https:\/\/www.eldiario.net\/portal\/wp-content\/uploads\/2023\/07\/logo_ED.jpg","width":272,"height":52,"caption":"El Diario - Decano de la prensa nacional"},"image":{"@id":"https:\/\/www.eldiario.net\/portal\/#\/schema\/logo\/image\/"},"sameAs":["https:\/\/www.facebook.com\/eldiario.bolivia\/","https:\/\/x.com\/eldiario_net"]},{"@type":"Person","@id":"https:\/\/www.eldiario.net\/portal\/#\/schema\/person\/f46445640444750d7d753ccd04ae01b7","name":"Jeanette","image":{"@type":"ImageObject","inLanguage":"es","@id":"https:\/\/secure.gravatar.com\/avatar\/3ea2118a5f7dad2b7138b1187a6b7ee55f160b9968b66013c3a3ef39dd7e5798?s=96&d=mm&r=g","url":"https:\/\/secure.gravatar.com\/avatar\/3ea2118a5f7dad2b7138b1187a6b7ee55f160b9968b66013c3a3ef39dd7e5798?s=96&d=mm&r=g","contentUrl":"https:\/\/secure.gravatar.com\/avatar\/3ea2118a5f7dad2b7138b1187a6b7ee55f160b9968b66013c3a3ef39dd7e5798?s=96&d=mm&r=g","caption":"Jeanette"},"sameAs":["https:\/\/www.eldiario.net\/portal"],"url":"https:\/\/www.eldiario.net\/portal\/author\/jeanette\/"}]}},"_links":{"self":[{"href":"https:\/\/www.eldiario.net\/portal\/wp-json\/wp\/v2\/posts\/210964","targetHints":{"allow":["GET"]}}],"collection":[{"href":"https:\/\/www.eldiario.net\/portal\/wp-json\/wp\/v2\/posts"}],"about":[{"href":"https:\/\/www.eldiario.net\/portal\/wp-json\/wp\/v2\/types\/post"}],"author":[{"embeddable":true,"href":"https:\/\/www.eldiario.net\/portal\/wp-json\/wp\/v2\/users\/1"}],"replies":[{"embeddable":true,"href":"https:\/\/www.eldiario.net\/portal\/wp-json\/wp\/v2\/comments?post=210964"}],"version-history":[{"count":1,"href":"https:\/\/www.eldiario.net\/portal\/wp-json\/wp\/v2\/posts\/210964\/revisions"}],"predecessor-version":[{"id":210965,"href":"https:\/\/www.eldiario.net\/portal\/wp-json\/wp\/v2\/posts\/210964\/revisions\/210965"}],"wp:featuredmedia":[{"embeddable":true,"href":"https:\/\/www.eldiario.net\/portal\/wp-json\/wp\/v2\/media\/171389"}],"wp:attachment":[{"href":"https:\/\/www.eldiario.net\/portal\/wp-json\/wp\/v2\/media?parent=210964"}],"wp:term":[{"taxonomy":"category","embeddable":true,"href":"https:\/\/www.eldiario.net\/portal\/wp-json\/wp\/v2\/categories?post=210964"},{"taxonomy":"post_tag","embeddable":true,"href":"https:\/\/www.eldiario.net\/portal\/wp-json\/wp\/v2\/tags?post=210964"}],"curies":[{"name":"wp","href":"https:\/\/api.w.org\/{rel}","templated":true}]}}