{"id":210962,"date":"2024-03-29T06:16:49","date_gmt":"2024-03-29T10:16:49","guid":{"rendered":"https:\/\/www.eldiario.net\/portal\/?p=210962"},"modified":"2024-03-29T06:16:49","modified_gmt":"2024-03-29T10:16:49","slug":"reglamento-de-evaluacion","status":"publish","type":"post","link":"https:\/\/www.eldiario.net\/portal\/2024\/03\/29\/reglamento-de-evaluacion\/","title":{"rendered":"Reglamento de Evaluaci\u00f3n"},"content":{"rendered":"<p>El nuevo Reglamento de Evaluaci\u00f3n de Desarrollo Curricular del Subsistema de Educaci\u00f3n Regular, fue aprobado mediante Resoluci\u00f3n Ministerial (RM) N\u00ba 0190\/2024 el 12 de marzo del a\u00f1o en curso; empero, el Ministerio de Educaci\u00f3n lo public\u00f3 hace pocos d\u00edas.<br \/>\nEn consecuencia, conforme al art\u00edculo 3 de la RM 0190\/2024, se abrog\u00f3 la RM N\u00ba 0473\/2021 de 20 de agosto de 2021, que aprob\u00f3 el ahora desusado Reglamento de Evaluaci\u00f3n de Desarrollo Curricular del Subsistema de Educaci\u00f3n Regular, que tuvo vigente por m\u00e1s de dos gestiones educativas.<br \/>\nEl actual Reglamento de Evaluaci\u00f3n tiene por objeto regular el sistema de evaluativo de los procesos educativos en el desarrollo curricular del Subsistema Regular; vale decir, nivel inicial, primario y secundario de unidades educativas fiscales, privadas y de convenio.<br \/>\nLos cambios del actual Reglamento de Evaluaci\u00f3n (en relaci\u00f3n con el anterior) se circunscriben en algunos elementos de fondo; por ejemplo, la asistencia de los estudiantes deber\u00e1 ser puntual, obligatoria, ineludible e indelegable, siendo causal de valoraci\u00f3n. En el caso de inasistencia, la misma deber\u00e1 ser justificada oportunamente, debiendo los maestros aplicar adaptaciones curriculares para solucionar los desniveles de aprendizaje.<br \/>\nEn ese marco, en el caso de estudiantes en situaci\u00f3n de embarazo, gozar\u00e1n de licencia temporal antes y despu\u00e9s del parto, en sujeci\u00f3n al respeto irrestricto del derecho a la educaci\u00f3n.<br \/>\nAhora bien, en el caso de la escala de valoraci\u00f3n de las dimensiones para el nivel primario y secundario, ahora se contemplan en el Ser: 5, Saber: 45, Hacer: 40, Decidir: 5 y la autoevaluaci\u00f3n se reduce a 5, haciendo un total de 100 puntos.<br \/>\nConsiguientemente, la autoevaluaci\u00f3n deber\u00e1 estar orientada a la valoraci\u00f3n de las dimensiones del Ser y Decidir, realiz\u00e1ndose de forma paralela a la evaluaci\u00f3n trimestral, en la cual los estudiantes deber\u00e1n asumir con responsabilidad y honestidad dicho proceso.<br \/>\nEn el caso de las formas de evaluaci\u00f3n, se adiciona los logros de aprendizaje, que deber\u00e1 realizarse al finalizar el primer, segundo y tercer trimestre, instancia que permitir\u00e1 a los maestros dise\u00f1ar estrategias inmediatas de nivelaci\u00f3n de contenidos y principalmente solucionar las dificultades cognoscitivas de los estudiantes.<br \/>\nPor tanto, el nov\u00edsimo Reglamento de Evaluaci\u00f3n que contiene II T\u00edtulos, VI Cap\u00edtulos, 74 Art\u00edculos, 7 Disposiciones adicionales y una Disposici\u00f3n Transitoria, ya entr\u00f3 en vigencia, debiendo ser aplicada y cumplida por directores, maestros, estudiantes, madres y padres de familia del Subsistema Regular.<\/p>\n<p>El autor es Magister en Pol\u00edticas de Formaci\u00f3n Docente.<\/p>\n","protected":false},"excerpt":{"rendered":"<p>El nuevo Reglamento de Evaluaci\u00f3n de Desarrollo Curricular del Subsistema de Educaci\u00f3n Regular, fue aprobado mediante Resoluci\u00f3n Ministerial (RM) N\u00ba 0190\/2024 el 12 de marzo del a\u00f1o en curso; empero, el Ministerio de Educaci\u00f3n lo public\u00f3 hace pocos d\u00edas. En consecuencia, conforme al art\u00edculo 3 de la RM 0190\/2024, se abrog\u00f3 la RM N\u00ba 0473\/2021 [&hellip;]<\/p>\n","protected":false},"author":1,"featured_media":158615,"comment_status":"open","ping_status":"open","sticky":false,"template":"","format":"standard","meta":{"_acf_changed":false,"footnotes":""},"categories":[9],"tags":[],"class_list":["post-210962","post","type-post","status-publish","format-standard","has-post-thumbnail","category-opinion"],"acf":{"antetitulo":"Fisuras educativas"},"yoast_head":"<!-- This site is optimized with the Yoast SEO plugin v28.3 - https:\/\/yoast.com\/product\/yoast-seo-wordpress\/ -->\n<title>Reglamento de Evaluaci\u00f3n - El Diario - Bolivia<\/title>\n<meta name=\"robots\" content=\"index, follow, max-snippet:-1, max-image-preview:large, max-video-preview:-1\" \/>\n<link rel=\"canonical\" href=\"https:\/\/www.eldiario.net\/portal\/2024\/03\/29\/reglamento-de-evaluacion\/\" \/>\n<meta property=\"og:locale\" content=\"es_ES\" \/>\n<meta property=\"og:type\" content=\"article\" \/>\n<meta property=\"og:title\" content=\"Reglamento de Evaluaci\u00f3n - El Diario - Bolivia\" \/>\n<meta property=\"og:description\" content=\"El nuevo Reglamento de Evaluaci\u00f3n de Desarrollo Curricular del Subsistema de Educaci\u00f3n Regular, fue aprobado mediante Resoluci\u00f3n Ministerial (RM) N\u00ba 0190\/2024 el 12 de marzo del a\u00f1o en curso; empero, el Ministerio de Educaci\u00f3n lo public\u00f3 hace pocos d\u00edas. En consecuencia, conforme al art\u00edculo 3 de la RM 0190\/2024, se abrog\u00f3 la RM N\u00ba 0473\/2021 [&hellip;]\" \/>\n<meta property=\"og:url\" content=\"https:\/\/www.eldiario.net\/portal\/2024\/03\/29\/reglamento-de-evaluacion\/\" \/>\n<meta property=\"og:site_name\" content=\"El Diario - Bolivia\" \/>\n<meta property=\"article:publisher\" content=\"https:\/\/www.facebook.com\/eldiario.bolivia\/\" \/>\n<meta property=\"article:published_time\" content=\"2024-03-29T10:16:49+00:00\" \/>\n<meta property=\"og:image\" content=\"https:\/\/www.eldiario.net\/portal\/wp-content\/uploads\/2023\/06\/Luis-Alberto-Callapino-Lopez.jpg\" \/>\n\t<meta property=\"og:image:width\" content=\"1200\" \/>\n\t<meta property=\"og:image:height\" content=\"628\" \/>\n\t<meta property=\"og:image:type\" content=\"image\/jpeg\" \/>\n<meta name=\"author\" content=\"Jeanette\" \/>\n<meta name=\"twitter:card\" content=\"summary_large_image\" \/>\n<meta name=\"twitter:creator\" content=\"@eldiario_net\" \/>\n<meta name=\"twitter:site\" content=\"@eldiario_net\" \/>\n<meta name=\"twitter:label1\" content=\"Escrito por\" \/>\n\t<meta name=\"twitter:data1\" content=\"Jeanette\" \/>\n\t<meta name=\"twitter:label2\" content=\"Tiempo de lectura\" \/>\n\t<meta name=\"twitter:data2\" content=\"3 minutos\" \/>\n<script type=\"application\/ld+json\" class=\"yoast-schema-graph\">{\"@context\":\"https:\\\/\\\/schema.org\",\"@graph\":[{\"@type\":\"Article\",\"@id\":\"https:\\\/\\\/www.eldiario.net\\\/portal\\\/2024\\\/03\\\/29\\\/reglamento-de-evaluacion\\\/#article\",\"isPartOf\":{\"@id\":\"https:\\\/\\\/www.eldiario.net\\\/portal\\\/2024\\\/03\\\/29\\\/reglamento-de-evaluacion\\\/\"},\"author\":{\"name\":\"Jeanette\",\"@id\":\"https:\\\/\\\/www.eldiario.net\\\/portal\\\/#\\\/schema\\\/person\\\/f46445640444750d7d753ccd04ae01b7\"},\"headline\":\"Reglamento de Evaluaci\u00f3n\",\"datePublished\":\"2024-03-29T10:16:49+00:00\",\"mainEntityOfPage\":{\"@id\":\"https:\\\/\\\/www.eldiario.net\\\/portal\\\/2024\\\/03\\\/29\\\/reglamento-de-evaluacion\\\/\"},\"wordCount\":423,\"commentCount\":0,\"publisher\":{\"@id\":\"https:\\\/\\\/www.eldiario.net\\\/portal\\\/#organization\"},\"image\":{\"@id\":\"https:\\\/\\\/www.eldiario.net\\\/portal\\\/2024\\\/03\\\/29\\\/reglamento-de-evaluacion\\\/#primaryimage\"},\"thumbnailUrl\":\"https:\\\/\\\/www.eldiario.net\\\/portal\\\/wp-content\\\/uploads\\\/2023\\\/06\\\/Luis-Alberto-Callapino-Lopez.jpg\",\"articleSection\":[\"Opini\u00f3n\"],\"inLanguage\":\"es\",\"potentialAction\":[{\"@type\":\"CommentAction\",\"name\":\"Comment\",\"target\":[\"https:\\\/\\\/www.eldiario.net\\\/portal\\\/2024\\\/03\\\/29\\\/reglamento-de-evaluacion\\\/#respond\"]}]},{\"@type\":\"WebPage\",\"@id\":\"https:\\\/\\\/www.eldiario.net\\\/portal\\\/2024\\\/03\\\/29\\\/reglamento-de-evaluacion\\\/\",\"url\":\"https:\\\/\\\/www.eldiario.net\\\/portal\\\/2024\\\/03\\\/29\\\/reglamento-de-evaluacion\\\/\",\"name\":\"Reglamento de Evaluaci\u00f3n - El Diario - Bolivia\",\"isPartOf\":{\"@id\":\"https:\\\/\\\/www.eldiario.net\\\/portal\\\/#website\"},\"primaryImageOfPage\":{\"@id\":\"https:\\\/\\\/www.eldiario.net\\\/portal\\\/2024\\\/03\\\/29\\\/reglamento-de-evaluacion\\\/#primaryimage\"},\"image\":{\"@id\":\"https:\\\/\\\/www.eldiario.net\\\/portal\\\/2024\\\/03\\\/29\\\/reglamento-de-evaluacion\\\/#primaryimage\"},\"thumbnailUrl\":\"https:\\\/\\\/www.eldiario.net\\\/portal\\\/wp-content\\\/uploads\\\/2023\\\/06\\\/Luis-Alberto-Callapino-Lopez.jpg\",\"datePublished\":\"2024-03-29T10:16:49+00:00\",\"breadcrumb\":{\"@id\":\"https:\\\/\\\/www.eldiario.net\\\/portal\\\/2024\\\/03\\\/29\\\/reglamento-de-evaluacion\\\/#breadcrumb\"},\"inLanguage\":\"es\",\"potentialAction\":[{\"@type\":\"ReadAction\",\"target\":[\"https:\\\/\\\/www.eldiario.net\\\/portal\\\/2024\\\/03\\\/29\\\/reglamento-de-evaluacion\\\/\"]}]},{\"@type\":\"ImageObject\",\"inLanguage\":\"es\",\"@id\":\"https:\\\/\\\/www.eldiario.net\\\/portal\\\/2024\\\/03\\\/29\\\/reglamento-de-evaluacion\\\/#primaryimage\",\"url\":\"https:\\\/\\\/www.eldiario.net\\\/portal\\\/wp-content\\\/uploads\\\/2023\\\/06\\\/Luis-Alberto-Callapino-Lopez.jpg\",\"contentUrl\":\"https:\\\/\\\/www.eldiario.net\\\/portal\\\/wp-content\\\/uploads\\\/2023\\\/06\\\/Luis-Alberto-Callapino-Lopez.jpg\",\"width\":1200,\"height\":628,\"caption\":\"Luis Alberto Callapino L\u00f3pez\"},{\"@type\":\"BreadcrumbList\",\"@id\":\"https:\\\/\\\/www.eldiario.net\\\/portal\\\/2024\\\/03\\\/29\\\/reglamento-de-evaluacion\\\/#breadcrumb\",\"itemListElement\":[{\"@type\":\"ListItem\",\"position\":1,\"name\":\"Portada\",\"item\":\"https:\\\/\\\/www.eldiario.net\\\/portal\\\/\"},{\"@type\":\"ListItem\",\"position\":2,\"name\":\"Reglamento de Evaluaci\u00f3n\"}]},{\"@type\":\"WebSite\",\"@id\":\"https:\\\/\\\/www.eldiario.net\\\/portal\\\/#website\",\"url\":\"https:\\\/\\\/www.eldiario.net\\\/portal\\\/\",\"name\":\"El Diario - Decano de la prensa nacional\",\"description\":\"El Diario - Decano de la prensa nacional\",\"publisher\":{\"@id\":\"https:\\\/\\\/www.eldiario.net\\\/portal\\\/#organization\"},\"potentialAction\":[{\"@type\":\"SearchAction\",\"target\":{\"@type\":\"EntryPoint\",\"urlTemplate\":\"https:\\\/\\\/www.eldiario.net\\\/portal\\\/?s={search_term_string}\"},\"query-input\":{\"@type\":\"PropertyValueSpecification\",\"valueRequired\":true,\"valueName\":\"search_term_string\"}}],\"inLanguage\":\"es\"},{\"@type\":\"Organization\",\"@id\":\"https:\\\/\\\/www.eldiario.net\\\/portal\\\/#organization\",\"name\":\"El Diario - Decano de la prensa nacional\",\"url\":\"https:\\\/\\\/www.eldiario.net\\\/portal\\\/\",\"logo\":{\"@type\":\"ImageObject\",\"inLanguage\":\"es\",\"@id\":\"https:\\\/\\\/www.eldiario.net\\\/portal\\\/#\\\/schema\\\/logo\\\/image\\\/\",\"url\":\"https:\\\/\\\/www.eldiario.net\\\/portal\\\/wp-content\\\/uploads\\\/2023\\\/07\\\/logo_ED.jpg\",\"contentUrl\":\"https:\\\/\\\/www.eldiario.net\\\/portal\\\/wp-content\\\/uploads\\\/2023\\\/07\\\/logo_ED.jpg\",\"width\":272,\"height\":52,\"caption\":\"El Diario - Decano de la prensa nacional\"},\"image\":{\"@id\":\"https:\\\/\\\/www.eldiario.net\\\/portal\\\/#\\\/schema\\\/logo\\\/image\\\/\"},\"sameAs\":[\"https:\\\/\\\/www.facebook.com\\\/eldiario.bolivia\\\/\",\"https:\\\/\\\/x.com\\\/eldiario_net\"]},{\"@type\":\"Person\",\"@id\":\"https:\\\/\\\/www.eldiario.net\\\/portal\\\/#\\\/schema\\\/person\\\/f46445640444750d7d753ccd04ae01b7\",\"name\":\"Jeanette\",\"image\":{\"@type\":\"ImageObject\",\"inLanguage\":\"es\",\"@id\":\"https:\\\/\\\/secure.gravatar.com\\\/avatar\\\/3ea2118a5f7dad2b7138b1187a6b7ee55f160b9968b66013c3a3ef39dd7e5798?s=96&d=mm&r=g\",\"url\":\"https:\\\/\\\/secure.gravatar.com\\\/avatar\\\/3ea2118a5f7dad2b7138b1187a6b7ee55f160b9968b66013c3a3ef39dd7e5798?s=96&d=mm&r=g\",\"contentUrl\":\"https:\\\/\\\/secure.gravatar.com\\\/avatar\\\/3ea2118a5f7dad2b7138b1187a6b7ee55f160b9968b66013c3a3ef39dd7e5798?s=96&d=mm&r=g\",\"caption\":\"Jeanette\"},\"sameAs\":[\"https:\\\/\\\/www.eldiario.net\\\/portal\"],\"url\":\"https:\\\/\\\/www.eldiario.net\\\/portal\\\/author\\\/jeanette\\\/\"}]}<\/script>\n<!-- \/ Yoast SEO plugin. -->","yoast_head_json":{"title":"Reglamento de Evaluaci\u00f3n - El Diario - Bolivia","robots":{"index":"index","follow":"follow","max-snippet":"max-snippet:-1","max-image-preview":"max-image-preview:large","max-video-preview":"max-video-preview:-1"},"canonical":"https:\/\/www.eldiario.net\/portal\/2024\/03\/29\/reglamento-de-evaluacion\/","og_locale":"es_ES","og_type":"article","og_title":"Reglamento de Evaluaci\u00f3n - El Diario - Bolivia","og_description":"El nuevo Reglamento de Evaluaci\u00f3n de Desarrollo Curricular del Subsistema de Educaci\u00f3n Regular, fue aprobado mediante Resoluci\u00f3n Ministerial (RM) N\u00ba 0190\/2024 el 12 de marzo del a\u00f1o en curso; empero, el Ministerio de Educaci\u00f3n lo public\u00f3 hace pocos d\u00edas. En consecuencia, conforme al art\u00edculo 3 de la RM 0190\/2024, se abrog\u00f3 la RM N\u00ba 0473\/2021 [&hellip;]","og_url":"https:\/\/www.eldiario.net\/portal\/2024\/03\/29\/reglamento-de-evaluacion\/","og_site_name":"El Diario - Bolivia","article_publisher":"https:\/\/www.facebook.com\/eldiario.bolivia\/","article_published_time":"2024-03-29T10:16:49+00:00","og_image":[{"width":1200,"height":628,"url":"https:\/\/www.eldiario.net\/portal\/wp-content\/uploads\/2023\/06\/Luis-Alberto-Callapino-Lopez.jpg","type":"image\/jpeg"}],"author":"Jeanette","twitter_card":"summary_large_image","twitter_creator":"@eldiario_net","twitter_site":"@eldiario_net","twitter_misc":{"Escrito por":"Jeanette","Tiempo de lectura":"3 minutos"},"schema":{"@context":"https:\/\/schema.org","@graph":[{"@type":"Article","@id":"https:\/\/www.eldiario.net\/portal\/2024\/03\/29\/reglamento-de-evaluacion\/#article","isPartOf":{"@id":"https:\/\/www.eldiario.net\/portal\/2024\/03\/29\/reglamento-de-evaluacion\/"},"author":{"name":"Jeanette","@id":"https:\/\/www.eldiario.net\/portal\/#\/schema\/person\/f46445640444750d7d753ccd04ae01b7"},"headline":"Reglamento de Evaluaci\u00f3n","datePublished":"2024-03-29T10:16:49+00:00","mainEntityOfPage":{"@id":"https:\/\/www.eldiario.net\/portal\/2024\/03\/29\/reglamento-de-evaluacion\/"},"wordCount":423,"commentCount":0,"publisher":{"@id":"https:\/\/www.eldiario.net\/portal\/#organization"},"image":{"@id":"https:\/\/www.eldiario.net\/portal\/2024\/03\/29\/reglamento-de-evaluacion\/#primaryimage"},"thumbnailUrl":"https:\/\/www.eldiario.net\/portal\/wp-content\/uploads\/2023\/06\/Luis-Alberto-Callapino-Lopez.jpg","articleSection":["Opini\u00f3n"],"inLanguage":"es","potentialAction":[{"@type":"CommentAction","name":"Comment","target":["https:\/\/www.eldiario.net\/portal\/2024\/03\/29\/reglamento-de-evaluacion\/#respond"]}]},{"@type":"WebPage","@id":"https:\/\/www.eldiario.net\/portal\/2024\/03\/29\/reglamento-de-evaluacion\/","url":"https:\/\/www.eldiario.net\/portal\/2024\/03\/29\/reglamento-de-evaluacion\/","name":"Reglamento de Evaluaci\u00f3n - El Diario - Bolivia","isPartOf":{"@id":"https:\/\/www.eldiario.net\/portal\/#website"},"primaryImageOfPage":{"@id":"https:\/\/www.eldiario.net\/portal\/2024\/03\/29\/reglamento-de-evaluacion\/#primaryimage"},"image":{"@id":"https:\/\/www.eldiario.net\/portal\/2024\/03\/29\/reglamento-de-evaluacion\/#primaryimage"},"thumbnailUrl":"https:\/\/www.eldiario.net\/portal\/wp-content\/uploads\/2023\/06\/Luis-Alberto-Callapino-Lopez.jpg","datePublished":"2024-03-29T10:16:49+00:00","breadcrumb":{"@id":"https:\/\/www.eldiario.net\/portal\/2024\/03\/29\/reglamento-de-evaluacion\/#breadcrumb"},"inLanguage":"es","potentialAction":[{"@type":"ReadAction","target":["https:\/\/www.eldiario.net\/portal\/2024\/03\/29\/reglamento-de-evaluacion\/"]}]},{"@type":"ImageObject","inLanguage":"es","@id":"https:\/\/www.eldiario.net\/portal\/2024\/03\/29\/reglamento-de-evaluacion\/#primaryimage","url":"https:\/\/www.eldiario.net\/portal\/wp-content\/uploads\/2023\/06\/Luis-Alberto-Callapino-Lopez.jpg","contentUrl":"https:\/\/www.eldiario.net\/portal\/wp-content\/uploads\/2023\/06\/Luis-Alberto-Callapino-Lopez.jpg","width":1200,"height":628,"caption":"Luis Alberto Callapino L\u00f3pez"},{"@type":"BreadcrumbList","@id":"https:\/\/www.eldiario.net\/portal\/2024\/03\/29\/reglamento-de-evaluacion\/#breadcrumb","itemListElement":[{"@type":"ListItem","position":1,"name":"Portada","item":"https:\/\/www.eldiario.net\/portal\/"},{"@type":"ListItem","position":2,"name":"Reglamento de Evaluaci\u00f3n"}]},{"@type":"WebSite","@id":"https:\/\/www.eldiario.net\/portal\/#website","url":"https:\/\/www.eldiario.net\/portal\/","name":"El Diario - Decano de la prensa nacional","description":"El Diario - Decano de la prensa nacional","publisher":{"@id":"https:\/\/www.eldiario.net\/portal\/#organization"},"potentialAction":[{"@type":"SearchAction","target":{"@type":"EntryPoint","urlTemplate":"https:\/\/www.eldiario.net\/portal\/?s={search_term_string}"},"query-input":{"@type":"PropertyValueSpecification","valueRequired":true,"valueName":"search_term_string"}}],"inLanguage":"es"},{"@type":"Organization","@id":"https:\/\/www.eldiario.net\/portal\/#organization","name":"El Diario - Decano de la prensa nacional","url":"https:\/\/www.eldiario.net\/portal\/","logo":{"@type":"ImageObject","inLanguage":"es","@id":"https:\/\/www.eldiario.net\/portal\/#\/schema\/logo\/image\/","url":"https:\/\/www.eldiario.net\/portal\/wp-content\/uploads\/2023\/07\/logo_ED.jpg","contentUrl":"https:\/\/www.eldiario.net\/portal\/wp-content\/uploads\/2023\/07\/logo_ED.jpg","width":272,"height":52,"caption":"El Diario - Decano de la prensa nacional"},"image":{"@id":"https:\/\/www.eldiario.net\/portal\/#\/schema\/logo\/image\/"},"sameAs":["https:\/\/www.facebook.com\/eldiario.bolivia\/","https:\/\/x.com\/eldiario_net"]},{"@type":"Person","@id":"https:\/\/www.eldiario.net\/portal\/#\/schema\/person\/f46445640444750d7d753ccd04ae01b7","name":"Jeanette","image":{"@type":"ImageObject","inLanguage":"es","@id":"https:\/\/secure.gravatar.com\/avatar\/3ea2118a5f7dad2b7138b1187a6b7ee55f160b9968b66013c3a3ef39dd7e5798?s=96&d=mm&r=g","url":"https:\/\/secure.gravatar.com\/avatar\/3ea2118a5f7dad2b7138b1187a6b7ee55f160b9968b66013c3a3ef39dd7e5798?s=96&d=mm&r=g","contentUrl":"https:\/\/secure.gravatar.com\/avatar\/3ea2118a5f7dad2b7138b1187a6b7ee55f160b9968b66013c3a3ef39dd7e5798?s=96&d=mm&r=g","caption":"Jeanette"},"sameAs":["https:\/\/www.eldiario.net\/portal"],"url":"https:\/\/www.eldiario.net\/portal\/author\/jeanette\/"}]}},"_links":{"self":[{"href":"https:\/\/www.eldiario.net\/portal\/wp-json\/wp\/v2\/posts\/210962","targetHints":{"allow":["GET"]}}],"collection":[{"href":"https:\/\/www.eldiario.net\/portal\/wp-json\/wp\/v2\/posts"}],"about":[{"href":"https:\/\/www.eldiario.net\/portal\/wp-json\/wp\/v2\/types\/post"}],"author":[{"embeddable":true,"href":"https:\/\/www.eldiario.net\/portal\/wp-json\/wp\/v2\/users\/1"}],"replies":[{"embeddable":true,"href":"https:\/\/www.eldiario.net\/portal\/wp-json\/wp\/v2\/comments?post=210962"}],"version-history":[{"count":1,"href":"https:\/\/www.eldiario.net\/portal\/wp-json\/wp\/v2\/posts\/210962\/revisions"}],"predecessor-version":[{"id":210963,"href":"https:\/\/www.eldiario.net\/portal\/wp-json\/wp\/v2\/posts\/210962\/revisions\/210963"}],"wp:featuredmedia":[{"embeddable":true,"href":"https:\/\/www.eldiario.net\/portal\/wp-json\/wp\/v2\/media\/158615"}],"wp:attachment":[{"href":"https:\/\/www.eldiario.net\/portal\/wp-json\/wp\/v2\/media?parent=210962"}],"wp:term":[{"taxonomy":"category","embeddable":true,"href":"https:\/\/www.eldiario.net\/portal\/wp-json\/wp\/v2\/categories?post=210962"},{"taxonomy":"post_tag","embeddable":true,"href":"https:\/\/www.eldiario.net\/portal\/wp-json\/wp\/v2\/tags?post=210962"}],"curies":[{"name":"wp","href":"https:\/\/api.w.org\/{rel}","templated":true}]}}