{"id":21096,"date":"2021-08-03T08:07:37","date_gmt":"2021-08-03T12:07:37","guid":{"rendered":"https:\/\/www.eldiario.net\/portal\/?p=21096"},"modified":"2021-08-03T08:07:37","modified_gmt":"2021-08-03T12:07:37","slug":"gobierno-fortalece-produccion-de-hortalizas-y-frutas-en-el-pais","status":"publish","type":"post","link":"https:\/\/www.eldiario.net\/portal\/2021\/08\/03\/gobierno-fortalece-produccion-de-hortalizas-y-frutas-en-el-pais\/","title":{"rendered":"Gobierno fortalece producci\u00f3n de hortalizas y frutas en el pa\u00eds"},"content":{"rendered":"<p>A trav\u00e9s de diferentes programas, el Gobierno lleva adelante la ejecuci\u00f3n de varios proyectos para fortalecer la producci\u00f3n de hortalizas, frutas, ganado, sin embargo, el pa\u00eds requiere de importaci\u00f3n de alimentos para cubrir la demanda interna.<\/p>\n<p>El investigador y docente de la Universidad Mayor de San Andr\u00e9s (UMSA), Lucio Tito, lament\u00f3 que a la fecha no se haya encontrado la autosuficiencia en la producci\u00f3n de alimentos para el mercado interno, y la importaci\u00f3n cubre la demanda de los bolivianos.<\/p>\n<p>A pesar de que en la gesti\u00f3n de Evo Morales se destinaron m\u00e1s de 3.000 tractores al campo, se desconoce la eficiencia de la mecanizaci\u00f3n, y ahora la nueva autoridad del Ministerio de Desarrollo Rural y Tierras comenz\u00f3 con la segunda etapa de entrega de maquinar\u00eda.<\/p>\n<p>Si bien los programas para el sector productivo y ganado benefician a los productores y criadores, se desconoce los resultados, y una muestra, seg\u00fan expertos en el tema, es que la producci\u00f3n de alimentos en el pa\u00eds no se ha mejorado y por ello no puede competir con el importado y menos el contrabando.<\/p>\n<p>Los programas se lanzaron para fortalecer y apuntar a la seguridad y soberan\u00eda alimentaria, como el Fondo de Desarrollo Ind\u00edgena y Campesino (Fondioc), que reparti\u00f3 millones de bolivianos, y a la fecha se desconoce de los resultados, adem\u00e1s se denunci\u00f3 una p\u00e9rdida de m\u00e1s de 1.000 millones de bolivianos, en la gesti\u00f3n de la ministra Nemesia Achacollo.<\/p>\n<p>&nbsp;<\/p>\n<p>ACTOS<\/p>\n<p>En el marco del D\u00eda de la Revoluci\u00f3n Agraria, Productiva y Comunitaria, que se celebr\u00f3 en el pa\u00eds este lunes, el director Pro-Cam\u00e9lidos, Roberto Bonifacio, destac\u00f3 los diferentes programas y proyectos que el Gobierno lleva adelante en beneficio del agro y de las familias bolivianas.<\/p>\n<p>\u00abHoy se celebra este gran d\u00eda de la Revoluci\u00f3n Agraria, Productiva y Comunitaria en el marco de los derechos de las naciones y pueblos ind\u00edgenas originarios y campesinos en el Estado Plurinacional de Bolivia (\u2026). Ya est\u00e1 todo listo para poder recibir estos programas y proyectos\u00bb, dijo.<\/p>\n<p>En ese contexto, se\u00f1al\u00f3 que el Gobierno, a trav\u00e9s del Ministerio de Desarrollo Rural y Tierras (MDRyT), lleva adelante importantes programas y proyectos para fortalecer la producci\u00f3n de hortalizas, cebolla, zanahoria, banano, pi\u00f1a, caf\u00e9, cacao, entre otros alimentos para el pa\u00eds.<\/p>\n<p>Adem\u00e1s, se trabaja para mejorar la producci\u00f3n de la ganader\u00eda bovina y cam\u00e9lida mediante, por ejemplo, el programa Pro-Cam\u00e9lidos y la Instituci\u00f3n P\u00fablica Desconcentrada Soberan\u00eda Alimentaria (IPDSA), a\u00f1adi\u00f3.<\/p>\n<p>\u00abPro-Cam\u00e9lidos (\u2026) est\u00e1 implementado infraestructuras productivas, bienestar y sanidad animal, alimentaci\u00f3n, transformaci\u00f3n, para poder fortalecer a este sector y garantizar el sistema alimentario de nuestro pa\u00eds\u00bb, remarc\u00f3.<\/p>\n<p>Otro aspecto que resalt\u00f3 fue que el Ministerio de Desarrollo Rural y Tierras tambi\u00e9n ejecuta la provisi\u00f3n de agua, sistemas de mecanizaci\u00f3n y tecnificaci\u00f3n, con la finalidad de mejorar la productividad de los agricultores.<\/p>\n<p>\u00abMe parece muy importante estos programas y proyectos. (De esta manera) celebramos este 2 de agosto, que nos permite un reencuentro y adem\u00e1s la reactivaci\u00f3n del sector productivo (para) garantizar el sistema alimentario y principalmente fortalecer la econom\u00eda familiar \u00ab, acot\u00f3. el diario y abi<\/p>\n<p>&nbsp;<\/p>\n","protected":false},"excerpt":{"rendered":"<p>A trav\u00e9s de diferentes programas, el Gobierno lleva adelante la ejecuci\u00f3n de varios proyectos para fortalecer la producci\u00f3n de hortalizas, frutas, ganado, sin embargo, el pa\u00eds requiere de importaci\u00f3n de alimentos para cubrir la demanda interna. El investigador y docente de la Universidad Mayor de San Andr\u00e9s (UMSA), Lucio Tito, lament\u00f3 que a la fecha [&hellip;]<\/p>\n","protected":false},"author":1,"featured_media":21097,"comment_status":"closed","ping_status":"closed","sticky":false,"template":"","format":"standard","meta":{"_acf_changed":false,"footnotes":""},"categories":[7],"tags":[],"class_list":["post-21096","post","type-post","status-publish","format-standard","has-post-thumbnail","category-economia"],"acf":{"antetitulo":""},"yoast_head":"<!-- This site is optimized with the Yoast SEO plugin v28.4 - https:\/\/yoast.com\/product\/yoast-seo-wordpress\/ -->\n<title>Gobierno fortalece producci\u00f3n de hortalizas y frutas en el pa\u00eds - El Diario - Bolivia<\/title>\n<meta name=\"robots\" content=\"index, follow, max-snippet:-1, max-image-preview:large, max-video-preview:-1\" \/>\n<link rel=\"canonical\" href=\"https:\/\/www.eldiario.net\/portal\/2021\/08\/03\/gobierno-fortalece-produccion-de-hortalizas-y-frutas-en-el-pais\/\" \/>\n<meta property=\"og:locale\" content=\"es_ES\" \/>\n<meta property=\"og:type\" content=\"article\" \/>\n<meta property=\"og:title\" content=\"Gobierno fortalece producci\u00f3n de hortalizas y frutas en el pa\u00eds - El Diario - Bolivia\" \/>\n<meta property=\"og:description\" content=\"A trav\u00e9s de diferentes programas, el Gobierno lleva adelante la ejecuci\u00f3n de varios proyectos para fortalecer la producci\u00f3n de hortalizas, frutas, ganado, sin embargo, el pa\u00eds requiere de importaci\u00f3n de alimentos para cubrir la demanda interna. El investigador y docente de la Universidad Mayor de San Andr\u00e9s (UMSA), Lucio Tito, lament\u00f3 que a la fecha [&hellip;]\" \/>\n<meta property=\"og:url\" content=\"https:\/\/www.eldiario.net\/portal\/2021\/08\/03\/gobierno-fortalece-produccion-de-hortalizas-y-frutas-en-el-pais\/\" \/>\n<meta property=\"og:site_name\" content=\"El Diario - Bolivia\" \/>\n<meta property=\"article:publisher\" content=\"https:\/\/www.facebook.com\/eldiario.bolivia\/\" \/>\n<meta property=\"article:published_time\" content=\"2021-08-03T12:07:37+00:00\" \/>\n<meta property=\"og:image\" content=\"https:\/\/www.eldiario.net\/portal\/wp-content\/uploads\/2021\/08\/ECON-Gobierno-fortalece-produccion.jpg\" \/>\n\t<meta property=\"og:image:width\" content=\"1280\" \/>\n\t<meta property=\"og:image:height\" content=\"847\" \/>\n\t<meta property=\"og:image:type\" content=\"image\/jpeg\" \/>\n<meta name=\"author\" content=\"Jeanette\" \/>\n<meta name=\"twitter:card\" content=\"summary_large_image\" \/>\n<meta name=\"twitter:creator\" content=\"@eldiario_net\" \/>\n<meta name=\"twitter:site\" content=\"@eldiario_net\" \/>\n<meta name=\"twitter:label1\" content=\"Escrito por\" \/>\n\t<meta name=\"twitter:data1\" content=\"Jeanette\" \/>\n\t<meta name=\"twitter:label2\" content=\"Tiempo de lectura\" \/>\n\t<meta name=\"twitter:data2\" content=\"3 minutos\" \/>\n<script type=\"application\/ld+json\" class=\"yoast-schema-graph\">{\"@context\":\"https:\\\/\\\/schema.org\",\"@graph\":[{\"@type\":\"Article\",\"@id\":\"https:\\\/\\\/www.eldiario.net\\\/portal\\\/2021\\\/08\\\/03\\\/gobierno-fortalece-produccion-de-hortalizas-y-frutas-en-el-pais\\\/#article\",\"isPartOf\":{\"@id\":\"https:\\\/\\\/www.eldiario.net\\\/portal\\\/2021\\\/08\\\/03\\\/gobierno-fortalece-produccion-de-hortalizas-y-frutas-en-el-pais\\\/\"},\"author\":{\"name\":\"Jeanette\",\"@id\":\"https:\\\/\\\/www.eldiario.net\\\/portal\\\/#\\\/schema\\\/person\\\/f46445640444750d7d753ccd04ae01b7\"},\"headline\":\"Gobierno fortalece producci\u00f3n de hortalizas y frutas en el pa\u00eds\",\"datePublished\":\"2021-08-03T12:07:37+00:00\",\"mainEntityOfPage\":{\"@id\":\"https:\\\/\\\/www.eldiario.net\\\/portal\\\/2021\\\/08\\\/03\\\/gobierno-fortalece-produccion-de-hortalizas-y-frutas-en-el-pais\\\/\"},\"wordCount\":565,\"publisher\":{\"@id\":\"https:\\\/\\\/www.eldiario.net\\\/portal\\\/#organization\"},\"image\":{\"@id\":\"https:\\\/\\\/www.eldiario.net\\\/portal\\\/2021\\\/08\\\/03\\\/gobierno-fortalece-produccion-de-hortalizas-y-frutas-en-el-pais\\\/#primaryimage\"},\"thumbnailUrl\":\"https:\\\/\\\/www.eldiario.net\\\/portal\\\/wp-content\\\/uploads\\\/2021\\\/08\\\/ECON-Gobierno-fortalece-produccion.jpg\",\"articleSection\":[\"Econom\u00eda\"],\"inLanguage\":\"es\"},{\"@type\":\"WebPage\",\"@id\":\"https:\\\/\\\/www.eldiario.net\\\/portal\\\/2021\\\/08\\\/03\\\/gobierno-fortalece-produccion-de-hortalizas-y-frutas-en-el-pais\\\/\",\"url\":\"https:\\\/\\\/www.eldiario.net\\\/portal\\\/2021\\\/08\\\/03\\\/gobierno-fortalece-produccion-de-hortalizas-y-frutas-en-el-pais\\\/\",\"name\":\"Gobierno fortalece producci\u00f3n de hortalizas y frutas en el pa\u00eds - El Diario - Bolivia\",\"isPartOf\":{\"@id\":\"https:\\\/\\\/www.eldiario.net\\\/portal\\\/#website\"},\"primaryImageOfPage\":{\"@id\":\"https:\\\/\\\/www.eldiario.net\\\/portal\\\/2021\\\/08\\\/03\\\/gobierno-fortalece-produccion-de-hortalizas-y-frutas-en-el-pais\\\/#primaryimage\"},\"image\":{\"@id\":\"https:\\\/\\\/www.eldiario.net\\\/portal\\\/2021\\\/08\\\/03\\\/gobierno-fortalece-produccion-de-hortalizas-y-frutas-en-el-pais\\\/#primaryimage\"},\"thumbnailUrl\":\"https:\\\/\\\/www.eldiario.net\\\/portal\\\/wp-content\\\/uploads\\\/2021\\\/08\\\/ECON-Gobierno-fortalece-produccion.jpg\",\"datePublished\":\"2021-08-03T12:07:37+00:00\",\"breadcrumb\":{\"@id\":\"https:\\\/\\\/www.eldiario.net\\\/portal\\\/2021\\\/08\\\/03\\\/gobierno-fortalece-produccion-de-hortalizas-y-frutas-en-el-pais\\\/#breadcrumb\"},\"inLanguage\":\"es\",\"potentialAction\":[{\"@type\":\"ReadAction\",\"target\":[\"https:\\\/\\\/www.eldiario.net\\\/portal\\\/2021\\\/08\\\/03\\\/gobierno-fortalece-produccion-de-hortalizas-y-frutas-en-el-pais\\\/\"]}]},{\"@type\":\"ImageObject\",\"inLanguage\":\"es\",\"@id\":\"https:\\\/\\\/www.eldiario.net\\\/portal\\\/2021\\\/08\\\/03\\\/gobierno-fortalece-produccion-de-hortalizas-y-frutas-en-el-pais\\\/#primaryimage\",\"url\":\"https:\\\/\\\/www.eldiario.net\\\/portal\\\/wp-content\\\/uploads\\\/2021\\\/08\\\/ECON-Gobierno-fortalece-produccion.jpg\",\"contentUrl\":\"https:\\\/\\\/www.eldiario.net\\\/portal\\\/wp-content\\\/uploads\\\/2021\\\/08\\\/ECON-Gobierno-fortalece-produccion.jpg\",\"width\":1280,\"height\":847},{\"@type\":\"BreadcrumbList\",\"@id\":\"https:\\\/\\\/www.eldiario.net\\\/portal\\\/2021\\\/08\\\/03\\\/gobierno-fortalece-produccion-de-hortalizas-y-frutas-en-el-pais\\\/#breadcrumb\",\"itemListElement\":[{\"@type\":\"ListItem\",\"position\":1,\"name\":\"Portada\",\"item\":\"https:\\\/\\\/www.eldiario.net\\\/portal\\\/\"},{\"@type\":\"ListItem\",\"position\":2,\"name\":\"Gobierno fortalece producci\u00f3n de hortalizas y frutas en el pa\u00eds\"}]},{\"@type\":\"WebSite\",\"@id\":\"https:\\\/\\\/www.eldiario.net\\\/portal\\\/#website\",\"url\":\"https:\\\/\\\/www.eldiario.net\\\/portal\\\/\",\"name\":\"El Diario - Decano de la prensa nacional\",\"description\":\"El Diario - Decano de la prensa nacional\",\"publisher\":{\"@id\":\"https:\\\/\\\/www.eldiario.net\\\/portal\\\/#organization\"},\"potentialAction\":[{\"@type\":\"SearchAction\",\"target\":{\"@type\":\"EntryPoint\",\"urlTemplate\":\"https:\\\/\\\/www.eldiario.net\\\/portal\\\/?s={search_term_string}\"},\"query-input\":{\"@type\":\"PropertyValueSpecification\",\"valueRequired\":true,\"valueName\":\"search_term_string\"}}],\"inLanguage\":\"es\"},{\"@type\":\"Organization\",\"@id\":\"https:\\\/\\\/www.eldiario.net\\\/portal\\\/#organization\",\"name\":\"El Diario - Decano de la prensa nacional\",\"url\":\"https:\\\/\\\/www.eldiario.net\\\/portal\\\/\",\"logo\":{\"@type\":\"ImageObject\",\"inLanguage\":\"es\",\"@id\":\"https:\\\/\\\/www.eldiario.net\\\/portal\\\/#\\\/schema\\\/logo\\\/image\\\/\",\"url\":\"https:\\\/\\\/www.eldiario.net\\\/portal\\\/wp-content\\\/uploads\\\/2023\\\/07\\\/logo_ED.jpg\",\"contentUrl\":\"https:\\\/\\\/www.eldiario.net\\\/portal\\\/wp-content\\\/uploads\\\/2023\\\/07\\\/logo_ED.jpg\",\"width\":272,\"height\":52,\"caption\":\"El Diario - Decano de la prensa nacional\"},\"image\":{\"@id\":\"https:\\\/\\\/www.eldiario.net\\\/portal\\\/#\\\/schema\\\/logo\\\/image\\\/\"},\"sameAs\":[\"https:\\\/\\\/www.facebook.com\\\/eldiario.bolivia\\\/\",\"https:\\\/\\\/x.com\\\/eldiario_net\"]},{\"@type\":\"Person\",\"@id\":\"https:\\\/\\\/www.eldiario.net\\\/portal\\\/#\\\/schema\\\/person\\\/f46445640444750d7d753ccd04ae01b7\",\"name\":\"Jeanette\",\"image\":{\"@type\":\"ImageObject\",\"inLanguage\":\"es\",\"@id\":\"https:\\\/\\\/secure.gravatar.com\\\/avatar\\\/3ea2118a5f7dad2b7138b1187a6b7ee55f160b9968b66013c3a3ef39dd7e5798?s=96&d=mm&r=g\",\"url\":\"https:\\\/\\\/secure.gravatar.com\\\/avatar\\\/3ea2118a5f7dad2b7138b1187a6b7ee55f160b9968b66013c3a3ef39dd7e5798?s=96&d=mm&r=g\",\"contentUrl\":\"https:\\\/\\\/secure.gravatar.com\\\/avatar\\\/3ea2118a5f7dad2b7138b1187a6b7ee55f160b9968b66013c3a3ef39dd7e5798?s=96&d=mm&r=g\",\"caption\":\"Jeanette\"},\"sameAs\":[\"https:\\\/\\\/www.eldiario.net\\\/portal\"],\"url\":\"https:\\\/\\\/www.eldiario.net\\\/portal\\\/author\\\/jeanette\\\/\"}]}<\/script>\n<!-- \/ Yoast SEO plugin. -->","yoast_head_json":{"title":"Gobierno fortalece producci\u00f3n de hortalizas y frutas en el pa\u00eds - El Diario - Bolivia","robots":{"index":"index","follow":"follow","max-snippet":"max-snippet:-1","max-image-preview":"max-image-preview:large","max-video-preview":"max-video-preview:-1"},"canonical":"https:\/\/www.eldiario.net\/portal\/2021\/08\/03\/gobierno-fortalece-produccion-de-hortalizas-y-frutas-en-el-pais\/","og_locale":"es_ES","og_type":"article","og_title":"Gobierno fortalece producci\u00f3n de hortalizas y frutas en el pa\u00eds - El Diario - Bolivia","og_description":"A trav\u00e9s de diferentes programas, el Gobierno lleva adelante la ejecuci\u00f3n de varios proyectos para fortalecer la producci\u00f3n de hortalizas, frutas, ganado, sin embargo, el pa\u00eds requiere de importaci\u00f3n de alimentos para cubrir la demanda interna. El investigador y docente de la Universidad Mayor de San Andr\u00e9s (UMSA), Lucio Tito, lament\u00f3 que a la fecha [&hellip;]","og_url":"https:\/\/www.eldiario.net\/portal\/2021\/08\/03\/gobierno-fortalece-produccion-de-hortalizas-y-frutas-en-el-pais\/","og_site_name":"El Diario - Bolivia","article_publisher":"https:\/\/www.facebook.com\/eldiario.bolivia\/","article_published_time":"2021-08-03T12:07:37+00:00","og_image":[{"width":1280,"height":847,"url":"https:\/\/www.eldiario.net\/portal\/wp-content\/uploads\/2021\/08\/ECON-Gobierno-fortalece-produccion.jpg","type":"image\/jpeg"}],"author":"Jeanette","twitter_card":"summary_large_image","twitter_creator":"@eldiario_net","twitter_site":"@eldiario_net","twitter_misc":{"Escrito por":"Jeanette","Tiempo de lectura":"3 minutos"},"schema":{"@context":"https:\/\/schema.org","@graph":[{"@type":"Article","@id":"https:\/\/www.eldiario.net\/portal\/2021\/08\/03\/gobierno-fortalece-produccion-de-hortalizas-y-frutas-en-el-pais\/#article","isPartOf":{"@id":"https:\/\/www.eldiario.net\/portal\/2021\/08\/03\/gobierno-fortalece-produccion-de-hortalizas-y-frutas-en-el-pais\/"},"author":{"name":"Jeanette","@id":"https:\/\/www.eldiario.net\/portal\/#\/schema\/person\/f46445640444750d7d753ccd04ae01b7"},"headline":"Gobierno fortalece producci\u00f3n de hortalizas y frutas en el pa\u00eds","datePublished":"2021-08-03T12:07:37+00:00","mainEntityOfPage":{"@id":"https:\/\/www.eldiario.net\/portal\/2021\/08\/03\/gobierno-fortalece-produccion-de-hortalizas-y-frutas-en-el-pais\/"},"wordCount":565,"publisher":{"@id":"https:\/\/www.eldiario.net\/portal\/#organization"},"image":{"@id":"https:\/\/www.eldiario.net\/portal\/2021\/08\/03\/gobierno-fortalece-produccion-de-hortalizas-y-frutas-en-el-pais\/#primaryimage"},"thumbnailUrl":"https:\/\/www.eldiario.net\/portal\/wp-content\/uploads\/2021\/08\/ECON-Gobierno-fortalece-produccion.jpg","articleSection":["Econom\u00eda"],"inLanguage":"es"},{"@type":"WebPage","@id":"https:\/\/www.eldiario.net\/portal\/2021\/08\/03\/gobierno-fortalece-produccion-de-hortalizas-y-frutas-en-el-pais\/","url":"https:\/\/www.eldiario.net\/portal\/2021\/08\/03\/gobierno-fortalece-produccion-de-hortalizas-y-frutas-en-el-pais\/","name":"Gobierno fortalece producci\u00f3n de hortalizas y frutas en el pa\u00eds - El Diario - Bolivia","isPartOf":{"@id":"https:\/\/www.eldiario.net\/portal\/#website"},"primaryImageOfPage":{"@id":"https:\/\/www.eldiario.net\/portal\/2021\/08\/03\/gobierno-fortalece-produccion-de-hortalizas-y-frutas-en-el-pais\/#primaryimage"},"image":{"@id":"https:\/\/www.eldiario.net\/portal\/2021\/08\/03\/gobierno-fortalece-produccion-de-hortalizas-y-frutas-en-el-pais\/#primaryimage"},"thumbnailUrl":"https:\/\/www.eldiario.net\/portal\/wp-content\/uploads\/2021\/08\/ECON-Gobierno-fortalece-produccion.jpg","datePublished":"2021-08-03T12:07:37+00:00","breadcrumb":{"@id":"https:\/\/www.eldiario.net\/portal\/2021\/08\/03\/gobierno-fortalece-produccion-de-hortalizas-y-frutas-en-el-pais\/#breadcrumb"},"inLanguage":"es","potentialAction":[{"@type":"ReadAction","target":["https:\/\/www.eldiario.net\/portal\/2021\/08\/03\/gobierno-fortalece-produccion-de-hortalizas-y-frutas-en-el-pais\/"]}]},{"@type":"ImageObject","inLanguage":"es","@id":"https:\/\/www.eldiario.net\/portal\/2021\/08\/03\/gobierno-fortalece-produccion-de-hortalizas-y-frutas-en-el-pais\/#primaryimage","url":"https:\/\/www.eldiario.net\/portal\/wp-content\/uploads\/2021\/08\/ECON-Gobierno-fortalece-produccion.jpg","contentUrl":"https:\/\/www.eldiario.net\/portal\/wp-content\/uploads\/2021\/08\/ECON-Gobierno-fortalece-produccion.jpg","width":1280,"height":847},{"@type":"BreadcrumbList","@id":"https:\/\/www.eldiario.net\/portal\/2021\/08\/03\/gobierno-fortalece-produccion-de-hortalizas-y-frutas-en-el-pais\/#breadcrumb","itemListElement":[{"@type":"ListItem","position":1,"name":"Portada","item":"https:\/\/www.eldiario.net\/portal\/"},{"@type":"ListItem","position":2,"name":"Gobierno fortalece producci\u00f3n de hortalizas y frutas en el pa\u00eds"}]},{"@type":"WebSite","@id":"https:\/\/www.eldiario.net\/portal\/#website","url":"https:\/\/www.eldiario.net\/portal\/","name":"El Diario - Decano de la prensa nacional","description":"El Diario - Decano de la prensa nacional","publisher":{"@id":"https:\/\/www.eldiario.net\/portal\/#organization"},"potentialAction":[{"@type":"SearchAction","target":{"@type":"EntryPoint","urlTemplate":"https:\/\/www.eldiario.net\/portal\/?s={search_term_string}"},"query-input":{"@type":"PropertyValueSpecification","valueRequired":true,"valueName":"search_term_string"}}],"inLanguage":"es"},{"@type":"Organization","@id":"https:\/\/www.eldiario.net\/portal\/#organization","name":"El Diario - Decano de la prensa nacional","url":"https:\/\/www.eldiario.net\/portal\/","logo":{"@type":"ImageObject","inLanguage":"es","@id":"https:\/\/www.eldiario.net\/portal\/#\/schema\/logo\/image\/","url":"https:\/\/www.eldiario.net\/portal\/wp-content\/uploads\/2023\/07\/logo_ED.jpg","contentUrl":"https:\/\/www.eldiario.net\/portal\/wp-content\/uploads\/2023\/07\/logo_ED.jpg","width":272,"height":52,"caption":"El Diario - Decano de la prensa nacional"},"image":{"@id":"https:\/\/www.eldiario.net\/portal\/#\/schema\/logo\/image\/"},"sameAs":["https:\/\/www.facebook.com\/eldiario.bolivia\/","https:\/\/x.com\/eldiario_net"]},{"@type":"Person","@id":"https:\/\/www.eldiario.net\/portal\/#\/schema\/person\/f46445640444750d7d753ccd04ae01b7","name":"Jeanette","image":{"@type":"ImageObject","inLanguage":"es","@id":"https:\/\/secure.gravatar.com\/avatar\/3ea2118a5f7dad2b7138b1187a6b7ee55f160b9968b66013c3a3ef39dd7e5798?s=96&d=mm&r=g","url":"https:\/\/secure.gravatar.com\/avatar\/3ea2118a5f7dad2b7138b1187a6b7ee55f160b9968b66013c3a3ef39dd7e5798?s=96&d=mm&r=g","contentUrl":"https:\/\/secure.gravatar.com\/avatar\/3ea2118a5f7dad2b7138b1187a6b7ee55f160b9968b66013c3a3ef39dd7e5798?s=96&d=mm&r=g","caption":"Jeanette"},"sameAs":["https:\/\/www.eldiario.net\/portal"],"url":"https:\/\/www.eldiario.net\/portal\/author\/jeanette\/"}]}},"_links":{"self":[{"href":"https:\/\/www.eldiario.net\/portal\/wp-json\/wp\/v2\/posts\/21096","targetHints":{"allow":["GET"]}}],"collection":[{"href":"https:\/\/www.eldiario.net\/portal\/wp-json\/wp\/v2\/posts"}],"about":[{"href":"https:\/\/www.eldiario.net\/portal\/wp-json\/wp\/v2\/types\/post"}],"author":[{"embeddable":true,"href":"https:\/\/www.eldiario.net\/portal\/wp-json\/wp\/v2\/users\/1"}],"replies":[{"embeddable":true,"href":"https:\/\/www.eldiario.net\/portal\/wp-json\/wp\/v2\/comments?post=21096"}],"version-history":[{"count":0,"href":"https:\/\/www.eldiario.net\/portal\/wp-json\/wp\/v2\/posts\/21096\/revisions"}],"wp:featuredmedia":[{"embeddable":true,"href":"https:\/\/www.eldiario.net\/portal\/wp-json\/wp\/v2\/media\/21097"}],"wp:attachment":[{"href":"https:\/\/www.eldiario.net\/portal\/wp-json\/wp\/v2\/media?parent=21096"}],"wp:term":[{"taxonomy":"category","embeddable":true,"href":"https:\/\/www.eldiario.net\/portal\/wp-json\/wp\/v2\/categories?post=21096"},{"taxonomy":"post_tag","embeddable":true,"href":"https:\/\/www.eldiario.net\/portal\/wp-json\/wp\/v2\/tags?post=21096"}],"curies":[{"name":"wp","href":"https:\/\/api.w.org\/{rel}","templated":true}]}}