{"id":21092,"date":"2021-08-03T08:06:28","date_gmt":"2021-08-03T12:06:28","guid":{"rendered":"https:\/\/www.eldiario.net\/portal\/?p=21092"},"modified":"2021-08-03T08:06:28","modified_gmt":"2021-08-03T12:06:28","slug":"operativo-conjunto-comisa-camion-con-contrabando-argentino-en-warnes","status":"publish","type":"post","link":"https:\/\/www.eldiario.net\/portal\/2021\/08\/03\/operativo-conjunto-comisa-camion-con-contrabando-argentino-en-warnes\/","title":{"rendered":"Operativo conjunto comisa cami\u00f3n con contrabando argentino en Warnes"},"content":{"rendered":"<p>En un operativo realizado el fin de semana, por la Aduana Nacional, las Fuerzas Armadas y la Polic\u00eda, interceptaron un cami\u00f3n que transportaba 47 toneladas de mercader\u00eda de contrabando de procedencia argentina, valuada en aproximadamente 418.000 bolivianos, inform\u00f3 la Gerente Regional de la Aduana en Santa Cruz, Lena P\u00e9rez.<\/p>\n<p>El cami\u00f3n se encontraba en el camino entre Warnes y Okinawa, y fue descubierto debido a que la Aduana est\u00e1 realizando patrullajes por rutas alternas para detectar el ingreso de contrabando.<\/p>\n<p>El cami\u00f3n transportaba, cerveza Corona, Quilmes y Heineken, wisky Doble V, jugos Ades, semillas de girasol, y otros productos procedentes de la Argentina. Al verse descubiertos el chofer y sus acompa\u00f1antes se dieron a la fuga.<\/p>\n<p>Al conocerse del comiso, alertados por el due\u00f1o del cami\u00f3n, los comunarios salieron a la carretera a exigir que la Aduana distribuya los productos entre la poblaci\u00f3n, ya que seg\u00fan ellos habr\u00eda v\u00edveres entre los productos, algo que no era correcto.<\/p>\n<p>P\u00e9rez inform\u00f3 que el due\u00f1o del cami\u00f3n, reuni\u00f3 a los mototaxistas y les dijo que convoquen a la poblaci\u00f3n para que asalten el cami\u00f3n que \u00e9l \u201cles regala la mercanc\u00eda\u201d, de ese modo es que hubo un amague de asalto de parte de la poblaci\u00f3n, extremo que fue parado por las fuerzas del orden.<\/p>\n<p>Seg\u00fan la normativa, (Ley 975, del 13 de septiembre de 2017)\u00a0\u00a0 la mercanc\u00eda consistente en alimentos, comisada por el il\u00edcito de contrabando es adjudicada al Ministerio de la Presidencia, previa certificaci\u00f3n de SENASAG, es decir que en atenci\u00f3n al certificado de esta instancia se determina si la mercanc\u00eda es apta para el consumo, caso contrario va a la destrucci\u00f3n.<\/p>\n<p>P\u00e9rez aclar\u00f3 que los productos encontrados en el cami\u00f3n no contaban con certificaci\u00f3n fitosanitaria, por lo que pueden ser da\u00f1inos para el consumo de la poblaci\u00f3n.<\/p>\n<p>La Aduana seguir\u00e1 trabajando en este tipo de operativos, ya que el contrabando da\u00f1a a la industria nacional y afecta a la econom\u00eda del pa\u00eds, por lo tanto, la lucha contra el contrabando debe ser una tarea de todos los bolivianos se\u00f1al\u00f3 la gerente regional.<\/p>\n<p>Entre enero y julio de la presente gesti\u00f3n, se han comisado m\u00e1s de 279 millones de bolivianos en todo el territorio nacional y solo en el departamento de Santa Cruz se realizaron 508 operativos, con comisos valuados en 33.465.218 bolivianos.<\/p>\n<p>Entre las principales mercanc\u00edas comisadas en el departamento de Santa Cruz est\u00e1n los veh\u00edculos (autom\u00f3viles, tractores, partes y repuestos); bebidas alcoh\u00f3licas y vinagres; Semillas y frutos oleaginosos (semillas y frutos diversos; plantas industriales o medicinales; paja y forraje); y textiles, ropa nueva, etc.\u00a0 La mayor parte de la mercanc\u00eda procede los vecinos pa\u00edses de Brasil en primer lugar y Argentina en segundo.<\/p>\n<p>La mercader\u00eda comisada fue traslada Recinto Aduanero Interior Santa Cruz para su valoraci\u00f3n y resguardo.<\/p>\n<p>A pesar del trabajo de la Aduana, el sector privado se\u00f1ala que el contrabando mueve m\u00e1s de 3.000 millones de d\u00f3lares al a\u00f1o, y los comisos no ser\u00edan significativos, y es por ello que sugirieron municipalizar la lucha contra el comercio il\u00edcito.<\/p>\n","protected":false},"excerpt":{"rendered":"<p>En un operativo realizado el fin de semana, por la Aduana Nacional, las Fuerzas Armadas y la Polic\u00eda, interceptaron un cami\u00f3n que transportaba 47 toneladas de mercader\u00eda de contrabando de procedencia argentina, valuada en aproximadamente 418.000 bolivianos, inform\u00f3 la Gerente Regional de la Aduana en Santa Cruz, Lena P\u00e9rez. El cami\u00f3n se encontraba en el [&hellip;]<\/p>\n","protected":false},"author":1,"featured_media":21094,"comment_status":"closed","ping_status":"closed","sticky":false,"template":"","format":"standard","meta":{"_acf_changed":false,"footnotes":""},"categories":[7],"tags":[],"class_list":["post-21092","post","type-post","status-publish","format-standard","has-post-thumbnail","category-economia"],"acf":{"antetitulo":""},"yoast_head":"<!-- This site is optimized with the Yoast SEO plugin v28.4 - https:\/\/yoast.com\/product\/yoast-seo-wordpress\/ -->\n<title>Operativo conjunto comisa cami\u00f3n con contrabando argentino en Warnes - El Diario - Bolivia<\/title>\n<meta name=\"robots\" content=\"index, follow, max-snippet:-1, max-image-preview:large, max-video-preview:-1\" \/>\n<link rel=\"canonical\" href=\"https:\/\/www.eldiario.net\/portal\/2021\/08\/03\/operativo-conjunto-comisa-camion-con-contrabando-argentino-en-warnes\/\" \/>\n<meta property=\"og:locale\" content=\"es_ES\" \/>\n<meta property=\"og:type\" content=\"article\" \/>\n<meta property=\"og:title\" content=\"Operativo conjunto comisa cami\u00f3n con contrabando argentino en Warnes - El Diario - Bolivia\" \/>\n<meta property=\"og:description\" content=\"En un operativo realizado el fin de semana, por la Aduana Nacional, las Fuerzas Armadas y la Polic\u00eda, interceptaron un cami\u00f3n que transportaba 47 toneladas de mercader\u00eda de contrabando de procedencia argentina, valuada en aproximadamente 418.000 bolivianos, inform\u00f3 la Gerente Regional de la Aduana en Santa Cruz, Lena P\u00e9rez. El cami\u00f3n se encontraba en el [&hellip;]\" \/>\n<meta property=\"og:url\" content=\"https:\/\/www.eldiario.net\/portal\/2021\/08\/03\/operativo-conjunto-comisa-camion-con-contrabando-argentino-en-warnes\/\" \/>\n<meta property=\"og:site_name\" content=\"El Diario - Bolivia\" \/>\n<meta property=\"article:publisher\" content=\"https:\/\/www.facebook.com\/eldiario.bolivia\/\" \/>\n<meta property=\"article:published_time\" content=\"2021-08-03T12:06:28+00:00\" \/>\n<meta property=\"og:image\" content=\"https:\/\/www.eldiario.net\/portal\/wp-content\/uploads\/2021\/08\/ECON-Operativo-conjunto-comisa-camion.jpg\" \/>\n\t<meta property=\"og:image:width\" content=\"1\" \/>\n\t<meta property=\"og:image:height\" content=\"1\" \/>\n\t<meta property=\"og:image:type\" content=\"image\/jpeg\" \/>\n<meta name=\"author\" content=\"Jeanette\" \/>\n<meta name=\"twitter:card\" content=\"summary_large_image\" \/>\n<meta name=\"twitter:creator\" content=\"@eldiario_net\" \/>\n<meta name=\"twitter:site\" content=\"@eldiario_net\" \/>\n<meta name=\"twitter:label1\" content=\"Escrito por\" \/>\n\t<meta name=\"twitter:data1\" content=\"Jeanette\" \/>\n\t<meta name=\"twitter:label2\" content=\"Tiempo de lectura\" \/>\n\t<meta name=\"twitter:data2\" content=\"3 minutos\" \/>\n<script type=\"application\/ld+json\" class=\"yoast-schema-graph\">{\"@context\":\"https:\\\/\\\/schema.org\",\"@graph\":[{\"@type\":\"Article\",\"@id\":\"https:\\\/\\\/www.eldiario.net\\\/portal\\\/2021\\\/08\\\/03\\\/operativo-conjunto-comisa-camion-con-contrabando-argentino-en-warnes\\\/#article\",\"isPartOf\":{\"@id\":\"https:\\\/\\\/www.eldiario.net\\\/portal\\\/2021\\\/08\\\/03\\\/operativo-conjunto-comisa-camion-con-contrabando-argentino-en-warnes\\\/\"},\"author\":{\"name\":\"Jeanette\",\"@id\":\"https:\\\/\\\/www.eldiario.net\\\/portal\\\/#\\\/schema\\\/person\\\/f46445640444750d7d753ccd04ae01b7\"},\"headline\":\"Operativo conjunto comisa cami\u00f3n con contrabando argentino en Warnes\",\"datePublished\":\"2021-08-03T12:06:28+00:00\",\"mainEntityOfPage\":{\"@id\":\"https:\\\/\\\/www.eldiario.net\\\/portal\\\/2021\\\/08\\\/03\\\/operativo-conjunto-comisa-camion-con-contrabando-argentino-en-warnes\\\/\"},\"wordCount\":554,\"publisher\":{\"@id\":\"https:\\\/\\\/www.eldiario.net\\\/portal\\\/#organization\"},\"image\":{\"@id\":\"https:\\\/\\\/www.eldiario.net\\\/portal\\\/2021\\\/08\\\/03\\\/operativo-conjunto-comisa-camion-con-contrabando-argentino-en-warnes\\\/#primaryimage\"},\"thumbnailUrl\":\"https:\\\/\\\/www.eldiario.net\\\/portal\\\/wp-content\\\/uploads\\\/2021\\\/08\\\/ECON-Operativo-conjunto-comisa-camion.jpg\",\"articleSection\":[\"Econom\u00eda\"],\"inLanguage\":\"es\"},{\"@type\":\"WebPage\",\"@id\":\"https:\\\/\\\/www.eldiario.net\\\/portal\\\/2021\\\/08\\\/03\\\/operativo-conjunto-comisa-camion-con-contrabando-argentino-en-warnes\\\/\",\"url\":\"https:\\\/\\\/www.eldiario.net\\\/portal\\\/2021\\\/08\\\/03\\\/operativo-conjunto-comisa-camion-con-contrabando-argentino-en-warnes\\\/\",\"name\":\"Operativo conjunto comisa cami\u00f3n con contrabando argentino en Warnes - El Diario - Bolivia\",\"isPartOf\":{\"@id\":\"https:\\\/\\\/www.eldiario.net\\\/portal\\\/#website\"},\"primaryImageOfPage\":{\"@id\":\"https:\\\/\\\/www.eldiario.net\\\/portal\\\/2021\\\/08\\\/03\\\/operativo-conjunto-comisa-camion-con-contrabando-argentino-en-warnes\\\/#primaryimage\"},\"image\":{\"@id\":\"https:\\\/\\\/www.eldiario.net\\\/portal\\\/2021\\\/08\\\/03\\\/operativo-conjunto-comisa-camion-con-contrabando-argentino-en-warnes\\\/#primaryimage\"},\"thumbnailUrl\":\"https:\\\/\\\/www.eldiario.net\\\/portal\\\/wp-content\\\/uploads\\\/2021\\\/08\\\/ECON-Operativo-conjunto-comisa-camion.jpg\",\"datePublished\":\"2021-08-03T12:06:28+00:00\",\"breadcrumb\":{\"@id\":\"https:\\\/\\\/www.eldiario.net\\\/portal\\\/2021\\\/08\\\/03\\\/operativo-conjunto-comisa-camion-con-contrabando-argentino-en-warnes\\\/#breadcrumb\"},\"inLanguage\":\"es\",\"potentialAction\":[{\"@type\":\"ReadAction\",\"target\":[\"https:\\\/\\\/www.eldiario.net\\\/portal\\\/2021\\\/08\\\/03\\\/operativo-conjunto-comisa-camion-con-contrabando-argentino-en-warnes\\\/\"]}]},{\"@type\":\"ImageObject\",\"inLanguage\":\"es\",\"@id\":\"https:\\\/\\\/www.eldiario.net\\\/portal\\\/2021\\\/08\\\/03\\\/operativo-conjunto-comisa-camion-con-contrabando-argentino-en-warnes\\\/#primaryimage\",\"url\":\"https:\\\/\\\/www.eldiario.net\\\/portal\\\/wp-content\\\/uploads\\\/2021\\\/08\\\/ECON-Operativo-conjunto-comisa-camion.jpg\",\"contentUrl\":\"https:\\\/\\\/www.eldiario.net\\\/portal\\\/wp-content\\\/uploads\\\/2021\\\/08\\\/ECON-Operativo-conjunto-comisa-camion.jpg\"},{\"@type\":\"BreadcrumbList\",\"@id\":\"https:\\\/\\\/www.eldiario.net\\\/portal\\\/2021\\\/08\\\/03\\\/operativo-conjunto-comisa-camion-con-contrabando-argentino-en-warnes\\\/#breadcrumb\",\"itemListElement\":[{\"@type\":\"ListItem\",\"position\":1,\"name\":\"Portada\",\"item\":\"https:\\\/\\\/www.eldiario.net\\\/portal\\\/\"},{\"@type\":\"ListItem\",\"position\":2,\"name\":\"Operativo conjunto comisa cami\u00f3n con contrabando argentino en Warnes\"}]},{\"@type\":\"WebSite\",\"@id\":\"https:\\\/\\\/www.eldiario.net\\\/portal\\\/#website\",\"url\":\"https:\\\/\\\/www.eldiario.net\\\/portal\\\/\",\"name\":\"El Diario - Decano de la prensa nacional\",\"description\":\"El Diario - Decano de la prensa nacional\",\"publisher\":{\"@id\":\"https:\\\/\\\/www.eldiario.net\\\/portal\\\/#organization\"},\"potentialAction\":[{\"@type\":\"SearchAction\",\"target\":{\"@type\":\"EntryPoint\",\"urlTemplate\":\"https:\\\/\\\/www.eldiario.net\\\/portal\\\/?s={search_term_string}\"},\"query-input\":{\"@type\":\"PropertyValueSpecification\",\"valueRequired\":true,\"valueName\":\"search_term_string\"}}],\"inLanguage\":\"es\"},{\"@type\":\"Organization\",\"@id\":\"https:\\\/\\\/www.eldiario.net\\\/portal\\\/#organization\",\"name\":\"El Diario - Decano de la prensa nacional\",\"url\":\"https:\\\/\\\/www.eldiario.net\\\/portal\\\/\",\"logo\":{\"@type\":\"ImageObject\",\"inLanguage\":\"es\",\"@id\":\"https:\\\/\\\/www.eldiario.net\\\/portal\\\/#\\\/schema\\\/logo\\\/image\\\/\",\"url\":\"https:\\\/\\\/www.eldiario.net\\\/portal\\\/wp-content\\\/uploads\\\/2023\\\/07\\\/logo_ED.jpg\",\"contentUrl\":\"https:\\\/\\\/www.eldiario.net\\\/portal\\\/wp-content\\\/uploads\\\/2023\\\/07\\\/logo_ED.jpg\",\"width\":272,\"height\":52,\"caption\":\"El Diario - Decano de la prensa nacional\"},\"image\":{\"@id\":\"https:\\\/\\\/www.eldiario.net\\\/portal\\\/#\\\/schema\\\/logo\\\/image\\\/\"},\"sameAs\":[\"https:\\\/\\\/www.facebook.com\\\/eldiario.bolivia\\\/\",\"https:\\\/\\\/x.com\\\/eldiario_net\"]},{\"@type\":\"Person\",\"@id\":\"https:\\\/\\\/www.eldiario.net\\\/portal\\\/#\\\/schema\\\/person\\\/f46445640444750d7d753ccd04ae01b7\",\"name\":\"Jeanette\",\"image\":{\"@type\":\"ImageObject\",\"inLanguage\":\"es\",\"@id\":\"https:\\\/\\\/secure.gravatar.com\\\/avatar\\\/3ea2118a5f7dad2b7138b1187a6b7ee55f160b9968b66013c3a3ef39dd7e5798?s=96&d=mm&r=g\",\"url\":\"https:\\\/\\\/secure.gravatar.com\\\/avatar\\\/3ea2118a5f7dad2b7138b1187a6b7ee55f160b9968b66013c3a3ef39dd7e5798?s=96&d=mm&r=g\",\"contentUrl\":\"https:\\\/\\\/secure.gravatar.com\\\/avatar\\\/3ea2118a5f7dad2b7138b1187a6b7ee55f160b9968b66013c3a3ef39dd7e5798?s=96&d=mm&r=g\",\"caption\":\"Jeanette\"},\"sameAs\":[\"https:\\\/\\\/www.eldiario.net\\\/portal\"],\"url\":\"https:\\\/\\\/www.eldiario.net\\\/portal\\\/author\\\/jeanette\\\/\"}]}<\/script>\n<!-- \/ Yoast SEO plugin. -->","yoast_head_json":{"title":"Operativo conjunto comisa cami\u00f3n con contrabando argentino en Warnes - El Diario - Bolivia","robots":{"index":"index","follow":"follow","max-snippet":"max-snippet:-1","max-image-preview":"max-image-preview:large","max-video-preview":"max-video-preview:-1"},"canonical":"https:\/\/www.eldiario.net\/portal\/2021\/08\/03\/operativo-conjunto-comisa-camion-con-contrabando-argentino-en-warnes\/","og_locale":"es_ES","og_type":"article","og_title":"Operativo conjunto comisa cami\u00f3n con contrabando argentino en Warnes - El Diario - Bolivia","og_description":"En un operativo realizado el fin de semana, por la Aduana Nacional, las Fuerzas Armadas y la Polic\u00eda, interceptaron un cami\u00f3n que transportaba 47 toneladas de mercader\u00eda de contrabando de procedencia argentina, valuada en aproximadamente 418.000 bolivianos, inform\u00f3 la Gerente Regional de la Aduana en Santa Cruz, Lena P\u00e9rez. El cami\u00f3n se encontraba en el [&hellip;]","og_url":"https:\/\/www.eldiario.net\/portal\/2021\/08\/03\/operativo-conjunto-comisa-camion-con-contrabando-argentino-en-warnes\/","og_site_name":"El Diario - Bolivia","article_publisher":"https:\/\/www.facebook.com\/eldiario.bolivia\/","article_published_time":"2021-08-03T12:06:28+00:00","og_image":[{"url":"https:\/\/www.eldiario.net\/portal\/wp-content\/uploads\/2021\/08\/ECON-Operativo-conjunto-comisa-camion.jpg","width":1,"height":1,"type":"image\/jpeg"}],"author":"Jeanette","twitter_card":"summary_large_image","twitter_creator":"@eldiario_net","twitter_site":"@eldiario_net","twitter_misc":{"Escrito por":"Jeanette","Tiempo de lectura":"3 minutos"},"schema":{"@context":"https:\/\/schema.org","@graph":[{"@type":"Article","@id":"https:\/\/www.eldiario.net\/portal\/2021\/08\/03\/operativo-conjunto-comisa-camion-con-contrabando-argentino-en-warnes\/#article","isPartOf":{"@id":"https:\/\/www.eldiario.net\/portal\/2021\/08\/03\/operativo-conjunto-comisa-camion-con-contrabando-argentino-en-warnes\/"},"author":{"name":"Jeanette","@id":"https:\/\/www.eldiario.net\/portal\/#\/schema\/person\/f46445640444750d7d753ccd04ae01b7"},"headline":"Operativo conjunto comisa cami\u00f3n con contrabando argentino en Warnes","datePublished":"2021-08-03T12:06:28+00:00","mainEntityOfPage":{"@id":"https:\/\/www.eldiario.net\/portal\/2021\/08\/03\/operativo-conjunto-comisa-camion-con-contrabando-argentino-en-warnes\/"},"wordCount":554,"publisher":{"@id":"https:\/\/www.eldiario.net\/portal\/#organization"},"image":{"@id":"https:\/\/www.eldiario.net\/portal\/2021\/08\/03\/operativo-conjunto-comisa-camion-con-contrabando-argentino-en-warnes\/#primaryimage"},"thumbnailUrl":"https:\/\/www.eldiario.net\/portal\/wp-content\/uploads\/2021\/08\/ECON-Operativo-conjunto-comisa-camion.jpg","articleSection":["Econom\u00eda"],"inLanguage":"es"},{"@type":"WebPage","@id":"https:\/\/www.eldiario.net\/portal\/2021\/08\/03\/operativo-conjunto-comisa-camion-con-contrabando-argentino-en-warnes\/","url":"https:\/\/www.eldiario.net\/portal\/2021\/08\/03\/operativo-conjunto-comisa-camion-con-contrabando-argentino-en-warnes\/","name":"Operativo conjunto comisa cami\u00f3n con contrabando argentino en Warnes - El Diario - Bolivia","isPartOf":{"@id":"https:\/\/www.eldiario.net\/portal\/#website"},"primaryImageOfPage":{"@id":"https:\/\/www.eldiario.net\/portal\/2021\/08\/03\/operativo-conjunto-comisa-camion-con-contrabando-argentino-en-warnes\/#primaryimage"},"image":{"@id":"https:\/\/www.eldiario.net\/portal\/2021\/08\/03\/operativo-conjunto-comisa-camion-con-contrabando-argentino-en-warnes\/#primaryimage"},"thumbnailUrl":"https:\/\/www.eldiario.net\/portal\/wp-content\/uploads\/2021\/08\/ECON-Operativo-conjunto-comisa-camion.jpg","datePublished":"2021-08-03T12:06:28+00:00","breadcrumb":{"@id":"https:\/\/www.eldiario.net\/portal\/2021\/08\/03\/operativo-conjunto-comisa-camion-con-contrabando-argentino-en-warnes\/#breadcrumb"},"inLanguage":"es","potentialAction":[{"@type":"ReadAction","target":["https:\/\/www.eldiario.net\/portal\/2021\/08\/03\/operativo-conjunto-comisa-camion-con-contrabando-argentino-en-warnes\/"]}]},{"@type":"ImageObject","inLanguage":"es","@id":"https:\/\/www.eldiario.net\/portal\/2021\/08\/03\/operativo-conjunto-comisa-camion-con-contrabando-argentino-en-warnes\/#primaryimage","url":"https:\/\/www.eldiario.net\/portal\/wp-content\/uploads\/2021\/08\/ECON-Operativo-conjunto-comisa-camion.jpg","contentUrl":"https:\/\/www.eldiario.net\/portal\/wp-content\/uploads\/2021\/08\/ECON-Operativo-conjunto-comisa-camion.jpg"},{"@type":"BreadcrumbList","@id":"https:\/\/www.eldiario.net\/portal\/2021\/08\/03\/operativo-conjunto-comisa-camion-con-contrabando-argentino-en-warnes\/#breadcrumb","itemListElement":[{"@type":"ListItem","position":1,"name":"Portada","item":"https:\/\/www.eldiario.net\/portal\/"},{"@type":"ListItem","position":2,"name":"Operativo conjunto comisa cami\u00f3n con contrabando argentino en Warnes"}]},{"@type":"WebSite","@id":"https:\/\/www.eldiario.net\/portal\/#website","url":"https:\/\/www.eldiario.net\/portal\/","name":"El Diario - Decano de la prensa nacional","description":"El Diario - Decano de la prensa nacional","publisher":{"@id":"https:\/\/www.eldiario.net\/portal\/#organization"},"potentialAction":[{"@type":"SearchAction","target":{"@type":"EntryPoint","urlTemplate":"https:\/\/www.eldiario.net\/portal\/?s={search_term_string}"},"query-input":{"@type":"PropertyValueSpecification","valueRequired":true,"valueName":"search_term_string"}}],"inLanguage":"es"},{"@type":"Organization","@id":"https:\/\/www.eldiario.net\/portal\/#organization","name":"El Diario - Decano de la prensa nacional","url":"https:\/\/www.eldiario.net\/portal\/","logo":{"@type":"ImageObject","inLanguage":"es","@id":"https:\/\/www.eldiario.net\/portal\/#\/schema\/logo\/image\/","url":"https:\/\/www.eldiario.net\/portal\/wp-content\/uploads\/2023\/07\/logo_ED.jpg","contentUrl":"https:\/\/www.eldiario.net\/portal\/wp-content\/uploads\/2023\/07\/logo_ED.jpg","width":272,"height":52,"caption":"El Diario - Decano de la prensa nacional"},"image":{"@id":"https:\/\/www.eldiario.net\/portal\/#\/schema\/logo\/image\/"},"sameAs":["https:\/\/www.facebook.com\/eldiario.bolivia\/","https:\/\/x.com\/eldiario_net"]},{"@type":"Person","@id":"https:\/\/www.eldiario.net\/portal\/#\/schema\/person\/f46445640444750d7d753ccd04ae01b7","name":"Jeanette","image":{"@type":"ImageObject","inLanguage":"es","@id":"https:\/\/secure.gravatar.com\/avatar\/3ea2118a5f7dad2b7138b1187a6b7ee55f160b9968b66013c3a3ef39dd7e5798?s=96&d=mm&r=g","url":"https:\/\/secure.gravatar.com\/avatar\/3ea2118a5f7dad2b7138b1187a6b7ee55f160b9968b66013c3a3ef39dd7e5798?s=96&d=mm&r=g","contentUrl":"https:\/\/secure.gravatar.com\/avatar\/3ea2118a5f7dad2b7138b1187a6b7ee55f160b9968b66013c3a3ef39dd7e5798?s=96&d=mm&r=g","caption":"Jeanette"},"sameAs":["https:\/\/www.eldiario.net\/portal"],"url":"https:\/\/www.eldiario.net\/portal\/author\/jeanette\/"}]}},"_links":{"self":[{"href":"https:\/\/www.eldiario.net\/portal\/wp-json\/wp\/v2\/posts\/21092","targetHints":{"allow":["GET"]}}],"collection":[{"href":"https:\/\/www.eldiario.net\/portal\/wp-json\/wp\/v2\/posts"}],"about":[{"href":"https:\/\/www.eldiario.net\/portal\/wp-json\/wp\/v2\/types\/post"}],"author":[{"embeddable":true,"href":"https:\/\/www.eldiario.net\/portal\/wp-json\/wp\/v2\/users\/1"}],"replies":[{"embeddable":true,"href":"https:\/\/www.eldiario.net\/portal\/wp-json\/wp\/v2\/comments?post=21092"}],"version-history":[{"count":0,"href":"https:\/\/www.eldiario.net\/portal\/wp-json\/wp\/v2\/posts\/21092\/revisions"}],"wp:featuredmedia":[{"embeddable":true,"href":"https:\/\/www.eldiario.net\/portal\/wp-json\/wp\/v2\/media\/21094"}],"wp:attachment":[{"href":"https:\/\/www.eldiario.net\/portal\/wp-json\/wp\/v2\/media?parent=21092"}],"wp:term":[{"taxonomy":"category","embeddable":true,"href":"https:\/\/www.eldiario.net\/portal\/wp-json\/wp\/v2\/categories?post=21092"},{"taxonomy":"post_tag","embeddable":true,"href":"https:\/\/www.eldiario.net\/portal\/wp-json\/wp\/v2\/tags?post=21092"}],"curies":[{"name":"wp","href":"https:\/\/api.w.org\/{rel}","templated":true}]}}