{"id":21086,"date":"2021-08-03T08:02:47","date_gmt":"2021-08-03T12:02:47","guid":{"rendered":"https:\/\/www.eldiario.net\/portal\/?p=21086"},"modified":"2021-08-03T08:02:47","modified_gmt":"2021-08-03T12:02:47","slug":"fmi-aprobo-ayuda-mundial-de-us-650-mil-millones-contra-covid-19","status":"publish","type":"post","link":"https:\/\/www.eldiario.net\/portal\/2021\/08\/03\/fmi-aprobo-ayuda-mundial-de-us-650-mil-millones-contra-covid-19\/","title":{"rendered":"FMI aprob\u00f3 ayuda mundial de $us 650 mil millones contra Covid-19"},"content":{"rendered":"<p>La creaci\u00f3n de activos de reserva, conocidos como derechos especiales de giro (DEG), es la primera desde los USD 250.000 millones que emiti\u00f3 justo despu\u00e9s de la crisis financiera mundial de 2009. Cada pa\u00eds miembro del organismo de cr\u00e9dito recibir\u00e1 un porcentaje de acuerdo a su aporte.<\/p>\n<p>El Fondo Monetario Internacional (FMI) aprob\u00f3 la mayor inyecci\u00f3n de recursos en su historia, con USD 650.000 millones destinados a ayudar a las naciones a lidiar con la creciente deuda y las consecuencias de la pandemia de Covid-19.<\/p>\n<p>La creaci\u00f3n de activos de reserva, conocidos como derechos especiales de giro (DEG), es la primera desde los USD 250.000 millones que emiti\u00f3 justo despu\u00e9s de la crisis financiera mundial de 2009. La directora gerente del FMI, Kristalina Georgieva, lo calific\u00f3 como un \u201cpropulsor\u201d que ayudar\u00e1 a impulsar la estabilidad econ\u00f3mica mundial.<\/p>\n<p>\u201cSe trata de una decisi\u00f3n hist\u00f3rica: la mayor asignaci\u00f3n de DEG en la historia del FMI y una inyecci\u00f3n de energ\u00eda para la econom\u00eda mundial en un momento de crisis sin precedentes. La asignaci\u00f3n de DEG beneficiar\u00e1 a todos los miembros, abordar\u00e1 la necesidad mundial de reservas a largo plazo, crear\u00e1 confianza y fomentar\u00e1 la resistencia y la estabilidad de la econom\u00eda mundial\u201d, dijo Georgieva, que agreg\u00f3: \u201cAyudar\u00e1 especialmente a nuestros pa\u00edses m\u00e1s vulnerables que luchan por hacer frente al impacto de la crisis Covid-19\u2033.<\/p>\n<p>Seg\u00fan inform\u00f3 el organismo, \u201calrededor de 275.000 millones de d\u00f3lares (unos 193.000 millones de DEG) de la nueva asignaci\u00f3n se destinar\u00e1n a los mercados emergentes y a los pa\u00edses en desarrollo, incluidos los de bajos ingresos\u201d.<\/p>\n<p>\u201cTambi\u00e9n seguiremos comprometi\u00e9ndonos activamente con nuestros miembros para identificar opciones viables para la canalizaci\u00f3n voluntaria de DEG desde los pa\u00edses miembros m\u00e1s ricos a los m\u00e1s pobres y vulnerables para apoyar su recuperaci\u00f3n de la pandemia y lograr un crecimiento resistente y sostenible\u201d, agreg\u00f3 Georgieva.<\/p>\n<p>El comunicado del FMI concluy\u00f3 que \u201cuna opci\u00f3n clave es que los miembros que tienen una fuerte posici\u00f3n externa canalicen voluntariamente parte de sus DEG para aumentar los pr\u00e9stamos a los pa\u00edses de bajos ingresos a trav\u00e9s del Fondo Fiduciario para el Crecimiento y la Reducci\u00f3n de la Pobreza (FFRC) del FMI\u201d.<\/p>\n<p>\u201cEl apoyo concesional a trav\u00e9s del FFRC no tiene actualmente intereses. El FMI tambi\u00e9n est\u00e1 explorando otras opciones para ayudar a los pa\u00edses m\u00e1s pobres y vulnerables en sus esfuerzos de recuperaci\u00f3n. Podr\u00eda estudiarse la posibilidad de crear un nuevo fondo fiduciario de resiliencia y sostenibilidad para facilitar un crecimiento m\u00e1s resistente y sostenible a medio plazo\u201d, concluy\u00f3 el organismo.<\/p>\n<p>El FMI est\u00e1 compuesto por alrededor de 190 pa\u00edses y todos ellos recibir\u00e1n un porcentaje de esos USD 650.000 millones. El n\u00famero final se definir\u00e1 seg\u00fan el aporte de cada naci\u00f3n y las necesidades extraordinarias.<\/p>\n<p>El organismo de cr\u00e9dito define a los DEG como \u201cun activo de reserva internacional que puede complementar los activos de reserva de los pa\u00edses miembros que participan en el Departamento de DEG\u201d.<\/p>\n<p>\u201cUna asignaci\u00f3n general de DEG debe ce\u00f1irse al objetivo de atender la necesidad mundial a largo plazo de complementar los activos de reserva y requiere la aprobaci\u00f3n de la Junta de Gobernadores con una mayor\u00eda de 85% del total de votos. Una vez convenida, la asignaci\u00f3n se distribuye a los pa\u00edses miembros en proporci\u00f3n a su cuota relativa en el FMI. Los miembros del FMI tambi\u00e9n pueden realizar entre s\u00ed intercambios voluntarios de DEG por monedas\u201d, se detalla en el reglamento del FMI.<\/p>\n<p>En julio, los ministros de finanzas del G20 le pidieron al FMI que acelerara la decisi\u00f3n sobre los DEG y pidieron que el organismo que \u201cpresente r\u00e1pidamente opciones para que los pa\u00edses canalicen voluntariamente una parte de sus DEG asignados para ayudar a los pa\u00edses vulnerables\u201d.<\/p>\n<p>\u201cPedimos que todos los pa\u00edses que puedan hacerlo contribuyan para alcanzar un objetivo ambicioso de apoyo a los pa\u00edses vulnerables\u201d, indica la declaraci\u00f3n conjunta de las naciones m\u00e1s poderosas. (Bloomberg\/infobae)<\/p>\n","protected":false},"excerpt":{"rendered":"<p>La creaci\u00f3n de activos de reserva, conocidos como derechos especiales de giro (DEG), es la primera desde los USD 250.000 millones que emiti\u00f3 justo despu\u00e9s de la crisis financiera mundial de 2009. Cada pa\u00eds miembro del organismo de cr\u00e9dito recibir\u00e1 un porcentaje de acuerdo a su aporte. El Fondo Monetario Internacional (FMI) aprob\u00f3 la mayor [&hellip;]<\/p>\n","protected":false},"author":1,"featured_media":21087,"comment_status":"closed","ping_status":"closed","sticky":false,"template":"","format":"standard","meta":{"_acf_changed":false,"footnotes":""},"categories":[3],"tags":[],"class_list":["post-21086","post","type-post","status-publish","format-standard","has-post-thumbnail","category-internacional"],"acf":{"antetitulo":""},"yoast_head":"<!-- This site is optimized with the Yoast SEO plugin v28.4 - https:\/\/yoast.com\/product\/yoast-seo-wordpress\/ -->\n<title>FMI aprob\u00f3 ayuda mundial de $us 650 mil millones contra Covid-19 - El Diario - Bolivia<\/title>\n<meta name=\"robots\" content=\"index, follow, max-snippet:-1, max-image-preview:large, max-video-preview:-1\" \/>\n<link rel=\"canonical\" href=\"https:\/\/www.eldiario.net\/portal\/2021\/08\/03\/fmi-aprobo-ayuda-mundial-de-us-650-mil-millones-contra-covid-19\/\" \/>\n<meta property=\"og:locale\" content=\"es_ES\" \/>\n<meta property=\"og:type\" content=\"article\" \/>\n<meta property=\"og:title\" content=\"FMI aprob\u00f3 ayuda mundial de $us 650 mil millones contra Covid-19 - El Diario - Bolivia\" \/>\n<meta property=\"og:description\" content=\"La creaci\u00f3n de activos de reserva, conocidos como derechos especiales de giro (DEG), es la primera desde los USD 250.000 millones que emiti\u00f3 justo despu\u00e9s de la crisis financiera mundial de 2009. Cada pa\u00eds miembro del organismo de cr\u00e9dito recibir\u00e1 un porcentaje de acuerdo a su aporte. El Fondo Monetario Internacional (FMI) aprob\u00f3 la mayor [&hellip;]\" \/>\n<meta property=\"og:url\" content=\"https:\/\/www.eldiario.net\/portal\/2021\/08\/03\/fmi-aprobo-ayuda-mundial-de-us-650-mil-millones-contra-covid-19\/\" \/>\n<meta property=\"og:site_name\" content=\"El Diario - Bolivia\" \/>\n<meta property=\"article:publisher\" content=\"https:\/\/www.facebook.com\/eldiario.bolivia\/\" \/>\n<meta property=\"article:published_time\" content=\"2021-08-03T12:02:47+00:00\" \/>\n<meta name=\"author\" content=\"Jeanette\" \/>\n<meta name=\"twitter:card\" content=\"summary_large_image\" \/>\n<meta name=\"twitter:creator\" content=\"@eldiario_net\" \/>\n<meta name=\"twitter:site\" content=\"@eldiario_net\" \/>\n<meta name=\"twitter:label1\" content=\"Escrito por\" \/>\n\t<meta name=\"twitter:data1\" content=\"Jeanette\" \/>\n\t<meta name=\"twitter:label2\" content=\"Tiempo de lectura\" \/>\n\t<meta name=\"twitter:data2\" content=\"3 minutos\" \/>\n<script type=\"application\/ld+json\" class=\"yoast-schema-graph\">{\"@context\":\"https:\\\/\\\/schema.org\",\"@graph\":[{\"@type\":\"Article\",\"@id\":\"https:\\\/\\\/www.eldiario.net\\\/portal\\\/2021\\\/08\\\/03\\\/fmi-aprobo-ayuda-mundial-de-us-650-mil-millones-contra-covid-19\\\/#article\",\"isPartOf\":{\"@id\":\"https:\\\/\\\/www.eldiario.net\\\/portal\\\/2021\\\/08\\\/03\\\/fmi-aprobo-ayuda-mundial-de-us-650-mil-millones-contra-covid-19\\\/\"},\"author\":{\"name\":\"Jeanette\",\"@id\":\"https:\\\/\\\/www.eldiario.net\\\/portal\\\/#\\\/schema\\\/person\\\/f46445640444750d7d753ccd04ae01b7\"},\"headline\":\"FMI aprob\u00f3 ayuda mundial de $us 650 mil millones contra Covid-19\",\"datePublished\":\"2021-08-03T12:02:47+00:00\",\"mainEntityOfPage\":{\"@id\":\"https:\\\/\\\/www.eldiario.net\\\/portal\\\/2021\\\/08\\\/03\\\/fmi-aprobo-ayuda-mundial-de-us-650-mil-millones-contra-covid-19\\\/\"},\"wordCount\":708,\"publisher\":{\"@id\":\"https:\\\/\\\/www.eldiario.net\\\/portal\\\/#organization\"},\"image\":{\"@id\":\"https:\\\/\\\/www.eldiario.net\\\/portal\\\/2021\\\/08\\\/03\\\/fmi-aprobo-ayuda-mundial-de-us-650-mil-millones-contra-covid-19\\\/#primaryimage\"},\"thumbnailUrl\":\"\",\"articleSection\":[\"Internacional\"],\"inLanguage\":\"es\"},{\"@type\":\"WebPage\",\"@id\":\"https:\\\/\\\/www.eldiario.net\\\/portal\\\/2021\\\/08\\\/03\\\/fmi-aprobo-ayuda-mundial-de-us-650-mil-millones-contra-covid-19\\\/\",\"url\":\"https:\\\/\\\/www.eldiario.net\\\/portal\\\/2021\\\/08\\\/03\\\/fmi-aprobo-ayuda-mundial-de-us-650-mil-millones-contra-covid-19\\\/\",\"name\":\"FMI aprob\u00f3 ayuda mundial de $us 650 mil millones contra Covid-19 - El Diario - Bolivia\",\"isPartOf\":{\"@id\":\"https:\\\/\\\/www.eldiario.net\\\/portal\\\/#website\"},\"primaryImageOfPage\":{\"@id\":\"https:\\\/\\\/www.eldiario.net\\\/portal\\\/2021\\\/08\\\/03\\\/fmi-aprobo-ayuda-mundial-de-us-650-mil-millones-contra-covid-19\\\/#primaryimage\"},\"image\":{\"@id\":\"https:\\\/\\\/www.eldiario.net\\\/portal\\\/2021\\\/08\\\/03\\\/fmi-aprobo-ayuda-mundial-de-us-650-mil-millones-contra-covid-19\\\/#primaryimage\"},\"thumbnailUrl\":\"\",\"datePublished\":\"2021-08-03T12:02:47+00:00\",\"breadcrumb\":{\"@id\":\"https:\\\/\\\/www.eldiario.net\\\/portal\\\/2021\\\/08\\\/03\\\/fmi-aprobo-ayuda-mundial-de-us-650-mil-millones-contra-covid-19\\\/#breadcrumb\"},\"inLanguage\":\"es\",\"potentialAction\":[{\"@type\":\"ReadAction\",\"target\":[\"https:\\\/\\\/www.eldiario.net\\\/portal\\\/2021\\\/08\\\/03\\\/fmi-aprobo-ayuda-mundial-de-us-650-mil-millones-contra-covid-19\\\/\"]}]},{\"@type\":\"ImageObject\",\"inLanguage\":\"es\",\"@id\":\"https:\\\/\\\/www.eldiario.net\\\/portal\\\/2021\\\/08\\\/03\\\/fmi-aprobo-ayuda-mundial-de-us-650-mil-millones-contra-covid-19\\\/#primaryimage\",\"url\":\"\",\"contentUrl\":\"\"},{\"@type\":\"BreadcrumbList\",\"@id\":\"https:\\\/\\\/www.eldiario.net\\\/portal\\\/2021\\\/08\\\/03\\\/fmi-aprobo-ayuda-mundial-de-us-650-mil-millones-contra-covid-19\\\/#breadcrumb\",\"itemListElement\":[{\"@type\":\"ListItem\",\"position\":1,\"name\":\"Portada\",\"item\":\"https:\\\/\\\/www.eldiario.net\\\/portal\\\/\"},{\"@type\":\"ListItem\",\"position\":2,\"name\":\"FMI aprob\u00f3 ayuda mundial de $us 650 mil millones contra Covid-19\"}]},{\"@type\":\"WebSite\",\"@id\":\"https:\\\/\\\/www.eldiario.net\\\/portal\\\/#website\",\"url\":\"https:\\\/\\\/www.eldiario.net\\\/portal\\\/\",\"name\":\"El Diario - Decano de la prensa nacional\",\"description\":\"El Diario - Decano de la prensa nacional\",\"publisher\":{\"@id\":\"https:\\\/\\\/www.eldiario.net\\\/portal\\\/#organization\"},\"potentialAction\":[{\"@type\":\"SearchAction\",\"target\":{\"@type\":\"EntryPoint\",\"urlTemplate\":\"https:\\\/\\\/www.eldiario.net\\\/portal\\\/?s={search_term_string}\"},\"query-input\":{\"@type\":\"PropertyValueSpecification\",\"valueRequired\":true,\"valueName\":\"search_term_string\"}}],\"inLanguage\":\"es\"},{\"@type\":\"Organization\",\"@id\":\"https:\\\/\\\/www.eldiario.net\\\/portal\\\/#organization\",\"name\":\"El Diario - Decano de la prensa nacional\",\"url\":\"https:\\\/\\\/www.eldiario.net\\\/portal\\\/\",\"logo\":{\"@type\":\"ImageObject\",\"inLanguage\":\"es\",\"@id\":\"https:\\\/\\\/www.eldiario.net\\\/portal\\\/#\\\/schema\\\/logo\\\/image\\\/\",\"url\":\"https:\\\/\\\/www.eldiario.net\\\/portal\\\/wp-content\\\/uploads\\\/2023\\\/07\\\/logo_ED.jpg\",\"contentUrl\":\"https:\\\/\\\/www.eldiario.net\\\/portal\\\/wp-content\\\/uploads\\\/2023\\\/07\\\/logo_ED.jpg\",\"width\":272,\"height\":52,\"caption\":\"El Diario - Decano de la prensa nacional\"},\"image\":{\"@id\":\"https:\\\/\\\/www.eldiario.net\\\/portal\\\/#\\\/schema\\\/logo\\\/image\\\/\"},\"sameAs\":[\"https:\\\/\\\/www.facebook.com\\\/eldiario.bolivia\\\/\",\"https:\\\/\\\/x.com\\\/eldiario_net\"]},{\"@type\":\"Person\",\"@id\":\"https:\\\/\\\/www.eldiario.net\\\/portal\\\/#\\\/schema\\\/person\\\/f46445640444750d7d753ccd04ae01b7\",\"name\":\"Jeanette\",\"image\":{\"@type\":\"ImageObject\",\"inLanguage\":\"es\",\"@id\":\"https:\\\/\\\/secure.gravatar.com\\\/avatar\\\/3ea2118a5f7dad2b7138b1187a6b7ee55f160b9968b66013c3a3ef39dd7e5798?s=96&d=mm&r=g\",\"url\":\"https:\\\/\\\/secure.gravatar.com\\\/avatar\\\/3ea2118a5f7dad2b7138b1187a6b7ee55f160b9968b66013c3a3ef39dd7e5798?s=96&d=mm&r=g\",\"contentUrl\":\"https:\\\/\\\/secure.gravatar.com\\\/avatar\\\/3ea2118a5f7dad2b7138b1187a6b7ee55f160b9968b66013c3a3ef39dd7e5798?s=96&d=mm&r=g\",\"caption\":\"Jeanette\"},\"sameAs\":[\"https:\\\/\\\/www.eldiario.net\\\/portal\"],\"url\":\"https:\\\/\\\/www.eldiario.net\\\/portal\\\/author\\\/jeanette\\\/\"}]}<\/script>\n<!-- \/ Yoast SEO plugin. -->","yoast_head_json":{"title":"FMI aprob\u00f3 ayuda mundial de $us 650 mil millones contra Covid-19 - El Diario - Bolivia","robots":{"index":"index","follow":"follow","max-snippet":"max-snippet:-1","max-image-preview":"max-image-preview:large","max-video-preview":"max-video-preview:-1"},"canonical":"https:\/\/www.eldiario.net\/portal\/2021\/08\/03\/fmi-aprobo-ayuda-mundial-de-us-650-mil-millones-contra-covid-19\/","og_locale":"es_ES","og_type":"article","og_title":"FMI aprob\u00f3 ayuda mundial de $us 650 mil millones contra Covid-19 - El Diario - Bolivia","og_description":"La creaci\u00f3n de activos de reserva, conocidos como derechos especiales de giro (DEG), es la primera desde los USD 250.000 millones que emiti\u00f3 justo despu\u00e9s de la crisis financiera mundial de 2009. Cada pa\u00eds miembro del organismo de cr\u00e9dito recibir\u00e1 un porcentaje de acuerdo a su aporte. El Fondo Monetario Internacional (FMI) aprob\u00f3 la mayor [&hellip;]","og_url":"https:\/\/www.eldiario.net\/portal\/2021\/08\/03\/fmi-aprobo-ayuda-mundial-de-us-650-mil-millones-contra-covid-19\/","og_site_name":"El Diario - Bolivia","article_publisher":"https:\/\/www.facebook.com\/eldiario.bolivia\/","article_published_time":"2021-08-03T12:02:47+00:00","author":"Jeanette","twitter_card":"summary_large_image","twitter_creator":"@eldiario_net","twitter_site":"@eldiario_net","twitter_misc":{"Escrito por":"Jeanette","Tiempo de lectura":"3 minutos"},"schema":{"@context":"https:\/\/schema.org","@graph":[{"@type":"Article","@id":"https:\/\/www.eldiario.net\/portal\/2021\/08\/03\/fmi-aprobo-ayuda-mundial-de-us-650-mil-millones-contra-covid-19\/#article","isPartOf":{"@id":"https:\/\/www.eldiario.net\/portal\/2021\/08\/03\/fmi-aprobo-ayuda-mundial-de-us-650-mil-millones-contra-covid-19\/"},"author":{"name":"Jeanette","@id":"https:\/\/www.eldiario.net\/portal\/#\/schema\/person\/f46445640444750d7d753ccd04ae01b7"},"headline":"FMI aprob\u00f3 ayuda mundial de $us 650 mil millones contra Covid-19","datePublished":"2021-08-03T12:02:47+00:00","mainEntityOfPage":{"@id":"https:\/\/www.eldiario.net\/portal\/2021\/08\/03\/fmi-aprobo-ayuda-mundial-de-us-650-mil-millones-contra-covid-19\/"},"wordCount":708,"publisher":{"@id":"https:\/\/www.eldiario.net\/portal\/#organization"},"image":{"@id":"https:\/\/www.eldiario.net\/portal\/2021\/08\/03\/fmi-aprobo-ayuda-mundial-de-us-650-mil-millones-contra-covid-19\/#primaryimage"},"thumbnailUrl":"","articleSection":["Internacional"],"inLanguage":"es"},{"@type":"WebPage","@id":"https:\/\/www.eldiario.net\/portal\/2021\/08\/03\/fmi-aprobo-ayuda-mundial-de-us-650-mil-millones-contra-covid-19\/","url":"https:\/\/www.eldiario.net\/portal\/2021\/08\/03\/fmi-aprobo-ayuda-mundial-de-us-650-mil-millones-contra-covid-19\/","name":"FMI aprob\u00f3 ayuda mundial de $us 650 mil millones contra Covid-19 - El Diario - Bolivia","isPartOf":{"@id":"https:\/\/www.eldiario.net\/portal\/#website"},"primaryImageOfPage":{"@id":"https:\/\/www.eldiario.net\/portal\/2021\/08\/03\/fmi-aprobo-ayuda-mundial-de-us-650-mil-millones-contra-covid-19\/#primaryimage"},"image":{"@id":"https:\/\/www.eldiario.net\/portal\/2021\/08\/03\/fmi-aprobo-ayuda-mundial-de-us-650-mil-millones-contra-covid-19\/#primaryimage"},"thumbnailUrl":"","datePublished":"2021-08-03T12:02:47+00:00","breadcrumb":{"@id":"https:\/\/www.eldiario.net\/portal\/2021\/08\/03\/fmi-aprobo-ayuda-mundial-de-us-650-mil-millones-contra-covid-19\/#breadcrumb"},"inLanguage":"es","potentialAction":[{"@type":"ReadAction","target":["https:\/\/www.eldiario.net\/portal\/2021\/08\/03\/fmi-aprobo-ayuda-mundial-de-us-650-mil-millones-contra-covid-19\/"]}]},{"@type":"ImageObject","inLanguage":"es","@id":"https:\/\/www.eldiario.net\/portal\/2021\/08\/03\/fmi-aprobo-ayuda-mundial-de-us-650-mil-millones-contra-covid-19\/#primaryimage","url":"","contentUrl":""},{"@type":"BreadcrumbList","@id":"https:\/\/www.eldiario.net\/portal\/2021\/08\/03\/fmi-aprobo-ayuda-mundial-de-us-650-mil-millones-contra-covid-19\/#breadcrumb","itemListElement":[{"@type":"ListItem","position":1,"name":"Portada","item":"https:\/\/www.eldiario.net\/portal\/"},{"@type":"ListItem","position":2,"name":"FMI aprob\u00f3 ayuda mundial de $us 650 mil millones contra Covid-19"}]},{"@type":"WebSite","@id":"https:\/\/www.eldiario.net\/portal\/#website","url":"https:\/\/www.eldiario.net\/portal\/","name":"El Diario - Decano de la prensa nacional","description":"El Diario - Decano de la prensa nacional","publisher":{"@id":"https:\/\/www.eldiario.net\/portal\/#organization"},"potentialAction":[{"@type":"SearchAction","target":{"@type":"EntryPoint","urlTemplate":"https:\/\/www.eldiario.net\/portal\/?s={search_term_string}"},"query-input":{"@type":"PropertyValueSpecification","valueRequired":true,"valueName":"search_term_string"}}],"inLanguage":"es"},{"@type":"Organization","@id":"https:\/\/www.eldiario.net\/portal\/#organization","name":"El Diario - Decano de la prensa nacional","url":"https:\/\/www.eldiario.net\/portal\/","logo":{"@type":"ImageObject","inLanguage":"es","@id":"https:\/\/www.eldiario.net\/portal\/#\/schema\/logo\/image\/","url":"https:\/\/www.eldiario.net\/portal\/wp-content\/uploads\/2023\/07\/logo_ED.jpg","contentUrl":"https:\/\/www.eldiario.net\/portal\/wp-content\/uploads\/2023\/07\/logo_ED.jpg","width":272,"height":52,"caption":"El Diario - Decano de la prensa nacional"},"image":{"@id":"https:\/\/www.eldiario.net\/portal\/#\/schema\/logo\/image\/"},"sameAs":["https:\/\/www.facebook.com\/eldiario.bolivia\/","https:\/\/x.com\/eldiario_net"]},{"@type":"Person","@id":"https:\/\/www.eldiario.net\/portal\/#\/schema\/person\/f46445640444750d7d753ccd04ae01b7","name":"Jeanette","image":{"@type":"ImageObject","inLanguage":"es","@id":"https:\/\/secure.gravatar.com\/avatar\/3ea2118a5f7dad2b7138b1187a6b7ee55f160b9968b66013c3a3ef39dd7e5798?s=96&d=mm&r=g","url":"https:\/\/secure.gravatar.com\/avatar\/3ea2118a5f7dad2b7138b1187a6b7ee55f160b9968b66013c3a3ef39dd7e5798?s=96&d=mm&r=g","contentUrl":"https:\/\/secure.gravatar.com\/avatar\/3ea2118a5f7dad2b7138b1187a6b7ee55f160b9968b66013c3a3ef39dd7e5798?s=96&d=mm&r=g","caption":"Jeanette"},"sameAs":["https:\/\/www.eldiario.net\/portal"],"url":"https:\/\/www.eldiario.net\/portal\/author\/jeanette\/"}]}},"_links":{"self":[{"href":"https:\/\/www.eldiario.net\/portal\/wp-json\/wp\/v2\/posts\/21086","targetHints":{"allow":["GET"]}}],"collection":[{"href":"https:\/\/www.eldiario.net\/portal\/wp-json\/wp\/v2\/posts"}],"about":[{"href":"https:\/\/www.eldiario.net\/portal\/wp-json\/wp\/v2\/types\/post"}],"author":[{"embeddable":true,"href":"https:\/\/www.eldiario.net\/portal\/wp-json\/wp\/v2\/users\/1"}],"replies":[{"embeddable":true,"href":"https:\/\/www.eldiario.net\/portal\/wp-json\/wp\/v2\/comments?post=21086"}],"version-history":[{"count":0,"href":"https:\/\/www.eldiario.net\/portal\/wp-json\/wp\/v2\/posts\/21086\/revisions"}],"wp:attachment":[{"href":"https:\/\/www.eldiario.net\/portal\/wp-json\/wp\/v2\/media?parent=21086"}],"wp:term":[{"taxonomy":"category","embeddable":true,"href":"https:\/\/www.eldiario.net\/portal\/wp-json\/wp\/v2\/categories?post=21086"},{"taxonomy":"post_tag","embeddable":true,"href":"https:\/\/www.eldiario.net\/portal\/wp-json\/wp\/v2\/tags?post=21086"}],"curies":[{"name":"wp","href":"https:\/\/api.w.org\/{rel}","templated":true}]}}