{"id":21080,"date":"2021-08-03T07:47:18","date_gmt":"2021-08-03T11:47:18","guid":{"rendered":"https:\/\/www.eldiario.net\/portal\/?p=21080"},"modified":"2021-08-03T07:47:18","modified_gmt":"2021-08-03T11:47:18","slug":"legisladores-discrepan-por-pedidos-de-amnistia-para-vehiculos-indocumentados","status":"publish","type":"post","link":"https:\/\/www.eldiario.net\/portal\/2021\/08\/03\/legisladores-discrepan-por-pedidos-de-amnistia-para-vehiculos-indocumentados\/","title":{"rendered":"Legisladores discrepan por pedidos de  amnist\u00eda para veh\u00edculos indocumentados"},"content":{"rendered":"<p>La movilizaci\u00f3n por amnist\u00eda para veh\u00edculos indocumentados divide a legisladores, mientras oficialistas intentan justificar una posible nacionalizaci\u00f3n de \u201cChutos\u201d para favorecer a la reactivaci\u00f3n econ\u00f3mica, desde la oposici\u00f3n sostienen que recursos deber\u00edan beneficiar a las regiones y no al gobierno central.<\/p>\n<p>Se\u00f1alan que el conflicto que inicia con este sector se debe a promesas electorales hechas por el oficialismo, por lo que, a la fecha, los propietarios de alrededor de 150.000 exigen que se decrete una amnist\u00eda para poder regularizar su situaci\u00f3n.<\/p>\n<p>El diputado por Comunidad Ciudadana, Alberto Astorga, manifest\u00f3 que el conflicto se debe a que representantes de propietarios de autos chutos est\u00e1n cobrando la factura al MAS por el apoyo recibido en las pasadas elecciones, por lo que ahora el gobierno debe resolver el problema generado.<\/p>\n<p>\u201cLas personas que tienen autos chutos le est\u00e1n cobrando la factura al presidente Luis Arce, ya que \u00e9l ha prometido a cambio de votos legalizar estos autos, entonces cualquier problema que exista al respecto va ser responsabilidad del actual presidente ya que \u00e9l ha intentado comprar los votos, ahora va tener que responder a sus promesas\u201d, dijo.<\/p>\n<p>Para el diputado oficialista H\u00e9ctor Arce, es preciso que se analice la situaci\u00f3n de estos motorizados, pues en muchos casos se constituyen en una fuente de ingresos para personas que habitan sobre todo en el \u00e1rea rural del pa\u00eds. De esta forma se mostr\u00f3 optimista ante una posible amnist\u00eda.<\/p>\n<p>\u201cEstos veh\u00edculos no est\u00e1n en centros urbanos, est\u00e1n en las comunidades y \u00e1reas rurales, que sirven de transporte y que han permitido mejorar la vida de nuestros productores. Yo soy partidario de buscar y darle una soluci\u00f3n de fondo, si vamos a intentar recoger estos veh\u00edculos de todo el territorio nacional no vamos a poder y vamos a tener un problema social de grandes proporciones\u201d expres\u00f3 el legislador.<\/p>\n<p>Se\u00f1al\u00f3, adem\u00e1s, que los veh\u00edculos en cuesti\u00f3n son una realidad, por lo que utilizan combustible boliviano y en muchas ocasiones son usados para actos il\u00edcitos, por lo que, si la soluci\u00f3n pasa por permitir una nacionalizaci\u00f3n, es lo que se tendr\u00e1 que hacer.<\/p>\n<p>Para el diputado por Comunidad Ciudadana, Ingvar Ellefsen, en caso de darse esta situaci\u00f3n, es preciso que los recursos generados beneficien a los municipios y no se entreguen en su totalidad al Gobierno central.<\/p>\n<p>\u201cSi en alg\u00fan momento se diera que van a nacionalizar, los autos en cuesti\u00f3n, esos recursos deber\u00edan ir a los municipios en los cuales estos veh\u00edculos se encuentran\u201d expres\u00f3.<\/p>\n","protected":false},"excerpt":{"rendered":"<p>La movilizaci\u00f3n por amnist\u00eda para veh\u00edculos indocumentados divide a legisladores, mientras oficialistas intentan justificar una posible nacionalizaci\u00f3n de \u201cChutos\u201d para favorecer a la reactivaci\u00f3n econ\u00f3mica, desde la oposici\u00f3n sostienen que recursos deber\u00edan beneficiar a las regiones y no al gobierno central. Se\u00f1alan que el conflicto que inicia con este sector se debe a promesas electorales [&hellip;]<\/p>\n","protected":false},"author":1,"featured_media":21081,"comment_status":"closed","ping_status":"closed","sticky":false,"template":"","format":"standard","meta":{"_acf_changed":false,"footnotes":""},"categories":[14],"tags":[],"class_list":["post-21080","post","type-post","status-publish","format-standard","has-post-thumbnail","category-politica"],"acf":{"antetitulo":""},"yoast_head":"<!-- This site is optimized with the Yoast SEO plugin v28.4 - https:\/\/yoast.com\/product\/yoast-seo-wordpress\/ -->\n<title>Legisladores discrepan por pedidos de amnist\u00eda para veh\u00edculos indocumentados - El Diario - Bolivia<\/title>\n<meta name=\"robots\" content=\"index, follow, max-snippet:-1, max-image-preview:large, max-video-preview:-1\" \/>\n<link rel=\"canonical\" href=\"https:\/\/www.eldiario.net\/portal\/2021\/08\/03\/legisladores-discrepan-por-pedidos-de-amnistia-para-vehiculos-indocumentados\/\" \/>\n<meta property=\"og:locale\" content=\"es_ES\" \/>\n<meta property=\"og:type\" content=\"article\" \/>\n<meta property=\"og:title\" content=\"Legisladores discrepan por pedidos de amnist\u00eda para veh\u00edculos indocumentados - El Diario - Bolivia\" \/>\n<meta property=\"og:description\" content=\"La movilizaci\u00f3n por amnist\u00eda para veh\u00edculos indocumentados divide a legisladores, mientras oficialistas intentan justificar una posible nacionalizaci\u00f3n de \u201cChutos\u201d para favorecer a la reactivaci\u00f3n econ\u00f3mica, desde la oposici\u00f3n sostienen que recursos deber\u00edan beneficiar a las regiones y no al gobierno central. Se\u00f1alan que el conflicto que inicia con este sector se debe a promesas electorales [&hellip;]\" \/>\n<meta property=\"og:url\" content=\"https:\/\/www.eldiario.net\/portal\/2021\/08\/03\/legisladores-discrepan-por-pedidos-de-amnistia-para-vehiculos-indocumentados\/\" \/>\n<meta property=\"og:site_name\" content=\"El Diario - Bolivia\" \/>\n<meta property=\"article:publisher\" content=\"https:\/\/www.facebook.com\/eldiario.bolivia\/\" \/>\n<meta property=\"article:published_time\" content=\"2021-08-03T11:47:18+00:00\" \/>\n<meta property=\"og:image\" content=\"https:\/\/www.eldiario.net\/portal\/wp-content\/uploads\/2021\/08\/POLI-Legisladores-discrepan-por-pedidos-de.jpg\" \/>\n\t<meta property=\"og:image:width\" content=\"640\" \/>\n\t<meta property=\"og:image:height\" content=\"405\" \/>\n\t<meta property=\"og:image:type\" content=\"image\/jpeg\" \/>\n<meta name=\"author\" content=\"Jeanette\" \/>\n<meta name=\"twitter:card\" content=\"summary_large_image\" \/>\n<meta name=\"twitter:creator\" content=\"@eldiario_net\" \/>\n<meta name=\"twitter:site\" content=\"@eldiario_net\" \/>\n<meta name=\"twitter:label1\" content=\"Escrito por\" \/>\n\t<meta name=\"twitter:data1\" content=\"Jeanette\" \/>\n\t<meta name=\"twitter:label2\" content=\"Tiempo de lectura\" \/>\n\t<meta name=\"twitter:data2\" content=\"2 minutos\" \/>\n<script type=\"application\/ld+json\" class=\"yoast-schema-graph\">{\"@context\":\"https:\\\/\\\/schema.org\",\"@graph\":[{\"@type\":\"Article\",\"@id\":\"https:\\\/\\\/www.eldiario.net\\\/portal\\\/2021\\\/08\\\/03\\\/legisladores-discrepan-por-pedidos-de-amnistia-para-vehiculos-indocumentados\\\/#article\",\"isPartOf\":{\"@id\":\"https:\\\/\\\/www.eldiario.net\\\/portal\\\/2021\\\/08\\\/03\\\/legisladores-discrepan-por-pedidos-de-amnistia-para-vehiculos-indocumentados\\\/\"},\"author\":{\"name\":\"Jeanette\",\"@id\":\"https:\\\/\\\/www.eldiario.net\\\/portal\\\/#\\\/schema\\\/person\\\/f46445640444750d7d753ccd04ae01b7\"},\"headline\":\"Legisladores discrepan por pedidos de amnist\u00eda para veh\u00edculos indocumentados\",\"datePublished\":\"2021-08-03T11:47:18+00:00\",\"mainEntityOfPage\":{\"@id\":\"https:\\\/\\\/www.eldiario.net\\\/portal\\\/2021\\\/08\\\/03\\\/legisladores-discrepan-por-pedidos-de-amnistia-para-vehiculos-indocumentados\\\/\"},\"wordCount\":452,\"publisher\":{\"@id\":\"https:\\\/\\\/www.eldiario.net\\\/portal\\\/#organization\"},\"image\":{\"@id\":\"https:\\\/\\\/www.eldiario.net\\\/portal\\\/2021\\\/08\\\/03\\\/legisladores-discrepan-por-pedidos-de-amnistia-para-vehiculos-indocumentados\\\/#primaryimage\"},\"thumbnailUrl\":\"https:\\\/\\\/www.eldiario.net\\\/portal\\\/wp-content\\\/uploads\\\/2021\\\/08\\\/POLI-Legisladores-discrepan-por-pedidos-de.jpg\",\"articleSection\":[\"Pol\u00edtica\"],\"inLanguage\":\"es\"},{\"@type\":\"WebPage\",\"@id\":\"https:\\\/\\\/www.eldiario.net\\\/portal\\\/2021\\\/08\\\/03\\\/legisladores-discrepan-por-pedidos-de-amnistia-para-vehiculos-indocumentados\\\/\",\"url\":\"https:\\\/\\\/www.eldiario.net\\\/portal\\\/2021\\\/08\\\/03\\\/legisladores-discrepan-por-pedidos-de-amnistia-para-vehiculos-indocumentados\\\/\",\"name\":\"Legisladores discrepan por pedidos de amnist\u00eda para veh\u00edculos indocumentados - El Diario - Bolivia\",\"isPartOf\":{\"@id\":\"https:\\\/\\\/www.eldiario.net\\\/portal\\\/#website\"},\"primaryImageOfPage\":{\"@id\":\"https:\\\/\\\/www.eldiario.net\\\/portal\\\/2021\\\/08\\\/03\\\/legisladores-discrepan-por-pedidos-de-amnistia-para-vehiculos-indocumentados\\\/#primaryimage\"},\"image\":{\"@id\":\"https:\\\/\\\/www.eldiario.net\\\/portal\\\/2021\\\/08\\\/03\\\/legisladores-discrepan-por-pedidos-de-amnistia-para-vehiculos-indocumentados\\\/#primaryimage\"},\"thumbnailUrl\":\"https:\\\/\\\/www.eldiario.net\\\/portal\\\/wp-content\\\/uploads\\\/2021\\\/08\\\/POLI-Legisladores-discrepan-por-pedidos-de.jpg\",\"datePublished\":\"2021-08-03T11:47:18+00:00\",\"breadcrumb\":{\"@id\":\"https:\\\/\\\/www.eldiario.net\\\/portal\\\/2021\\\/08\\\/03\\\/legisladores-discrepan-por-pedidos-de-amnistia-para-vehiculos-indocumentados\\\/#breadcrumb\"},\"inLanguage\":\"es\",\"potentialAction\":[{\"@type\":\"ReadAction\",\"target\":[\"https:\\\/\\\/www.eldiario.net\\\/portal\\\/2021\\\/08\\\/03\\\/legisladores-discrepan-por-pedidos-de-amnistia-para-vehiculos-indocumentados\\\/\"]}]},{\"@type\":\"ImageObject\",\"inLanguage\":\"es\",\"@id\":\"https:\\\/\\\/www.eldiario.net\\\/portal\\\/2021\\\/08\\\/03\\\/legisladores-discrepan-por-pedidos-de-amnistia-para-vehiculos-indocumentados\\\/#primaryimage\",\"url\":\"https:\\\/\\\/www.eldiario.net\\\/portal\\\/wp-content\\\/uploads\\\/2021\\\/08\\\/POLI-Legisladores-discrepan-por-pedidos-de.jpg\",\"contentUrl\":\"https:\\\/\\\/www.eldiario.net\\\/portal\\\/wp-content\\\/uploads\\\/2021\\\/08\\\/POLI-Legisladores-discrepan-por-pedidos-de.jpg\",\"width\":640,\"height\":405},{\"@type\":\"BreadcrumbList\",\"@id\":\"https:\\\/\\\/www.eldiario.net\\\/portal\\\/2021\\\/08\\\/03\\\/legisladores-discrepan-por-pedidos-de-amnistia-para-vehiculos-indocumentados\\\/#breadcrumb\",\"itemListElement\":[{\"@type\":\"ListItem\",\"position\":1,\"name\":\"Portada\",\"item\":\"https:\\\/\\\/www.eldiario.net\\\/portal\\\/\"},{\"@type\":\"ListItem\",\"position\":2,\"name\":\"Legisladores discrepan por pedidos de amnist\u00eda para veh\u00edculos indocumentados\"}]},{\"@type\":\"WebSite\",\"@id\":\"https:\\\/\\\/www.eldiario.net\\\/portal\\\/#website\",\"url\":\"https:\\\/\\\/www.eldiario.net\\\/portal\\\/\",\"name\":\"El Diario - Decano de la prensa nacional\",\"description\":\"El Diario - Decano de la prensa nacional\",\"publisher\":{\"@id\":\"https:\\\/\\\/www.eldiario.net\\\/portal\\\/#organization\"},\"potentialAction\":[{\"@type\":\"SearchAction\",\"target\":{\"@type\":\"EntryPoint\",\"urlTemplate\":\"https:\\\/\\\/www.eldiario.net\\\/portal\\\/?s={search_term_string}\"},\"query-input\":{\"@type\":\"PropertyValueSpecification\",\"valueRequired\":true,\"valueName\":\"search_term_string\"}}],\"inLanguage\":\"es\"},{\"@type\":\"Organization\",\"@id\":\"https:\\\/\\\/www.eldiario.net\\\/portal\\\/#organization\",\"name\":\"El Diario - Decano de la prensa nacional\",\"url\":\"https:\\\/\\\/www.eldiario.net\\\/portal\\\/\",\"logo\":{\"@type\":\"ImageObject\",\"inLanguage\":\"es\",\"@id\":\"https:\\\/\\\/www.eldiario.net\\\/portal\\\/#\\\/schema\\\/logo\\\/image\\\/\",\"url\":\"https:\\\/\\\/www.eldiario.net\\\/portal\\\/wp-content\\\/uploads\\\/2023\\\/07\\\/logo_ED.jpg\",\"contentUrl\":\"https:\\\/\\\/www.eldiario.net\\\/portal\\\/wp-content\\\/uploads\\\/2023\\\/07\\\/logo_ED.jpg\",\"width\":272,\"height\":52,\"caption\":\"El Diario - Decano de la prensa nacional\"},\"image\":{\"@id\":\"https:\\\/\\\/www.eldiario.net\\\/portal\\\/#\\\/schema\\\/logo\\\/image\\\/\"},\"sameAs\":[\"https:\\\/\\\/www.facebook.com\\\/eldiario.bolivia\\\/\",\"https:\\\/\\\/x.com\\\/eldiario_net\"]},{\"@type\":\"Person\",\"@id\":\"https:\\\/\\\/www.eldiario.net\\\/portal\\\/#\\\/schema\\\/person\\\/f46445640444750d7d753ccd04ae01b7\",\"name\":\"Jeanette\",\"image\":{\"@type\":\"ImageObject\",\"inLanguage\":\"es\",\"@id\":\"https:\\\/\\\/secure.gravatar.com\\\/avatar\\\/3ea2118a5f7dad2b7138b1187a6b7ee55f160b9968b66013c3a3ef39dd7e5798?s=96&d=mm&r=g\",\"url\":\"https:\\\/\\\/secure.gravatar.com\\\/avatar\\\/3ea2118a5f7dad2b7138b1187a6b7ee55f160b9968b66013c3a3ef39dd7e5798?s=96&d=mm&r=g\",\"contentUrl\":\"https:\\\/\\\/secure.gravatar.com\\\/avatar\\\/3ea2118a5f7dad2b7138b1187a6b7ee55f160b9968b66013c3a3ef39dd7e5798?s=96&d=mm&r=g\",\"caption\":\"Jeanette\"},\"sameAs\":[\"https:\\\/\\\/www.eldiario.net\\\/portal\"],\"url\":\"https:\\\/\\\/www.eldiario.net\\\/portal\\\/author\\\/jeanette\\\/\"}]}<\/script>\n<!-- \/ Yoast SEO plugin. -->","yoast_head_json":{"title":"Legisladores discrepan por pedidos de amnist\u00eda para veh\u00edculos indocumentados - El Diario - Bolivia","robots":{"index":"index","follow":"follow","max-snippet":"max-snippet:-1","max-image-preview":"max-image-preview:large","max-video-preview":"max-video-preview:-1"},"canonical":"https:\/\/www.eldiario.net\/portal\/2021\/08\/03\/legisladores-discrepan-por-pedidos-de-amnistia-para-vehiculos-indocumentados\/","og_locale":"es_ES","og_type":"article","og_title":"Legisladores discrepan por pedidos de amnist\u00eda para veh\u00edculos indocumentados - El Diario - Bolivia","og_description":"La movilizaci\u00f3n por amnist\u00eda para veh\u00edculos indocumentados divide a legisladores, mientras oficialistas intentan justificar una posible nacionalizaci\u00f3n de \u201cChutos\u201d para favorecer a la reactivaci\u00f3n econ\u00f3mica, desde la oposici\u00f3n sostienen que recursos deber\u00edan beneficiar a las regiones y no al gobierno central. Se\u00f1alan que el conflicto que inicia con este sector se debe a promesas electorales [&hellip;]","og_url":"https:\/\/www.eldiario.net\/portal\/2021\/08\/03\/legisladores-discrepan-por-pedidos-de-amnistia-para-vehiculos-indocumentados\/","og_site_name":"El Diario - Bolivia","article_publisher":"https:\/\/www.facebook.com\/eldiario.bolivia\/","article_published_time":"2021-08-03T11:47:18+00:00","og_image":[{"width":640,"height":405,"url":"https:\/\/www.eldiario.net\/portal\/wp-content\/uploads\/2021\/08\/POLI-Legisladores-discrepan-por-pedidos-de.jpg","type":"image\/jpeg"}],"author":"Jeanette","twitter_card":"summary_large_image","twitter_creator":"@eldiario_net","twitter_site":"@eldiario_net","twitter_misc":{"Escrito por":"Jeanette","Tiempo de lectura":"2 minutos"},"schema":{"@context":"https:\/\/schema.org","@graph":[{"@type":"Article","@id":"https:\/\/www.eldiario.net\/portal\/2021\/08\/03\/legisladores-discrepan-por-pedidos-de-amnistia-para-vehiculos-indocumentados\/#article","isPartOf":{"@id":"https:\/\/www.eldiario.net\/portal\/2021\/08\/03\/legisladores-discrepan-por-pedidos-de-amnistia-para-vehiculos-indocumentados\/"},"author":{"name":"Jeanette","@id":"https:\/\/www.eldiario.net\/portal\/#\/schema\/person\/f46445640444750d7d753ccd04ae01b7"},"headline":"Legisladores discrepan por pedidos de amnist\u00eda para veh\u00edculos indocumentados","datePublished":"2021-08-03T11:47:18+00:00","mainEntityOfPage":{"@id":"https:\/\/www.eldiario.net\/portal\/2021\/08\/03\/legisladores-discrepan-por-pedidos-de-amnistia-para-vehiculos-indocumentados\/"},"wordCount":452,"publisher":{"@id":"https:\/\/www.eldiario.net\/portal\/#organization"},"image":{"@id":"https:\/\/www.eldiario.net\/portal\/2021\/08\/03\/legisladores-discrepan-por-pedidos-de-amnistia-para-vehiculos-indocumentados\/#primaryimage"},"thumbnailUrl":"https:\/\/www.eldiario.net\/portal\/wp-content\/uploads\/2021\/08\/POLI-Legisladores-discrepan-por-pedidos-de.jpg","articleSection":["Pol\u00edtica"],"inLanguage":"es"},{"@type":"WebPage","@id":"https:\/\/www.eldiario.net\/portal\/2021\/08\/03\/legisladores-discrepan-por-pedidos-de-amnistia-para-vehiculos-indocumentados\/","url":"https:\/\/www.eldiario.net\/portal\/2021\/08\/03\/legisladores-discrepan-por-pedidos-de-amnistia-para-vehiculos-indocumentados\/","name":"Legisladores discrepan por pedidos de amnist\u00eda para veh\u00edculos indocumentados - El Diario - Bolivia","isPartOf":{"@id":"https:\/\/www.eldiario.net\/portal\/#website"},"primaryImageOfPage":{"@id":"https:\/\/www.eldiario.net\/portal\/2021\/08\/03\/legisladores-discrepan-por-pedidos-de-amnistia-para-vehiculos-indocumentados\/#primaryimage"},"image":{"@id":"https:\/\/www.eldiario.net\/portal\/2021\/08\/03\/legisladores-discrepan-por-pedidos-de-amnistia-para-vehiculos-indocumentados\/#primaryimage"},"thumbnailUrl":"https:\/\/www.eldiario.net\/portal\/wp-content\/uploads\/2021\/08\/POLI-Legisladores-discrepan-por-pedidos-de.jpg","datePublished":"2021-08-03T11:47:18+00:00","breadcrumb":{"@id":"https:\/\/www.eldiario.net\/portal\/2021\/08\/03\/legisladores-discrepan-por-pedidos-de-amnistia-para-vehiculos-indocumentados\/#breadcrumb"},"inLanguage":"es","potentialAction":[{"@type":"ReadAction","target":["https:\/\/www.eldiario.net\/portal\/2021\/08\/03\/legisladores-discrepan-por-pedidos-de-amnistia-para-vehiculos-indocumentados\/"]}]},{"@type":"ImageObject","inLanguage":"es","@id":"https:\/\/www.eldiario.net\/portal\/2021\/08\/03\/legisladores-discrepan-por-pedidos-de-amnistia-para-vehiculos-indocumentados\/#primaryimage","url":"https:\/\/www.eldiario.net\/portal\/wp-content\/uploads\/2021\/08\/POLI-Legisladores-discrepan-por-pedidos-de.jpg","contentUrl":"https:\/\/www.eldiario.net\/portal\/wp-content\/uploads\/2021\/08\/POLI-Legisladores-discrepan-por-pedidos-de.jpg","width":640,"height":405},{"@type":"BreadcrumbList","@id":"https:\/\/www.eldiario.net\/portal\/2021\/08\/03\/legisladores-discrepan-por-pedidos-de-amnistia-para-vehiculos-indocumentados\/#breadcrumb","itemListElement":[{"@type":"ListItem","position":1,"name":"Portada","item":"https:\/\/www.eldiario.net\/portal\/"},{"@type":"ListItem","position":2,"name":"Legisladores discrepan por pedidos de amnist\u00eda para veh\u00edculos indocumentados"}]},{"@type":"WebSite","@id":"https:\/\/www.eldiario.net\/portal\/#website","url":"https:\/\/www.eldiario.net\/portal\/","name":"El Diario - Decano de la prensa nacional","description":"El Diario - Decano de la prensa nacional","publisher":{"@id":"https:\/\/www.eldiario.net\/portal\/#organization"},"potentialAction":[{"@type":"SearchAction","target":{"@type":"EntryPoint","urlTemplate":"https:\/\/www.eldiario.net\/portal\/?s={search_term_string}"},"query-input":{"@type":"PropertyValueSpecification","valueRequired":true,"valueName":"search_term_string"}}],"inLanguage":"es"},{"@type":"Organization","@id":"https:\/\/www.eldiario.net\/portal\/#organization","name":"El Diario - Decano de la prensa nacional","url":"https:\/\/www.eldiario.net\/portal\/","logo":{"@type":"ImageObject","inLanguage":"es","@id":"https:\/\/www.eldiario.net\/portal\/#\/schema\/logo\/image\/","url":"https:\/\/www.eldiario.net\/portal\/wp-content\/uploads\/2023\/07\/logo_ED.jpg","contentUrl":"https:\/\/www.eldiario.net\/portal\/wp-content\/uploads\/2023\/07\/logo_ED.jpg","width":272,"height":52,"caption":"El Diario - Decano de la prensa nacional"},"image":{"@id":"https:\/\/www.eldiario.net\/portal\/#\/schema\/logo\/image\/"},"sameAs":["https:\/\/www.facebook.com\/eldiario.bolivia\/","https:\/\/x.com\/eldiario_net"]},{"@type":"Person","@id":"https:\/\/www.eldiario.net\/portal\/#\/schema\/person\/f46445640444750d7d753ccd04ae01b7","name":"Jeanette","image":{"@type":"ImageObject","inLanguage":"es","@id":"https:\/\/secure.gravatar.com\/avatar\/3ea2118a5f7dad2b7138b1187a6b7ee55f160b9968b66013c3a3ef39dd7e5798?s=96&d=mm&r=g","url":"https:\/\/secure.gravatar.com\/avatar\/3ea2118a5f7dad2b7138b1187a6b7ee55f160b9968b66013c3a3ef39dd7e5798?s=96&d=mm&r=g","contentUrl":"https:\/\/secure.gravatar.com\/avatar\/3ea2118a5f7dad2b7138b1187a6b7ee55f160b9968b66013c3a3ef39dd7e5798?s=96&d=mm&r=g","caption":"Jeanette"},"sameAs":["https:\/\/www.eldiario.net\/portal"],"url":"https:\/\/www.eldiario.net\/portal\/author\/jeanette\/"}]}},"_links":{"self":[{"href":"https:\/\/www.eldiario.net\/portal\/wp-json\/wp\/v2\/posts\/21080","targetHints":{"allow":["GET"]}}],"collection":[{"href":"https:\/\/www.eldiario.net\/portal\/wp-json\/wp\/v2\/posts"}],"about":[{"href":"https:\/\/www.eldiario.net\/portal\/wp-json\/wp\/v2\/types\/post"}],"author":[{"embeddable":true,"href":"https:\/\/www.eldiario.net\/portal\/wp-json\/wp\/v2\/users\/1"}],"replies":[{"embeddable":true,"href":"https:\/\/www.eldiario.net\/portal\/wp-json\/wp\/v2\/comments?post=21080"}],"version-history":[{"count":0,"href":"https:\/\/www.eldiario.net\/portal\/wp-json\/wp\/v2\/posts\/21080\/revisions"}],"wp:featuredmedia":[{"embeddable":true,"href":"https:\/\/www.eldiario.net\/portal\/wp-json\/wp\/v2\/media\/21081"}],"wp:attachment":[{"href":"https:\/\/www.eldiario.net\/portal\/wp-json\/wp\/v2\/media?parent=21080"}],"wp:term":[{"taxonomy":"category","embeddable":true,"href":"https:\/\/www.eldiario.net\/portal\/wp-json\/wp\/v2\/categories?post=21080"},{"taxonomy":"post_tag","embeddable":true,"href":"https:\/\/www.eldiario.net\/portal\/wp-json\/wp\/v2\/tags?post=21080"}],"curies":[{"name":"wp","href":"https:\/\/api.w.org\/{rel}","templated":true}]}}