{"id":21077,"date":"2021-08-03T07:46:02","date_gmt":"2021-08-03T11:46:02","guid":{"rendered":"https:\/\/www.eldiario.net\/portal\/?p=21077"},"modified":"2021-08-03T07:46:02","modified_gmt":"2021-08-03T11:46:02","slug":"alumnos-no-asisten-a-colegios-tras-anuncio-de-autoridades","status":"publish","type":"post","link":"https:\/\/www.eldiario.net\/portal\/2021\/08\/03\/alumnos-no-asisten-a-colegios-tras-anuncio-de-autoridades\/","title":{"rendered":"Alumnos no asisten a colegios tras anuncio de autoridades"},"content":{"rendered":"<p>Seg\u00fan las autoridades de Educaci\u00f3n, este lunes 2 de agosto deb\u00eda comenzar las clases semipresenciales en las laderas de la urbe pace\u00f1a, pero hubo ausencia de estudiantes, algunos colegios no abrieron sus puertas.<\/p>\n<p>En un recorrido que realiz\u00f3 el portal Urgente.bo por las zonas de LLojeta y Bajo Tacuagua, al menos tres unidades educativas estaban sin la presencia de alumnos.<\/p>\n<p>Ya la anterior semana, Vladimir Laura, ejecutivo del Magisterio Urbano de La Paz, indic\u00f3 que los maestros no est\u00e1n de acuerdo con volver a clases, porque no hay las condiciones adecuadas y menos un protocolo de bioseguridad.<\/p>\n<p>Explic\u00f3 que lo que preocupa a los padres es que sus hijos se contagien con el coronavirus, m\u00e1s a\u00fan cuando no se autoriz\u00f3 la vacuna en menores de 18 a\u00f1os.<\/p>\n<p>En El Alto, la situaci\u00f3n es distinta, algunos estudiantes de esa urbe asisten a las escuelas, en especial en la zona de R\u00edo Seco.<\/p>\n<p>El domingo, alrededor de cinco alcaldes de capitales de departamento rechazaron las clases presenciales de la poblaci\u00f3n escolarizada que a\u00fan no recibe vacuna anticovid. Adem\u00e1s, expresaron su temor porque se convierta en una \u201cbomba de tiempo\u201d para la sociedad y dijeron que los municipios no tienen suficientes recursos para financiar equipos e insumos de bioseguridad.<\/p>\n<p>Por su lado, el ministro de Educaci\u00f3n, Adri\u00e1n Quelca, inform\u00f3 ese mismo d\u00eda, que este lunes 2 de agosto, m\u00e1s unidades educativas se sumar\u00e1n de manera gradual a las modalidades de las clases semipresenciales y presenciales. \u201cCon el Ministerio de Salud y Deportes hemos generado los protocolos de bioseguridad que ya llegan a las unidades educativas\u201d, asegur\u00f3.<\/p>\n<p>&nbsp;<\/p>\n","protected":false},"excerpt":{"rendered":"<p>Seg\u00fan las autoridades de Educaci\u00f3n, este lunes 2 de agosto deb\u00eda comenzar las clases semipresenciales en las laderas de la urbe pace\u00f1a, pero hubo ausencia de estudiantes, algunos colegios no abrieron sus puertas. En un recorrido que realiz\u00f3 el portal Urgente.bo por las zonas de LLojeta y Bajo Tacuagua, al menos tres unidades educativas estaban [&hellip;]<\/p>\n","protected":false},"author":1,"featured_media":21078,"comment_status":"closed","ping_status":"closed","sticky":false,"template":"","format":"standard","meta":{"_acf_changed":false,"footnotes":""},"categories":[39],"tags":[],"class_list":["post-21077","post","type-post","status-publish","format-standard","has-post-thumbnail","category-sociedad"],"acf":{"antetitulo":""},"yoast_head":"<!-- This site is optimized with the Yoast SEO plugin v28.4 - https:\/\/yoast.com\/product\/yoast-seo-wordpress\/ -->\n<title>Alumnos no asisten a colegios tras anuncio de autoridades - El Diario - Bolivia<\/title>\n<meta name=\"robots\" content=\"index, follow, max-snippet:-1, max-image-preview:large, max-video-preview:-1\" \/>\n<link rel=\"canonical\" href=\"https:\/\/www.eldiario.net\/portal\/2021\/08\/03\/alumnos-no-asisten-a-colegios-tras-anuncio-de-autoridades\/\" \/>\n<meta property=\"og:locale\" content=\"es_ES\" \/>\n<meta property=\"og:type\" content=\"article\" \/>\n<meta property=\"og:title\" content=\"Alumnos no asisten a colegios tras anuncio de autoridades - El Diario - Bolivia\" \/>\n<meta property=\"og:description\" content=\"Seg\u00fan las autoridades de Educaci\u00f3n, este lunes 2 de agosto deb\u00eda comenzar las clases semipresenciales en las laderas de la urbe pace\u00f1a, pero hubo ausencia de estudiantes, algunos colegios no abrieron sus puertas. En un recorrido que realiz\u00f3 el portal Urgente.bo por las zonas de LLojeta y Bajo Tacuagua, al menos tres unidades educativas estaban [&hellip;]\" \/>\n<meta property=\"og:url\" content=\"https:\/\/www.eldiario.net\/portal\/2021\/08\/03\/alumnos-no-asisten-a-colegios-tras-anuncio-de-autoridades\/\" \/>\n<meta property=\"og:site_name\" content=\"El Diario - Bolivia\" \/>\n<meta property=\"article:publisher\" content=\"https:\/\/www.facebook.com\/eldiario.bolivia\/\" \/>\n<meta property=\"article:published_time\" content=\"2021-08-03T11:46:02+00:00\" \/>\n<meta name=\"author\" content=\"Jeanette\" \/>\n<meta name=\"twitter:card\" content=\"summary_large_image\" \/>\n<meta name=\"twitter:creator\" content=\"@eldiario_net\" \/>\n<meta name=\"twitter:site\" content=\"@eldiario_net\" \/>\n<meta name=\"twitter:label1\" content=\"Escrito por\" \/>\n\t<meta name=\"twitter:data1\" content=\"Jeanette\" \/>\n\t<meta name=\"twitter:label2\" content=\"Tiempo de lectura\" \/>\n\t<meta name=\"twitter:data2\" content=\"2 minutos\" \/>\n<script type=\"application\/ld+json\" class=\"yoast-schema-graph\">{\"@context\":\"https:\\\/\\\/schema.org\",\"@graph\":[{\"@type\":\"Article\",\"@id\":\"https:\\\/\\\/www.eldiario.net\\\/portal\\\/2021\\\/08\\\/03\\\/alumnos-no-asisten-a-colegios-tras-anuncio-de-autoridades\\\/#article\",\"isPartOf\":{\"@id\":\"https:\\\/\\\/www.eldiario.net\\\/portal\\\/2021\\\/08\\\/03\\\/alumnos-no-asisten-a-colegios-tras-anuncio-de-autoridades\\\/\"},\"author\":{\"name\":\"Jeanette\",\"@id\":\"https:\\\/\\\/www.eldiario.net\\\/portal\\\/#\\\/schema\\\/person\\\/f46445640444750d7d753ccd04ae01b7\"},\"headline\":\"Alumnos no asisten a colegios tras anuncio de autoridades\",\"datePublished\":\"2021-08-03T11:46:02+00:00\",\"mainEntityOfPage\":{\"@id\":\"https:\\\/\\\/www.eldiario.net\\\/portal\\\/2021\\\/08\\\/03\\\/alumnos-no-asisten-a-colegios-tras-anuncio-de-autoridades\\\/\"},\"wordCount\":289,\"publisher\":{\"@id\":\"https:\\\/\\\/www.eldiario.net\\\/portal\\\/#organization\"},\"image\":{\"@id\":\"https:\\\/\\\/www.eldiario.net\\\/portal\\\/2021\\\/08\\\/03\\\/alumnos-no-asisten-a-colegios-tras-anuncio-de-autoridades\\\/#primaryimage\"},\"thumbnailUrl\":\"\",\"articleSection\":[\"Sociedad - Seguridad\"],\"inLanguage\":\"es\"},{\"@type\":\"WebPage\",\"@id\":\"https:\\\/\\\/www.eldiario.net\\\/portal\\\/2021\\\/08\\\/03\\\/alumnos-no-asisten-a-colegios-tras-anuncio-de-autoridades\\\/\",\"url\":\"https:\\\/\\\/www.eldiario.net\\\/portal\\\/2021\\\/08\\\/03\\\/alumnos-no-asisten-a-colegios-tras-anuncio-de-autoridades\\\/\",\"name\":\"Alumnos no asisten a colegios tras anuncio de autoridades - El Diario - Bolivia\",\"isPartOf\":{\"@id\":\"https:\\\/\\\/www.eldiario.net\\\/portal\\\/#website\"},\"primaryImageOfPage\":{\"@id\":\"https:\\\/\\\/www.eldiario.net\\\/portal\\\/2021\\\/08\\\/03\\\/alumnos-no-asisten-a-colegios-tras-anuncio-de-autoridades\\\/#primaryimage\"},\"image\":{\"@id\":\"https:\\\/\\\/www.eldiario.net\\\/portal\\\/2021\\\/08\\\/03\\\/alumnos-no-asisten-a-colegios-tras-anuncio-de-autoridades\\\/#primaryimage\"},\"thumbnailUrl\":\"\",\"datePublished\":\"2021-08-03T11:46:02+00:00\",\"breadcrumb\":{\"@id\":\"https:\\\/\\\/www.eldiario.net\\\/portal\\\/2021\\\/08\\\/03\\\/alumnos-no-asisten-a-colegios-tras-anuncio-de-autoridades\\\/#breadcrumb\"},\"inLanguage\":\"es\",\"potentialAction\":[{\"@type\":\"ReadAction\",\"target\":[\"https:\\\/\\\/www.eldiario.net\\\/portal\\\/2021\\\/08\\\/03\\\/alumnos-no-asisten-a-colegios-tras-anuncio-de-autoridades\\\/\"]}]},{\"@type\":\"ImageObject\",\"inLanguage\":\"es\",\"@id\":\"https:\\\/\\\/www.eldiario.net\\\/portal\\\/2021\\\/08\\\/03\\\/alumnos-no-asisten-a-colegios-tras-anuncio-de-autoridades\\\/#primaryimage\",\"url\":\"\",\"contentUrl\":\"\"},{\"@type\":\"BreadcrumbList\",\"@id\":\"https:\\\/\\\/www.eldiario.net\\\/portal\\\/2021\\\/08\\\/03\\\/alumnos-no-asisten-a-colegios-tras-anuncio-de-autoridades\\\/#breadcrumb\",\"itemListElement\":[{\"@type\":\"ListItem\",\"position\":1,\"name\":\"Portada\",\"item\":\"https:\\\/\\\/www.eldiario.net\\\/portal\\\/\"},{\"@type\":\"ListItem\",\"position\":2,\"name\":\"Alumnos no asisten a colegios tras anuncio de autoridades\"}]},{\"@type\":\"WebSite\",\"@id\":\"https:\\\/\\\/www.eldiario.net\\\/portal\\\/#website\",\"url\":\"https:\\\/\\\/www.eldiario.net\\\/portal\\\/\",\"name\":\"El Diario - Decano de la prensa nacional\",\"description\":\"El Diario - Decano de la prensa nacional\",\"publisher\":{\"@id\":\"https:\\\/\\\/www.eldiario.net\\\/portal\\\/#organization\"},\"potentialAction\":[{\"@type\":\"SearchAction\",\"target\":{\"@type\":\"EntryPoint\",\"urlTemplate\":\"https:\\\/\\\/www.eldiario.net\\\/portal\\\/?s={search_term_string}\"},\"query-input\":{\"@type\":\"PropertyValueSpecification\",\"valueRequired\":true,\"valueName\":\"search_term_string\"}}],\"inLanguage\":\"es\"},{\"@type\":\"Organization\",\"@id\":\"https:\\\/\\\/www.eldiario.net\\\/portal\\\/#organization\",\"name\":\"El Diario - Decano de la prensa nacional\",\"url\":\"https:\\\/\\\/www.eldiario.net\\\/portal\\\/\",\"logo\":{\"@type\":\"ImageObject\",\"inLanguage\":\"es\",\"@id\":\"https:\\\/\\\/www.eldiario.net\\\/portal\\\/#\\\/schema\\\/logo\\\/image\\\/\",\"url\":\"https:\\\/\\\/www.eldiario.net\\\/portal\\\/wp-content\\\/uploads\\\/2023\\\/07\\\/logo_ED.jpg\",\"contentUrl\":\"https:\\\/\\\/www.eldiario.net\\\/portal\\\/wp-content\\\/uploads\\\/2023\\\/07\\\/logo_ED.jpg\",\"width\":272,\"height\":52,\"caption\":\"El Diario - Decano de la prensa nacional\"},\"image\":{\"@id\":\"https:\\\/\\\/www.eldiario.net\\\/portal\\\/#\\\/schema\\\/logo\\\/image\\\/\"},\"sameAs\":[\"https:\\\/\\\/www.facebook.com\\\/eldiario.bolivia\\\/\",\"https:\\\/\\\/x.com\\\/eldiario_net\"]},{\"@type\":\"Person\",\"@id\":\"https:\\\/\\\/www.eldiario.net\\\/portal\\\/#\\\/schema\\\/person\\\/f46445640444750d7d753ccd04ae01b7\",\"name\":\"Jeanette\",\"image\":{\"@type\":\"ImageObject\",\"inLanguage\":\"es\",\"@id\":\"https:\\\/\\\/secure.gravatar.com\\\/avatar\\\/3ea2118a5f7dad2b7138b1187a6b7ee55f160b9968b66013c3a3ef39dd7e5798?s=96&d=mm&r=g\",\"url\":\"https:\\\/\\\/secure.gravatar.com\\\/avatar\\\/3ea2118a5f7dad2b7138b1187a6b7ee55f160b9968b66013c3a3ef39dd7e5798?s=96&d=mm&r=g\",\"contentUrl\":\"https:\\\/\\\/secure.gravatar.com\\\/avatar\\\/3ea2118a5f7dad2b7138b1187a6b7ee55f160b9968b66013c3a3ef39dd7e5798?s=96&d=mm&r=g\",\"caption\":\"Jeanette\"},\"sameAs\":[\"https:\\\/\\\/www.eldiario.net\\\/portal\"],\"url\":\"https:\\\/\\\/www.eldiario.net\\\/portal\\\/author\\\/jeanette\\\/\"}]}<\/script>\n<!-- \/ Yoast SEO plugin. -->","yoast_head_json":{"title":"Alumnos no asisten a colegios tras anuncio de autoridades - El Diario - Bolivia","robots":{"index":"index","follow":"follow","max-snippet":"max-snippet:-1","max-image-preview":"max-image-preview:large","max-video-preview":"max-video-preview:-1"},"canonical":"https:\/\/www.eldiario.net\/portal\/2021\/08\/03\/alumnos-no-asisten-a-colegios-tras-anuncio-de-autoridades\/","og_locale":"es_ES","og_type":"article","og_title":"Alumnos no asisten a colegios tras anuncio de autoridades - El Diario - Bolivia","og_description":"Seg\u00fan las autoridades de Educaci\u00f3n, este lunes 2 de agosto deb\u00eda comenzar las clases semipresenciales en las laderas de la urbe pace\u00f1a, pero hubo ausencia de estudiantes, algunos colegios no abrieron sus puertas. En un recorrido que realiz\u00f3 el portal Urgente.bo por las zonas de LLojeta y Bajo Tacuagua, al menos tres unidades educativas estaban [&hellip;]","og_url":"https:\/\/www.eldiario.net\/portal\/2021\/08\/03\/alumnos-no-asisten-a-colegios-tras-anuncio-de-autoridades\/","og_site_name":"El Diario - Bolivia","article_publisher":"https:\/\/www.facebook.com\/eldiario.bolivia\/","article_published_time":"2021-08-03T11:46:02+00:00","author":"Jeanette","twitter_card":"summary_large_image","twitter_creator":"@eldiario_net","twitter_site":"@eldiario_net","twitter_misc":{"Escrito por":"Jeanette","Tiempo de lectura":"2 minutos"},"schema":{"@context":"https:\/\/schema.org","@graph":[{"@type":"Article","@id":"https:\/\/www.eldiario.net\/portal\/2021\/08\/03\/alumnos-no-asisten-a-colegios-tras-anuncio-de-autoridades\/#article","isPartOf":{"@id":"https:\/\/www.eldiario.net\/portal\/2021\/08\/03\/alumnos-no-asisten-a-colegios-tras-anuncio-de-autoridades\/"},"author":{"name":"Jeanette","@id":"https:\/\/www.eldiario.net\/portal\/#\/schema\/person\/f46445640444750d7d753ccd04ae01b7"},"headline":"Alumnos no asisten a colegios tras anuncio de autoridades","datePublished":"2021-08-03T11:46:02+00:00","mainEntityOfPage":{"@id":"https:\/\/www.eldiario.net\/portal\/2021\/08\/03\/alumnos-no-asisten-a-colegios-tras-anuncio-de-autoridades\/"},"wordCount":289,"publisher":{"@id":"https:\/\/www.eldiario.net\/portal\/#organization"},"image":{"@id":"https:\/\/www.eldiario.net\/portal\/2021\/08\/03\/alumnos-no-asisten-a-colegios-tras-anuncio-de-autoridades\/#primaryimage"},"thumbnailUrl":"","articleSection":["Sociedad - Seguridad"],"inLanguage":"es"},{"@type":"WebPage","@id":"https:\/\/www.eldiario.net\/portal\/2021\/08\/03\/alumnos-no-asisten-a-colegios-tras-anuncio-de-autoridades\/","url":"https:\/\/www.eldiario.net\/portal\/2021\/08\/03\/alumnos-no-asisten-a-colegios-tras-anuncio-de-autoridades\/","name":"Alumnos no asisten a colegios tras anuncio de autoridades - El Diario - Bolivia","isPartOf":{"@id":"https:\/\/www.eldiario.net\/portal\/#website"},"primaryImageOfPage":{"@id":"https:\/\/www.eldiario.net\/portal\/2021\/08\/03\/alumnos-no-asisten-a-colegios-tras-anuncio-de-autoridades\/#primaryimage"},"image":{"@id":"https:\/\/www.eldiario.net\/portal\/2021\/08\/03\/alumnos-no-asisten-a-colegios-tras-anuncio-de-autoridades\/#primaryimage"},"thumbnailUrl":"","datePublished":"2021-08-03T11:46:02+00:00","breadcrumb":{"@id":"https:\/\/www.eldiario.net\/portal\/2021\/08\/03\/alumnos-no-asisten-a-colegios-tras-anuncio-de-autoridades\/#breadcrumb"},"inLanguage":"es","potentialAction":[{"@type":"ReadAction","target":["https:\/\/www.eldiario.net\/portal\/2021\/08\/03\/alumnos-no-asisten-a-colegios-tras-anuncio-de-autoridades\/"]}]},{"@type":"ImageObject","inLanguage":"es","@id":"https:\/\/www.eldiario.net\/portal\/2021\/08\/03\/alumnos-no-asisten-a-colegios-tras-anuncio-de-autoridades\/#primaryimage","url":"","contentUrl":""},{"@type":"BreadcrumbList","@id":"https:\/\/www.eldiario.net\/portal\/2021\/08\/03\/alumnos-no-asisten-a-colegios-tras-anuncio-de-autoridades\/#breadcrumb","itemListElement":[{"@type":"ListItem","position":1,"name":"Portada","item":"https:\/\/www.eldiario.net\/portal\/"},{"@type":"ListItem","position":2,"name":"Alumnos no asisten a colegios tras anuncio de autoridades"}]},{"@type":"WebSite","@id":"https:\/\/www.eldiario.net\/portal\/#website","url":"https:\/\/www.eldiario.net\/portal\/","name":"El Diario - Decano de la prensa nacional","description":"El Diario - Decano de la prensa nacional","publisher":{"@id":"https:\/\/www.eldiario.net\/portal\/#organization"},"potentialAction":[{"@type":"SearchAction","target":{"@type":"EntryPoint","urlTemplate":"https:\/\/www.eldiario.net\/portal\/?s={search_term_string}"},"query-input":{"@type":"PropertyValueSpecification","valueRequired":true,"valueName":"search_term_string"}}],"inLanguage":"es"},{"@type":"Organization","@id":"https:\/\/www.eldiario.net\/portal\/#organization","name":"El Diario - Decano de la prensa nacional","url":"https:\/\/www.eldiario.net\/portal\/","logo":{"@type":"ImageObject","inLanguage":"es","@id":"https:\/\/www.eldiario.net\/portal\/#\/schema\/logo\/image\/","url":"https:\/\/www.eldiario.net\/portal\/wp-content\/uploads\/2023\/07\/logo_ED.jpg","contentUrl":"https:\/\/www.eldiario.net\/portal\/wp-content\/uploads\/2023\/07\/logo_ED.jpg","width":272,"height":52,"caption":"El Diario - Decano de la prensa nacional"},"image":{"@id":"https:\/\/www.eldiario.net\/portal\/#\/schema\/logo\/image\/"},"sameAs":["https:\/\/www.facebook.com\/eldiario.bolivia\/","https:\/\/x.com\/eldiario_net"]},{"@type":"Person","@id":"https:\/\/www.eldiario.net\/portal\/#\/schema\/person\/f46445640444750d7d753ccd04ae01b7","name":"Jeanette","image":{"@type":"ImageObject","inLanguage":"es","@id":"https:\/\/secure.gravatar.com\/avatar\/3ea2118a5f7dad2b7138b1187a6b7ee55f160b9968b66013c3a3ef39dd7e5798?s=96&d=mm&r=g","url":"https:\/\/secure.gravatar.com\/avatar\/3ea2118a5f7dad2b7138b1187a6b7ee55f160b9968b66013c3a3ef39dd7e5798?s=96&d=mm&r=g","contentUrl":"https:\/\/secure.gravatar.com\/avatar\/3ea2118a5f7dad2b7138b1187a6b7ee55f160b9968b66013c3a3ef39dd7e5798?s=96&d=mm&r=g","caption":"Jeanette"},"sameAs":["https:\/\/www.eldiario.net\/portal"],"url":"https:\/\/www.eldiario.net\/portal\/author\/jeanette\/"}]}},"_links":{"self":[{"href":"https:\/\/www.eldiario.net\/portal\/wp-json\/wp\/v2\/posts\/21077","targetHints":{"allow":["GET"]}}],"collection":[{"href":"https:\/\/www.eldiario.net\/portal\/wp-json\/wp\/v2\/posts"}],"about":[{"href":"https:\/\/www.eldiario.net\/portal\/wp-json\/wp\/v2\/types\/post"}],"author":[{"embeddable":true,"href":"https:\/\/www.eldiario.net\/portal\/wp-json\/wp\/v2\/users\/1"}],"replies":[{"embeddable":true,"href":"https:\/\/www.eldiario.net\/portal\/wp-json\/wp\/v2\/comments?post=21077"}],"version-history":[{"count":0,"href":"https:\/\/www.eldiario.net\/portal\/wp-json\/wp\/v2\/posts\/21077\/revisions"}],"wp:attachment":[{"href":"https:\/\/www.eldiario.net\/portal\/wp-json\/wp\/v2\/media?parent=21077"}],"wp:term":[{"taxonomy":"category","embeddable":true,"href":"https:\/\/www.eldiario.net\/portal\/wp-json\/wp\/v2\/categories?post=21077"},{"taxonomy":"post_tag","embeddable":true,"href":"https:\/\/www.eldiario.net\/portal\/wp-json\/wp\/v2\/tags?post=21077"}],"curies":[{"name":"wp","href":"https:\/\/api.w.org\/{rel}","templated":true}]}}