{"id":21074,"date":"2021-08-03T07:44:07","date_gmt":"2021-08-03T11:44:07","guid":{"rendered":"https:\/\/www.eldiario.net\/portal\/?p=21074"},"modified":"2021-08-03T07:44:07","modified_gmt":"2021-08-03T11:44:07","slug":"willie-barbosa-se-recupera-de-la-salvaje-agresion-de-luis-barbosa","status":"publish","type":"post","link":"https:\/\/www.eldiario.net\/portal\/2021\/08\/03\/willie-barbosa-se-recupera-de-la-salvaje-agresion-de-luis-barbosa\/","title":{"rendered":"Willie Barbosa se recupera de la salvaje agresi\u00f3n de Luis Barbosa"},"content":{"rendered":"<p>El brasile\u00f1o Willie Barbosa se recupera satisfactoriamente del fuerte trauma cerebral que sufri\u00f3 por parte del zaguero de Aurora Luis Barbosa, quien lo golpe\u00f3 con el codo en la nuca, en el lance del pasado s\u00e1bado en el estadio F\u00e9lix Capriles.<\/p>\n<p>Barbosa se convulsion\u00f3 y luego fue sacado en camilla del campo de juego y el \u00e1rbitro tarije\u00f1o Jorge Justiniano, quien estaba cerca de la jugada ni siquiera le sac\u00f3 la amarilla al central agresor de Aurora, el cruce\u00f1o Luis Barbosa, quien fue convocado por C\u00e9sar Far\u00edas a la Selecci\u00f3n Nacional en la reciente Copa Am\u00e9rica.<\/p>\n<p>De acuerdo al reporte m\u00e9dico, Barbosa padece de un fuerte trauma cerebral, est\u00e1 estable y sigue en observaci\u00f3n. Se supo que el brasile\u00f1o trabaj\u00f3 ayer al igual que el domingo en el estadio Rafael Mendoza, aunque su presencia en el lance ante Tomayapo, a jugarse el mi\u00e9rcoles desde las 19.00, est\u00e1 en duda.<\/p>\n<p>Una lesi\u00f3n similar sufre el central Fernando Marteli, de quien se espera su presencia ante los tarije\u00f1os en el estadio Siles.<\/p>\n<p>Jair Reinoso tambi\u00e9n est\u00e1 golpeado, tiene una contractura muscular en el muslo izquierdo.<\/p>\n<p>El equipo cerrar\u00e1 sus aprestos hoy en sus predios de Achumani, se espera el debut de Erwin Junior S\u00e1nchez. El Tigre es l\u00edder solitario del campeonato con 28 unidades.(Foto The Strongest)<\/p>\n<p>&nbsp;<\/p>\n","protected":false},"excerpt":{"rendered":"<p>El brasile\u00f1o Willie Barbosa se recupera satisfactoriamente del fuerte trauma cerebral que sufri\u00f3 por parte del zaguero de Aurora Luis Barbosa, quien lo golpe\u00f3 con el codo en la nuca, en el lance del pasado s\u00e1bado en el estadio F\u00e9lix Capriles. Barbosa se convulsion\u00f3 y luego fue sacado en camilla del campo de juego y [&hellip;]<\/p>\n","protected":false},"author":1,"featured_media":21075,"comment_status":"closed","ping_status":"closed","sticky":false,"template":"","format":"standard","meta":{"_acf_changed":false,"footnotes":""},"categories":[6],"tags":[],"class_list":["post-21074","post","type-post","status-publish","format-standard","has-post-thumbnail","category-deportes"],"acf":{"antetitulo":""},"yoast_head":"<!-- This site is optimized with the Yoast SEO plugin v28.4 - https:\/\/yoast.com\/product\/yoast-seo-wordpress\/ -->\n<title>Willie Barbosa se recupera de la salvaje agresi\u00f3n de Luis Barbosa - El Diario - Bolivia<\/title>\n<meta name=\"robots\" content=\"index, follow, max-snippet:-1, max-image-preview:large, max-video-preview:-1\" \/>\n<link rel=\"canonical\" href=\"https:\/\/www.eldiario.net\/portal\/2021\/08\/03\/willie-barbosa-se-recupera-de-la-salvaje-agresion-de-luis-barbosa\/\" \/>\n<meta property=\"og:locale\" content=\"es_ES\" \/>\n<meta property=\"og:type\" content=\"article\" \/>\n<meta property=\"og:title\" content=\"Willie Barbosa se recupera de la salvaje agresi\u00f3n de Luis Barbosa - El Diario - Bolivia\" \/>\n<meta property=\"og:description\" content=\"El brasile\u00f1o Willie Barbosa se recupera satisfactoriamente del fuerte trauma cerebral que sufri\u00f3 por parte del zaguero de Aurora Luis Barbosa, quien lo golpe\u00f3 con el codo en la nuca, en el lance del pasado s\u00e1bado en el estadio F\u00e9lix Capriles. Barbosa se convulsion\u00f3 y luego fue sacado en camilla del campo de juego y [&hellip;]\" \/>\n<meta property=\"og:url\" content=\"https:\/\/www.eldiario.net\/portal\/2021\/08\/03\/willie-barbosa-se-recupera-de-la-salvaje-agresion-de-luis-barbosa\/\" \/>\n<meta property=\"og:site_name\" content=\"El Diario - Bolivia\" \/>\n<meta property=\"article:publisher\" content=\"https:\/\/www.facebook.com\/eldiario.bolivia\/\" \/>\n<meta property=\"article:published_time\" content=\"2021-08-03T11:44:07+00:00\" \/>\n<meta name=\"author\" content=\"Jeanette\" \/>\n<meta name=\"twitter:card\" content=\"summary_large_image\" \/>\n<meta name=\"twitter:creator\" content=\"@eldiario_net\" \/>\n<meta name=\"twitter:site\" content=\"@eldiario_net\" \/>\n<meta name=\"twitter:label1\" content=\"Escrito por\" \/>\n\t<meta name=\"twitter:data1\" content=\"Jeanette\" \/>\n\t<meta name=\"twitter:label2\" content=\"Tiempo de lectura\" \/>\n\t<meta name=\"twitter:data2\" content=\"1 minuto\" \/>\n<script type=\"application\/ld+json\" class=\"yoast-schema-graph\">{\"@context\":\"https:\\\/\\\/schema.org\",\"@graph\":[{\"@type\":\"Article\",\"@id\":\"https:\\\/\\\/www.eldiario.net\\\/portal\\\/2021\\\/08\\\/03\\\/willie-barbosa-se-recupera-de-la-salvaje-agresion-de-luis-barbosa\\\/#article\",\"isPartOf\":{\"@id\":\"https:\\\/\\\/www.eldiario.net\\\/portal\\\/2021\\\/08\\\/03\\\/willie-barbosa-se-recupera-de-la-salvaje-agresion-de-luis-barbosa\\\/\"},\"author\":{\"name\":\"Jeanette\",\"@id\":\"https:\\\/\\\/www.eldiario.net\\\/portal\\\/#\\\/schema\\\/person\\\/f46445640444750d7d753ccd04ae01b7\"},\"headline\":\"Willie Barbosa se recupera de la salvaje agresi\u00f3n de Luis Barbosa\",\"datePublished\":\"2021-08-03T11:44:07+00:00\",\"mainEntityOfPage\":{\"@id\":\"https:\\\/\\\/www.eldiario.net\\\/portal\\\/2021\\\/08\\\/03\\\/willie-barbosa-se-recupera-de-la-salvaje-agresion-de-luis-barbosa\\\/\"},\"wordCount\":244,\"publisher\":{\"@id\":\"https:\\\/\\\/www.eldiario.net\\\/portal\\\/#organization\"},\"image\":{\"@id\":\"https:\\\/\\\/www.eldiario.net\\\/portal\\\/2021\\\/08\\\/03\\\/willie-barbosa-se-recupera-de-la-salvaje-agresion-de-luis-barbosa\\\/#primaryimage\"},\"thumbnailUrl\":\"\",\"articleSection\":[\"Deportes\"],\"inLanguage\":\"es\"},{\"@type\":\"WebPage\",\"@id\":\"https:\\\/\\\/www.eldiario.net\\\/portal\\\/2021\\\/08\\\/03\\\/willie-barbosa-se-recupera-de-la-salvaje-agresion-de-luis-barbosa\\\/\",\"url\":\"https:\\\/\\\/www.eldiario.net\\\/portal\\\/2021\\\/08\\\/03\\\/willie-barbosa-se-recupera-de-la-salvaje-agresion-de-luis-barbosa\\\/\",\"name\":\"Willie Barbosa se recupera de la salvaje agresi\u00f3n de Luis Barbosa - El Diario - Bolivia\",\"isPartOf\":{\"@id\":\"https:\\\/\\\/www.eldiario.net\\\/portal\\\/#website\"},\"primaryImageOfPage\":{\"@id\":\"https:\\\/\\\/www.eldiario.net\\\/portal\\\/2021\\\/08\\\/03\\\/willie-barbosa-se-recupera-de-la-salvaje-agresion-de-luis-barbosa\\\/#primaryimage\"},\"image\":{\"@id\":\"https:\\\/\\\/www.eldiario.net\\\/portal\\\/2021\\\/08\\\/03\\\/willie-barbosa-se-recupera-de-la-salvaje-agresion-de-luis-barbosa\\\/#primaryimage\"},\"thumbnailUrl\":\"\",\"datePublished\":\"2021-08-03T11:44:07+00:00\",\"breadcrumb\":{\"@id\":\"https:\\\/\\\/www.eldiario.net\\\/portal\\\/2021\\\/08\\\/03\\\/willie-barbosa-se-recupera-de-la-salvaje-agresion-de-luis-barbosa\\\/#breadcrumb\"},\"inLanguage\":\"es\",\"potentialAction\":[{\"@type\":\"ReadAction\",\"target\":[\"https:\\\/\\\/www.eldiario.net\\\/portal\\\/2021\\\/08\\\/03\\\/willie-barbosa-se-recupera-de-la-salvaje-agresion-de-luis-barbosa\\\/\"]}]},{\"@type\":\"ImageObject\",\"inLanguage\":\"es\",\"@id\":\"https:\\\/\\\/www.eldiario.net\\\/portal\\\/2021\\\/08\\\/03\\\/willie-barbosa-se-recupera-de-la-salvaje-agresion-de-luis-barbosa\\\/#primaryimage\",\"url\":\"\",\"contentUrl\":\"\"},{\"@type\":\"BreadcrumbList\",\"@id\":\"https:\\\/\\\/www.eldiario.net\\\/portal\\\/2021\\\/08\\\/03\\\/willie-barbosa-se-recupera-de-la-salvaje-agresion-de-luis-barbosa\\\/#breadcrumb\",\"itemListElement\":[{\"@type\":\"ListItem\",\"position\":1,\"name\":\"Portada\",\"item\":\"https:\\\/\\\/www.eldiario.net\\\/portal\\\/\"},{\"@type\":\"ListItem\",\"position\":2,\"name\":\"Willie Barbosa se recupera de la salvaje agresi\u00f3n de Luis Barbosa\"}]},{\"@type\":\"WebSite\",\"@id\":\"https:\\\/\\\/www.eldiario.net\\\/portal\\\/#website\",\"url\":\"https:\\\/\\\/www.eldiario.net\\\/portal\\\/\",\"name\":\"El Diario - Decano de la prensa nacional\",\"description\":\"El Diario - Decano de la prensa nacional\",\"publisher\":{\"@id\":\"https:\\\/\\\/www.eldiario.net\\\/portal\\\/#organization\"},\"potentialAction\":[{\"@type\":\"SearchAction\",\"target\":{\"@type\":\"EntryPoint\",\"urlTemplate\":\"https:\\\/\\\/www.eldiario.net\\\/portal\\\/?s={search_term_string}\"},\"query-input\":{\"@type\":\"PropertyValueSpecification\",\"valueRequired\":true,\"valueName\":\"search_term_string\"}}],\"inLanguage\":\"es\"},{\"@type\":\"Organization\",\"@id\":\"https:\\\/\\\/www.eldiario.net\\\/portal\\\/#organization\",\"name\":\"El Diario - Decano de la prensa nacional\",\"url\":\"https:\\\/\\\/www.eldiario.net\\\/portal\\\/\",\"logo\":{\"@type\":\"ImageObject\",\"inLanguage\":\"es\",\"@id\":\"https:\\\/\\\/www.eldiario.net\\\/portal\\\/#\\\/schema\\\/logo\\\/image\\\/\",\"url\":\"https:\\\/\\\/www.eldiario.net\\\/portal\\\/wp-content\\\/uploads\\\/2023\\\/07\\\/logo_ED.jpg\",\"contentUrl\":\"https:\\\/\\\/www.eldiario.net\\\/portal\\\/wp-content\\\/uploads\\\/2023\\\/07\\\/logo_ED.jpg\",\"width\":272,\"height\":52,\"caption\":\"El Diario - Decano de la prensa nacional\"},\"image\":{\"@id\":\"https:\\\/\\\/www.eldiario.net\\\/portal\\\/#\\\/schema\\\/logo\\\/image\\\/\"},\"sameAs\":[\"https:\\\/\\\/www.facebook.com\\\/eldiario.bolivia\\\/\",\"https:\\\/\\\/x.com\\\/eldiario_net\"]},{\"@type\":\"Person\",\"@id\":\"https:\\\/\\\/www.eldiario.net\\\/portal\\\/#\\\/schema\\\/person\\\/f46445640444750d7d753ccd04ae01b7\",\"name\":\"Jeanette\",\"image\":{\"@type\":\"ImageObject\",\"inLanguage\":\"es\",\"@id\":\"https:\\\/\\\/secure.gravatar.com\\\/avatar\\\/3ea2118a5f7dad2b7138b1187a6b7ee55f160b9968b66013c3a3ef39dd7e5798?s=96&d=mm&r=g\",\"url\":\"https:\\\/\\\/secure.gravatar.com\\\/avatar\\\/3ea2118a5f7dad2b7138b1187a6b7ee55f160b9968b66013c3a3ef39dd7e5798?s=96&d=mm&r=g\",\"contentUrl\":\"https:\\\/\\\/secure.gravatar.com\\\/avatar\\\/3ea2118a5f7dad2b7138b1187a6b7ee55f160b9968b66013c3a3ef39dd7e5798?s=96&d=mm&r=g\",\"caption\":\"Jeanette\"},\"sameAs\":[\"https:\\\/\\\/www.eldiario.net\\\/portal\"],\"url\":\"https:\\\/\\\/www.eldiario.net\\\/portal\\\/author\\\/jeanette\\\/\"}]}<\/script>\n<!-- \/ Yoast SEO plugin. -->","yoast_head_json":{"title":"Willie Barbosa se recupera de la salvaje agresi\u00f3n de Luis Barbosa - El Diario - Bolivia","robots":{"index":"index","follow":"follow","max-snippet":"max-snippet:-1","max-image-preview":"max-image-preview:large","max-video-preview":"max-video-preview:-1"},"canonical":"https:\/\/www.eldiario.net\/portal\/2021\/08\/03\/willie-barbosa-se-recupera-de-la-salvaje-agresion-de-luis-barbosa\/","og_locale":"es_ES","og_type":"article","og_title":"Willie Barbosa se recupera de la salvaje agresi\u00f3n de Luis Barbosa - El Diario - Bolivia","og_description":"El brasile\u00f1o Willie Barbosa se recupera satisfactoriamente del fuerte trauma cerebral que sufri\u00f3 por parte del zaguero de Aurora Luis Barbosa, quien lo golpe\u00f3 con el codo en la nuca, en el lance del pasado s\u00e1bado en el estadio F\u00e9lix Capriles. Barbosa se convulsion\u00f3 y luego fue sacado en camilla del campo de juego y [&hellip;]","og_url":"https:\/\/www.eldiario.net\/portal\/2021\/08\/03\/willie-barbosa-se-recupera-de-la-salvaje-agresion-de-luis-barbosa\/","og_site_name":"El Diario - Bolivia","article_publisher":"https:\/\/www.facebook.com\/eldiario.bolivia\/","article_published_time":"2021-08-03T11:44:07+00:00","author":"Jeanette","twitter_card":"summary_large_image","twitter_creator":"@eldiario_net","twitter_site":"@eldiario_net","twitter_misc":{"Escrito por":"Jeanette","Tiempo de lectura":"1 minuto"},"schema":{"@context":"https:\/\/schema.org","@graph":[{"@type":"Article","@id":"https:\/\/www.eldiario.net\/portal\/2021\/08\/03\/willie-barbosa-se-recupera-de-la-salvaje-agresion-de-luis-barbosa\/#article","isPartOf":{"@id":"https:\/\/www.eldiario.net\/portal\/2021\/08\/03\/willie-barbosa-se-recupera-de-la-salvaje-agresion-de-luis-barbosa\/"},"author":{"name":"Jeanette","@id":"https:\/\/www.eldiario.net\/portal\/#\/schema\/person\/f46445640444750d7d753ccd04ae01b7"},"headline":"Willie Barbosa se recupera de la salvaje agresi\u00f3n de Luis Barbosa","datePublished":"2021-08-03T11:44:07+00:00","mainEntityOfPage":{"@id":"https:\/\/www.eldiario.net\/portal\/2021\/08\/03\/willie-barbosa-se-recupera-de-la-salvaje-agresion-de-luis-barbosa\/"},"wordCount":244,"publisher":{"@id":"https:\/\/www.eldiario.net\/portal\/#organization"},"image":{"@id":"https:\/\/www.eldiario.net\/portal\/2021\/08\/03\/willie-barbosa-se-recupera-de-la-salvaje-agresion-de-luis-barbosa\/#primaryimage"},"thumbnailUrl":"","articleSection":["Deportes"],"inLanguage":"es"},{"@type":"WebPage","@id":"https:\/\/www.eldiario.net\/portal\/2021\/08\/03\/willie-barbosa-se-recupera-de-la-salvaje-agresion-de-luis-barbosa\/","url":"https:\/\/www.eldiario.net\/portal\/2021\/08\/03\/willie-barbosa-se-recupera-de-la-salvaje-agresion-de-luis-barbosa\/","name":"Willie Barbosa se recupera de la salvaje agresi\u00f3n de Luis Barbosa - El Diario - Bolivia","isPartOf":{"@id":"https:\/\/www.eldiario.net\/portal\/#website"},"primaryImageOfPage":{"@id":"https:\/\/www.eldiario.net\/portal\/2021\/08\/03\/willie-barbosa-se-recupera-de-la-salvaje-agresion-de-luis-barbosa\/#primaryimage"},"image":{"@id":"https:\/\/www.eldiario.net\/portal\/2021\/08\/03\/willie-barbosa-se-recupera-de-la-salvaje-agresion-de-luis-barbosa\/#primaryimage"},"thumbnailUrl":"","datePublished":"2021-08-03T11:44:07+00:00","breadcrumb":{"@id":"https:\/\/www.eldiario.net\/portal\/2021\/08\/03\/willie-barbosa-se-recupera-de-la-salvaje-agresion-de-luis-barbosa\/#breadcrumb"},"inLanguage":"es","potentialAction":[{"@type":"ReadAction","target":["https:\/\/www.eldiario.net\/portal\/2021\/08\/03\/willie-barbosa-se-recupera-de-la-salvaje-agresion-de-luis-barbosa\/"]}]},{"@type":"ImageObject","inLanguage":"es","@id":"https:\/\/www.eldiario.net\/portal\/2021\/08\/03\/willie-barbosa-se-recupera-de-la-salvaje-agresion-de-luis-barbosa\/#primaryimage","url":"","contentUrl":""},{"@type":"BreadcrumbList","@id":"https:\/\/www.eldiario.net\/portal\/2021\/08\/03\/willie-barbosa-se-recupera-de-la-salvaje-agresion-de-luis-barbosa\/#breadcrumb","itemListElement":[{"@type":"ListItem","position":1,"name":"Portada","item":"https:\/\/www.eldiario.net\/portal\/"},{"@type":"ListItem","position":2,"name":"Willie Barbosa se recupera de la salvaje agresi\u00f3n de Luis Barbosa"}]},{"@type":"WebSite","@id":"https:\/\/www.eldiario.net\/portal\/#website","url":"https:\/\/www.eldiario.net\/portal\/","name":"El Diario - Decano de la prensa nacional","description":"El Diario - Decano de la prensa nacional","publisher":{"@id":"https:\/\/www.eldiario.net\/portal\/#organization"},"potentialAction":[{"@type":"SearchAction","target":{"@type":"EntryPoint","urlTemplate":"https:\/\/www.eldiario.net\/portal\/?s={search_term_string}"},"query-input":{"@type":"PropertyValueSpecification","valueRequired":true,"valueName":"search_term_string"}}],"inLanguage":"es"},{"@type":"Organization","@id":"https:\/\/www.eldiario.net\/portal\/#organization","name":"El Diario - Decano de la prensa nacional","url":"https:\/\/www.eldiario.net\/portal\/","logo":{"@type":"ImageObject","inLanguage":"es","@id":"https:\/\/www.eldiario.net\/portal\/#\/schema\/logo\/image\/","url":"https:\/\/www.eldiario.net\/portal\/wp-content\/uploads\/2023\/07\/logo_ED.jpg","contentUrl":"https:\/\/www.eldiario.net\/portal\/wp-content\/uploads\/2023\/07\/logo_ED.jpg","width":272,"height":52,"caption":"El Diario - Decano de la prensa nacional"},"image":{"@id":"https:\/\/www.eldiario.net\/portal\/#\/schema\/logo\/image\/"},"sameAs":["https:\/\/www.facebook.com\/eldiario.bolivia\/","https:\/\/x.com\/eldiario_net"]},{"@type":"Person","@id":"https:\/\/www.eldiario.net\/portal\/#\/schema\/person\/f46445640444750d7d753ccd04ae01b7","name":"Jeanette","image":{"@type":"ImageObject","inLanguage":"es","@id":"https:\/\/secure.gravatar.com\/avatar\/3ea2118a5f7dad2b7138b1187a6b7ee55f160b9968b66013c3a3ef39dd7e5798?s=96&d=mm&r=g","url":"https:\/\/secure.gravatar.com\/avatar\/3ea2118a5f7dad2b7138b1187a6b7ee55f160b9968b66013c3a3ef39dd7e5798?s=96&d=mm&r=g","contentUrl":"https:\/\/secure.gravatar.com\/avatar\/3ea2118a5f7dad2b7138b1187a6b7ee55f160b9968b66013c3a3ef39dd7e5798?s=96&d=mm&r=g","caption":"Jeanette"},"sameAs":["https:\/\/www.eldiario.net\/portal"],"url":"https:\/\/www.eldiario.net\/portal\/author\/jeanette\/"}]}},"_links":{"self":[{"href":"https:\/\/www.eldiario.net\/portal\/wp-json\/wp\/v2\/posts\/21074","targetHints":{"allow":["GET"]}}],"collection":[{"href":"https:\/\/www.eldiario.net\/portal\/wp-json\/wp\/v2\/posts"}],"about":[{"href":"https:\/\/www.eldiario.net\/portal\/wp-json\/wp\/v2\/types\/post"}],"author":[{"embeddable":true,"href":"https:\/\/www.eldiario.net\/portal\/wp-json\/wp\/v2\/users\/1"}],"replies":[{"embeddable":true,"href":"https:\/\/www.eldiario.net\/portal\/wp-json\/wp\/v2\/comments?post=21074"}],"version-history":[{"count":0,"href":"https:\/\/www.eldiario.net\/portal\/wp-json\/wp\/v2\/posts\/21074\/revisions"}],"wp:attachment":[{"href":"https:\/\/www.eldiario.net\/portal\/wp-json\/wp\/v2\/media?parent=21074"}],"wp:term":[{"taxonomy":"category","embeddable":true,"href":"https:\/\/www.eldiario.net\/portal\/wp-json\/wp\/v2\/categories?post=21074"},{"taxonomy":"post_tag","embeddable":true,"href":"https:\/\/www.eldiario.net\/portal\/wp-json\/wp\/v2\/tags?post=21074"}],"curies":[{"name":"wp","href":"https:\/\/api.w.org\/{rel}","templated":true}]}}