{"id":21071,"date":"2021-08-03T07:43:11","date_gmt":"2021-08-03T11:43:11","guid":{"rendered":"https:\/\/www.eldiario.net\/portal\/?p=21071"},"modified":"2021-08-03T07:43:11","modified_gmt":"2021-08-03T11:43:11","slug":"fiscalia-investiga-dos-nuevos-casos-de-muerte-en-el-alto","status":"publish","type":"post","link":"https:\/\/www.eldiario.net\/portal\/2021\/08\/03\/fiscalia-investiga-dos-nuevos-casos-de-muerte-en-el-alto\/","title":{"rendered":"Fiscal\u00eda investiga dos nuevos casos de muerte en El Alto"},"content":{"rendered":"<p>El fiscal Favio Maldonado inform\u00f3 este lunes que se est\u00e1 investigando dos nuevos hechos de muerte, en los cuales las v\u00edctimas habr\u00edan sufrido agresiones en circunstancias a\u00fan no esclarecidas.<\/p>\n<p>En el primer caso, indic\u00f3 que la mujer fallecida ten\u00eda 35 a\u00f1os de edad y que su cuerpo apareci\u00f3 con signos de violencia, como surco equim\u00f3tico y ropa desgarrada, en la puerta de su domicilio en la zona Bautista Saavedra.<\/p>\n<p>La hip\u00f3tesis es que la mujer falleci\u00f3 por estrangulamiento, aunque est\u00e1 sujeto a confirmaci\u00f3n por ex\u00e1menes.<\/p>\n<p>Seg\u00fan la primera indagaci\u00f3n, lleg\u00f3 la mujer hab\u00eda viajado a Oruro a visitar a su hijo en el servicio militar y, al regresar a El Alto, perdi\u00f3 la vida en el trayecto de la terminal a su domicilio.<\/p>\n<p>Se presume que la mujer fue asesinada en un lugar distinto a donde fue encontrado su cuerpo.<\/p>\n<p>La v\u00edctima deja tres hijos. Su pareja es camionero y se habr\u00eda encontrado fuera del pa\u00eds al momento del crimen, inform\u00f3 el fiscal.<\/p>\n<p>&nbsp;<\/p>\n<p>SEGUNDO CASO<\/p>\n<p>En un segundo hecho, una mujer falleci\u00f3 en un hospital de El Alto despu\u00e9s de haber sido trasladada desde Achacachi.<\/p>\n<p>El fiscal Maldonado indic\u00f3 que, en primera instancia, se presum\u00eda que la mujer estaba enferma, pero al estar convaleciente revel\u00f3 a sus familiares que habr\u00eda suido agredida en un minib\u00fas el pasado 29 de julio.<\/p>\n<p>La probable causa de la muerte fue edema cerebral y trauma en la cabeza, dijo el fiscal, quien indic\u00f3 que se hacen las diligencias para realizar los estudios forenses.<\/p>\n<p>Se\u00f1al\u00f3 que ambos casos est\u00e1n investigados por el delito de feminicidio. En el segundo hecho, explic\u00f3 que el proceso se abri\u00f3 por ese tipo penal porque la v\u00edctima habr\u00eda sufrido agresi\u00f3n f\u00edsica y sexual. (Erbol)<\/p>\n<p>&nbsp;<\/p>\n","protected":false},"excerpt":{"rendered":"<p>El fiscal Favio Maldonado inform\u00f3 este lunes que se est\u00e1 investigando dos nuevos hechos de muerte, en los cuales las v\u00edctimas habr\u00edan sufrido agresiones en circunstancias a\u00fan no esclarecidas. En el primer caso, indic\u00f3 que la mujer fallecida ten\u00eda 35 a\u00f1os de edad y que su cuerpo apareci\u00f3 con signos de violencia, como surco equim\u00f3tico [&hellip;]<\/p>\n","protected":false},"author":1,"featured_media":21072,"comment_status":"closed","ping_status":"closed","sticky":false,"template":"","format":"standard","meta":{"_acf_changed":false,"footnotes":""},"categories":[12],"tags":[],"class_list":["post-21071","post","type-post","status-publish","format-standard","has-post-thumbnail","category-nacional"],"acf":{"antetitulo":""},"yoast_head":"<!-- This site is optimized with the Yoast SEO plugin v28.4 - https:\/\/yoast.com\/product\/yoast-seo-wordpress\/ -->\n<title>Fiscal\u00eda investiga dos nuevos casos de muerte en El Alto - El Diario - Bolivia<\/title>\n<meta name=\"robots\" content=\"index, follow, max-snippet:-1, max-image-preview:large, max-video-preview:-1\" \/>\n<link rel=\"canonical\" href=\"https:\/\/www.eldiario.net\/portal\/2021\/08\/03\/fiscalia-investiga-dos-nuevos-casos-de-muerte-en-el-alto\/\" \/>\n<meta property=\"og:locale\" content=\"es_ES\" \/>\n<meta property=\"og:type\" content=\"article\" \/>\n<meta property=\"og:title\" content=\"Fiscal\u00eda investiga dos nuevos casos de muerte en El Alto - El Diario - Bolivia\" \/>\n<meta property=\"og:description\" content=\"El fiscal Favio Maldonado inform\u00f3 este lunes que se est\u00e1 investigando dos nuevos hechos de muerte, en los cuales las v\u00edctimas habr\u00edan sufrido agresiones en circunstancias a\u00fan no esclarecidas. En el primer caso, indic\u00f3 que la mujer fallecida ten\u00eda 35 a\u00f1os de edad y que su cuerpo apareci\u00f3 con signos de violencia, como surco equim\u00f3tico [&hellip;]\" \/>\n<meta property=\"og:url\" content=\"https:\/\/www.eldiario.net\/portal\/2021\/08\/03\/fiscalia-investiga-dos-nuevos-casos-de-muerte-en-el-alto\/\" \/>\n<meta property=\"og:site_name\" content=\"El Diario - Bolivia\" \/>\n<meta property=\"article:publisher\" content=\"https:\/\/www.facebook.com\/eldiario.bolivia\/\" \/>\n<meta property=\"article:published_time\" content=\"2021-08-03T11:43:11+00:00\" \/>\n<meta name=\"author\" content=\"Jeanette\" \/>\n<meta name=\"twitter:card\" content=\"summary_large_image\" \/>\n<meta name=\"twitter:creator\" content=\"@eldiario_net\" \/>\n<meta name=\"twitter:site\" content=\"@eldiario_net\" \/>\n<meta name=\"twitter:label1\" content=\"Escrito por\" \/>\n\t<meta name=\"twitter:data1\" content=\"Jeanette\" \/>\n\t<meta name=\"twitter:label2\" content=\"Tiempo de lectura\" \/>\n\t<meta name=\"twitter:data2\" content=\"2 minutos\" \/>\n<script type=\"application\/ld+json\" class=\"yoast-schema-graph\">{\"@context\":\"https:\\\/\\\/schema.org\",\"@graph\":[{\"@type\":\"Article\",\"@id\":\"https:\\\/\\\/www.eldiario.net\\\/portal\\\/2021\\\/08\\\/03\\\/fiscalia-investiga-dos-nuevos-casos-de-muerte-en-el-alto\\\/#article\",\"isPartOf\":{\"@id\":\"https:\\\/\\\/www.eldiario.net\\\/portal\\\/2021\\\/08\\\/03\\\/fiscalia-investiga-dos-nuevos-casos-de-muerte-en-el-alto\\\/\"},\"author\":{\"name\":\"Jeanette\",\"@id\":\"https:\\\/\\\/www.eldiario.net\\\/portal\\\/#\\\/schema\\\/person\\\/f46445640444750d7d753ccd04ae01b7\"},\"headline\":\"Fiscal\u00eda investiga dos nuevos casos de muerte en El Alto\",\"datePublished\":\"2021-08-03T11:43:11+00:00\",\"mainEntityOfPage\":{\"@id\":\"https:\\\/\\\/www.eldiario.net\\\/portal\\\/2021\\\/08\\\/03\\\/fiscalia-investiga-dos-nuevos-casos-de-muerte-en-el-alto\\\/\"},\"wordCount\":320,\"publisher\":{\"@id\":\"https:\\\/\\\/www.eldiario.net\\\/portal\\\/#organization\"},\"image\":{\"@id\":\"https:\\\/\\\/www.eldiario.net\\\/portal\\\/2021\\\/08\\\/03\\\/fiscalia-investiga-dos-nuevos-casos-de-muerte-en-el-alto\\\/#primaryimage\"},\"thumbnailUrl\":\"\",\"articleSection\":[\"Nacional\"],\"inLanguage\":\"es\"},{\"@type\":\"WebPage\",\"@id\":\"https:\\\/\\\/www.eldiario.net\\\/portal\\\/2021\\\/08\\\/03\\\/fiscalia-investiga-dos-nuevos-casos-de-muerte-en-el-alto\\\/\",\"url\":\"https:\\\/\\\/www.eldiario.net\\\/portal\\\/2021\\\/08\\\/03\\\/fiscalia-investiga-dos-nuevos-casos-de-muerte-en-el-alto\\\/\",\"name\":\"Fiscal\u00eda investiga dos nuevos casos de muerte en El Alto - El Diario - Bolivia\",\"isPartOf\":{\"@id\":\"https:\\\/\\\/www.eldiario.net\\\/portal\\\/#website\"},\"primaryImageOfPage\":{\"@id\":\"https:\\\/\\\/www.eldiario.net\\\/portal\\\/2021\\\/08\\\/03\\\/fiscalia-investiga-dos-nuevos-casos-de-muerte-en-el-alto\\\/#primaryimage\"},\"image\":{\"@id\":\"https:\\\/\\\/www.eldiario.net\\\/portal\\\/2021\\\/08\\\/03\\\/fiscalia-investiga-dos-nuevos-casos-de-muerte-en-el-alto\\\/#primaryimage\"},\"thumbnailUrl\":\"\",\"datePublished\":\"2021-08-03T11:43:11+00:00\",\"breadcrumb\":{\"@id\":\"https:\\\/\\\/www.eldiario.net\\\/portal\\\/2021\\\/08\\\/03\\\/fiscalia-investiga-dos-nuevos-casos-de-muerte-en-el-alto\\\/#breadcrumb\"},\"inLanguage\":\"es\",\"potentialAction\":[{\"@type\":\"ReadAction\",\"target\":[\"https:\\\/\\\/www.eldiario.net\\\/portal\\\/2021\\\/08\\\/03\\\/fiscalia-investiga-dos-nuevos-casos-de-muerte-en-el-alto\\\/\"]}]},{\"@type\":\"ImageObject\",\"inLanguage\":\"es\",\"@id\":\"https:\\\/\\\/www.eldiario.net\\\/portal\\\/2021\\\/08\\\/03\\\/fiscalia-investiga-dos-nuevos-casos-de-muerte-en-el-alto\\\/#primaryimage\",\"url\":\"\",\"contentUrl\":\"\"},{\"@type\":\"BreadcrumbList\",\"@id\":\"https:\\\/\\\/www.eldiario.net\\\/portal\\\/2021\\\/08\\\/03\\\/fiscalia-investiga-dos-nuevos-casos-de-muerte-en-el-alto\\\/#breadcrumb\",\"itemListElement\":[{\"@type\":\"ListItem\",\"position\":1,\"name\":\"Portada\",\"item\":\"https:\\\/\\\/www.eldiario.net\\\/portal\\\/\"},{\"@type\":\"ListItem\",\"position\":2,\"name\":\"Fiscal\u00eda investiga dos nuevos casos de muerte en El Alto\"}]},{\"@type\":\"WebSite\",\"@id\":\"https:\\\/\\\/www.eldiario.net\\\/portal\\\/#website\",\"url\":\"https:\\\/\\\/www.eldiario.net\\\/portal\\\/\",\"name\":\"El Diario - Decano de la prensa nacional\",\"description\":\"El Diario - Decano de la prensa nacional\",\"publisher\":{\"@id\":\"https:\\\/\\\/www.eldiario.net\\\/portal\\\/#organization\"},\"potentialAction\":[{\"@type\":\"SearchAction\",\"target\":{\"@type\":\"EntryPoint\",\"urlTemplate\":\"https:\\\/\\\/www.eldiario.net\\\/portal\\\/?s={search_term_string}\"},\"query-input\":{\"@type\":\"PropertyValueSpecification\",\"valueRequired\":true,\"valueName\":\"search_term_string\"}}],\"inLanguage\":\"es\"},{\"@type\":\"Organization\",\"@id\":\"https:\\\/\\\/www.eldiario.net\\\/portal\\\/#organization\",\"name\":\"El Diario - Decano de la prensa nacional\",\"url\":\"https:\\\/\\\/www.eldiario.net\\\/portal\\\/\",\"logo\":{\"@type\":\"ImageObject\",\"inLanguage\":\"es\",\"@id\":\"https:\\\/\\\/www.eldiario.net\\\/portal\\\/#\\\/schema\\\/logo\\\/image\\\/\",\"url\":\"https:\\\/\\\/www.eldiario.net\\\/portal\\\/wp-content\\\/uploads\\\/2023\\\/07\\\/logo_ED.jpg\",\"contentUrl\":\"https:\\\/\\\/www.eldiario.net\\\/portal\\\/wp-content\\\/uploads\\\/2023\\\/07\\\/logo_ED.jpg\",\"width\":272,\"height\":52,\"caption\":\"El Diario - Decano de la prensa nacional\"},\"image\":{\"@id\":\"https:\\\/\\\/www.eldiario.net\\\/portal\\\/#\\\/schema\\\/logo\\\/image\\\/\"},\"sameAs\":[\"https:\\\/\\\/www.facebook.com\\\/eldiario.bolivia\\\/\",\"https:\\\/\\\/x.com\\\/eldiario_net\"]},{\"@type\":\"Person\",\"@id\":\"https:\\\/\\\/www.eldiario.net\\\/portal\\\/#\\\/schema\\\/person\\\/f46445640444750d7d753ccd04ae01b7\",\"name\":\"Jeanette\",\"image\":{\"@type\":\"ImageObject\",\"inLanguage\":\"es\",\"@id\":\"https:\\\/\\\/secure.gravatar.com\\\/avatar\\\/3ea2118a5f7dad2b7138b1187a6b7ee55f160b9968b66013c3a3ef39dd7e5798?s=96&d=mm&r=g\",\"url\":\"https:\\\/\\\/secure.gravatar.com\\\/avatar\\\/3ea2118a5f7dad2b7138b1187a6b7ee55f160b9968b66013c3a3ef39dd7e5798?s=96&d=mm&r=g\",\"contentUrl\":\"https:\\\/\\\/secure.gravatar.com\\\/avatar\\\/3ea2118a5f7dad2b7138b1187a6b7ee55f160b9968b66013c3a3ef39dd7e5798?s=96&d=mm&r=g\",\"caption\":\"Jeanette\"},\"sameAs\":[\"https:\\\/\\\/www.eldiario.net\\\/portal\"],\"url\":\"https:\\\/\\\/www.eldiario.net\\\/portal\\\/author\\\/jeanette\\\/\"}]}<\/script>\n<!-- \/ Yoast SEO plugin. -->","yoast_head_json":{"title":"Fiscal\u00eda investiga dos nuevos casos de muerte en El Alto - El Diario - Bolivia","robots":{"index":"index","follow":"follow","max-snippet":"max-snippet:-1","max-image-preview":"max-image-preview:large","max-video-preview":"max-video-preview:-1"},"canonical":"https:\/\/www.eldiario.net\/portal\/2021\/08\/03\/fiscalia-investiga-dos-nuevos-casos-de-muerte-en-el-alto\/","og_locale":"es_ES","og_type":"article","og_title":"Fiscal\u00eda investiga dos nuevos casos de muerte en El Alto - El Diario - Bolivia","og_description":"El fiscal Favio Maldonado inform\u00f3 este lunes que se est\u00e1 investigando dos nuevos hechos de muerte, en los cuales las v\u00edctimas habr\u00edan sufrido agresiones en circunstancias a\u00fan no esclarecidas. En el primer caso, indic\u00f3 que la mujer fallecida ten\u00eda 35 a\u00f1os de edad y que su cuerpo apareci\u00f3 con signos de violencia, como surco equim\u00f3tico [&hellip;]","og_url":"https:\/\/www.eldiario.net\/portal\/2021\/08\/03\/fiscalia-investiga-dos-nuevos-casos-de-muerte-en-el-alto\/","og_site_name":"El Diario - Bolivia","article_publisher":"https:\/\/www.facebook.com\/eldiario.bolivia\/","article_published_time":"2021-08-03T11:43:11+00:00","author":"Jeanette","twitter_card":"summary_large_image","twitter_creator":"@eldiario_net","twitter_site":"@eldiario_net","twitter_misc":{"Escrito por":"Jeanette","Tiempo de lectura":"2 minutos"},"schema":{"@context":"https:\/\/schema.org","@graph":[{"@type":"Article","@id":"https:\/\/www.eldiario.net\/portal\/2021\/08\/03\/fiscalia-investiga-dos-nuevos-casos-de-muerte-en-el-alto\/#article","isPartOf":{"@id":"https:\/\/www.eldiario.net\/portal\/2021\/08\/03\/fiscalia-investiga-dos-nuevos-casos-de-muerte-en-el-alto\/"},"author":{"name":"Jeanette","@id":"https:\/\/www.eldiario.net\/portal\/#\/schema\/person\/f46445640444750d7d753ccd04ae01b7"},"headline":"Fiscal\u00eda investiga dos nuevos casos de muerte en El Alto","datePublished":"2021-08-03T11:43:11+00:00","mainEntityOfPage":{"@id":"https:\/\/www.eldiario.net\/portal\/2021\/08\/03\/fiscalia-investiga-dos-nuevos-casos-de-muerte-en-el-alto\/"},"wordCount":320,"publisher":{"@id":"https:\/\/www.eldiario.net\/portal\/#organization"},"image":{"@id":"https:\/\/www.eldiario.net\/portal\/2021\/08\/03\/fiscalia-investiga-dos-nuevos-casos-de-muerte-en-el-alto\/#primaryimage"},"thumbnailUrl":"","articleSection":["Nacional"],"inLanguage":"es"},{"@type":"WebPage","@id":"https:\/\/www.eldiario.net\/portal\/2021\/08\/03\/fiscalia-investiga-dos-nuevos-casos-de-muerte-en-el-alto\/","url":"https:\/\/www.eldiario.net\/portal\/2021\/08\/03\/fiscalia-investiga-dos-nuevos-casos-de-muerte-en-el-alto\/","name":"Fiscal\u00eda investiga dos nuevos casos de muerte en El Alto - El Diario - Bolivia","isPartOf":{"@id":"https:\/\/www.eldiario.net\/portal\/#website"},"primaryImageOfPage":{"@id":"https:\/\/www.eldiario.net\/portal\/2021\/08\/03\/fiscalia-investiga-dos-nuevos-casos-de-muerte-en-el-alto\/#primaryimage"},"image":{"@id":"https:\/\/www.eldiario.net\/portal\/2021\/08\/03\/fiscalia-investiga-dos-nuevos-casos-de-muerte-en-el-alto\/#primaryimage"},"thumbnailUrl":"","datePublished":"2021-08-03T11:43:11+00:00","breadcrumb":{"@id":"https:\/\/www.eldiario.net\/portal\/2021\/08\/03\/fiscalia-investiga-dos-nuevos-casos-de-muerte-en-el-alto\/#breadcrumb"},"inLanguage":"es","potentialAction":[{"@type":"ReadAction","target":["https:\/\/www.eldiario.net\/portal\/2021\/08\/03\/fiscalia-investiga-dos-nuevos-casos-de-muerte-en-el-alto\/"]}]},{"@type":"ImageObject","inLanguage":"es","@id":"https:\/\/www.eldiario.net\/portal\/2021\/08\/03\/fiscalia-investiga-dos-nuevos-casos-de-muerte-en-el-alto\/#primaryimage","url":"","contentUrl":""},{"@type":"BreadcrumbList","@id":"https:\/\/www.eldiario.net\/portal\/2021\/08\/03\/fiscalia-investiga-dos-nuevos-casos-de-muerte-en-el-alto\/#breadcrumb","itemListElement":[{"@type":"ListItem","position":1,"name":"Portada","item":"https:\/\/www.eldiario.net\/portal\/"},{"@type":"ListItem","position":2,"name":"Fiscal\u00eda investiga dos nuevos casos de muerte en El Alto"}]},{"@type":"WebSite","@id":"https:\/\/www.eldiario.net\/portal\/#website","url":"https:\/\/www.eldiario.net\/portal\/","name":"El Diario - Decano de la prensa nacional","description":"El Diario - Decano de la prensa nacional","publisher":{"@id":"https:\/\/www.eldiario.net\/portal\/#organization"},"potentialAction":[{"@type":"SearchAction","target":{"@type":"EntryPoint","urlTemplate":"https:\/\/www.eldiario.net\/portal\/?s={search_term_string}"},"query-input":{"@type":"PropertyValueSpecification","valueRequired":true,"valueName":"search_term_string"}}],"inLanguage":"es"},{"@type":"Organization","@id":"https:\/\/www.eldiario.net\/portal\/#organization","name":"El Diario - Decano de la prensa nacional","url":"https:\/\/www.eldiario.net\/portal\/","logo":{"@type":"ImageObject","inLanguage":"es","@id":"https:\/\/www.eldiario.net\/portal\/#\/schema\/logo\/image\/","url":"https:\/\/www.eldiario.net\/portal\/wp-content\/uploads\/2023\/07\/logo_ED.jpg","contentUrl":"https:\/\/www.eldiario.net\/portal\/wp-content\/uploads\/2023\/07\/logo_ED.jpg","width":272,"height":52,"caption":"El Diario - Decano de la prensa nacional"},"image":{"@id":"https:\/\/www.eldiario.net\/portal\/#\/schema\/logo\/image\/"},"sameAs":["https:\/\/www.facebook.com\/eldiario.bolivia\/","https:\/\/x.com\/eldiario_net"]},{"@type":"Person","@id":"https:\/\/www.eldiario.net\/portal\/#\/schema\/person\/f46445640444750d7d753ccd04ae01b7","name":"Jeanette","image":{"@type":"ImageObject","inLanguage":"es","@id":"https:\/\/secure.gravatar.com\/avatar\/3ea2118a5f7dad2b7138b1187a6b7ee55f160b9968b66013c3a3ef39dd7e5798?s=96&d=mm&r=g","url":"https:\/\/secure.gravatar.com\/avatar\/3ea2118a5f7dad2b7138b1187a6b7ee55f160b9968b66013c3a3ef39dd7e5798?s=96&d=mm&r=g","contentUrl":"https:\/\/secure.gravatar.com\/avatar\/3ea2118a5f7dad2b7138b1187a6b7ee55f160b9968b66013c3a3ef39dd7e5798?s=96&d=mm&r=g","caption":"Jeanette"},"sameAs":["https:\/\/www.eldiario.net\/portal"],"url":"https:\/\/www.eldiario.net\/portal\/author\/jeanette\/"}]}},"_links":{"self":[{"href":"https:\/\/www.eldiario.net\/portal\/wp-json\/wp\/v2\/posts\/21071","targetHints":{"allow":["GET"]}}],"collection":[{"href":"https:\/\/www.eldiario.net\/portal\/wp-json\/wp\/v2\/posts"}],"about":[{"href":"https:\/\/www.eldiario.net\/portal\/wp-json\/wp\/v2\/types\/post"}],"author":[{"embeddable":true,"href":"https:\/\/www.eldiario.net\/portal\/wp-json\/wp\/v2\/users\/1"}],"replies":[{"embeddable":true,"href":"https:\/\/www.eldiario.net\/portal\/wp-json\/wp\/v2\/comments?post=21071"}],"version-history":[{"count":0,"href":"https:\/\/www.eldiario.net\/portal\/wp-json\/wp\/v2\/posts\/21071\/revisions"}],"wp:attachment":[{"href":"https:\/\/www.eldiario.net\/portal\/wp-json\/wp\/v2\/media?parent=21071"}],"wp:term":[{"taxonomy":"category","embeddable":true,"href":"https:\/\/www.eldiario.net\/portal\/wp-json\/wp\/v2\/categories?post=21071"},{"taxonomy":"post_tag","embeddable":true,"href":"https:\/\/www.eldiario.net\/portal\/wp-json\/wp\/v2\/tags?post=21071"}],"curies":[{"name":"wp","href":"https:\/\/api.w.org\/{rel}","templated":true}]}}