{"id":21062,"date":"2021-08-03T07:40:16","date_gmt":"2021-08-03T11:40:16","guid":{"rendered":"https:\/\/www.eldiario.net\/portal\/?p=21062"},"modified":"2021-08-03T07:40:16","modified_gmt":"2021-08-03T11:40:16","slug":"oficialismo-ratifica-el-binomio-ortega-murillo-para-elecciones","status":"publish","type":"post","link":"https:\/\/www.eldiario.net\/portal\/2021\/08\/03\/oficialismo-ratifica-el-binomio-ortega-murillo-para-elecciones\/","title":{"rendered":"Oficialismo ratifica el binomio  Ortega-Murillo para elecciones"},"content":{"rendered":"<p>Managua.- El Frente Sandinista de Liberaci\u00f3n Nacional (FSLN) ha ratificado este lunes el binomio formado por el presidente de Nicaragua, Daniel Ortega, y la vicepresidenta y tambi\u00e9n esposa, Rosario Murillo, para concurrir a las pr\u00f3ximas presidenciales del 7 de noviembre, marcadas por la detenci\u00f3n de varios opositores y candidatos.<\/p>\n<p>\u00abEl Congreso del Frente Sandinista de Liberaci\u00f3n Nacional ratific\u00f3 por unanimidad como su f\u00f3rmula presidencial para las elecciones del pr\u00f3ximo 7 de noviembre, al presidente, Daniel Ortega, y a la vicepresidenta, Rosario Murillo\u00bb, ha informado la emisora La Primer\u00edsima.<\/p>\n<p>Se trata de la segunda vez que ambos forman parte de la candidatura del FSLN, despu\u00e9s de las presidenciales de 2016 en las que se impusieron con m\u00e1s del 72 por ciento de los votos. Anteriormente, Ortega hab\u00eda contado con el conservador Jaime Morales Carazo en 2006 para el puesto de vicepresidente, y ya en 2011, con el que fuera comandante en jefe del Ej\u00e9rcito de Nicaragua, Omar Halleslevens.<\/p>\n<p>Durante el acto, celebrado en Managua de manera telem\u00e1tica y presencial, se ha aprobado el programa electoral de la pr\u00f3xima legislatura, as\u00ed como las veinte candidaturas a diputados de la Asamblea Nacional y otras tantas para el Parlamento Centroamericano.<\/p>\n<p>Unos 4,7 millones de nicarag\u00fcenses est\u00e1n llamados para acudir a las urnas el 7 de noviembre, en medio de una de las peores crisis pol\u00edtica de los \u00faltimos a\u00f1os en el peque\u00f1o pa\u00eds centroamericano, con el actual Gobierno de Ortega acusado de perseguir a sus rivales pol\u00edticos, activistas y periodistas.<\/p>\n<p>La comunidad internacional ha puesto en duda la credibilidad de unos comicios marcados por una reforma electoral que no cumpli\u00f3 con las recomendaciones de las misiones de la Organizaci\u00f3n de Estados Americanos (OEA) y la UE y por el uso pol\u00edtico del sistema judicial para excluir a candidatos e inhabilitar a partidos de la oposici\u00f3n. (Europa Press)<\/p>\n","protected":false},"excerpt":{"rendered":"<p>Managua.- El Frente Sandinista de Liberaci\u00f3n Nacional (FSLN) ha ratificado este lunes el binomio formado por el presidente de Nicaragua, Daniel Ortega, y la vicepresidenta y tambi\u00e9n esposa, Rosario Murillo, para concurrir a las pr\u00f3ximas presidenciales del 7 de noviembre, marcadas por la detenci\u00f3n de varios opositores y candidatos. \u00abEl Congreso del Frente Sandinista de [&hellip;]<\/p>\n","protected":false},"author":1,"featured_media":21063,"comment_status":"closed","ping_status":"closed","sticky":false,"template":"","format":"standard","meta":{"_acf_changed":false,"footnotes":""},"categories":[3],"tags":[],"class_list":["post-21062","post","type-post","status-publish","format-standard","has-post-thumbnail","category-internacional"],"acf":{"antetitulo":""},"yoast_head":"<!-- This site is optimized with the Yoast SEO plugin v28.4 - https:\/\/yoast.com\/product\/yoast-seo-wordpress\/ -->\n<title>Oficialismo ratifica el binomio Ortega-Murillo para elecciones - El Diario - Bolivia<\/title>\n<meta name=\"robots\" content=\"index, follow, max-snippet:-1, max-image-preview:large, max-video-preview:-1\" \/>\n<link rel=\"canonical\" href=\"https:\/\/www.eldiario.net\/portal\/2021\/08\/03\/oficialismo-ratifica-el-binomio-ortega-murillo-para-elecciones\/\" \/>\n<meta property=\"og:locale\" content=\"es_ES\" \/>\n<meta property=\"og:type\" content=\"article\" \/>\n<meta property=\"og:title\" content=\"Oficialismo ratifica el binomio Ortega-Murillo para elecciones - El Diario - Bolivia\" \/>\n<meta property=\"og:description\" content=\"Managua.- El Frente Sandinista de Liberaci\u00f3n Nacional (FSLN) ha ratificado este lunes el binomio formado por el presidente de Nicaragua, Daniel Ortega, y la vicepresidenta y tambi\u00e9n esposa, Rosario Murillo, para concurrir a las pr\u00f3ximas presidenciales del 7 de noviembre, marcadas por la detenci\u00f3n de varios opositores y candidatos. \u00abEl Congreso del Frente Sandinista de [&hellip;]\" \/>\n<meta property=\"og:url\" content=\"https:\/\/www.eldiario.net\/portal\/2021\/08\/03\/oficialismo-ratifica-el-binomio-ortega-murillo-para-elecciones\/\" \/>\n<meta property=\"og:site_name\" content=\"El Diario - Bolivia\" \/>\n<meta property=\"article:publisher\" content=\"https:\/\/www.facebook.com\/eldiario.bolivia\/\" \/>\n<meta property=\"article:published_time\" content=\"2021-08-03T11:40:16+00:00\" \/>\n<meta name=\"author\" content=\"Jeanette\" \/>\n<meta name=\"twitter:card\" content=\"summary_large_image\" \/>\n<meta name=\"twitter:creator\" content=\"@eldiario_net\" \/>\n<meta name=\"twitter:site\" content=\"@eldiario_net\" \/>\n<meta name=\"twitter:label1\" content=\"Escrito por\" \/>\n\t<meta name=\"twitter:data1\" content=\"Jeanette\" \/>\n\t<meta name=\"twitter:label2\" content=\"Tiempo de lectura\" \/>\n\t<meta name=\"twitter:data2\" content=\"2 minutos\" \/>\n<script type=\"application\/ld+json\" class=\"yoast-schema-graph\">{\"@context\":\"https:\\\/\\\/schema.org\",\"@graph\":[{\"@type\":\"Article\",\"@id\":\"https:\\\/\\\/www.eldiario.net\\\/portal\\\/2021\\\/08\\\/03\\\/oficialismo-ratifica-el-binomio-ortega-murillo-para-elecciones\\\/#article\",\"isPartOf\":{\"@id\":\"https:\\\/\\\/www.eldiario.net\\\/portal\\\/2021\\\/08\\\/03\\\/oficialismo-ratifica-el-binomio-ortega-murillo-para-elecciones\\\/\"},\"author\":{\"name\":\"Jeanette\",\"@id\":\"https:\\\/\\\/www.eldiario.net\\\/portal\\\/#\\\/schema\\\/person\\\/f46445640444750d7d753ccd04ae01b7\"},\"headline\":\"Oficialismo ratifica el binomio Ortega-Murillo para elecciones\",\"datePublished\":\"2021-08-03T11:40:16+00:00\",\"mainEntityOfPage\":{\"@id\":\"https:\\\/\\\/www.eldiario.net\\\/portal\\\/2021\\\/08\\\/03\\\/oficialismo-ratifica-el-binomio-ortega-murillo-para-elecciones\\\/\"},\"wordCount\":327,\"publisher\":{\"@id\":\"https:\\\/\\\/www.eldiario.net\\\/portal\\\/#organization\"},\"image\":{\"@id\":\"https:\\\/\\\/www.eldiario.net\\\/portal\\\/2021\\\/08\\\/03\\\/oficialismo-ratifica-el-binomio-ortega-murillo-para-elecciones\\\/#primaryimage\"},\"thumbnailUrl\":\"\",\"articleSection\":[\"Internacional\"],\"inLanguage\":\"es\"},{\"@type\":\"WebPage\",\"@id\":\"https:\\\/\\\/www.eldiario.net\\\/portal\\\/2021\\\/08\\\/03\\\/oficialismo-ratifica-el-binomio-ortega-murillo-para-elecciones\\\/\",\"url\":\"https:\\\/\\\/www.eldiario.net\\\/portal\\\/2021\\\/08\\\/03\\\/oficialismo-ratifica-el-binomio-ortega-murillo-para-elecciones\\\/\",\"name\":\"Oficialismo ratifica el binomio Ortega-Murillo para elecciones - El Diario - Bolivia\",\"isPartOf\":{\"@id\":\"https:\\\/\\\/www.eldiario.net\\\/portal\\\/#website\"},\"primaryImageOfPage\":{\"@id\":\"https:\\\/\\\/www.eldiario.net\\\/portal\\\/2021\\\/08\\\/03\\\/oficialismo-ratifica-el-binomio-ortega-murillo-para-elecciones\\\/#primaryimage\"},\"image\":{\"@id\":\"https:\\\/\\\/www.eldiario.net\\\/portal\\\/2021\\\/08\\\/03\\\/oficialismo-ratifica-el-binomio-ortega-murillo-para-elecciones\\\/#primaryimage\"},\"thumbnailUrl\":\"\",\"datePublished\":\"2021-08-03T11:40:16+00:00\",\"breadcrumb\":{\"@id\":\"https:\\\/\\\/www.eldiario.net\\\/portal\\\/2021\\\/08\\\/03\\\/oficialismo-ratifica-el-binomio-ortega-murillo-para-elecciones\\\/#breadcrumb\"},\"inLanguage\":\"es\",\"potentialAction\":[{\"@type\":\"ReadAction\",\"target\":[\"https:\\\/\\\/www.eldiario.net\\\/portal\\\/2021\\\/08\\\/03\\\/oficialismo-ratifica-el-binomio-ortega-murillo-para-elecciones\\\/\"]}]},{\"@type\":\"ImageObject\",\"inLanguage\":\"es\",\"@id\":\"https:\\\/\\\/www.eldiario.net\\\/portal\\\/2021\\\/08\\\/03\\\/oficialismo-ratifica-el-binomio-ortega-murillo-para-elecciones\\\/#primaryimage\",\"url\":\"\",\"contentUrl\":\"\"},{\"@type\":\"BreadcrumbList\",\"@id\":\"https:\\\/\\\/www.eldiario.net\\\/portal\\\/2021\\\/08\\\/03\\\/oficialismo-ratifica-el-binomio-ortega-murillo-para-elecciones\\\/#breadcrumb\",\"itemListElement\":[{\"@type\":\"ListItem\",\"position\":1,\"name\":\"Portada\",\"item\":\"https:\\\/\\\/www.eldiario.net\\\/portal\\\/\"},{\"@type\":\"ListItem\",\"position\":2,\"name\":\"Oficialismo ratifica el binomio Ortega-Murillo para elecciones\"}]},{\"@type\":\"WebSite\",\"@id\":\"https:\\\/\\\/www.eldiario.net\\\/portal\\\/#website\",\"url\":\"https:\\\/\\\/www.eldiario.net\\\/portal\\\/\",\"name\":\"El Diario - Decano de la prensa nacional\",\"description\":\"El Diario - Decano de la prensa nacional\",\"publisher\":{\"@id\":\"https:\\\/\\\/www.eldiario.net\\\/portal\\\/#organization\"},\"potentialAction\":[{\"@type\":\"SearchAction\",\"target\":{\"@type\":\"EntryPoint\",\"urlTemplate\":\"https:\\\/\\\/www.eldiario.net\\\/portal\\\/?s={search_term_string}\"},\"query-input\":{\"@type\":\"PropertyValueSpecification\",\"valueRequired\":true,\"valueName\":\"search_term_string\"}}],\"inLanguage\":\"es\"},{\"@type\":\"Organization\",\"@id\":\"https:\\\/\\\/www.eldiario.net\\\/portal\\\/#organization\",\"name\":\"El Diario - Decano de la prensa nacional\",\"url\":\"https:\\\/\\\/www.eldiario.net\\\/portal\\\/\",\"logo\":{\"@type\":\"ImageObject\",\"inLanguage\":\"es\",\"@id\":\"https:\\\/\\\/www.eldiario.net\\\/portal\\\/#\\\/schema\\\/logo\\\/image\\\/\",\"url\":\"https:\\\/\\\/www.eldiario.net\\\/portal\\\/wp-content\\\/uploads\\\/2023\\\/07\\\/logo_ED.jpg\",\"contentUrl\":\"https:\\\/\\\/www.eldiario.net\\\/portal\\\/wp-content\\\/uploads\\\/2023\\\/07\\\/logo_ED.jpg\",\"width\":272,\"height\":52,\"caption\":\"El Diario - Decano de la prensa nacional\"},\"image\":{\"@id\":\"https:\\\/\\\/www.eldiario.net\\\/portal\\\/#\\\/schema\\\/logo\\\/image\\\/\"},\"sameAs\":[\"https:\\\/\\\/www.facebook.com\\\/eldiario.bolivia\\\/\",\"https:\\\/\\\/x.com\\\/eldiario_net\"]},{\"@type\":\"Person\",\"@id\":\"https:\\\/\\\/www.eldiario.net\\\/portal\\\/#\\\/schema\\\/person\\\/f46445640444750d7d753ccd04ae01b7\",\"name\":\"Jeanette\",\"image\":{\"@type\":\"ImageObject\",\"inLanguage\":\"es\",\"@id\":\"https:\\\/\\\/secure.gravatar.com\\\/avatar\\\/3ea2118a5f7dad2b7138b1187a6b7ee55f160b9968b66013c3a3ef39dd7e5798?s=96&d=mm&r=g\",\"url\":\"https:\\\/\\\/secure.gravatar.com\\\/avatar\\\/3ea2118a5f7dad2b7138b1187a6b7ee55f160b9968b66013c3a3ef39dd7e5798?s=96&d=mm&r=g\",\"contentUrl\":\"https:\\\/\\\/secure.gravatar.com\\\/avatar\\\/3ea2118a5f7dad2b7138b1187a6b7ee55f160b9968b66013c3a3ef39dd7e5798?s=96&d=mm&r=g\",\"caption\":\"Jeanette\"},\"sameAs\":[\"https:\\\/\\\/www.eldiario.net\\\/portal\"],\"url\":\"https:\\\/\\\/www.eldiario.net\\\/portal\\\/author\\\/jeanette\\\/\"}]}<\/script>\n<!-- \/ Yoast SEO plugin. -->","yoast_head_json":{"title":"Oficialismo ratifica el binomio Ortega-Murillo para elecciones - El Diario - Bolivia","robots":{"index":"index","follow":"follow","max-snippet":"max-snippet:-1","max-image-preview":"max-image-preview:large","max-video-preview":"max-video-preview:-1"},"canonical":"https:\/\/www.eldiario.net\/portal\/2021\/08\/03\/oficialismo-ratifica-el-binomio-ortega-murillo-para-elecciones\/","og_locale":"es_ES","og_type":"article","og_title":"Oficialismo ratifica el binomio Ortega-Murillo para elecciones - El Diario - Bolivia","og_description":"Managua.- El Frente Sandinista de Liberaci\u00f3n Nacional (FSLN) ha ratificado este lunes el binomio formado por el presidente de Nicaragua, Daniel Ortega, y la vicepresidenta y tambi\u00e9n esposa, Rosario Murillo, para concurrir a las pr\u00f3ximas presidenciales del 7 de noviembre, marcadas por la detenci\u00f3n de varios opositores y candidatos. \u00abEl Congreso del Frente Sandinista de [&hellip;]","og_url":"https:\/\/www.eldiario.net\/portal\/2021\/08\/03\/oficialismo-ratifica-el-binomio-ortega-murillo-para-elecciones\/","og_site_name":"El Diario - Bolivia","article_publisher":"https:\/\/www.facebook.com\/eldiario.bolivia\/","article_published_time":"2021-08-03T11:40:16+00:00","author":"Jeanette","twitter_card":"summary_large_image","twitter_creator":"@eldiario_net","twitter_site":"@eldiario_net","twitter_misc":{"Escrito por":"Jeanette","Tiempo de lectura":"2 minutos"},"schema":{"@context":"https:\/\/schema.org","@graph":[{"@type":"Article","@id":"https:\/\/www.eldiario.net\/portal\/2021\/08\/03\/oficialismo-ratifica-el-binomio-ortega-murillo-para-elecciones\/#article","isPartOf":{"@id":"https:\/\/www.eldiario.net\/portal\/2021\/08\/03\/oficialismo-ratifica-el-binomio-ortega-murillo-para-elecciones\/"},"author":{"name":"Jeanette","@id":"https:\/\/www.eldiario.net\/portal\/#\/schema\/person\/f46445640444750d7d753ccd04ae01b7"},"headline":"Oficialismo ratifica el binomio Ortega-Murillo para elecciones","datePublished":"2021-08-03T11:40:16+00:00","mainEntityOfPage":{"@id":"https:\/\/www.eldiario.net\/portal\/2021\/08\/03\/oficialismo-ratifica-el-binomio-ortega-murillo-para-elecciones\/"},"wordCount":327,"publisher":{"@id":"https:\/\/www.eldiario.net\/portal\/#organization"},"image":{"@id":"https:\/\/www.eldiario.net\/portal\/2021\/08\/03\/oficialismo-ratifica-el-binomio-ortega-murillo-para-elecciones\/#primaryimage"},"thumbnailUrl":"","articleSection":["Internacional"],"inLanguage":"es"},{"@type":"WebPage","@id":"https:\/\/www.eldiario.net\/portal\/2021\/08\/03\/oficialismo-ratifica-el-binomio-ortega-murillo-para-elecciones\/","url":"https:\/\/www.eldiario.net\/portal\/2021\/08\/03\/oficialismo-ratifica-el-binomio-ortega-murillo-para-elecciones\/","name":"Oficialismo ratifica el binomio Ortega-Murillo para elecciones - El Diario - Bolivia","isPartOf":{"@id":"https:\/\/www.eldiario.net\/portal\/#website"},"primaryImageOfPage":{"@id":"https:\/\/www.eldiario.net\/portal\/2021\/08\/03\/oficialismo-ratifica-el-binomio-ortega-murillo-para-elecciones\/#primaryimage"},"image":{"@id":"https:\/\/www.eldiario.net\/portal\/2021\/08\/03\/oficialismo-ratifica-el-binomio-ortega-murillo-para-elecciones\/#primaryimage"},"thumbnailUrl":"","datePublished":"2021-08-03T11:40:16+00:00","breadcrumb":{"@id":"https:\/\/www.eldiario.net\/portal\/2021\/08\/03\/oficialismo-ratifica-el-binomio-ortega-murillo-para-elecciones\/#breadcrumb"},"inLanguage":"es","potentialAction":[{"@type":"ReadAction","target":["https:\/\/www.eldiario.net\/portal\/2021\/08\/03\/oficialismo-ratifica-el-binomio-ortega-murillo-para-elecciones\/"]}]},{"@type":"ImageObject","inLanguage":"es","@id":"https:\/\/www.eldiario.net\/portal\/2021\/08\/03\/oficialismo-ratifica-el-binomio-ortega-murillo-para-elecciones\/#primaryimage","url":"","contentUrl":""},{"@type":"BreadcrumbList","@id":"https:\/\/www.eldiario.net\/portal\/2021\/08\/03\/oficialismo-ratifica-el-binomio-ortega-murillo-para-elecciones\/#breadcrumb","itemListElement":[{"@type":"ListItem","position":1,"name":"Portada","item":"https:\/\/www.eldiario.net\/portal\/"},{"@type":"ListItem","position":2,"name":"Oficialismo ratifica el binomio Ortega-Murillo para elecciones"}]},{"@type":"WebSite","@id":"https:\/\/www.eldiario.net\/portal\/#website","url":"https:\/\/www.eldiario.net\/portal\/","name":"El Diario - Decano de la prensa nacional","description":"El Diario - Decano de la prensa nacional","publisher":{"@id":"https:\/\/www.eldiario.net\/portal\/#organization"},"potentialAction":[{"@type":"SearchAction","target":{"@type":"EntryPoint","urlTemplate":"https:\/\/www.eldiario.net\/portal\/?s={search_term_string}"},"query-input":{"@type":"PropertyValueSpecification","valueRequired":true,"valueName":"search_term_string"}}],"inLanguage":"es"},{"@type":"Organization","@id":"https:\/\/www.eldiario.net\/portal\/#organization","name":"El Diario - Decano de la prensa nacional","url":"https:\/\/www.eldiario.net\/portal\/","logo":{"@type":"ImageObject","inLanguage":"es","@id":"https:\/\/www.eldiario.net\/portal\/#\/schema\/logo\/image\/","url":"https:\/\/www.eldiario.net\/portal\/wp-content\/uploads\/2023\/07\/logo_ED.jpg","contentUrl":"https:\/\/www.eldiario.net\/portal\/wp-content\/uploads\/2023\/07\/logo_ED.jpg","width":272,"height":52,"caption":"El Diario - Decano de la prensa nacional"},"image":{"@id":"https:\/\/www.eldiario.net\/portal\/#\/schema\/logo\/image\/"},"sameAs":["https:\/\/www.facebook.com\/eldiario.bolivia\/","https:\/\/x.com\/eldiario_net"]},{"@type":"Person","@id":"https:\/\/www.eldiario.net\/portal\/#\/schema\/person\/f46445640444750d7d753ccd04ae01b7","name":"Jeanette","image":{"@type":"ImageObject","inLanguage":"es","@id":"https:\/\/secure.gravatar.com\/avatar\/3ea2118a5f7dad2b7138b1187a6b7ee55f160b9968b66013c3a3ef39dd7e5798?s=96&d=mm&r=g","url":"https:\/\/secure.gravatar.com\/avatar\/3ea2118a5f7dad2b7138b1187a6b7ee55f160b9968b66013c3a3ef39dd7e5798?s=96&d=mm&r=g","contentUrl":"https:\/\/secure.gravatar.com\/avatar\/3ea2118a5f7dad2b7138b1187a6b7ee55f160b9968b66013c3a3ef39dd7e5798?s=96&d=mm&r=g","caption":"Jeanette"},"sameAs":["https:\/\/www.eldiario.net\/portal"],"url":"https:\/\/www.eldiario.net\/portal\/author\/jeanette\/"}]}},"_links":{"self":[{"href":"https:\/\/www.eldiario.net\/portal\/wp-json\/wp\/v2\/posts\/21062","targetHints":{"allow":["GET"]}}],"collection":[{"href":"https:\/\/www.eldiario.net\/portal\/wp-json\/wp\/v2\/posts"}],"about":[{"href":"https:\/\/www.eldiario.net\/portal\/wp-json\/wp\/v2\/types\/post"}],"author":[{"embeddable":true,"href":"https:\/\/www.eldiario.net\/portal\/wp-json\/wp\/v2\/users\/1"}],"replies":[{"embeddable":true,"href":"https:\/\/www.eldiario.net\/portal\/wp-json\/wp\/v2\/comments?post=21062"}],"version-history":[{"count":0,"href":"https:\/\/www.eldiario.net\/portal\/wp-json\/wp\/v2\/posts\/21062\/revisions"}],"wp:attachment":[{"href":"https:\/\/www.eldiario.net\/portal\/wp-json\/wp\/v2\/media?parent=21062"}],"wp:term":[{"taxonomy":"category","embeddable":true,"href":"https:\/\/www.eldiario.net\/portal\/wp-json\/wp\/v2\/categories?post=21062"},{"taxonomy":"post_tag","embeddable":true,"href":"https:\/\/www.eldiario.net\/portal\/wp-json\/wp\/v2\/tags?post=21062"}],"curies":[{"name":"wp","href":"https:\/\/api.w.org\/{rel}","templated":true}]}}