{"id":21059,"date":"2021-08-03T07:39:09","date_gmt":"2021-08-03T11:39:09","guid":{"rendered":"https:\/\/www.eldiario.net\/portal\/?p=21059"},"modified":"2021-08-03T07:39:09","modified_gmt":"2021-08-03T11:39:09","slug":"ciudadania-pacena-repudia-actos-vandalicos-contra-una-estatua","status":"publish","type":"post","link":"https:\/\/www.eldiario.net\/portal\/2021\/08\/03\/ciudadania-pacena-repudia-actos-vandalicos-contra-una-estatua\/","title":{"rendered":"Ciudadan\u00eda pace\u00f1a repudia actos vand\u00e1licos contra una estatua"},"content":{"rendered":"<p>Decenas de transe\u00fantes pace\u00f1os vieron ayer estupefactos e impotentes los actos vand\u00e1licos, como fue calificado por los testigos, contra una estatua de Crist\u00f3bal Col\u00f3n ubicada en el paseo de El Prado de La Paz.<\/p>\n<p>Los testigos presenciales afirmaron que el grupo de personas no eran verdaderos originarios, \u201cparec\u00edan disfrazados\u201d que se ensa\u00f1aron con una estatua, materia inanimada que solamente refleja un pasaje la historia del continente americano.<\/p>\n<p>El objetivo era tumbar la estatua, como una \u201cacci\u00f3n heroica\u201d, como si esa actitud borrara la historia, el acto solamente demuestra la escasa formaci\u00f3n de algunos grupos pagados, presuntamente pol\u00edticos, asever\u00f3 un molesto ciudadano.<\/p>\n<p>\u201cEl joven que ha subido, no es ind\u00edgena, los ind\u00edgenas no hacen esas cosas, no est\u00e1n haciendo quedar mal, le han debido pagar\u201d, protest\u00f3 una se\u00f1ora de pollera que observ\u00f3 desde la acera del frente.<\/p>\n<p>La manifestaci\u00f3n fue realizada ayer, en el D\u00eda de la Revoluci\u00f3n Agraria, dej\u00f3 con da\u00f1os en la estatua de Crist\u00f3bal Col\u00f3n, ante lo cual la Polic\u00eda intervino la movilizaci\u00f3n y se llev\u00f3 a varias personas arrestadas.<\/p>\n<p>Los j\u00f3venes manifestantes se movilizaron con m\u00fasica aut\u00f3ctona. Uno de ellos, vestido con indumentaria originaria, us\u00f3 una escalera para subir a la estatua y amarrarle una cuerda con la que aparentemente se intentar\u00eda desplomar al monumento.<\/p>\n<p>Efectivos policiales con equipo antimot\u00edn y redujeron a algunos de los manifestantes. Los llevaron a veh\u00edculos para conducirlos a instancias de la instituci\u00f3n del orden, entre ellos al sujeto que se subi\u00f3 a la estatua, pero se supo que horas despu\u00e9s fueron liberados por la Polic\u00eda.<\/p>\n<p>La estatua de Col\u00f3n apareci\u00f3 con el rostro pintado de negro. Adem\u00e1s ya no ten\u00eda la nariz.<\/p>\n<p>El subcomandante departamental, coronel Hern\u00e1n Romero, indic\u00f3 que los efectivos actuaron por la seguridad p\u00fablica y en defensa del patrimonio de los bolivianos.<\/p>\n<p>\u201cVamos a ser implacables frente a esta acciones\u201d, dijo a tiempo de confirmar que existen arrestados por lo sucedido. (Erbol y El Diario)<\/p>\n<p>&nbsp;<\/p>\n","protected":false},"excerpt":{"rendered":"<p>Decenas de transe\u00fantes pace\u00f1os vieron ayer estupefactos e impotentes los actos vand\u00e1licos, como fue calificado por los testigos, contra una estatua de Crist\u00f3bal Col\u00f3n ubicada en el paseo de El Prado de La Paz. Los testigos presenciales afirmaron que el grupo de personas no eran verdaderos originarios, \u201cparec\u00edan disfrazados\u201d que se ensa\u00f1aron con una estatua, [&hellip;]<\/p>\n","protected":false},"author":1,"featured_media":21060,"comment_status":"closed","ping_status":"closed","sticky":false,"template":"","format":"standard","meta":{"_acf_changed":false,"footnotes":""},"categories":[12],"tags":[],"class_list":["post-21059","post","type-post","status-publish","format-standard","has-post-thumbnail","category-nacional"],"acf":{"antetitulo":""},"yoast_head":"<!-- This site is optimized with the Yoast SEO plugin v28.4 - https:\/\/yoast.com\/product\/yoast-seo-wordpress\/ -->\n<title>Ciudadan\u00eda pace\u00f1a repudia actos vand\u00e1licos contra una estatua - El Diario - Bolivia<\/title>\n<meta name=\"robots\" content=\"index, follow, max-snippet:-1, max-image-preview:large, max-video-preview:-1\" \/>\n<link rel=\"canonical\" href=\"https:\/\/www.eldiario.net\/portal\/2021\/08\/03\/ciudadania-pacena-repudia-actos-vandalicos-contra-una-estatua\/\" \/>\n<meta property=\"og:locale\" content=\"es_ES\" \/>\n<meta property=\"og:type\" content=\"article\" \/>\n<meta property=\"og:title\" content=\"Ciudadan\u00eda pace\u00f1a repudia actos vand\u00e1licos contra una estatua - El Diario - Bolivia\" \/>\n<meta property=\"og:description\" content=\"Decenas de transe\u00fantes pace\u00f1os vieron ayer estupefactos e impotentes los actos vand\u00e1licos, como fue calificado por los testigos, contra una estatua de Crist\u00f3bal Col\u00f3n ubicada en el paseo de El Prado de La Paz. Los testigos presenciales afirmaron que el grupo de personas no eran verdaderos originarios, \u201cparec\u00edan disfrazados\u201d que se ensa\u00f1aron con una estatua, [&hellip;]\" \/>\n<meta property=\"og:url\" content=\"https:\/\/www.eldiario.net\/portal\/2021\/08\/03\/ciudadania-pacena-repudia-actos-vandalicos-contra-una-estatua\/\" \/>\n<meta property=\"og:site_name\" content=\"El Diario - Bolivia\" \/>\n<meta property=\"article:publisher\" content=\"https:\/\/www.facebook.com\/eldiario.bolivia\/\" \/>\n<meta property=\"article:published_time\" content=\"2021-08-03T11:39:09+00:00\" \/>\n<meta name=\"author\" content=\"Jeanette\" \/>\n<meta name=\"twitter:card\" content=\"summary_large_image\" \/>\n<meta name=\"twitter:creator\" content=\"@eldiario_net\" \/>\n<meta name=\"twitter:site\" content=\"@eldiario_net\" \/>\n<meta name=\"twitter:label1\" content=\"Escrito por\" \/>\n\t<meta name=\"twitter:data1\" content=\"Jeanette\" \/>\n\t<meta name=\"twitter:label2\" content=\"Tiempo de lectura\" \/>\n\t<meta name=\"twitter:data2\" content=\"2 minutos\" \/>\n<script type=\"application\/ld+json\" class=\"yoast-schema-graph\">{\"@context\":\"https:\\\/\\\/schema.org\",\"@graph\":[{\"@type\":\"Article\",\"@id\":\"https:\\\/\\\/www.eldiario.net\\\/portal\\\/2021\\\/08\\\/03\\\/ciudadania-pacena-repudia-actos-vandalicos-contra-una-estatua\\\/#article\",\"isPartOf\":{\"@id\":\"https:\\\/\\\/www.eldiario.net\\\/portal\\\/2021\\\/08\\\/03\\\/ciudadania-pacena-repudia-actos-vandalicos-contra-una-estatua\\\/\"},\"author\":{\"name\":\"Jeanette\",\"@id\":\"https:\\\/\\\/www.eldiario.net\\\/portal\\\/#\\\/schema\\\/person\\\/f46445640444750d7d753ccd04ae01b7\"},\"headline\":\"Ciudadan\u00eda pace\u00f1a repudia actos vand\u00e1licos contra una estatua\",\"datePublished\":\"2021-08-03T11:39:09+00:00\",\"mainEntityOfPage\":{\"@id\":\"https:\\\/\\\/www.eldiario.net\\\/portal\\\/2021\\\/08\\\/03\\\/ciudadania-pacena-repudia-actos-vandalicos-contra-una-estatua\\\/\"},\"wordCount\":365,\"publisher\":{\"@id\":\"https:\\\/\\\/www.eldiario.net\\\/portal\\\/#organization\"},\"image\":{\"@id\":\"https:\\\/\\\/www.eldiario.net\\\/portal\\\/2021\\\/08\\\/03\\\/ciudadania-pacena-repudia-actos-vandalicos-contra-una-estatua\\\/#primaryimage\"},\"thumbnailUrl\":\"\",\"articleSection\":[\"Nacional\"],\"inLanguage\":\"es\"},{\"@type\":\"WebPage\",\"@id\":\"https:\\\/\\\/www.eldiario.net\\\/portal\\\/2021\\\/08\\\/03\\\/ciudadania-pacena-repudia-actos-vandalicos-contra-una-estatua\\\/\",\"url\":\"https:\\\/\\\/www.eldiario.net\\\/portal\\\/2021\\\/08\\\/03\\\/ciudadania-pacena-repudia-actos-vandalicos-contra-una-estatua\\\/\",\"name\":\"Ciudadan\u00eda pace\u00f1a repudia actos vand\u00e1licos contra una estatua - El Diario - Bolivia\",\"isPartOf\":{\"@id\":\"https:\\\/\\\/www.eldiario.net\\\/portal\\\/#website\"},\"primaryImageOfPage\":{\"@id\":\"https:\\\/\\\/www.eldiario.net\\\/portal\\\/2021\\\/08\\\/03\\\/ciudadania-pacena-repudia-actos-vandalicos-contra-una-estatua\\\/#primaryimage\"},\"image\":{\"@id\":\"https:\\\/\\\/www.eldiario.net\\\/portal\\\/2021\\\/08\\\/03\\\/ciudadania-pacena-repudia-actos-vandalicos-contra-una-estatua\\\/#primaryimage\"},\"thumbnailUrl\":\"\",\"datePublished\":\"2021-08-03T11:39:09+00:00\",\"breadcrumb\":{\"@id\":\"https:\\\/\\\/www.eldiario.net\\\/portal\\\/2021\\\/08\\\/03\\\/ciudadania-pacena-repudia-actos-vandalicos-contra-una-estatua\\\/#breadcrumb\"},\"inLanguage\":\"es\",\"potentialAction\":[{\"@type\":\"ReadAction\",\"target\":[\"https:\\\/\\\/www.eldiario.net\\\/portal\\\/2021\\\/08\\\/03\\\/ciudadania-pacena-repudia-actos-vandalicos-contra-una-estatua\\\/\"]}]},{\"@type\":\"ImageObject\",\"inLanguage\":\"es\",\"@id\":\"https:\\\/\\\/www.eldiario.net\\\/portal\\\/2021\\\/08\\\/03\\\/ciudadania-pacena-repudia-actos-vandalicos-contra-una-estatua\\\/#primaryimage\",\"url\":\"\",\"contentUrl\":\"\"},{\"@type\":\"BreadcrumbList\",\"@id\":\"https:\\\/\\\/www.eldiario.net\\\/portal\\\/2021\\\/08\\\/03\\\/ciudadania-pacena-repudia-actos-vandalicos-contra-una-estatua\\\/#breadcrumb\",\"itemListElement\":[{\"@type\":\"ListItem\",\"position\":1,\"name\":\"Portada\",\"item\":\"https:\\\/\\\/www.eldiario.net\\\/portal\\\/\"},{\"@type\":\"ListItem\",\"position\":2,\"name\":\"Ciudadan\u00eda pace\u00f1a repudia actos vand\u00e1licos contra una estatua\"}]},{\"@type\":\"WebSite\",\"@id\":\"https:\\\/\\\/www.eldiario.net\\\/portal\\\/#website\",\"url\":\"https:\\\/\\\/www.eldiario.net\\\/portal\\\/\",\"name\":\"El Diario - Decano de la prensa nacional\",\"description\":\"El Diario - Decano de la prensa nacional\",\"publisher\":{\"@id\":\"https:\\\/\\\/www.eldiario.net\\\/portal\\\/#organization\"},\"potentialAction\":[{\"@type\":\"SearchAction\",\"target\":{\"@type\":\"EntryPoint\",\"urlTemplate\":\"https:\\\/\\\/www.eldiario.net\\\/portal\\\/?s={search_term_string}\"},\"query-input\":{\"@type\":\"PropertyValueSpecification\",\"valueRequired\":true,\"valueName\":\"search_term_string\"}}],\"inLanguage\":\"es\"},{\"@type\":\"Organization\",\"@id\":\"https:\\\/\\\/www.eldiario.net\\\/portal\\\/#organization\",\"name\":\"El Diario - Decano de la prensa nacional\",\"url\":\"https:\\\/\\\/www.eldiario.net\\\/portal\\\/\",\"logo\":{\"@type\":\"ImageObject\",\"inLanguage\":\"es\",\"@id\":\"https:\\\/\\\/www.eldiario.net\\\/portal\\\/#\\\/schema\\\/logo\\\/image\\\/\",\"url\":\"https:\\\/\\\/www.eldiario.net\\\/portal\\\/wp-content\\\/uploads\\\/2023\\\/07\\\/logo_ED.jpg\",\"contentUrl\":\"https:\\\/\\\/www.eldiario.net\\\/portal\\\/wp-content\\\/uploads\\\/2023\\\/07\\\/logo_ED.jpg\",\"width\":272,\"height\":52,\"caption\":\"El Diario - Decano de la prensa nacional\"},\"image\":{\"@id\":\"https:\\\/\\\/www.eldiario.net\\\/portal\\\/#\\\/schema\\\/logo\\\/image\\\/\"},\"sameAs\":[\"https:\\\/\\\/www.facebook.com\\\/eldiario.bolivia\\\/\",\"https:\\\/\\\/x.com\\\/eldiario_net\"]},{\"@type\":\"Person\",\"@id\":\"https:\\\/\\\/www.eldiario.net\\\/portal\\\/#\\\/schema\\\/person\\\/f46445640444750d7d753ccd04ae01b7\",\"name\":\"Jeanette\",\"image\":{\"@type\":\"ImageObject\",\"inLanguage\":\"es\",\"@id\":\"https:\\\/\\\/secure.gravatar.com\\\/avatar\\\/3ea2118a5f7dad2b7138b1187a6b7ee55f160b9968b66013c3a3ef39dd7e5798?s=96&d=mm&r=g\",\"url\":\"https:\\\/\\\/secure.gravatar.com\\\/avatar\\\/3ea2118a5f7dad2b7138b1187a6b7ee55f160b9968b66013c3a3ef39dd7e5798?s=96&d=mm&r=g\",\"contentUrl\":\"https:\\\/\\\/secure.gravatar.com\\\/avatar\\\/3ea2118a5f7dad2b7138b1187a6b7ee55f160b9968b66013c3a3ef39dd7e5798?s=96&d=mm&r=g\",\"caption\":\"Jeanette\"},\"sameAs\":[\"https:\\\/\\\/www.eldiario.net\\\/portal\"],\"url\":\"https:\\\/\\\/www.eldiario.net\\\/portal\\\/author\\\/jeanette\\\/\"}]}<\/script>\n<!-- \/ Yoast SEO plugin. -->","yoast_head_json":{"title":"Ciudadan\u00eda pace\u00f1a repudia actos vand\u00e1licos contra una estatua - El Diario - Bolivia","robots":{"index":"index","follow":"follow","max-snippet":"max-snippet:-1","max-image-preview":"max-image-preview:large","max-video-preview":"max-video-preview:-1"},"canonical":"https:\/\/www.eldiario.net\/portal\/2021\/08\/03\/ciudadania-pacena-repudia-actos-vandalicos-contra-una-estatua\/","og_locale":"es_ES","og_type":"article","og_title":"Ciudadan\u00eda pace\u00f1a repudia actos vand\u00e1licos contra una estatua - El Diario - Bolivia","og_description":"Decenas de transe\u00fantes pace\u00f1os vieron ayer estupefactos e impotentes los actos vand\u00e1licos, como fue calificado por los testigos, contra una estatua de Crist\u00f3bal Col\u00f3n ubicada en el paseo de El Prado de La Paz. Los testigos presenciales afirmaron que el grupo de personas no eran verdaderos originarios, \u201cparec\u00edan disfrazados\u201d que se ensa\u00f1aron con una estatua, [&hellip;]","og_url":"https:\/\/www.eldiario.net\/portal\/2021\/08\/03\/ciudadania-pacena-repudia-actos-vandalicos-contra-una-estatua\/","og_site_name":"El Diario - Bolivia","article_publisher":"https:\/\/www.facebook.com\/eldiario.bolivia\/","article_published_time":"2021-08-03T11:39:09+00:00","author":"Jeanette","twitter_card":"summary_large_image","twitter_creator":"@eldiario_net","twitter_site":"@eldiario_net","twitter_misc":{"Escrito por":"Jeanette","Tiempo de lectura":"2 minutos"},"schema":{"@context":"https:\/\/schema.org","@graph":[{"@type":"Article","@id":"https:\/\/www.eldiario.net\/portal\/2021\/08\/03\/ciudadania-pacena-repudia-actos-vandalicos-contra-una-estatua\/#article","isPartOf":{"@id":"https:\/\/www.eldiario.net\/portal\/2021\/08\/03\/ciudadania-pacena-repudia-actos-vandalicos-contra-una-estatua\/"},"author":{"name":"Jeanette","@id":"https:\/\/www.eldiario.net\/portal\/#\/schema\/person\/f46445640444750d7d753ccd04ae01b7"},"headline":"Ciudadan\u00eda pace\u00f1a repudia actos vand\u00e1licos contra una estatua","datePublished":"2021-08-03T11:39:09+00:00","mainEntityOfPage":{"@id":"https:\/\/www.eldiario.net\/portal\/2021\/08\/03\/ciudadania-pacena-repudia-actos-vandalicos-contra-una-estatua\/"},"wordCount":365,"publisher":{"@id":"https:\/\/www.eldiario.net\/portal\/#organization"},"image":{"@id":"https:\/\/www.eldiario.net\/portal\/2021\/08\/03\/ciudadania-pacena-repudia-actos-vandalicos-contra-una-estatua\/#primaryimage"},"thumbnailUrl":"","articleSection":["Nacional"],"inLanguage":"es"},{"@type":"WebPage","@id":"https:\/\/www.eldiario.net\/portal\/2021\/08\/03\/ciudadania-pacena-repudia-actos-vandalicos-contra-una-estatua\/","url":"https:\/\/www.eldiario.net\/portal\/2021\/08\/03\/ciudadania-pacena-repudia-actos-vandalicos-contra-una-estatua\/","name":"Ciudadan\u00eda pace\u00f1a repudia actos vand\u00e1licos contra una estatua - El Diario - Bolivia","isPartOf":{"@id":"https:\/\/www.eldiario.net\/portal\/#website"},"primaryImageOfPage":{"@id":"https:\/\/www.eldiario.net\/portal\/2021\/08\/03\/ciudadania-pacena-repudia-actos-vandalicos-contra-una-estatua\/#primaryimage"},"image":{"@id":"https:\/\/www.eldiario.net\/portal\/2021\/08\/03\/ciudadania-pacena-repudia-actos-vandalicos-contra-una-estatua\/#primaryimage"},"thumbnailUrl":"","datePublished":"2021-08-03T11:39:09+00:00","breadcrumb":{"@id":"https:\/\/www.eldiario.net\/portal\/2021\/08\/03\/ciudadania-pacena-repudia-actos-vandalicos-contra-una-estatua\/#breadcrumb"},"inLanguage":"es","potentialAction":[{"@type":"ReadAction","target":["https:\/\/www.eldiario.net\/portal\/2021\/08\/03\/ciudadania-pacena-repudia-actos-vandalicos-contra-una-estatua\/"]}]},{"@type":"ImageObject","inLanguage":"es","@id":"https:\/\/www.eldiario.net\/portal\/2021\/08\/03\/ciudadania-pacena-repudia-actos-vandalicos-contra-una-estatua\/#primaryimage","url":"","contentUrl":""},{"@type":"BreadcrumbList","@id":"https:\/\/www.eldiario.net\/portal\/2021\/08\/03\/ciudadania-pacena-repudia-actos-vandalicos-contra-una-estatua\/#breadcrumb","itemListElement":[{"@type":"ListItem","position":1,"name":"Portada","item":"https:\/\/www.eldiario.net\/portal\/"},{"@type":"ListItem","position":2,"name":"Ciudadan\u00eda pace\u00f1a repudia actos vand\u00e1licos contra una estatua"}]},{"@type":"WebSite","@id":"https:\/\/www.eldiario.net\/portal\/#website","url":"https:\/\/www.eldiario.net\/portal\/","name":"El Diario - Decano de la prensa nacional","description":"El Diario - Decano de la prensa nacional","publisher":{"@id":"https:\/\/www.eldiario.net\/portal\/#organization"},"potentialAction":[{"@type":"SearchAction","target":{"@type":"EntryPoint","urlTemplate":"https:\/\/www.eldiario.net\/portal\/?s={search_term_string}"},"query-input":{"@type":"PropertyValueSpecification","valueRequired":true,"valueName":"search_term_string"}}],"inLanguage":"es"},{"@type":"Organization","@id":"https:\/\/www.eldiario.net\/portal\/#organization","name":"El Diario - Decano de la prensa nacional","url":"https:\/\/www.eldiario.net\/portal\/","logo":{"@type":"ImageObject","inLanguage":"es","@id":"https:\/\/www.eldiario.net\/portal\/#\/schema\/logo\/image\/","url":"https:\/\/www.eldiario.net\/portal\/wp-content\/uploads\/2023\/07\/logo_ED.jpg","contentUrl":"https:\/\/www.eldiario.net\/portal\/wp-content\/uploads\/2023\/07\/logo_ED.jpg","width":272,"height":52,"caption":"El Diario - Decano de la prensa nacional"},"image":{"@id":"https:\/\/www.eldiario.net\/portal\/#\/schema\/logo\/image\/"},"sameAs":["https:\/\/www.facebook.com\/eldiario.bolivia\/","https:\/\/x.com\/eldiario_net"]},{"@type":"Person","@id":"https:\/\/www.eldiario.net\/portal\/#\/schema\/person\/f46445640444750d7d753ccd04ae01b7","name":"Jeanette","image":{"@type":"ImageObject","inLanguage":"es","@id":"https:\/\/secure.gravatar.com\/avatar\/3ea2118a5f7dad2b7138b1187a6b7ee55f160b9968b66013c3a3ef39dd7e5798?s=96&d=mm&r=g","url":"https:\/\/secure.gravatar.com\/avatar\/3ea2118a5f7dad2b7138b1187a6b7ee55f160b9968b66013c3a3ef39dd7e5798?s=96&d=mm&r=g","contentUrl":"https:\/\/secure.gravatar.com\/avatar\/3ea2118a5f7dad2b7138b1187a6b7ee55f160b9968b66013c3a3ef39dd7e5798?s=96&d=mm&r=g","caption":"Jeanette"},"sameAs":["https:\/\/www.eldiario.net\/portal"],"url":"https:\/\/www.eldiario.net\/portal\/author\/jeanette\/"}]}},"_links":{"self":[{"href":"https:\/\/www.eldiario.net\/portal\/wp-json\/wp\/v2\/posts\/21059","targetHints":{"allow":["GET"]}}],"collection":[{"href":"https:\/\/www.eldiario.net\/portal\/wp-json\/wp\/v2\/posts"}],"about":[{"href":"https:\/\/www.eldiario.net\/portal\/wp-json\/wp\/v2\/types\/post"}],"author":[{"embeddable":true,"href":"https:\/\/www.eldiario.net\/portal\/wp-json\/wp\/v2\/users\/1"}],"replies":[{"embeddable":true,"href":"https:\/\/www.eldiario.net\/portal\/wp-json\/wp\/v2\/comments?post=21059"}],"version-history":[{"count":0,"href":"https:\/\/www.eldiario.net\/portal\/wp-json\/wp\/v2\/posts\/21059\/revisions"}],"wp:attachment":[{"href":"https:\/\/www.eldiario.net\/portal\/wp-json\/wp\/v2\/media?parent=21059"}],"wp:term":[{"taxonomy":"category","embeddable":true,"href":"https:\/\/www.eldiario.net\/portal\/wp-json\/wp\/v2\/categories?post=21059"},{"taxonomy":"post_tag","embeddable":true,"href":"https:\/\/www.eldiario.net\/portal\/wp-json\/wp\/v2\/tags?post=21059"}],"curies":[{"name":"wp","href":"https:\/\/api.w.org\/{rel}","templated":true}]}}