{"id":21053,"date":"2021-08-03T07:37:03","date_gmt":"2021-08-03T11:37:03","guid":{"rendered":"https:\/\/www.eldiario.net\/portal\/?p=21053"},"modified":"2021-08-03T07:37:03","modified_gmt":"2021-08-03T11:37:03","slug":"gobernacion-promueve-vacunacion-contra-el-covid-19-en-municipios","status":"publish","type":"post","link":"https:\/\/www.eldiario.net\/portal\/2021\/08\/03\/gobernacion-promueve-vacunacion-contra-el-covid-19-en-municipios\/","title":{"rendered":"Gobernaci\u00f3n promueve vacunaci\u00f3n contra el Covid-19 en municipios"},"content":{"rendered":"<p>Ferias de salud se desarrollan en todos los municipios del departamento con la finalidad de promover la vacunaci\u00f3n contra el Covid-19 y de esta manera alcanzar la inmunidad de reba\u00f1o, inform\u00f3 ayer el gobernador de Tarija, Oscar Montes Barz\u00f3n.<\/p>\n<p>La autoridad destac\u00f3 la coordinaci\u00f3n y el compromiso de los alcaldes de los once municipios de Tarija que se sumaron a esta campa\u00f1a prioritaria en las agendas de todas las autoridades ejecutivas de los distintos niveles de gobierno.<\/p>\n<p>\u201cEsperamos que este mes de agosto alcancemos el 80% de vacunados por lo menos con la primera dosis y as\u00ed tener la inmunidad de reba\u00f1o. Invitamos a todos los j\u00f3venes, que son los m\u00e1s reacios a la vacuna y que son los que est\u00e1n ocupando las camas de terapia intensiva. En la medida que alcancemos el mayor porcentaje de vacunaci\u00f3n, volver\u00e1 la normalidad\u201d, manifest\u00f3<\/p>\n<p>El departamento de Tarija, super\u00f3 el 53% de vacunaci\u00f3n en primera dosis, mientras que la provincia Cercado ya alcanz\u00f3 el 60%, estas son cifras alentadoras; sin embargo, todav\u00eda no posibilitan liberar algunas actividades como las fiestas religiosas de Chaguaya y San Roque por ejemplo. Las autoridades del Comit\u00e9 de Operaciones de Emergencia Departamental (COED), no autorizaron la peregrinaci\u00f3n al Santuario de la Virgen de Chaguaya, mientras que las autoridades religiosas anunciaron que las celebraciones de estas festividades se realizar\u00e1n de manera virtual.<\/p>\n<p>El Gobernador inform\u00f3 que el COED, evaluar\u00e1 esta semana las cifras de contagios y de vacunaci\u00f3n contra el Covid-19 para saber si existe la posibilidad de autorizar las procesiones grandes de chunchos por la Fiesta de San Roque.<\/p>\n<p>\u201cVeremos c\u00f3mo avanzamos con la vacunaci\u00f3n, todo depender\u00e1 de los porcentajes de vacunaci\u00f3n, si logramos la inmunidad de reba\u00f1o, podr\u00edamos autorizar las procesiones, pero eso depender\u00e1 de que la gente se vacune\u201d, sostuvo la autoridad departamental.<\/p>\n<p>&nbsp;<\/p>\n","protected":false},"excerpt":{"rendered":"<p>Ferias de salud se desarrollan en todos los municipios del departamento con la finalidad de promover la vacunaci\u00f3n contra el Covid-19 y de esta manera alcanzar la inmunidad de reba\u00f1o, inform\u00f3 ayer el gobernador de Tarija, Oscar Montes Barz\u00f3n. La autoridad destac\u00f3 la coordinaci\u00f3n y el compromiso de los alcaldes de los once municipios de [&hellip;]<\/p>\n","protected":false},"author":1,"featured_media":21054,"comment_status":"closed","ping_status":"closed","sticky":false,"template":"","format":"standard","meta":{"_acf_changed":false,"footnotes":""},"categories":[12],"tags":[],"class_list":["post-21053","post","type-post","status-publish","format-standard","has-post-thumbnail","category-nacional"],"acf":{"antetitulo":""},"yoast_head":"<!-- This site is optimized with the Yoast SEO plugin v28.4 - https:\/\/yoast.com\/product\/yoast-seo-wordpress\/ -->\n<title>Gobernaci\u00f3n promueve vacunaci\u00f3n contra el Covid-19 en municipios - El Diario - Bolivia<\/title>\n<meta name=\"robots\" content=\"index, follow, max-snippet:-1, max-image-preview:large, max-video-preview:-1\" \/>\n<link rel=\"canonical\" href=\"https:\/\/www.eldiario.net\/portal\/2021\/08\/03\/gobernacion-promueve-vacunacion-contra-el-covid-19-en-municipios\/\" \/>\n<meta property=\"og:locale\" content=\"es_ES\" \/>\n<meta property=\"og:type\" content=\"article\" \/>\n<meta property=\"og:title\" content=\"Gobernaci\u00f3n promueve vacunaci\u00f3n contra el Covid-19 en municipios - El Diario - Bolivia\" \/>\n<meta property=\"og:description\" content=\"Ferias de salud se desarrollan en todos los municipios del departamento con la finalidad de promover la vacunaci\u00f3n contra el Covid-19 y de esta manera alcanzar la inmunidad de reba\u00f1o, inform\u00f3 ayer el gobernador de Tarija, Oscar Montes Barz\u00f3n. La autoridad destac\u00f3 la coordinaci\u00f3n y el compromiso de los alcaldes de los once municipios de [&hellip;]\" \/>\n<meta property=\"og:url\" content=\"https:\/\/www.eldiario.net\/portal\/2021\/08\/03\/gobernacion-promueve-vacunacion-contra-el-covid-19-en-municipios\/\" \/>\n<meta property=\"og:site_name\" content=\"El Diario - Bolivia\" \/>\n<meta property=\"article:publisher\" content=\"https:\/\/www.facebook.com\/eldiario.bolivia\/\" \/>\n<meta property=\"article:published_time\" content=\"2021-08-03T11:37:03+00:00\" \/>\n<meta property=\"og:image\" content=\"https:\/\/www.eldiario.net\/portal\/wp-content\/uploads\/2021\/08\/NACI-Gobernacion-promueve-vacunacion.jpg\" \/>\n\t<meta property=\"og:image:width\" content=\"1280\" \/>\n\t<meta property=\"og:image:height\" content=\"847\" \/>\n\t<meta property=\"og:image:type\" content=\"image\/jpeg\" \/>\n<meta name=\"author\" content=\"Jeanette\" \/>\n<meta name=\"twitter:card\" content=\"summary_large_image\" \/>\n<meta name=\"twitter:creator\" content=\"@eldiario_net\" \/>\n<meta name=\"twitter:site\" content=\"@eldiario_net\" \/>\n<meta name=\"twitter:label1\" content=\"Escrito por\" \/>\n\t<meta name=\"twitter:data1\" content=\"Jeanette\" \/>\n\t<meta name=\"twitter:label2\" content=\"Tiempo de lectura\" \/>\n\t<meta name=\"twitter:data2\" content=\"2 minutos\" \/>\n<script type=\"application\/ld+json\" class=\"yoast-schema-graph\">{\"@context\":\"https:\\\/\\\/schema.org\",\"@graph\":[{\"@type\":\"Article\",\"@id\":\"https:\\\/\\\/www.eldiario.net\\\/portal\\\/2021\\\/08\\\/03\\\/gobernacion-promueve-vacunacion-contra-el-covid-19-en-municipios\\\/#article\",\"isPartOf\":{\"@id\":\"https:\\\/\\\/www.eldiario.net\\\/portal\\\/2021\\\/08\\\/03\\\/gobernacion-promueve-vacunacion-contra-el-covid-19-en-municipios\\\/\"},\"author\":{\"name\":\"Jeanette\",\"@id\":\"https:\\\/\\\/www.eldiario.net\\\/portal\\\/#\\\/schema\\\/person\\\/f46445640444750d7d753ccd04ae01b7\"},\"headline\":\"Gobernaci\u00f3n promueve vacunaci\u00f3n contra el Covid-19 en municipios\",\"datePublished\":\"2021-08-03T11:37:03+00:00\",\"mainEntityOfPage\":{\"@id\":\"https:\\\/\\\/www.eldiario.net\\\/portal\\\/2021\\\/08\\\/03\\\/gobernacion-promueve-vacunacion-contra-el-covid-19-en-municipios\\\/\"},\"wordCount\":325,\"publisher\":{\"@id\":\"https:\\\/\\\/www.eldiario.net\\\/portal\\\/#organization\"},\"image\":{\"@id\":\"https:\\\/\\\/www.eldiario.net\\\/portal\\\/2021\\\/08\\\/03\\\/gobernacion-promueve-vacunacion-contra-el-covid-19-en-municipios\\\/#primaryimage\"},\"thumbnailUrl\":\"https:\\\/\\\/www.eldiario.net\\\/portal\\\/wp-content\\\/uploads\\\/2021\\\/08\\\/NACI-Gobernacion-promueve-vacunacion.jpg\",\"articleSection\":[\"Nacional\"],\"inLanguage\":\"es\"},{\"@type\":\"WebPage\",\"@id\":\"https:\\\/\\\/www.eldiario.net\\\/portal\\\/2021\\\/08\\\/03\\\/gobernacion-promueve-vacunacion-contra-el-covid-19-en-municipios\\\/\",\"url\":\"https:\\\/\\\/www.eldiario.net\\\/portal\\\/2021\\\/08\\\/03\\\/gobernacion-promueve-vacunacion-contra-el-covid-19-en-municipios\\\/\",\"name\":\"Gobernaci\u00f3n promueve vacunaci\u00f3n contra el Covid-19 en municipios - El Diario - Bolivia\",\"isPartOf\":{\"@id\":\"https:\\\/\\\/www.eldiario.net\\\/portal\\\/#website\"},\"primaryImageOfPage\":{\"@id\":\"https:\\\/\\\/www.eldiario.net\\\/portal\\\/2021\\\/08\\\/03\\\/gobernacion-promueve-vacunacion-contra-el-covid-19-en-municipios\\\/#primaryimage\"},\"image\":{\"@id\":\"https:\\\/\\\/www.eldiario.net\\\/portal\\\/2021\\\/08\\\/03\\\/gobernacion-promueve-vacunacion-contra-el-covid-19-en-municipios\\\/#primaryimage\"},\"thumbnailUrl\":\"https:\\\/\\\/www.eldiario.net\\\/portal\\\/wp-content\\\/uploads\\\/2021\\\/08\\\/NACI-Gobernacion-promueve-vacunacion.jpg\",\"datePublished\":\"2021-08-03T11:37:03+00:00\",\"breadcrumb\":{\"@id\":\"https:\\\/\\\/www.eldiario.net\\\/portal\\\/2021\\\/08\\\/03\\\/gobernacion-promueve-vacunacion-contra-el-covid-19-en-municipios\\\/#breadcrumb\"},\"inLanguage\":\"es\",\"potentialAction\":[{\"@type\":\"ReadAction\",\"target\":[\"https:\\\/\\\/www.eldiario.net\\\/portal\\\/2021\\\/08\\\/03\\\/gobernacion-promueve-vacunacion-contra-el-covid-19-en-municipios\\\/\"]}]},{\"@type\":\"ImageObject\",\"inLanguage\":\"es\",\"@id\":\"https:\\\/\\\/www.eldiario.net\\\/portal\\\/2021\\\/08\\\/03\\\/gobernacion-promueve-vacunacion-contra-el-covid-19-en-municipios\\\/#primaryimage\",\"url\":\"https:\\\/\\\/www.eldiario.net\\\/portal\\\/wp-content\\\/uploads\\\/2021\\\/08\\\/NACI-Gobernacion-promueve-vacunacion.jpg\",\"contentUrl\":\"https:\\\/\\\/www.eldiario.net\\\/portal\\\/wp-content\\\/uploads\\\/2021\\\/08\\\/NACI-Gobernacion-promueve-vacunacion.jpg\",\"width\":1280,\"height\":847},{\"@type\":\"BreadcrumbList\",\"@id\":\"https:\\\/\\\/www.eldiario.net\\\/portal\\\/2021\\\/08\\\/03\\\/gobernacion-promueve-vacunacion-contra-el-covid-19-en-municipios\\\/#breadcrumb\",\"itemListElement\":[{\"@type\":\"ListItem\",\"position\":1,\"name\":\"Portada\",\"item\":\"https:\\\/\\\/www.eldiario.net\\\/portal\\\/\"},{\"@type\":\"ListItem\",\"position\":2,\"name\":\"Gobernaci\u00f3n promueve vacunaci\u00f3n contra el Covid-19 en municipios\"}]},{\"@type\":\"WebSite\",\"@id\":\"https:\\\/\\\/www.eldiario.net\\\/portal\\\/#website\",\"url\":\"https:\\\/\\\/www.eldiario.net\\\/portal\\\/\",\"name\":\"El Diario - Decano de la prensa nacional\",\"description\":\"El Diario - Decano de la prensa nacional\",\"publisher\":{\"@id\":\"https:\\\/\\\/www.eldiario.net\\\/portal\\\/#organization\"},\"potentialAction\":[{\"@type\":\"SearchAction\",\"target\":{\"@type\":\"EntryPoint\",\"urlTemplate\":\"https:\\\/\\\/www.eldiario.net\\\/portal\\\/?s={search_term_string}\"},\"query-input\":{\"@type\":\"PropertyValueSpecification\",\"valueRequired\":true,\"valueName\":\"search_term_string\"}}],\"inLanguage\":\"es\"},{\"@type\":\"Organization\",\"@id\":\"https:\\\/\\\/www.eldiario.net\\\/portal\\\/#organization\",\"name\":\"El Diario - Decano de la prensa nacional\",\"url\":\"https:\\\/\\\/www.eldiario.net\\\/portal\\\/\",\"logo\":{\"@type\":\"ImageObject\",\"inLanguage\":\"es\",\"@id\":\"https:\\\/\\\/www.eldiario.net\\\/portal\\\/#\\\/schema\\\/logo\\\/image\\\/\",\"url\":\"https:\\\/\\\/www.eldiario.net\\\/portal\\\/wp-content\\\/uploads\\\/2023\\\/07\\\/logo_ED.jpg\",\"contentUrl\":\"https:\\\/\\\/www.eldiario.net\\\/portal\\\/wp-content\\\/uploads\\\/2023\\\/07\\\/logo_ED.jpg\",\"width\":272,\"height\":52,\"caption\":\"El Diario - Decano de la prensa nacional\"},\"image\":{\"@id\":\"https:\\\/\\\/www.eldiario.net\\\/portal\\\/#\\\/schema\\\/logo\\\/image\\\/\"},\"sameAs\":[\"https:\\\/\\\/www.facebook.com\\\/eldiario.bolivia\\\/\",\"https:\\\/\\\/x.com\\\/eldiario_net\"]},{\"@type\":\"Person\",\"@id\":\"https:\\\/\\\/www.eldiario.net\\\/portal\\\/#\\\/schema\\\/person\\\/f46445640444750d7d753ccd04ae01b7\",\"name\":\"Jeanette\",\"image\":{\"@type\":\"ImageObject\",\"inLanguage\":\"es\",\"@id\":\"https:\\\/\\\/secure.gravatar.com\\\/avatar\\\/3ea2118a5f7dad2b7138b1187a6b7ee55f160b9968b66013c3a3ef39dd7e5798?s=96&d=mm&r=g\",\"url\":\"https:\\\/\\\/secure.gravatar.com\\\/avatar\\\/3ea2118a5f7dad2b7138b1187a6b7ee55f160b9968b66013c3a3ef39dd7e5798?s=96&d=mm&r=g\",\"contentUrl\":\"https:\\\/\\\/secure.gravatar.com\\\/avatar\\\/3ea2118a5f7dad2b7138b1187a6b7ee55f160b9968b66013c3a3ef39dd7e5798?s=96&d=mm&r=g\",\"caption\":\"Jeanette\"},\"sameAs\":[\"https:\\\/\\\/www.eldiario.net\\\/portal\"],\"url\":\"https:\\\/\\\/www.eldiario.net\\\/portal\\\/author\\\/jeanette\\\/\"}]}<\/script>\n<!-- \/ Yoast SEO plugin. -->","yoast_head_json":{"title":"Gobernaci\u00f3n promueve vacunaci\u00f3n contra el Covid-19 en municipios - El Diario - Bolivia","robots":{"index":"index","follow":"follow","max-snippet":"max-snippet:-1","max-image-preview":"max-image-preview:large","max-video-preview":"max-video-preview:-1"},"canonical":"https:\/\/www.eldiario.net\/portal\/2021\/08\/03\/gobernacion-promueve-vacunacion-contra-el-covid-19-en-municipios\/","og_locale":"es_ES","og_type":"article","og_title":"Gobernaci\u00f3n promueve vacunaci\u00f3n contra el Covid-19 en municipios - El Diario - Bolivia","og_description":"Ferias de salud se desarrollan en todos los municipios del departamento con la finalidad de promover la vacunaci\u00f3n contra el Covid-19 y de esta manera alcanzar la inmunidad de reba\u00f1o, inform\u00f3 ayer el gobernador de Tarija, Oscar Montes Barz\u00f3n. La autoridad destac\u00f3 la coordinaci\u00f3n y el compromiso de los alcaldes de los once municipios de [&hellip;]","og_url":"https:\/\/www.eldiario.net\/portal\/2021\/08\/03\/gobernacion-promueve-vacunacion-contra-el-covid-19-en-municipios\/","og_site_name":"El Diario - Bolivia","article_publisher":"https:\/\/www.facebook.com\/eldiario.bolivia\/","article_published_time":"2021-08-03T11:37:03+00:00","og_image":[{"width":1280,"height":847,"url":"https:\/\/www.eldiario.net\/portal\/wp-content\/uploads\/2021\/08\/NACI-Gobernacion-promueve-vacunacion.jpg","type":"image\/jpeg"}],"author":"Jeanette","twitter_card":"summary_large_image","twitter_creator":"@eldiario_net","twitter_site":"@eldiario_net","twitter_misc":{"Escrito por":"Jeanette","Tiempo de lectura":"2 minutos"},"schema":{"@context":"https:\/\/schema.org","@graph":[{"@type":"Article","@id":"https:\/\/www.eldiario.net\/portal\/2021\/08\/03\/gobernacion-promueve-vacunacion-contra-el-covid-19-en-municipios\/#article","isPartOf":{"@id":"https:\/\/www.eldiario.net\/portal\/2021\/08\/03\/gobernacion-promueve-vacunacion-contra-el-covid-19-en-municipios\/"},"author":{"name":"Jeanette","@id":"https:\/\/www.eldiario.net\/portal\/#\/schema\/person\/f46445640444750d7d753ccd04ae01b7"},"headline":"Gobernaci\u00f3n promueve vacunaci\u00f3n contra el Covid-19 en municipios","datePublished":"2021-08-03T11:37:03+00:00","mainEntityOfPage":{"@id":"https:\/\/www.eldiario.net\/portal\/2021\/08\/03\/gobernacion-promueve-vacunacion-contra-el-covid-19-en-municipios\/"},"wordCount":325,"publisher":{"@id":"https:\/\/www.eldiario.net\/portal\/#organization"},"image":{"@id":"https:\/\/www.eldiario.net\/portal\/2021\/08\/03\/gobernacion-promueve-vacunacion-contra-el-covid-19-en-municipios\/#primaryimage"},"thumbnailUrl":"https:\/\/www.eldiario.net\/portal\/wp-content\/uploads\/2021\/08\/NACI-Gobernacion-promueve-vacunacion.jpg","articleSection":["Nacional"],"inLanguage":"es"},{"@type":"WebPage","@id":"https:\/\/www.eldiario.net\/portal\/2021\/08\/03\/gobernacion-promueve-vacunacion-contra-el-covid-19-en-municipios\/","url":"https:\/\/www.eldiario.net\/portal\/2021\/08\/03\/gobernacion-promueve-vacunacion-contra-el-covid-19-en-municipios\/","name":"Gobernaci\u00f3n promueve vacunaci\u00f3n contra el Covid-19 en municipios - El Diario - Bolivia","isPartOf":{"@id":"https:\/\/www.eldiario.net\/portal\/#website"},"primaryImageOfPage":{"@id":"https:\/\/www.eldiario.net\/portal\/2021\/08\/03\/gobernacion-promueve-vacunacion-contra-el-covid-19-en-municipios\/#primaryimage"},"image":{"@id":"https:\/\/www.eldiario.net\/portal\/2021\/08\/03\/gobernacion-promueve-vacunacion-contra-el-covid-19-en-municipios\/#primaryimage"},"thumbnailUrl":"https:\/\/www.eldiario.net\/portal\/wp-content\/uploads\/2021\/08\/NACI-Gobernacion-promueve-vacunacion.jpg","datePublished":"2021-08-03T11:37:03+00:00","breadcrumb":{"@id":"https:\/\/www.eldiario.net\/portal\/2021\/08\/03\/gobernacion-promueve-vacunacion-contra-el-covid-19-en-municipios\/#breadcrumb"},"inLanguage":"es","potentialAction":[{"@type":"ReadAction","target":["https:\/\/www.eldiario.net\/portal\/2021\/08\/03\/gobernacion-promueve-vacunacion-contra-el-covid-19-en-municipios\/"]}]},{"@type":"ImageObject","inLanguage":"es","@id":"https:\/\/www.eldiario.net\/portal\/2021\/08\/03\/gobernacion-promueve-vacunacion-contra-el-covid-19-en-municipios\/#primaryimage","url":"https:\/\/www.eldiario.net\/portal\/wp-content\/uploads\/2021\/08\/NACI-Gobernacion-promueve-vacunacion.jpg","contentUrl":"https:\/\/www.eldiario.net\/portal\/wp-content\/uploads\/2021\/08\/NACI-Gobernacion-promueve-vacunacion.jpg","width":1280,"height":847},{"@type":"BreadcrumbList","@id":"https:\/\/www.eldiario.net\/portal\/2021\/08\/03\/gobernacion-promueve-vacunacion-contra-el-covid-19-en-municipios\/#breadcrumb","itemListElement":[{"@type":"ListItem","position":1,"name":"Portada","item":"https:\/\/www.eldiario.net\/portal\/"},{"@type":"ListItem","position":2,"name":"Gobernaci\u00f3n promueve vacunaci\u00f3n contra el Covid-19 en municipios"}]},{"@type":"WebSite","@id":"https:\/\/www.eldiario.net\/portal\/#website","url":"https:\/\/www.eldiario.net\/portal\/","name":"El Diario - Decano de la prensa nacional","description":"El Diario - Decano de la prensa nacional","publisher":{"@id":"https:\/\/www.eldiario.net\/portal\/#organization"},"potentialAction":[{"@type":"SearchAction","target":{"@type":"EntryPoint","urlTemplate":"https:\/\/www.eldiario.net\/portal\/?s={search_term_string}"},"query-input":{"@type":"PropertyValueSpecification","valueRequired":true,"valueName":"search_term_string"}}],"inLanguage":"es"},{"@type":"Organization","@id":"https:\/\/www.eldiario.net\/portal\/#organization","name":"El Diario - Decano de la prensa nacional","url":"https:\/\/www.eldiario.net\/portal\/","logo":{"@type":"ImageObject","inLanguage":"es","@id":"https:\/\/www.eldiario.net\/portal\/#\/schema\/logo\/image\/","url":"https:\/\/www.eldiario.net\/portal\/wp-content\/uploads\/2023\/07\/logo_ED.jpg","contentUrl":"https:\/\/www.eldiario.net\/portal\/wp-content\/uploads\/2023\/07\/logo_ED.jpg","width":272,"height":52,"caption":"El Diario - Decano de la prensa nacional"},"image":{"@id":"https:\/\/www.eldiario.net\/portal\/#\/schema\/logo\/image\/"},"sameAs":["https:\/\/www.facebook.com\/eldiario.bolivia\/","https:\/\/x.com\/eldiario_net"]},{"@type":"Person","@id":"https:\/\/www.eldiario.net\/portal\/#\/schema\/person\/f46445640444750d7d753ccd04ae01b7","name":"Jeanette","image":{"@type":"ImageObject","inLanguage":"es","@id":"https:\/\/secure.gravatar.com\/avatar\/3ea2118a5f7dad2b7138b1187a6b7ee55f160b9968b66013c3a3ef39dd7e5798?s=96&d=mm&r=g","url":"https:\/\/secure.gravatar.com\/avatar\/3ea2118a5f7dad2b7138b1187a6b7ee55f160b9968b66013c3a3ef39dd7e5798?s=96&d=mm&r=g","contentUrl":"https:\/\/secure.gravatar.com\/avatar\/3ea2118a5f7dad2b7138b1187a6b7ee55f160b9968b66013c3a3ef39dd7e5798?s=96&d=mm&r=g","caption":"Jeanette"},"sameAs":["https:\/\/www.eldiario.net\/portal"],"url":"https:\/\/www.eldiario.net\/portal\/author\/jeanette\/"}]}},"_links":{"self":[{"href":"https:\/\/www.eldiario.net\/portal\/wp-json\/wp\/v2\/posts\/21053","targetHints":{"allow":["GET"]}}],"collection":[{"href":"https:\/\/www.eldiario.net\/portal\/wp-json\/wp\/v2\/posts"}],"about":[{"href":"https:\/\/www.eldiario.net\/portal\/wp-json\/wp\/v2\/types\/post"}],"author":[{"embeddable":true,"href":"https:\/\/www.eldiario.net\/portal\/wp-json\/wp\/v2\/users\/1"}],"replies":[{"embeddable":true,"href":"https:\/\/www.eldiario.net\/portal\/wp-json\/wp\/v2\/comments?post=21053"}],"version-history":[{"count":0,"href":"https:\/\/www.eldiario.net\/portal\/wp-json\/wp\/v2\/posts\/21053\/revisions"}],"wp:featuredmedia":[{"embeddable":true,"href":"https:\/\/www.eldiario.net\/portal\/wp-json\/wp\/v2\/media\/21054"}],"wp:attachment":[{"href":"https:\/\/www.eldiario.net\/portal\/wp-json\/wp\/v2\/media?parent=21053"}],"wp:term":[{"taxonomy":"category","embeddable":true,"href":"https:\/\/www.eldiario.net\/portal\/wp-json\/wp\/v2\/categories?post=21053"},{"taxonomy":"post_tag","embeddable":true,"href":"https:\/\/www.eldiario.net\/portal\/wp-json\/wp\/v2\/tags?post=21053"}],"curies":[{"name":"wp","href":"https:\/\/api.w.org\/{rel}","templated":true}]}}