{"id":21050,"date":"2021-08-03T07:35:37","date_gmt":"2021-08-03T11:35:37","guid":{"rendered":"https:\/\/www.eldiario.net\/portal\/?p=21050"},"modified":"2021-08-03T07:35:37","modified_gmt":"2021-08-03T11:35:37","slug":"presidente-de-la-cumbre-mundial-sobre-cambio-climatico-se-reunio-con-indigenas","status":"publish","type":"post","link":"https:\/\/www.eldiario.net\/portal\/2021\/08\/03\/presidente-de-la-cumbre-mundial-sobre-cambio-climatico-se-reunio-con-indigenas\/","title":{"rendered":"Presidente de la Cumbre Mundial sobre Cambio Clim\u00e1tico se reuni\u00f3 con ind\u00edgenas"},"content":{"rendered":"<p>Alok Sharma, presidente de la Cumbre Mundial sobre el Cambio Clim\u00e1tico COP26 visit\u00f3 este lunes Santa Cruz. Estuvo en la comunidad San Jos\u00e9 y se reuni\u00f3 con ind\u00edgenas y organizaciones de la sociedad civil para abordar temas como la acci\u00f3n clim\u00e1tica y forestaci\u00f3n sostenible.<\/p>\n<p>Plante\u00f3 la necesidad de una acci\u00f3n urgente de todos los pa\u00edses antes de la crucial cumbre sobre el cambio clim\u00e1tico que se celebrar\u00e1 en Glasgow (Reino Unido) en noviembre de este a\u00f1o.<\/p>\n<p>Su visita se produce tras la participaci\u00f3n de Bolivia en las conversaciones cr\u00edticas sobre el clima celebradas la semana pasada, en las que Sharma reuni\u00f3 a 50 pa\u00edses en Londres dando paso a una renovada visi\u00f3n com\u00fan para la acci\u00f3n clim\u00e1tica, seg\u00fan publicaci\u00f3n.<\/p>\n<p>En la reuni\u00f3n ministerial de la semana pasada, Alemania y Canad\u00e1 acordaron llevar adelante un plan de cumplimiento para movilizar 100.000 millones de d\u00f3lares anuales de pa\u00edses desarrollados, recursos que son cr\u00edticamente necesarios para ayudar a otros en su lucha contra el cambio clim\u00e1tico.<\/p>\n<p>Se prev\u00e9 que el representante tendr\u00e1 una reuni\u00f3n con el primer mandatario, Luis Arce, y el vicepresidente, David Choquehuanca. Tambi\u00e9n hablar\u00e1 con l\u00edderes de comunidades ind\u00edgenas, j\u00f3venes y organizaciones de la sociedad civil. Posteriormente viajar\u00e1 a Brasil<\/p>\n<p>\u201cEstoy encantado de visitar Bolivia y Brasil la pr\u00f3xima semana, despu\u00e9s de que ambos pa\u00edses participaran en la reuni\u00f3n ministerial que organic\u00e9 en Londres para m\u00e1s de 50 pa\u00edses\u201d, dijo Sharma antes de llegar a territorio nacional.<\/p>\n<p>&nbsp;<\/p>\n","protected":false},"excerpt":{"rendered":"<p>Alok Sharma, presidente de la Cumbre Mundial sobre el Cambio Clim\u00e1tico COP26 visit\u00f3 este lunes Santa Cruz. Estuvo en la comunidad San Jos\u00e9 y se reuni\u00f3 con ind\u00edgenas y organizaciones de la sociedad civil para abordar temas como la acci\u00f3n clim\u00e1tica y forestaci\u00f3n sostenible. Plante\u00f3 la necesidad de una acci\u00f3n urgente de todos los pa\u00edses [&hellip;]<\/p>\n","protected":false},"author":1,"featured_media":21051,"comment_status":"closed","ping_status":"closed","sticky":false,"template":"","format":"standard","meta":{"_acf_changed":false,"footnotes":""},"categories":[12],"tags":[],"class_list":["post-21050","post","type-post","status-publish","format-standard","has-post-thumbnail","category-nacional"],"acf":{"antetitulo":""},"yoast_head":"<!-- This site is optimized with the Yoast SEO plugin v28.4 - https:\/\/yoast.com\/product\/yoast-seo-wordpress\/ -->\n<title>Presidente de la Cumbre Mundial sobre Cambio Clim\u00e1tico se reuni\u00f3 con ind\u00edgenas - El Diario - Bolivia<\/title>\n<meta name=\"robots\" content=\"index, follow, max-snippet:-1, max-image-preview:large, max-video-preview:-1\" \/>\n<link rel=\"canonical\" href=\"https:\/\/www.eldiario.net\/portal\/2021\/08\/03\/presidente-de-la-cumbre-mundial-sobre-cambio-climatico-se-reunio-con-indigenas\/\" \/>\n<meta property=\"og:locale\" content=\"es_ES\" \/>\n<meta property=\"og:type\" content=\"article\" \/>\n<meta property=\"og:title\" content=\"Presidente de la Cumbre Mundial sobre Cambio Clim\u00e1tico se reuni\u00f3 con ind\u00edgenas - El Diario - Bolivia\" \/>\n<meta property=\"og:description\" content=\"Alok Sharma, presidente de la Cumbre Mundial sobre el Cambio Clim\u00e1tico COP26 visit\u00f3 este lunes Santa Cruz. Estuvo en la comunidad San Jos\u00e9 y se reuni\u00f3 con ind\u00edgenas y organizaciones de la sociedad civil para abordar temas como la acci\u00f3n clim\u00e1tica y forestaci\u00f3n sostenible. Plante\u00f3 la necesidad de una acci\u00f3n urgente de todos los pa\u00edses [&hellip;]\" \/>\n<meta property=\"og:url\" content=\"https:\/\/www.eldiario.net\/portal\/2021\/08\/03\/presidente-de-la-cumbre-mundial-sobre-cambio-climatico-se-reunio-con-indigenas\/\" \/>\n<meta property=\"og:site_name\" content=\"El Diario - Bolivia\" \/>\n<meta property=\"article:publisher\" content=\"https:\/\/www.facebook.com\/eldiario.bolivia\/\" \/>\n<meta property=\"article:published_time\" content=\"2021-08-03T11:35:37+00:00\" \/>\n<meta name=\"author\" content=\"Jeanette\" \/>\n<meta name=\"twitter:card\" content=\"summary_large_image\" \/>\n<meta name=\"twitter:creator\" content=\"@eldiario_net\" \/>\n<meta name=\"twitter:site\" content=\"@eldiario_net\" \/>\n<meta name=\"twitter:label1\" content=\"Escrito por\" \/>\n\t<meta name=\"twitter:data1\" content=\"Jeanette\" \/>\n\t<meta name=\"twitter:label2\" content=\"Tiempo de lectura\" \/>\n\t<meta name=\"twitter:data2\" content=\"2 minutos\" \/>\n<script type=\"application\/ld+json\" class=\"yoast-schema-graph\">{\"@context\":\"https:\\\/\\\/schema.org\",\"@graph\":[{\"@type\":\"Article\",\"@id\":\"https:\\\/\\\/www.eldiario.net\\\/portal\\\/2021\\\/08\\\/03\\\/presidente-de-la-cumbre-mundial-sobre-cambio-climatico-se-reunio-con-indigenas\\\/#article\",\"isPartOf\":{\"@id\":\"https:\\\/\\\/www.eldiario.net\\\/portal\\\/2021\\\/08\\\/03\\\/presidente-de-la-cumbre-mundial-sobre-cambio-climatico-se-reunio-con-indigenas\\\/\"},\"author\":{\"name\":\"Jeanette\",\"@id\":\"https:\\\/\\\/www.eldiario.net\\\/portal\\\/#\\\/schema\\\/person\\\/f46445640444750d7d753ccd04ae01b7\"},\"headline\":\"Presidente de la Cumbre Mundial sobre Cambio Clim\u00e1tico se reuni\u00f3 con ind\u00edgenas\",\"datePublished\":\"2021-08-03T11:35:37+00:00\",\"mainEntityOfPage\":{\"@id\":\"https:\\\/\\\/www.eldiario.net\\\/portal\\\/2021\\\/08\\\/03\\\/presidente-de-la-cumbre-mundial-sobre-cambio-climatico-se-reunio-con-indigenas\\\/\"},\"wordCount\":283,\"publisher\":{\"@id\":\"https:\\\/\\\/www.eldiario.net\\\/portal\\\/#organization\"},\"image\":{\"@id\":\"https:\\\/\\\/www.eldiario.net\\\/portal\\\/2021\\\/08\\\/03\\\/presidente-de-la-cumbre-mundial-sobre-cambio-climatico-se-reunio-con-indigenas\\\/#primaryimage\"},\"thumbnailUrl\":\"\",\"articleSection\":[\"Nacional\"],\"inLanguage\":\"es\"},{\"@type\":\"WebPage\",\"@id\":\"https:\\\/\\\/www.eldiario.net\\\/portal\\\/2021\\\/08\\\/03\\\/presidente-de-la-cumbre-mundial-sobre-cambio-climatico-se-reunio-con-indigenas\\\/\",\"url\":\"https:\\\/\\\/www.eldiario.net\\\/portal\\\/2021\\\/08\\\/03\\\/presidente-de-la-cumbre-mundial-sobre-cambio-climatico-se-reunio-con-indigenas\\\/\",\"name\":\"Presidente de la Cumbre Mundial sobre Cambio Clim\u00e1tico se reuni\u00f3 con ind\u00edgenas - El Diario - Bolivia\",\"isPartOf\":{\"@id\":\"https:\\\/\\\/www.eldiario.net\\\/portal\\\/#website\"},\"primaryImageOfPage\":{\"@id\":\"https:\\\/\\\/www.eldiario.net\\\/portal\\\/2021\\\/08\\\/03\\\/presidente-de-la-cumbre-mundial-sobre-cambio-climatico-se-reunio-con-indigenas\\\/#primaryimage\"},\"image\":{\"@id\":\"https:\\\/\\\/www.eldiario.net\\\/portal\\\/2021\\\/08\\\/03\\\/presidente-de-la-cumbre-mundial-sobre-cambio-climatico-se-reunio-con-indigenas\\\/#primaryimage\"},\"thumbnailUrl\":\"\",\"datePublished\":\"2021-08-03T11:35:37+00:00\",\"breadcrumb\":{\"@id\":\"https:\\\/\\\/www.eldiario.net\\\/portal\\\/2021\\\/08\\\/03\\\/presidente-de-la-cumbre-mundial-sobre-cambio-climatico-se-reunio-con-indigenas\\\/#breadcrumb\"},\"inLanguage\":\"es\",\"potentialAction\":[{\"@type\":\"ReadAction\",\"target\":[\"https:\\\/\\\/www.eldiario.net\\\/portal\\\/2021\\\/08\\\/03\\\/presidente-de-la-cumbre-mundial-sobre-cambio-climatico-se-reunio-con-indigenas\\\/\"]}]},{\"@type\":\"ImageObject\",\"inLanguage\":\"es\",\"@id\":\"https:\\\/\\\/www.eldiario.net\\\/portal\\\/2021\\\/08\\\/03\\\/presidente-de-la-cumbre-mundial-sobre-cambio-climatico-se-reunio-con-indigenas\\\/#primaryimage\",\"url\":\"\",\"contentUrl\":\"\"},{\"@type\":\"BreadcrumbList\",\"@id\":\"https:\\\/\\\/www.eldiario.net\\\/portal\\\/2021\\\/08\\\/03\\\/presidente-de-la-cumbre-mundial-sobre-cambio-climatico-se-reunio-con-indigenas\\\/#breadcrumb\",\"itemListElement\":[{\"@type\":\"ListItem\",\"position\":1,\"name\":\"Portada\",\"item\":\"https:\\\/\\\/www.eldiario.net\\\/portal\\\/\"},{\"@type\":\"ListItem\",\"position\":2,\"name\":\"Presidente de la Cumbre Mundial sobre Cambio Clim\u00e1tico se reuni\u00f3 con ind\u00edgenas\"}]},{\"@type\":\"WebSite\",\"@id\":\"https:\\\/\\\/www.eldiario.net\\\/portal\\\/#website\",\"url\":\"https:\\\/\\\/www.eldiario.net\\\/portal\\\/\",\"name\":\"El Diario - Decano de la prensa nacional\",\"description\":\"El Diario - Decano de la prensa nacional\",\"publisher\":{\"@id\":\"https:\\\/\\\/www.eldiario.net\\\/portal\\\/#organization\"},\"potentialAction\":[{\"@type\":\"SearchAction\",\"target\":{\"@type\":\"EntryPoint\",\"urlTemplate\":\"https:\\\/\\\/www.eldiario.net\\\/portal\\\/?s={search_term_string}\"},\"query-input\":{\"@type\":\"PropertyValueSpecification\",\"valueRequired\":true,\"valueName\":\"search_term_string\"}}],\"inLanguage\":\"es\"},{\"@type\":\"Organization\",\"@id\":\"https:\\\/\\\/www.eldiario.net\\\/portal\\\/#organization\",\"name\":\"El Diario - Decano de la prensa nacional\",\"url\":\"https:\\\/\\\/www.eldiario.net\\\/portal\\\/\",\"logo\":{\"@type\":\"ImageObject\",\"inLanguage\":\"es\",\"@id\":\"https:\\\/\\\/www.eldiario.net\\\/portal\\\/#\\\/schema\\\/logo\\\/image\\\/\",\"url\":\"https:\\\/\\\/www.eldiario.net\\\/portal\\\/wp-content\\\/uploads\\\/2023\\\/07\\\/logo_ED.jpg\",\"contentUrl\":\"https:\\\/\\\/www.eldiario.net\\\/portal\\\/wp-content\\\/uploads\\\/2023\\\/07\\\/logo_ED.jpg\",\"width\":272,\"height\":52,\"caption\":\"El Diario - Decano de la prensa nacional\"},\"image\":{\"@id\":\"https:\\\/\\\/www.eldiario.net\\\/portal\\\/#\\\/schema\\\/logo\\\/image\\\/\"},\"sameAs\":[\"https:\\\/\\\/www.facebook.com\\\/eldiario.bolivia\\\/\",\"https:\\\/\\\/x.com\\\/eldiario_net\"]},{\"@type\":\"Person\",\"@id\":\"https:\\\/\\\/www.eldiario.net\\\/portal\\\/#\\\/schema\\\/person\\\/f46445640444750d7d753ccd04ae01b7\",\"name\":\"Jeanette\",\"image\":{\"@type\":\"ImageObject\",\"inLanguage\":\"es\",\"@id\":\"https:\\\/\\\/secure.gravatar.com\\\/avatar\\\/3ea2118a5f7dad2b7138b1187a6b7ee55f160b9968b66013c3a3ef39dd7e5798?s=96&d=mm&r=g\",\"url\":\"https:\\\/\\\/secure.gravatar.com\\\/avatar\\\/3ea2118a5f7dad2b7138b1187a6b7ee55f160b9968b66013c3a3ef39dd7e5798?s=96&d=mm&r=g\",\"contentUrl\":\"https:\\\/\\\/secure.gravatar.com\\\/avatar\\\/3ea2118a5f7dad2b7138b1187a6b7ee55f160b9968b66013c3a3ef39dd7e5798?s=96&d=mm&r=g\",\"caption\":\"Jeanette\"},\"sameAs\":[\"https:\\\/\\\/www.eldiario.net\\\/portal\"],\"url\":\"https:\\\/\\\/www.eldiario.net\\\/portal\\\/author\\\/jeanette\\\/\"}]}<\/script>\n<!-- \/ Yoast SEO plugin. -->","yoast_head_json":{"title":"Presidente de la Cumbre Mundial sobre Cambio Clim\u00e1tico se reuni\u00f3 con ind\u00edgenas - El Diario - Bolivia","robots":{"index":"index","follow":"follow","max-snippet":"max-snippet:-1","max-image-preview":"max-image-preview:large","max-video-preview":"max-video-preview:-1"},"canonical":"https:\/\/www.eldiario.net\/portal\/2021\/08\/03\/presidente-de-la-cumbre-mundial-sobre-cambio-climatico-se-reunio-con-indigenas\/","og_locale":"es_ES","og_type":"article","og_title":"Presidente de la Cumbre Mundial sobre Cambio Clim\u00e1tico se reuni\u00f3 con ind\u00edgenas - El Diario - Bolivia","og_description":"Alok Sharma, presidente de la Cumbre Mundial sobre el Cambio Clim\u00e1tico COP26 visit\u00f3 este lunes Santa Cruz. Estuvo en la comunidad San Jos\u00e9 y se reuni\u00f3 con ind\u00edgenas y organizaciones de la sociedad civil para abordar temas como la acci\u00f3n clim\u00e1tica y forestaci\u00f3n sostenible. Plante\u00f3 la necesidad de una acci\u00f3n urgente de todos los pa\u00edses [&hellip;]","og_url":"https:\/\/www.eldiario.net\/portal\/2021\/08\/03\/presidente-de-la-cumbre-mundial-sobre-cambio-climatico-se-reunio-con-indigenas\/","og_site_name":"El Diario - Bolivia","article_publisher":"https:\/\/www.facebook.com\/eldiario.bolivia\/","article_published_time":"2021-08-03T11:35:37+00:00","author":"Jeanette","twitter_card":"summary_large_image","twitter_creator":"@eldiario_net","twitter_site":"@eldiario_net","twitter_misc":{"Escrito por":"Jeanette","Tiempo de lectura":"2 minutos"},"schema":{"@context":"https:\/\/schema.org","@graph":[{"@type":"Article","@id":"https:\/\/www.eldiario.net\/portal\/2021\/08\/03\/presidente-de-la-cumbre-mundial-sobre-cambio-climatico-se-reunio-con-indigenas\/#article","isPartOf":{"@id":"https:\/\/www.eldiario.net\/portal\/2021\/08\/03\/presidente-de-la-cumbre-mundial-sobre-cambio-climatico-se-reunio-con-indigenas\/"},"author":{"name":"Jeanette","@id":"https:\/\/www.eldiario.net\/portal\/#\/schema\/person\/f46445640444750d7d753ccd04ae01b7"},"headline":"Presidente de la Cumbre Mundial sobre Cambio Clim\u00e1tico se reuni\u00f3 con ind\u00edgenas","datePublished":"2021-08-03T11:35:37+00:00","mainEntityOfPage":{"@id":"https:\/\/www.eldiario.net\/portal\/2021\/08\/03\/presidente-de-la-cumbre-mundial-sobre-cambio-climatico-se-reunio-con-indigenas\/"},"wordCount":283,"publisher":{"@id":"https:\/\/www.eldiario.net\/portal\/#organization"},"image":{"@id":"https:\/\/www.eldiario.net\/portal\/2021\/08\/03\/presidente-de-la-cumbre-mundial-sobre-cambio-climatico-se-reunio-con-indigenas\/#primaryimage"},"thumbnailUrl":"","articleSection":["Nacional"],"inLanguage":"es"},{"@type":"WebPage","@id":"https:\/\/www.eldiario.net\/portal\/2021\/08\/03\/presidente-de-la-cumbre-mundial-sobre-cambio-climatico-se-reunio-con-indigenas\/","url":"https:\/\/www.eldiario.net\/portal\/2021\/08\/03\/presidente-de-la-cumbre-mundial-sobre-cambio-climatico-se-reunio-con-indigenas\/","name":"Presidente de la Cumbre Mundial sobre Cambio Clim\u00e1tico se reuni\u00f3 con ind\u00edgenas - El Diario - Bolivia","isPartOf":{"@id":"https:\/\/www.eldiario.net\/portal\/#website"},"primaryImageOfPage":{"@id":"https:\/\/www.eldiario.net\/portal\/2021\/08\/03\/presidente-de-la-cumbre-mundial-sobre-cambio-climatico-se-reunio-con-indigenas\/#primaryimage"},"image":{"@id":"https:\/\/www.eldiario.net\/portal\/2021\/08\/03\/presidente-de-la-cumbre-mundial-sobre-cambio-climatico-se-reunio-con-indigenas\/#primaryimage"},"thumbnailUrl":"","datePublished":"2021-08-03T11:35:37+00:00","breadcrumb":{"@id":"https:\/\/www.eldiario.net\/portal\/2021\/08\/03\/presidente-de-la-cumbre-mundial-sobre-cambio-climatico-se-reunio-con-indigenas\/#breadcrumb"},"inLanguage":"es","potentialAction":[{"@type":"ReadAction","target":["https:\/\/www.eldiario.net\/portal\/2021\/08\/03\/presidente-de-la-cumbre-mundial-sobre-cambio-climatico-se-reunio-con-indigenas\/"]}]},{"@type":"ImageObject","inLanguage":"es","@id":"https:\/\/www.eldiario.net\/portal\/2021\/08\/03\/presidente-de-la-cumbre-mundial-sobre-cambio-climatico-se-reunio-con-indigenas\/#primaryimage","url":"","contentUrl":""},{"@type":"BreadcrumbList","@id":"https:\/\/www.eldiario.net\/portal\/2021\/08\/03\/presidente-de-la-cumbre-mundial-sobre-cambio-climatico-se-reunio-con-indigenas\/#breadcrumb","itemListElement":[{"@type":"ListItem","position":1,"name":"Portada","item":"https:\/\/www.eldiario.net\/portal\/"},{"@type":"ListItem","position":2,"name":"Presidente de la Cumbre Mundial sobre Cambio Clim\u00e1tico se reuni\u00f3 con ind\u00edgenas"}]},{"@type":"WebSite","@id":"https:\/\/www.eldiario.net\/portal\/#website","url":"https:\/\/www.eldiario.net\/portal\/","name":"El Diario - Decano de la prensa nacional","description":"El Diario - Decano de la prensa nacional","publisher":{"@id":"https:\/\/www.eldiario.net\/portal\/#organization"},"potentialAction":[{"@type":"SearchAction","target":{"@type":"EntryPoint","urlTemplate":"https:\/\/www.eldiario.net\/portal\/?s={search_term_string}"},"query-input":{"@type":"PropertyValueSpecification","valueRequired":true,"valueName":"search_term_string"}}],"inLanguage":"es"},{"@type":"Organization","@id":"https:\/\/www.eldiario.net\/portal\/#organization","name":"El Diario - Decano de la prensa nacional","url":"https:\/\/www.eldiario.net\/portal\/","logo":{"@type":"ImageObject","inLanguage":"es","@id":"https:\/\/www.eldiario.net\/portal\/#\/schema\/logo\/image\/","url":"https:\/\/www.eldiario.net\/portal\/wp-content\/uploads\/2023\/07\/logo_ED.jpg","contentUrl":"https:\/\/www.eldiario.net\/portal\/wp-content\/uploads\/2023\/07\/logo_ED.jpg","width":272,"height":52,"caption":"El Diario - Decano de la prensa nacional"},"image":{"@id":"https:\/\/www.eldiario.net\/portal\/#\/schema\/logo\/image\/"},"sameAs":["https:\/\/www.facebook.com\/eldiario.bolivia\/","https:\/\/x.com\/eldiario_net"]},{"@type":"Person","@id":"https:\/\/www.eldiario.net\/portal\/#\/schema\/person\/f46445640444750d7d753ccd04ae01b7","name":"Jeanette","image":{"@type":"ImageObject","inLanguage":"es","@id":"https:\/\/secure.gravatar.com\/avatar\/3ea2118a5f7dad2b7138b1187a6b7ee55f160b9968b66013c3a3ef39dd7e5798?s=96&d=mm&r=g","url":"https:\/\/secure.gravatar.com\/avatar\/3ea2118a5f7dad2b7138b1187a6b7ee55f160b9968b66013c3a3ef39dd7e5798?s=96&d=mm&r=g","contentUrl":"https:\/\/secure.gravatar.com\/avatar\/3ea2118a5f7dad2b7138b1187a6b7ee55f160b9968b66013c3a3ef39dd7e5798?s=96&d=mm&r=g","caption":"Jeanette"},"sameAs":["https:\/\/www.eldiario.net\/portal"],"url":"https:\/\/www.eldiario.net\/portal\/author\/jeanette\/"}]}},"_links":{"self":[{"href":"https:\/\/www.eldiario.net\/portal\/wp-json\/wp\/v2\/posts\/21050","targetHints":{"allow":["GET"]}}],"collection":[{"href":"https:\/\/www.eldiario.net\/portal\/wp-json\/wp\/v2\/posts"}],"about":[{"href":"https:\/\/www.eldiario.net\/portal\/wp-json\/wp\/v2\/types\/post"}],"author":[{"embeddable":true,"href":"https:\/\/www.eldiario.net\/portal\/wp-json\/wp\/v2\/users\/1"}],"replies":[{"embeddable":true,"href":"https:\/\/www.eldiario.net\/portal\/wp-json\/wp\/v2\/comments?post=21050"}],"version-history":[{"count":0,"href":"https:\/\/www.eldiario.net\/portal\/wp-json\/wp\/v2\/posts\/21050\/revisions"}],"wp:attachment":[{"href":"https:\/\/www.eldiario.net\/portal\/wp-json\/wp\/v2\/media?parent=21050"}],"wp:term":[{"taxonomy":"category","embeddable":true,"href":"https:\/\/www.eldiario.net\/portal\/wp-json\/wp\/v2\/categories?post=21050"},{"taxonomy":"post_tag","embeddable":true,"href":"https:\/\/www.eldiario.net\/portal\/wp-json\/wp\/v2\/tags?post=21050"}],"curies":[{"name":"wp","href":"https:\/\/api.w.org\/{rel}","templated":true}]}}