{"id":21047,"date":"2021-08-03T07:34:13","date_gmt":"2021-08-03T11:34:13","guid":{"rendered":"https:\/\/www.eldiario.net\/portal\/?p=21047"},"modified":"2021-08-03T07:34:13","modified_gmt":"2021-08-03T11:34:13","slug":"xi-caravana-serna-recorre-rutas-turisticas-y-llega-apoyo-medico","status":"publish","type":"post","link":"https:\/\/www.eldiario.net\/portal\/2021\/08\/03\/xi-caravana-serna-recorre-rutas-turisticas-y-llega-apoyo-medico\/","title":{"rendered":"XI Caravana Serna recorre rutas tur\u00edsticas y llega apoyo m\u00e9dico"},"content":{"rendered":"<p>Luego de dos a\u00f1os vuelve con m\u00e1s fuerza la XI Caravana Serna 2021. El domingo fue la presentaci\u00f3n oficial y la largada simb\u00f3lica de los participantes que recorrer\u00e1n 1.420 kil\u00f3metros, en las rutas tur\u00edsticas del Beni, llevando apoy\u00f3 m\u00e9dico a las comunidades a bordo de motocicletas y cuadratrack.<\/p>\n<p>Carlos Arteaga Serna, gerente propietario de Moxos Import Export, cont\u00f3 su experiencia de c\u00f3mo nace est\u00e1 caravana tur\u00edstica, que a trav\u00e9s de los a\u00f1os fue creciendo con apoyo de mucha gente, que apuesta al desarrollo tur\u00edstico.<\/p>\n<p>\u201cNosotros llevamos m\u00e1s de diez a\u00f1os de la realizaci\u00f3n de la caravana, que naci\u00f3 con el objetivo de unir las pampas del Beni con la regi\u00f3n amaz\u00f3nica del pa\u00eds. Agradecidos con nuestros patrocinadores entre ellos Nudelpa Ltda. y Reaktorade\u201d, detall\u00f3.<\/p>\n<p>Seg\u00fan La Palabra del Beni, Arteaga mencion\u00f3 que durante esta traves\u00eda existen muchas comunidades y peque\u00f1as poblaciones que est\u00e1n alejadas del alcance de los servicios b\u00e1sicos, por ejemplo, la salud. Dijo que este a\u00f1o tambi\u00e9n llevar\u00e1n un equipo m\u00e9dico encabezado por el m\u00e9dico Jorge G\u00f3mez para la atenci\u00f3n a las familias.<\/p>\n<p>\u201cCada a\u00f1o hacemos una ruta diferente y nuestro departamento no nos deja de sorprender en estos m\u00e1s de diez a\u00f1os que llevamos. Nuestra caravana Serna es conocida en el mundo entero, este a\u00f1o la aventura ser\u00e1 nueva\u201d, detall\u00f3.<\/p>\n<p>Por su parte Jimy Arteaga, gerente estrat\u00e9gico de Moxos Import Export, dio detalles de las rutas por donde pasar\u00e1n los pilotos de dos y cuatro ruedas. Acot\u00f3 que son alrededor de 50 participantes a ello se suman 30 personas como apoyo a la caravana.<\/p>\n<p>La largada oficial que se efectu\u00f3 el lunes desde la capital del Beni, hasta el llegar a San Joaqu\u00edn, seguidamente el martes pasar\u00e1n a Santa Rosa del Vigo, mi\u00e9rcoles llegar\u00e1n a la Estancia San Javier, R\u00edo Yata, jueves 5 de agosto arribar\u00e1n a Guayaramer\u00edn, viernes 6 de agosto visitar\u00e1n Cachuela Esperanza.<\/p>\n<p>Para la vuelta partir\u00e1n de Guayaramer\u00edn el s\u00e1bado 7 de agosto llegando al Lago Aguas Claras, lunes 9 arribar\u00e1n a Exaltaci\u00f3n, de ah\u00ed pasar\u00e1n a Santa Ana del Yacuma, para que finalmente lleguen a Trinidad el martes 10 de agosto.<\/p>\n","protected":false},"excerpt":{"rendered":"<p>Luego de dos a\u00f1os vuelve con m\u00e1s fuerza la XI Caravana Serna 2021. El domingo fue la presentaci\u00f3n oficial y la largada simb\u00f3lica de los participantes que recorrer\u00e1n 1.420 kil\u00f3metros, en las rutas tur\u00edsticas del Beni, llevando apoy\u00f3 m\u00e9dico a las comunidades a bordo de motocicletas y cuadratrack. Carlos Arteaga Serna, gerente propietario de Moxos [&hellip;]<\/p>\n","protected":false},"author":1,"featured_media":21048,"comment_status":"closed","ping_status":"closed","sticky":false,"template":"","format":"standard","meta":{"_acf_changed":false,"footnotes":""},"categories":[12],"tags":[],"class_list":["post-21047","post","type-post","status-publish","format-standard","has-post-thumbnail","category-nacional"],"acf":{"antetitulo":""},"yoast_head":"<!-- This site is optimized with the Yoast SEO plugin v28.4 - https:\/\/yoast.com\/product\/yoast-seo-wordpress\/ -->\n<title>XI Caravana Serna recorre rutas tur\u00edsticas y llega apoyo m\u00e9dico - El Diario - Bolivia<\/title>\n<meta name=\"robots\" content=\"index, follow, max-snippet:-1, max-image-preview:large, max-video-preview:-1\" \/>\n<link rel=\"canonical\" href=\"https:\/\/www.eldiario.net\/portal\/2021\/08\/03\/xi-caravana-serna-recorre-rutas-turisticas-y-llega-apoyo-medico\/\" \/>\n<meta property=\"og:locale\" content=\"es_ES\" \/>\n<meta property=\"og:type\" content=\"article\" \/>\n<meta property=\"og:title\" content=\"XI Caravana Serna recorre rutas tur\u00edsticas y llega apoyo m\u00e9dico - El Diario - Bolivia\" \/>\n<meta property=\"og:description\" content=\"Luego de dos a\u00f1os vuelve con m\u00e1s fuerza la XI Caravana Serna 2021. El domingo fue la presentaci\u00f3n oficial y la largada simb\u00f3lica de los participantes que recorrer\u00e1n 1.420 kil\u00f3metros, en las rutas tur\u00edsticas del Beni, llevando apoy\u00f3 m\u00e9dico a las comunidades a bordo de motocicletas y cuadratrack. Carlos Arteaga Serna, gerente propietario de Moxos [&hellip;]\" \/>\n<meta property=\"og:url\" content=\"https:\/\/www.eldiario.net\/portal\/2021\/08\/03\/xi-caravana-serna-recorre-rutas-turisticas-y-llega-apoyo-medico\/\" \/>\n<meta property=\"og:site_name\" content=\"El Diario - Bolivia\" \/>\n<meta property=\"article:publisher\" content=\"https:\/\/www.facebook.com\/eldiario.bolivia\/\" \/>\n<meta property=\"article:published_time\" content=\"2021-08-03T11:34:13+00:00\" \/>\n<meta property=\"og:image\" content=\"https:\/\/www.eldiario.net\/portal\/wp-content\/uploads\/2021\/08\/NACI-XI-Caravana-Serna-recorre-rutas.jpg\" \/>\n\t<meta property=\"og:image:width\" content=\"1\" \/>\n\t<meta property=\"og:image:height\" content=\"1\" \/>\n\t<meta property=\"og:image:type\" content=\"image\/jpeg\" \/>\n<meta name=\"author\" content=\"Jeanette\" \/>\n<meta name=\"twitter:card\" content=\"summary_large_image\" \/>\n<meta name=\"twitter:creator\" content=\"@eldiario_net\" \/>\n<meta name=\"twitter:site\" content=\"@eldiario_net\" \/>\n<meta name=\"twitter:label1\" content=\"Escrito por\" \/>\n\t<meta name=\"twitter:data1\" content=\"Jeanette\" \/>\n\t<meta name=\"twitter:label2\" content=\"Tiempo de lectura\" \/>\n\t<meta name=\"twitter:data2\" content=\"2 minutos\" \/>\n<script type=\"application\/ld+json\" class=\"yoast-schema-graph\">{\"@context\":\"https:\\\/\\\/schema.org\",\"@graph\":[{\"@type\":\"Article\",\"@id\":\"https:\\\/\\\/www.eldiario.net\\\/portal\\\/2021\\\/08\\\/03\\\/xi-caravana-serna-recorre-rutas-turisticas-y-llega-apoyo-medico\\\/#article\",\"isPartOf\":{\"@id\":\"https:\\\/\\\/www.eldiario.net\\\/portal\\\/2021\\\/08\\\/03\\\/xi-caravana-serna-recorre-rutas-turisticas-y-llega-apoyo-medico\\\/\"},\"author\":{\"name\":\"Jeanette\",\"@id\":\"https:\\\/\\\/www.eldiario.net\\\/portal\\\/#\\\/schema\\\/person\\\/f46445640444750d7d753ccd04ae01b7\"},\"headline\":\"XI Caravana Serna recorre rutas tur\u00edsticas y llega apoyo m\u00e9dico\",\"datePublished\":\"2021-08-03T11:34:13+00:00\",\"mainEntityOfPage\":{\"@id\":\"https:\\\/\\\/www.eldiario.net\\\/portal\\\/2021\\\/08\\\/03\\\/xi-caravana-serna-recorre-rutas-turisticas-y-llega-apoyo-medico\\\/\"},\"wordCount\":402,\"publisher\":{\"@id\":\"https:\\\/\\\/www.eldiario.net\\\/portal\\\/#organization\"},\"image\":{\"@id\":\"https:\\\/\\\/www.eldiario.net\\\/portal\\\/2021\\\/08\\\/03\\\/xi-caravana-serna-recorre-rutas-turisticas-y-llega-apoyo-medico\\\/#primaryimage\"},\"thumbnailUrl\":\"https:\\\/\\\/www.eldiario.net\\\/portal\\\/wp-content\\\/uploads\\\/2021\\\/08\\\/NACI-XI-Caravana-Serna-recorre-rutas.jpg\",\"articleSection\":[\"Nacional\"],\"inLanguage\":\"es\"},{\"@type\":\"WebPage\",\"@id\":\"https:\\\/\\\/www.eldiario.net\\\/portal\\\/2021\\\/08\\\/03\\\/xi-caravana-serna-recorre-rutas-turisticas-y-llega-apoyo-medico\\\/\",\"url\":\"https:\\\/\\\/www.eldiario.net\\\/portal\\\/2021\\\/08\\\/03\\\/xi-caravana-serna-recorre-rutas-turisticas-y-llega-apoyo-medico\\\/\",\"name\":\"XI Caravana Serna recorre rutas tur\u00edsticas y llega apoyo m\u00e9dico - El Diario - Bolivia\",\"isPartOf\":{\"@id\":\"https:\\\/\\\/www.eldiario.net\\\/portal\\\/#website\"},\"primaryImageOfPage\":{\"@id\":\"https:\\\/\\\/www.eldiario.net\\\/portal\\\/2021\\\/08\\\/03\\\/xi-caravana-serna-recorre-rutas-turisticas-y-llega-apoyo-medico\\\/#primaryimage\"},\"image\":{\"@id\":\"https:\\\/\\\/www.eldiario.net\\\/portal\\\/2021\\\/08\\\/03\\\/xi-caravana-serna-recorre-rutas-turisticas-y-llega-apoyo-medico\\\/#primaryimage\"},\"thumbnailUrl\":\"https:\\\/\\\/www.eldiario.net\\\/portal\\\/wp-content\\\/uploads\\\/2021\\\/08\\\/NACI-XI-Caravana-Serna-recorre-rutas.jpg\",\"datePublished\":\"2021-08-03T11:34:13+00:00\",\"breadcrumb\":{\"@id\":\"https:\\\/\\\/www.eldiario.net\\\/portal\\\/2021\\\/08\\\/03\\\/xi-caravana-serna-recorre-rutas-turisticas-y-llega-apoyo-medico\\\/#breadcrumb\"},\"inLanguage\":\"es\",\"potentialAction\":[{\"@type\":\"ReadAction\",\"target\":[\"https:\\\/\\\/www.eldiario.net\\\/portal\\\/2021\\\/08\\\/03\\\/xi-caravana-serna-recorre-rutas-turisticas-y-llega-apoyo-medico\\\/\"]}]},{\"@type\":\"ImageObject\",\"inLanguage\":\"es\",\"@id\":\"https:\\\/\\\/www.eldiario.net\\\/portal\\\/2021\\\/08\\\/03\\\/xi-caravana-serna-recorre-rutas-turisticas-y-llega-apoyo-medico\\\/#primaryimage\",\"url\":\"https:\\\/\\\/www.eldiario.net\\\/portal\\\/wp-content\\\/uploads\\\/2021\\\/08\\\/NACI-XI-Caravana-Serna-recorre-rutas.jpg\",\"contentUrl\":\"https:\\\/\\\/www.eldiario.net\\\/portal\\\/wp-content\\\/uploads\\\/2021\\\/08\\\/NACI-XI-Caravana-Serna-recorre-rutas.jpg\"},{\"@type\":\"BreadcrumbList\",\"@id\":\"https:\\\/\\\/www.eldiario.net\\\/portal\\\/2021\\\/08\\\/03\\\/xi-caravana-serna-recorre-rutas-turisticas-y-llega-apoyo-medico\\\/#breadcrumb\",\"itemListElement\":[{\"@type\":\"ListItem\",\"position\":1,\"name\":\"Portada\",\"item\":\"https:\\\/\\\/www.eldiario.net\\\/portal\\\/\"},{\"@type\":\"ListItem\",\"position\":2,\"name\":\"XI Caravana Serna recorre rutas tur\u00edsticas y llega apoyo m\u00e9dico\"}]},{\"@type\":\"WebSite\",\"@id\":\"https:\\\/\\\/www.eldiario.net\\\/portal\\\/#website\",\"url\":\"https:\\\/\\\/www.eldiario.net\\\/portal\\\/\",\"name\":\"El Diario - Decano de la prensa nacional\",\"description\":\"El Diario - Decano de la prensa nacional\",\"publisher\":{\"@id\":\"https:\\\/\\\/www.eldiario.net\\\/portal\\\/#organization\"},\"potentialAction\":[{\"@type\":\"SearchAction\",\"target\":{\"@type\":\"EntryPoint\",\"urlTemplate\":\"https:\\\/\\\/www.eldiario.net\\\/portal\\\/?s={search_term_string}\"},\"query-input\":{\"@type\":\"PropertyValueSpecification\",\"valueRequired\":true,\"valueName\":\"search_term_string\"}}],\"inLanguage\":\"es\"},{\"@type\":\"Organization\",\"@id\":\"https:\\\/\\\/www.eldiario.net\\\/portal\\\/#organization\",\"name\":\"El Diario - Decano de la prensa nacional\",\"url\":\"https:\\\/\\\/www.eldiario.net\\\/portal\\\/\",\"logo\":{\"@type\":\"ImageObject\",\"inLanguage\":\"es\",\"@id\":\"https:\\\/\\\/www.eldiario.net\\\/portal\\\/#\\\/schema\\\/logo\\\/image\\\/\",\"url\":\"https:\\\/\\\/www.eldiario.net\\\/portal\\\/wp-content\\\/uploads\\\/2023\\\/07\\\/logo_ED.jpg\",\"contentUrl\":\"https:\\\/\\\/www.eldiario.net\\\/portal\\\/wp-content\\\/uploads\\\/2023\\\/07\\\/logo_ED.jpg\",\"width\":272,\"height\":52,\"caption\":\"El Diario - Decano de la prensa nacional\"},\"image\":{\"@id\":\"https:\\\/\\\/www.eldiario.net\\\/portal\\\/#\\\/schema\\\/logo\\\/image\\\/\"},\"sameAs\":[\"https:\\\/\\\/www.facebook.com\\\/eldiario.bolivia\\\/\",\"https:\\\/\\\/x.com\\\/eldiario_net\"]},{\"@type\":\"Person\",\"@id\":\"https:\\\/\\\/www.eldiario.net\\\/portal\\\/#\\\/schema\\\/person\\\/f46445640444750d7d753ccd04ae01b7\",\"name\":\"Jeanette\",\"image\":{\"@type\":\"ImageObject\",\"inLanguage\":\"es\",\"@id\":\"https:\\\/\\\/secure.gravatar.com\\\/avatar\\\/3ea2118a5f7dad2b7138b1187a6b7ee55f160b9968b66013c3a3ef39dd7e5798?s=96&d=mm&r=g\",\"url\":\"https:\\\/\\\/secure.gravatar.com\\\/avatar\\\/3ea2118a5f7dad2b7138b1187a6b7ee55f160b9968b66013c3a3ef39dd7e5798?s=96&d=mm&r=g\",\"contentUrl\":\"https:\\\/\\\/secure.gravatar.com\\\/avatar\\\/3ea2118a5f7dad2b7138b1187a6b7ee55f160b9968b66013c3a3ef39dd7e5798?s=96&d=mm&r=g\",\"caption\":\"Jeanette\"},\"sameAs\":[\"https:\\\/\\\/www.eldiario.net\\\/portal\"],\"url\":\"https:\\\/\\\/www.eldiario.net\\\/portal\\\/author\\\/jeanette\\\/\"}]}<\/script>\n<!-- \/ Yoast SEO plugin. -->","yoast_head_json":{"title":"XI Caravana Serna recorre rutas tur\u00edsticas y llega apoyo m\u00e9dico - El Diario - Bolivia","robots":{"index":"index","follow":"follow","max-snippet":"max-snippet:-1","max-image-preview":"max-image-preview:large","max-video-preview":"max-video-preview:-1"},"canonical":"https:\/\/www.eldiario.net\/portal\/2021\/08\/03\/xi-caravana-serna-recorre-rutas-turisticas-y-llega-apoyo-medico\/","og_locale":"es_ES","og_type":"article","og_title":"XI Caravana Serna recorre rutas tur\u00edsticas y llega apoyo m\u00e9dico - El Diario - Bolivia","og_description":"Luego de dos a\u00f1os vuelve con m\u00e1s fuerza la XI Caravana Serna 2021. El domingo fue la presentaci\u00f3n oficial y la largada simb\u00f3lica de los participantes que recorrer\u00e1n 1.420 kil\u00f3metros, en las rutas tur\u00edsticas del Beni, llevando apoy\u00f3 m\u00e9dico a las comunidades a bordo de motocicletas y cuadratrack. Carlos Arteaga Serna, gerente propietario de Moxos [&hellip;]","og_url":"https:\/\/www.eldiario.net\/portal\/2021\/08\/03\/xi-caravana-serna-recorre-rutas-turisticas-y-llega-apoyo-medico\/","og_site_name":"El Diario - Bolivia","article_publisher":"https:\/\/www.facebook.com\/eldiario.bolivia\/","article_published_time":"2021-08-03T11:34:13+00:00","og_image":[{"url":"https:\/\/www.eldiario.net\/portal\/wp-content\/uploads\/2021\/08\/NACI-XI-Caravana-Serna-recorre-rutas.jpg","width":1,"height":1,"type":"image\/jpeg"}],"author":"Jeanette","twitter_card":"summary_large_image","twitter_creator":"@eldiario_net","twitter_site":"@eldiario_net","twitter_misc":{"Escrito por":"Jeanette","Tiempo de lectura":"2 minutos"},"schema":{"@context":"https:\/\/schema.org","@graph":[{"@type":"Article","@id":"https:\/\/www.eldiario.net\/portal\/2021\/08\/03\/xi-caravana-serna-recorre-rutas-turisticas-y-llega-apoyo-medico\/#article","isPartOf":{"@id":"https:\/\/www.eldiario.net\/portal\/2021\/08\/03\/xi-caravana-serna-recorre-rutas-turisticas-y-llega-apoyo-medico\/"},"author":{"name":"Jeanette","@id":"https:\/\/www.eldiario.net\/portal\/#\/schema\/person\/f46445640444750d7d753ccd04ae01b7"},"headline":"XI Caravana Serna recorre rutas tur\u00edsticas y llega apoyo m\u00e9dico","datePublished":"2021-08-03T11:34:13+00:00","mainEntityOfPage":{"@id":"https:\/\/www.eldiario.net\/portal\/2021\/08\/03\/xi-caravana-serna-recorre-rutas-turisticas-y-llega-apoyo-medico\/"},"wordCount":402,"publisher":{"@id":"https:\/\/www.eldiario.net\/portal\/#organization"},"image":{"@id":"https:\/\/www.eldiario.net\/portal\/2021\/08\/03\/xi-caravana-serna-recorre-rutas-turisticas-y-llega-apoyo-medico\/#primaryimage"},"thumbnailUrl":"https:\/\/www.eldiario.net\/portal\/wp-content\/uploads\/2021\/08\/NACI-XI-Caravana-Serna-recorre-rutas.jpg","articleSection":["Nacional"],"inLanguage":"es"},{"@type":"WebPage","@id":"https:\/\/www.eldiario.net\/portal\/2021\/08\/03\/xi-caravana-serna-recorre-rutas-turisticas-y-llega-apoyo-medico\/","url":"https:\/\/www.eldiario.net\/portal\/2021\/08\/03\/xi-caravana-serna-recorre-rutas-turisticas-y-llega-apoyo-medico\/","name":"XI Caravana Serna recorre rutas tur\u00edsticas y llega apoyo m\u00e9dico - El Diario - Bolivia","isPartOf":{"@id":"https:\/\/www.eldiario.net\/portal\/#website"},"primaryImageOfPage":{"@id":"https:\/\/www.eldiario.net\/portal\/2021\/08\/03\/xi-caravana-serna-recorre-rutas-turisticas-y-llega-apoyo-medico\/#primaryimage"},"image":{"@id":"https:\/\/www.eldiario.net\/portal\/2021\/08\/03\/xi-caravana-serna-recorre-rutas-turisticas-y-llega-apoyo-medico\/#primaryimage"},"thumbnailUrl":"https:\/\/www.eldiario.net\/portal\/wp-content\/uploads\/2021\/08\/NACI-XI-Caravana-Serna-recorre-rutas.jpg","datePublished":"2021-08-03T11:34:13+00:00","breadcrumb":{"@id":"https:\/\/www.eldiario.net\/portal\/2021\/08\/03\/xi-caravana-serna-recorre-rutas-turisticas-y-llega-apoyo-medico\/#breadcrumb"},"inLanguage":"es","potentialAction":[{"@type":"ReadAction","target":["https:\/\/www.eldiario.net\/portal\/2021\/08\/03\/xi-caravana-serna-recorre-rutas-turisticas-y-llega-apoyo-medico\/"]}]},{"@type":"ImageObject","inLanguage":"es","@id":"https:\/\/www.eldiario.net\/portal\/2021\/08\/03\/xi-caravana-serna-recorre-rutas-turisticas-y-llega-apoyo-medico\/#primaryimage","url":"https:\/\/www.eldiario.net\/portal\/wp-content\/uploads\/2021\/08\/NACI-XI-Caravana-Serna-recorre-rutas.jpg","contentUrl":"https:\/\/www.eldiario.net\/portal\/wp-content\/uploads\/2021\/08\/NACI-XI-Caravana-Serna-recorre-rutas.jpg"},{"@type":"BreadcrumbList","@id":"https:\/\/www.eldiario.net\/portal\/2021\/08\/03\/xi-caravana-serna-recorre-rutas-turisticas-y-llega-apoyo-medico\/#breadcrumb","itemListElement":[{"@type":"ListItem","position":1,"name":"Portada","item":"https:\/\/www.eldiario.net\/portal\/"},{"@type":"ListItem","position":2,"name":"XI Caravana Serna recorre rutas tur\u00edsticas y llega apoyo m\u00e9dico"}]},{"@type":"WebSite","@id":"https:\/\/www.eldiario.net\/portal\/#website","url":"https:\/\/www.eldiario.net\/portal\/","name":"El Diario - Decano de la prensa nacional","description":"El Diario - Decano de la prensa nacional","publisher":{"@id":"https:\/\/www.eldiario.net\/portal\/#organization"},"potentialAction":[{"@type":"SearchAction","target":{"@type":"EntryPoint","urlTemplate":"https:\/\/www.eldiario.net\/portal\/?s={search_term_string}"},"query-input":{"@type":"PropertyValueSpecification","valueRequired":true,"valueName":"search_term_string"}}],"inLanguage":"es"},{"@type":"Organization","@id":"https:\/\/www.eldiario.net\/portal\/#organization","name":"El Diario - Decano de la prensa nacional","url":"https:\/\/www.eldiario.net\/portal\/","logo":{"@type":"ImageObject","inLanguage":"es","@id":"https:\/\/www.eldiario.net\/portal\/#\/schema\/logo\/image\/","url":"https:\/\/www.eldiario.net\/portal\/wp-content\/uploads\/2023\/07\/logo_ED.jpg","contentUrl":"https:\/\/www.eldiario.net\/portal\/wp-content\/uploads\/2023\/07\/logo_ED.jpg","width":272,"height":52,"caption":"El Diario - Decano de la prensa nacional"},"image":{"@id":"https:\/\/www.eldiario.net\/portal\/#\/schema\/logo\/image\/"},"sameAs":["https:\/\/www.facebook.com\/eldiario.bolivia\/","https:\/\/x.com\/eldiario_net"]},{"@type":"Person","@id":"https:\/\/www.eldiario.net\/portal\/#\/schema\/person\/f46445640444750d7d753ccd04ae01b7","name":"Jeanette","image":{"@type":"ImageObject","inLanguage":"es","@id":"https:\/\/secure.gravatar.com\/avatar\/3ea2118a5f7dad2b7138b1187a6b7ee55f160b9968b66013c3a3ef39dd7e5798?s=96&d=mm&r=g","url":"https:\/\/secure.gravatar.com\/avatar\/3ea2118a5f7dad2b7138b1187a6b7ee55f160b9968b66013c3a3ef39dd7e5798?s=96&d=mm&r=g","contentUrl":"https:\/\/secure.gravatar.com\/avatar\/3ea2118a5f7dad2b7138b1187a6b7ee55f160b9968b66013c3a3ef39dd7e5798?s=96&d=mm&r=g","caption":"Jeanette"},"sameAs":["https:\/\/www.eldiario.net\/portal"],"url":"https:\/\/www.eldiario.net\/portal\/author\/jeanette\/"}]}},"_links":{"self":[{"href":"https:\/\/www.eldiario.net\/portal\/wp-json\/wp\/v2\/posts\/21047","targetHints":{"allow":["GET"]}}],"collection":[{"href":"https:\/\/www.eldiario.net\/portal\/wp-json\/wp\/v2\/posts"}],"about":[{"href":"https:\/\/www.eldiario.net\/portal\/wp-json\/wp\/v2\/types\/post"}],"author":[{"embeddable":true,"href":"https:\/\/www.eldiario.net\/portal\/wp-json\/wp\/v2\/users\/1"}],"replies":[{"embeddable":true,"href":"https:\/\/www.eldiario.net\/portal\/wp-json\/wp\/v2\/comments?post=21047"}],"version-history":[{"count":0,"href":"https:\/\/www.eldiario.net\/portal\/wp-json\/wp\/v2\/posts\/21047\/revisions"}],"wp:featuredmedia":[{"embeddable":true,"href":"https:\/\/www.eldiario.net\/portal\/wp-json\/wp\/v2\/media\/21048"}],"wp:attachment":[{"href":"https:\/\/www.eldiario.net\/portal\/wp-json\/wp\/v2\/media?parent=21047"}],"wp:term":[{"taxonomy":"category","embeddable":true,"href":"https:\/\/www.eldiario.net\/portal\/wp-json\/wp\/v2\/categories?post=21047"},{"taxonomy":"post_tag","embeddable":true,"href":"https:\/\/www.eldiario.net\/portal\/wp-json\/wp\/v2\/tags?post=21047"}],"curies":[{"name":"wp","href":"https:\/\/api.w.org\/{rel}","templated":true}]}}