{"id":21044,"date":"2021-08-03T07:33:04","date_gmt":"2021-08-03T11:33:04","guid":{"rendered":"https:\/\/www.eldiario.net\/portal\/?p=21044"},"modified":"2021-08-03T07:33:04","modified_gmt":"2021-08-03T11:33:04","slug":"30-anos-de-carcel-para-sujeto-que-asesino-a-su-tia-en-la-paz","status":"publish","type":"post","link":"https:\/\/www.eldiario.net\/portal\/2021\/08\/03\/30-anos-de-carcel-para-sujeto-que-asesino-a-su-tia-en-la-paz\/","title":{"rendered":"30 a\u00f1os de c\u00e1rcel para sujeto  que asesin\u00f3 a su t\u00eda en La Paz"},"content":{"rendered":"<p>Limber Coss Quispe, de 26 a\u00f1os de edad, fue sentenciado a 30 a\u00f1os de c\u00e1rcel sin derecho a indulto, acusado de haber asesinado a su t\u00eda Eusebia C. Q. C. de 45 a\u00f1os, a quien viol\u00f3 y mat\u00f3 con un golpe en la cabeza el 18 de julio de 2020 en la zona Chuquiaguillo, inform\u00f3 este lunes el fiscal departamental de La Paz, William Alave, a tiempo de aclarar que la pena deber\u00e1 ser cumplida en la c\u00e1rcel de San Pedro.<\/p>\n<p>\u201cEl Ministerio P\u00fablico present\u00f3 como pruebas fehacientes el acta del registro del lugar del hecho, protocolo de autopsia, declaraciones testificales de los familiares, entre otros elementos que demostraron que Limber, es el autor del delito de feminicidio, por lo que los miembros del Tribunal determinaron la pena m\u00e1xima de 30 a\u00f1os de presidio. El m\u00f3vil del hecho fue la agresi\u00f3n sexual que sufri\u00f3 la v\u00edctima\u201d, dijo Alave.<\/p>\n<p>La fiscal de Delitos Contra la Vida, Dubravska Jord\u00e1n, indic\u00f3 que el hecho se registr\u00f3 el 18 de julio del a\u00f1o 2020 en la zona de Chuquiaguillo de la ciudad de La Paz, cuando Eusebia, quien sufr\u00eda una discapacidad motora, descansaba en su cuarto y en horas de la madrugada su sobrino Limber ingres\u00f3 y la agredi\u00f3 sexualmente, posteriormente agarr\u00f3 una piedra y la golpe\u00f3 en la parte izquierda de la cabeza lo que provoc\u00f3 su muerte.<\/p>\n<p>El mismo d\u00eda, la hermana de la mujer la busc\u00f3 en su cuarto para almorzar y al ingresar la encontr\u00f3 de rodillas postrada en el catre tapada con una frazada, sali\u00f3 de la habitaci\u00f3n para dar aviso a su hija y juntas destaparon el cuerpo que ten\u00eda un golpe en la cabeza y sin signos vitales, en ese momento procedieron a llamar a efectivos policiales de la zona.<\/p>\n<p>Seg\u00fan la autopsia m\u00e9dico legal, realizada por el Instituto de Investigaciones Forenses (IDIF), estableci\u00f3 que la mujer muri\u00f3 por destrucci\u00f3n de centros nerviosos superiores, traumatismo cr\u00e1neo encef\u00e1lico abierto severo a causa de un golpe con una piedra que fue encontrada en el lugar.<\/p>\n<p>&nbsp;<\/p>\n","protected":false},"excerpt":{"rendered":"<p>Limber Coss Quispe, de 26 a\u00f1os de edad, fue sentenciado a 30 a\u00f1os de c\u00e1rcel sin derecho a indulto, acusado de haber asesinado a su t\u00eda Eusebia C. Q. C. de 45 a\u00f1os, a quien viol\u00f3 y mat\u00f3 con un golpe en la cabeza el 18 de julio de 2020 en la zona Chuquiaguillo, inform\u00f3 [&hellip;]<\/p>\n","protected":false},"author":1,"featured_media":21045,"comment_status":"closed","ping_status":"closed","sticky":false,"template":"","format":"standard","meta":{"_acf_changed":false,"footnotes":""},"categories":[39],"tags":[],"class_list":["post-21044","post","type-post","status-publish","format-standard","has-post-thumbnail","category-sociedad"],"acf":{"antetitulo":""},"yoast_head":"<!-- This site is optimized with the Yoast SEO plugin v28.4 - https:\/\/yoast.com\/product\/yoast-seo-wordpress\/ -->\n<title>30 a\u00f1os de c\u00e1rcel para sujeto que asesin\u00f3 a su t\u00eda en La Paz - El Diario - Bolivia<\/title>\n<meta name=\"robots\" content=\"index, follow, max-snippet:-1, max-image-preview:large, max-video-preview:-1\" \/>\n<link rel=\"canonical\" href=\"https:\/\/www.eldiario.net\/portal\/2021\/08\/03\/30-anos-de-carcel-para-sujeto-que-asesino-a-su-tia-en-la-paz\/\" \/>\n<meta property=\"og:locale\" content=\"es_ES\" \/>\n<meta property=\"og:type\" content=\"article\" \/>\n<meta property=\"og:title\" content=\"30 a\u00f1os de c\u00e1rcel para sujeto que asesin\u00f3 a su t\u00eda en La Paz - El Diario - Bolivia\" \/>\n<meta property=\"og:description\" content=\"Limber Coss Quispe, de 26 a\u00f1os de edad, fue sentenciado a 30 a\u00f1os de c\u00e1rcel sin derecho a indulto, acusado de haber asesinado a su t\u00eda Eusebia C. Q. C. de 45 a\u00f1os, a quien viol\u00f3 y mat\u00f3 con un golpe en la cabeza el 18 de julio de 2020 en la zona Chuquiaguillo, inform\u00f3 [&hellip;]\" \/>\n<meta property=\"og:url\" content=\"https:\/\/www.eldiario.net\/portal\/2021\/08\/03\/30-anos-de-carcel-para-sujeto-que-asesino-a-su-tia-en-la-paz\/\" \/>\n<meta property=\"og:site_name\" content=\"El Diario - Bolivia\" \/>\n<meta property=\"article:publisher\" content=\"https:\/\/www.facebook.com\/eldiario.bolivia\/\" \/>\n<meta property=\"article:published_time\" content=\"2021-08-03T11:33:04+00:00\" \/>\n<meta name=\"author\" content=\"Jeanette\" \/>\n<meta name=\"twitter:card\" content=\"summary_large_image\" \/>\n<meta name=\"twitter:creator\" content=\"@eldiario_net\" \/>\n<meta name=\"twitter:site\" content=\"@eldiario_net\" \/>\n<meta name=\"twitter:label1\" content=\"Escrito por\" \/>\n\t<meta name=\"twitter:data1\" content=\"Jeanette\" \/>\n\t<meta name=\"twitter:label2\" content=\"Tiempo de lectura\" \/>\n\t<meta name=\"twitter:data2\" content=\"2 minutos\" \/>\n<script type=\"application\/ld+json\" class=\"yoast-schema-graph\">{\"@context\":\"https:\\\/\\\/schema.org\",\"@graph\":[{\"@type\":\"Article\",\"@id\":\"https:\\\/\\\/www.eldiario.net\\\/portal\\\/2021\\\/08\\\/03\\\/30-anos-de-carcel-para-sujeto-que-asesino-a-su-tia-en-la-paz\\\/#article\",\"isPartOf\":{\"@id\":\"https:\\\/\\\/www.eldiario.net\\\/portal\\\/2021\\\/08\\\/03\\\/30-anos-de-carcel-para-sujeto-que-asesino-a-su-tia-en-la-paz\\\/\"},\"author\":{\"name\":\"Jeanette\",\"@id\":\"https:\\\/\\\/www.eldiario.net\\\/portal\\\/#\\\/schema\\\/person\\\/f46445640444750d7d753ccd04ae01b7\"},\"headline\":\"30 a\u00f1os de c\u00e1rcel para sujeto que asesin\u00f3 a su t\u00eda en La Paz\",\"datePublished\":\"2021-08-03T11:33:04+00:00\",\"mainEntityOfPage\":{\"@id\":\"https:\\\/\\\/www.eldiario.net\\\/portal\\\/2021\\\/08\\\/03\\\/30-anos-de-carcel-para-sujeto-que-asesino-a-su-tia-en-la-paz\\\/\"},\"wordCount\":368,\"publisher\":{\"@id\":\"https:\\\/\\\/www.eldiario.net\\\/portal\\\/#organization\"},\"image\":{\"@id\":\"https:\\\/\\\/www.eldiario.net\\\/portal\\\/2021\\\/08\\\/03\\\/30-anos-de-carcel-para-sujeto-que-asesino-a-su-tia-en-la-paz\\\/#primaryimage\"},\"thumbnailUrl\":\"\",\"articleSection\":[\"Sociedad - Seguridad\"],\"inLanguage\":\"es\"},{\"@type\":\"WebPage\",\"@id\":\"https:\\\/\\\/www.eldiario.net\\\/portal\\\/2021\\\/08\\\/03\\\/30-anos-de-carcel-para-sujeto-que-asesino-a-su-tia-en-la-paz\\\/\",\"url\":\"https:\\\/\\\/www.eldiario.net\\\/portal\\\/2021\\\/08\\\/03\\\/30-anos-de-carcel-para-sujeto-que-asesino-a-su-tia-en-la-paz\\\/\",\"name\":\"30 a\u00f1os de c\u00e1rcel para sujeto que asesin\u00f3 a su t\u00eda en La Paz - El Diario - Bolivia\",\"isPartOf\":{\"@id\":\"https:\\\/\\\/www.eldiario.net\\\/portal\\\/#website\"},\"primaryImageOfPage\":{\"@id\":\"https:\\\/\\\/www.eldiario.net\\\/portal\\\/2021\\\/08\\\/03\\\/30-anos-de-carcel-para-sujeto-que-asesino-a-su-tia-en-la-paz\\\/#primaryimage\"},\"image\":{\"@id\":\"https:\\\/\\\/www.eldiario.net\\\/portal\\\/2021\\\/08\\\/03\\\/30-anos-de-carcel-para-sujeto-que-asesino-a-su-tia-en-la-paz\\\/#primaryimage\"},\"thumbnailUrl\":\"\",\"datePublished\":\"2021-08-03T11:33:04+00:00\",\"breadcrumb\":{\"@id\":\"https:\\\/\\\/www.eldiario.net\\\/portal\\\/2021\\\/08\\\/03\\\/30-anos-de-carcel-para-sujeto-que-asesino-a-su-tia-en-la-paz\\\/#breadcrumb\"},\"inLanguage\":\"es\",\"potentialAction\":[{\"@type\":\"ReadAction\",\"target\":[\"https:\\\/\\\/www.eldiario.net\\\/portal\\\/2021\\\/08\\\/03\\\/30-anos-de-carcel-para-sujeto-que-asesino-a-su-tia-en-la-paz\\\/\"]}]},{\"@type\":\"ImageObject\",\"inLanguage\":\"es\",\"@id\":\"https:\\\/\\\/www.eldiario.net\\\/portal\\\/2021\\\/08\\\/03\\\/30-anos-de-carcel-para-sujeto-que-asesino-a-su-tia-en-la-paz\\\/#primaryimage\",\"url\":\"\",\"contentUrl\":\"\"},{\"@type\":\"BreadcrumbList\",\"@id\":\"https:\\\/\\\/www.eldiario.net\\\/portal\\\/2021\\\/08\\\/03\\\/30-anos-de-carcel-para-sujeto-que-asesino-a-su-tia-en-la-paz\\\/#breadcrumb\",\"itemListElement\":[{\"@type\":\"ListItem\",\"position\":1,\"name\":\"Portada\",\"item\":\"https:\\\/\\\/www.eldiario.net\\\/portal\\\/\"},{\"@type\":\"ListItem\",\"position\":2,\"name\":\"30 a\u00f1os de c\u00e1rcel para sujeto que asesin\u00f3 a su t\u00eda en La Paz\"}]},{\"@type\":\"WebSite\",\"@id\":\"https:\\\/\\\/www.eldiario.net\\\/portal\\\/#website\",\"url\":\"https:\\\/\\\/www.eldiario.net\\\/portal\\\/\",\"name\":\"El Diario - Decano de la prensa nacional\",\"description\":\"El Diario - Decano de la prensa nacional\",\"publisher\":{\"@id\":\"https:\\\/\\\/www.eldiario.net\\\/portal\\\/#organization\"},\"potentialAction\":[{\"@type\":\"SearchAction\",\"target\":{\"@type\":\"EntryPoint\",\"urlTemplate\":\"https:\\\/\\\/www.eldiario.net\\\/portal\\\/?s={search_term_string}\"},\"query-input\":{\"@type\":\"PropertyValueSpecification\",\"valueRequired\":true,\"valueName\":\"search_term_string\"}}],\"inLanguage\":\"es\"},{\"@type\":\"Organization\",\"@id\":\"https:\\\/\\\/www.eldiario.net\\\/portal\\\/#organization\",\"name\":\"El Diario - Decano de la prensa nacional\",\"url\":\"https:\\\/\\\/www.eldiario.net\\\/portal\\\/\",\"logo\":{\"@type\":\"ImageObject\",\"inLanguage\":\"es\",\"@id\":\"https:\\\/\\\/www.eldiario.net\\\/portal\\\/#\\\/schema\\\/logo\\\/image\\\/\",\"url\":\"https:\\\/\\\/www.eldiario.net\\\/portal\\\/wp-content\\\/uploads\\\/2023\\\/07\\\/logo_ED.jpg\",\"contentUrl\":\"https:\\\/\\\/www.eldiario.net\\\/portal\\\/wp-content\\\/uploads\\\/2023\\\/07\\\/logo_ED.jpg\",\"width\":272,\"height\":52,\"caption\":\"El Diario - Decano de la prensa nacional\"},\"image\":{\"@id\":\"https:\\\/\\\/www.eldiario.net\\\/portal\\\/#\\\/schema\\\/logo\\\/image\\\/\"},\"sameAs\":[\"https:\\\/\\\/www.facebook.com\\\/eldiario.bolivia\\\/\",\"https:\\\/\\\/x.com\\\/eldiario_net\"]},{\"@type\":\"Person\",\"@id\":\"https:\\\/\\\/www.eldiario.net\\\/portal\\\/#\\\/schema\\\/person\\\/f46445640444750d7d753ccd04ae01b7\",\"name\":\"Jeanette\",\"image\":{\"@type\":\"ImageObject\",\"inLanguage\":\"es\",\"@id\":\"https:\\\/\\\/secure.gravatar.com\\\/avatar\\\/3ea2118a5f7dad2b7138b1187a6b7ee55f160b9968b66013c3a3ef39dd7e5798?s=96&d=mm&r=g\",\"url\":\"https:\\\/\\\/secure.gravatar.com\\\/avatar\\\/3ea2118a5f7dad2b7138b1187a6b7ee55f160b9968b66013c3a3ef39dd7e5798?s=96&d=mm&r=g\",\"contentUrl\":\"https:\\\/\\\/secure.gravatar.com\\\/avatar\\\/3ea2118a5f7dad2b7138b1187a6b7ee55f160b9968b66013c3a3ef39dd7e5798?s=96&d=mm&r=g\",\"caption\":\"Jeanette\"},\"sameAs\":[\"https:\\\/\\\/www.eldiario.net\\\/portal\"],\"url\":\"https:\\\/\\\/www.eldiario.net\\\/portal\\\/author\\\/jeanette\\\/\"}]}<\/script>\n<!-- \/ Yoast SEO plugin. -->","yoast_head_json":{"title":"30 a\u00f1os de c\u00e1rcel para sujeto que asesin\u00f3 a su t\u00eda en La Paz - El Diario - Bolivia","robots":{"index":"index","follow":"follow","max-snippet":"max-snippet:-1","max-image-preview":"max-image-preview:large","max-video-preview":"max-video-preview:-1"},"canonical":"https:\/\/www.eldiario.net\/portal\/2021\/08\/03\/30-anos-de-carcel-para-sujeto-que-asesino-a-su-tia-en-la-paz\/","og_locale":"es_ES","og_type":"article","og_title":"30 a\u00f1os de c\u00e1rcel para sujeto que asesin\u00f3 a su t\u00eda en La Paz - El Diario - Bolivia","og_description":"Limber Coss Quispe, de 26 a\u00f1os de edad, fue sentenciado a 30 a\u00f1os de c\u00e1rcel sin derecho a indulto, acusado de haber asesinado a su t\u00eda Eusebia C. Q. C. de 45 a\u00f1os, a quien viol\u00f3 y mat\u00f3 con un golpe en la cabeza el 18 de julio de 2020 en la zona Chuquiaguillo, inform\u00f3 [&hellip;]","og_url":"https:\/\/www.eldiario.net\/portal\/2021\/08\/03\/30-anos-de-carcel-para-sujeto-que-asesino-a-su-tia-en-la-paz\/","og_site_name":"El Diario - Bolivia","article_publisher":"https:\/\/www.facebook.com\/eldiario.bolivia\/","article_published_time":"2021-08-03T11:33:04+00:00","author":"Jeanette","twitter_card":"summary_large_image","twitter_creator":"@eldiario_net","twitter_site":"@eldiario_net","twitter_misc":{"Escrito por":"Jeanette","Tiempo de lectura":"2 minutos"},"schema":{"@context":"https:\/\/schema.org","@graph":[{"@type":"Article","@id":"https:\/\/www.eldiario.net\/portal\/2021\/08\/03\/30-anos-de-carcel-para-sujeto-que-asesino-a-su-tia-en-la-paz\/#article","isPartOf":{"@id":"https:\/\/www.eldiario.net\/portal\/2021\/08\/03\/30-anos-de-carcel-para-sujeto-que-asesino-a-su-tia-en-la-paz\/"},"author":{"name":"Jeanette","@id":"https:\/\/www.eldiario.net\/portal\/#\/schema\/person\/f46445640444750d7d753ccd04ae01b7"},"headline":"30 a\u00f1os de c\u00e1rcel para sujeto que asesin\u00f3 a su t\u00eda en La Paz","datePublished":"2021-08-03T11:33:04+00:00","mainEntityOfPage":{"@id":"https:\/\/www.eldiario.net\/portal\/2021\/08\/03\/30-anos-de-carcel-para-sujeto-que-asesino-a-su-tia-en-la-paz\/"},"wordCount":368,"publisher":{"@id":"https:\/\/www.eldiario.net\/portal\/#organization"},"image":{"@id":"https:\/\/www.eldiario.net\/portal\/2021\/08\/03\/30-anos-de-carcel-para-sujeto-que-asesino-a-su-tia-en-la-paz\/#primaryimage"},"thumbnailUrl":"","articleSection":["Sociedad - Seguridad"],"inLanguage":"es"},{"@type":"WebPage","@id":"https:\/\/www.eldiario.net\/portal\/2021\/08\/03\/30-anos-de-carcel-para-sujeto-que-asesino-a-su-tia-en-la-paz\/","url":"https:\/\/www.eldiario.net\/portal\/2021\/08\/03\/30-anos-de-carcel-para-sujeto-que-asesino-a-su-tia-en-la-paz\/","name":"30 a\u00f1os de c\u00e1rcel para sujeto que asesin\u00f3 a su t\u00eda en La Paz - El Diario - Bolivia","isPartOf":{"@id":"https:\/\/www.eldiario.net\/portal\/#website"},"primaryImageOfPage":{"@id":"https:\/\/www.eldiario.net\/portal\/2021\/08\/03\/30-anos-de-carcel-para-sujeto-que-asesino-a-su-tia-en-la-paz\/#primaryimage"},"image":{"@id":"https:\/\/www.eldiario.net\/portal\/2021\/08\/03\/30-anos-de-carcel-para-sujeto-que-asesino-a-su-tia-en-la-paz\/#primaryimage"},"thumbnailUrl":"","datePublished":"2021-08-03T11:33:04+00:00","breadcrumb":{"@id":"https:\/\/www.eldiario.net\/portal\/2021\/08\/03\/30-anos-de-carcel-para-sujeto-que-asesino-a-su-tia-en-la-paz\/#breadcrumb"},"inLanguage":"es","potentialAction":[{"@type":"ReadAction","target":["https:\/\/www.eldiario.net\/portal\/2021\/08\/03\/30-anos-de-carcel-para-sujeto-que-asesino-a-su-tia-en-la-paz\/"]}]},{"@type":"ImageObject","inLanguage":"es","@id":"https:\/\/www.eldiario.net\/portal\/2021\/08\/03\/30-anos-de-carcel-para-sujeto-que-asesino-a-su-tia-en-la-paz\/#primaryimage","url":"","contentUrl":""},{"@type":"BreadcrumbList","@id":"https:\/\/www.eldiario.net\/portal\/2021\/08\/03\/30-anos-de-carcel-para-sujeto-que-asesino-a-su-tia-en-la-paz\/#breadcrumb","itemListElement":[{"@type":"ListItem","position":1,"name":"Portada","item":"https:\/\/www.eldiario.net\/portal\/"},{"@type":"ListItem","position":2,"name":"30 a\u00f1os de c\u00e1rcel para sujeto que asesin\u00f3 a su t\u00eda en La Paz"}]},{"@type":"WebSite","@id":"https:\/\/www.eldiario.net\/portal\/#website","url":"https:\/\/www.eldiario.net\/portal\/","name":"El Diario - Decano de la prensa nacional","description":"El Diario - Decano de la prensa nacional","publisher":{"@id":"https:\/\/www.eldiario.net\/portal\/#organization"},"potentialAction":[{"@type":"SearchAction","target":{"@type":"EntryPoint","urlTemplate":"https:\/\/www.eldiario.net\/portal\/?s={search_term_string}"},"query-input":{"@type":"PropertyValueSpecification","valueRequired":true,"valueName":"search_term_string"}}],"inLanguage":"es"},{"@type":"Organization","@id":"https:\/\/www.eldiario.net\/portal\/#organization","name":"El Diario - Decano de la prensa nacional","url":"https:\/\/www.eldiario.net\/portal\/","logo":{"@type":"ImageObject","inLanguage":"es","@id":"https:\/\/www.eldiario.net\/portal\/#\/schema\/logo\/image\/","url":"https:\/\/www.eldiario.net\/portal\/wp-content\/uploads\/2023\/07\/logo_ED.jpg","contentUrl":"https:\/\/www.eldiario.net\/portal\/wp-content\/uploads\/2023\/07\/logo_ED.jpg","width":272,"height":52,"caption":"El Diario - Decano de la prensa nacional"},"image":{"@id":"https:\/\/www.eldiario.net\/portal\/#\/schema\/logo\/image\/"},"sameAs":["https:\/\/www.facebook.com\/eldiario.bolivia\/","https:\/\/x.com\/eldiario_net"]},{"@type":"Person","@id":"https:\/\/www.eldiario.net\/portal\/#\/schema\/person\/f46445640444750d7d753ccd04ae01b7","name":"Jeanette","image":{"@type":"ImageObject","inLanguage":"es","@id":"https:\/\/secure.gravatar.com\/avatar\/3ea2118a5f7dad2b7138b1187a6b7ee55f160b9968b66013c3a3ef39dd7e5798?s=96&d=mm&r=g","url":"https:\/\/secure.gravatar.com\/avatar\/3ea2118a5f7dad2b7138b1187a6b7ee55f160b9968b66013c3a3ef39dd7e5798?s=96&d=mm&r=g","contentUrl":"https:\/\/secure.gravatar.com\/avatar\/3ea2118a5f7dad2b7138b1187a6b7ee55f160b9968b66013c3a3ef39dd7e5798?s=96&d=mm&r=g","caption":"Jeanette"},"sameAs":["https:\/\/www.eldiario.net\/portal"],"url":"https:\/\/www.eldiario.net\/portal\/author\/jeanette\/"}]}},"_links":{"self":[{"href":"https:\/\/www.eldiario.net\/portal\/wp-json\/wp\/v2\/posts\/21044","targetHints":{"allow":["GET"]}}],"collection":[{"href":"https:\/\/www.eldiario.net\/portal\/wp-json\/wp\/v2\/posts"}],"about":[{"href":"https:\/\/www.eldiario.net\/portal\/wp-json\/wp\/v2\/types\/post"}],"author":[{"embeddable":true,"href":"https:\/\/www.eldiario.net\/portal\/wp-json\/wp\/v2\/users\/1"}],"replies":[{"embeddable":true,"href":"https:\/\/www.eldiario.net\/portal\/wp-json\/wp\/v2\/comments?post=21044"}],"version-history":[{"count":0,"href":"https:\/\/www.eldiario.net\/portal\/wp-json\/wp\/v2\/posts\/21044\/revisions"}],"wp:attachment":[{"href":"https:\/\/www.eldiario.net\/portal\/wp-json\/wp\/v2\/media?parent=21044"}],"wp:term":[{"taxonomy":"category","embeddable":true,"href":"https:\/\/www.eldiario.net\/portal\/wp-json\/wp\/v2\/categories?post=21044"},{"taxonomy":"post_tag","embeddable":true,"href":"https:\/\/www.eldiario.net\/portal\/wp-json\/wp\/v2\/tags?post=21044"}],"curies":[{"name":"wp","href":"https:\/\/api.w.org\/{rel}","templated":true}]}}