{"id":21041,"date":"2021-08-03T07:32:01","date_gmt":"2021-08-03T11:32:01","guid":{"rendered":"https:\/\/www.eldiario.net\/portal\/?p=21041"},"modified":"2021-08-03T07:32:01","modified_gmt":"2021-08-03T11:32:01","slug":"buscan-postergar-la-audiencia-de-murillo-hasta-septiembre","status":"publish","type":"post","link":"https:\/\/www.eldiario.net\/portal\/2021\/08\/03\/buscan-postergar-la-audiencia-de-murillo-hasta-septiembre\/","title":{"rendered":"Buscan postergar la audiencia  de Murillo hasta septiembre"},"content":{"rendered":"<p>Debido a la \u201cinusual complejidad\u201d de los hechos, la Fiscal\u00eda de Estados Unidos solicit\u00f3 la postergaci\u00f3n de la audiencia del exministro de Gobierno, Arturo Murillo, que guarda detenci\u00f3n preventiva por lavado de dinero y sobornos, seg\u00fan reporte de la agencia Efe.<\/p>\n<p>Seg\u00fan el documento de la Fiscal\u00eda, al que tuvo acceso Efe, la audiencia estaba prevista para el pr\u00f3ximo lunes 9 de agosto en una corte de Miami, ciudad de Florida, donde Murillo est\u00e1 detenido desde el pasado 22 de mayo.<\/p>\n<p>La Fiscal\u00eda pide que la audiencia sea el pr\u00f3ximo 8 de septiembre.<\/p>\n<p>El documento de la Fiscal\u00eda fue presentado el s\u00e1bado pasado y subraya que la demora favorece a la justicia y tambi\u00e9n a la defensa, que tendr\u00e1 mayor tiempo para revisar el material.<\/p>\n<p>De acuerdo con la investigaci\u00f3n de Estados Unidos, Murillo, su exjefe de gabinete Rodrigo M\u00e9ndez y tres ciudadanos norteamericanos recibieron sobornos a cambio de direccionar la compra de gases lacrim\u00f3genos a la empresa Bravo Tactical Solutions.<\/p>\n<p>Seg\u00fan esos datos, la empresa Bravo cobr\u00f3 al Estado boliviano 5,6 millones de d\u00f3lares, pero compr\u00f3 los agentes qu\u00edmicos en 2,2 millones a la empresa C\u00f3ndor de Brasil, lo cual deja un sobreprecio de m\u00e1s de 3 millones de d\u00f3lares.<\/p>\n<p>&nbsp;<\/p>\n<p>GOBIERNO<\/p>\n<p>El Procurador General del Estado, Wilfredo Ch\u00e1vez, confirm\u00f3 este lunes su presencia en la audiencia programada para el 9 de agosto contra Murillo en Estados Unidos.<\/p>\n<p>\u201cSe ha programado para el 9 de agosto (\u2026) no tenemos noticias de la suspensi\u00f3n de esa audiencia y pensamos que est\u00e1 confirmada esa fecha\u201d, dijo.<\/p>\n<p>La El Programa Anual de Contrataciones (PAC) de la Procuradur\u00eda General del Estado (PGE) detalla que el consorcio Greenberg Traurig, de Estados Unidos, fue contratado por Bs 1.740.000 para hacer un \u201cseguimiento exhaustivo\u201d del proceso contra Murillo.<\/p>\n<p>El documento establece una modalidad de contrataci\u00f3n directa y con recursos del Tesoro General de la Naci\u00f3n (TGN).<\/p>\n<p>Por otro lado, Ch\u00e1vez manifest\u00f3 que el pasado jueves presentaron una demanda civil para recuperar los dineros por el da\u00f1o econ\u00f3mico causado por la compra de gases lacrim\u00f3genos.<\/p>\n","protected":false},"excerpt":{"rendered":"<p>Debido a la \u201cinusual complejidad\u201d de los hechos, la Fiscal\u00eda de Estados Unidos solicit\u00f3 la postergaci\u00f3n de la audiencia del exministro de Gobierno, Arturo Murillo, que guarda detenci\u00f3n preventiva por lavado de dinero y sobornos, seg\u00fan reporte de la agencia Efe. Seg\u00fan el documento de la Fiscal\u00eda, al que tuvo acceso Efe, la audiencia estaba [&hellip;]<\/p>\n","protected":false},"author":1,"featured_media":21042,"comment_status":"closed","ping_status":"closed","sticky":false,"template":"","format":"standard","meta":{"_acf_changed":false,"footnotes":""},"categories":[3],"tags":[],"class_list":["post-21041","post","type-post","status-publish","format-standard","has-post-thumbnail","category-internacional"],"acf":{"antetitulo":""},"yoast_head":"<!-- This site is optimized with the Yoast SEO plugin v28.4 - https:\/\/yoast.com\/product\/yoast-seo-wordpress\/ -->\n<title>Buscan postergar la audiencia de Murillo hasta septiembre - El Diario - Bolivia<\/title>\n<meta name=\"robots\" content=\"index, follow, max-snippet:-1, max-image-preview:large, max-video-preview:-1\" \/>\n<link rel=\"canonical\" href=\"https:\/\/www.eldiario.net\/portal\/2021\/08\/03\/buscan-postergar-la-audiencia-de-murillo-hasta-septiembre\/\" \/>\n<meta property=\"og:locale\" content=\"es_ES\" \/>\n<meta property=\"og:type\" content=\"article\" \/>\n<meta property=\"og:title\" content=\"Buscan postergar la audiencia de Murillo hasta septiembre - El Diario - Bolivia\" \/>\n<meta property=\"og:description\" content=\"Debido a la \u201cinusual complejidad\u201d de los hechos, la Fiscal\u00eda de Estados Unidos solicit\u00f3 la postergaci\u00f3n de la audiencia del exministro de Gobierno, Arturo Murillo, que guarda detenci\u00f3n preventiva por lavado de dinero y sobornos, seg\u00fan reporte de la agencia Efe. Seg\u00fan el documento de la Fiscal\u00eda, al que tuvo acceso Efe, la audiencia estaba [&hellip;]\" \/>\n<meta property=\"og:url\" content=\"https:\/\/www.eldiario.net\/portal\/2021\/08\/03\/buscan-postergar-la-audiencia-de-murillo-hasta-septiembre\/\" \/>\n<meta property=\"og:site_name\" content=\"El Diario - Bolivia\" \/>\n<meta property=\"article:publisher\" content=\"https:\/\/www.facebook.com\/eldiario.bolivia\/\" \/>\n<meta property=\"article:published_time\" content=\"2021-08-03T11:32:01+00:00\" \/>\n<meta name=\"author\" content=\"Jeanette\" \/>\n<meta name=\"twitter:card\" content=\"summary_large_image\" \/>\n<meta name=\"twitter:creator\" content=\"@eldiario_net\" \/>\n<meta name=\"twitter:site\" content=\"@eldiario_net\" \/>\n<meta name=\"twitter:label1\" content=\"Escrito por\" \/>\n\t<meta name=\"twitter:data1\" content=\"Jeanette\" \/>\n\t<meta name=\"twitter:label2\" content=\"Tiempo de lectura\" \/>\n\t<meta name=\"twitter:data2\" content=\"2 minutos\" \/>\n<script type=\"application\/ld+json\" class=\"yoast-schema-graph\">{\"@context\":\"https:\\\/\\\/schema.org\",\"@graph\":[{\"@type\":\"Article\",\"@id\":\"https:\\\/\\\/www.eldiario.net\\\/portal\\\/2021\\\/08\\\/03\\\/buscan-postergar-la-audiencia-de-murillo-hasta-septiembre\\\/#article\",\"isPartOf\":{\"@id\":\"https:\\\/\\\/www.eldiario.net\\\/portal\\\/2021\\\/08\\\/03\\\/buscan-postergar-la-audiencia-de-murillo-hasta-septiembre\\\/\"},\"author\":{\"name\":\"Jeanette\",\"@id\":\"https:\\\/\\\/www.eldiario.net\\\/portal\\\/#\\\/schema\\\/person\\\/f46445640444750d7d753ccd04ae01b7\"},\"headline\":\"Buscan postergar la audiencia de Murillo hasta septiembre\",\"datePublished\":\"2021-08-03T11:32:01+00:00\",\"mainEntityOfPage\":{\"@id\":\"https:\\\/\\\/www.eldiario.net\\\/portal\\\/2021\\\/08\\\/03\\\/buscan-postergar-la-audiencia-de-murillo-hasta-septiembre\\\/\"},\"wordCount\":366,\"publisher\":{\"@id\":\"https:\\\/\\\/www.eldiario.net\\\/portal\\\/#organization\"},\"image\":{\"@id\":\"https:\\\/\\\/www.eldiario.net\\\/portal\\\/2021\\\/08\\\/03\\\/buscan-postergar-la-audiencia-de-murillo-hasta-septiembre\\\/#primaryimage\"},\"thumbnailUrl\":\"\",\"articleSection\":[\"Internacional\"],\"inLanguage\":\"es\"},{\"@type\":\"WebPage\",\"@id\":\"https:\\\/\\\/www.eldiario.net\\\/portal\\\/2021\\\/08\\\/03\\\/buscan-postergar-la-audiencia-de-murillo-hasta-septiembre\\\/\",\"url\":\"https:\\\/\\\/www.eldiario.net\\\/portal\\\/2021\\\/08\\\/03\\\/buscan-postergar-la-audiencia-de-murillo-hasta-septiembre\\\/\",\"name\":\"Buscan postergar la audiencia de Murillo hasta septiembre - El Diario - Bolivia\",\"isPartOf\":{\"@id\":\"https:\\\/\\\/www.eldiario.net\\\/portal\\\/#website\"},\"primaryImageOfPage\":{\"@id\":\"https:\\\/\\\/www.eldiario.net\\\/portal\\\/2021\\\/08\\\/03\\\/buscan-postergar-la-audiencia-de-murillo-hasta-septiembre\\\/#primaryimage\"},\"image\":{\"@id\":\"https:\\\/\\\/www.eldiario.net\\\/portal\\\/2021\\\/08\\\/03\\\/buscan-postergar-la-audiencia-de-murillo-hasta-septiembre\\\/#primaryimage\"},\"thumbnailUrl\":\"\",\"datePublished\":\"2021-08-03T11:32:01+00:00\",\"breadcrumb\":{\"@id\":\"https:\\\/\\\/www.eldiario.net\\\/portal\\\/2021\\\/08\\\/03\\\/buscan-postergar-la-audiencia-de-murillo-hasta-septiembre\\\/#breadcrumb\"},\"inLanguage\":\"es\",\"potentialAction\":[{\"@type\":\"ReadAction\",\"target\":[\"https:\\\/\\\/www.eldiario.net\\\/portal\\\/2021\\\/08\\\/03\\\/buscan-postergar-la-audiencia-de-murillo-hasta-septiembre\\\/\"]}]},{\"@type\":\"ImageObject\",\"inLanguage\":\"es\",\"@id\":\"https:\\\/\\\/www.eldiario.net\\\/portal\\\/2021\\\/08\\\/03\\\/buscan-postergar-la-audiencia-de-murillo-hasta-septiembre\\\/#primaryimage\",\"url\":\"\",\"contentUrl\":\"\"},{\"@type\":\"BreadcrumbList\",\"@id\":\"https:\\\/\\\/www.eldiario.net\\\/portal\\\/2021\\\/08\\\/03\\\/buscan-postergar-la-audiencia-de-murillo-hasta-septiembre\\\/#breadcrumb\",\"itemListElement\":[{\"@type\":\"ListItem\",\"position\":1,\"name\":\"Portada\",\"item\":\"https:\\\/\\\/www.eldiario.net\\\/portal\\\/\"},{\"@type\":\"ListItem\",\"position\":2,\"name\":\"Buscan postergar la audiencia de Murillo hasta septiembre\"}]},{\"@type\":\"WebSite\",\"@id\":\"https:\\\/\\\/www.eldiario.net\\\/portal\\\/#website\",\"url\":\"https:\\\/\\\/www.eldiario.net\\\/portal\\\/\",\"name\":\"El Diario - Decano de la prensa nacional\",\"description\":\"El Diario - Decano de la prensa nacional\",\"publisher\":{\"@id\":\"https:\\\/\\\/www.eldiario.net\\\/portal\\\/#organization\"},\"potentialAction\":[{\"@type\":\"SearchAction\",\"target\":{\"@type\":\"EntryPoint\",\"urlTemplate\":\"https:\\\/\\\/www.eldiario.net\\\/portal\\\/?s={search_term_string}\"},\"query-input\":{\"@type\":\"PropertyValueSpecification\",\"valueRequired\":true,\"valueName\":\"search_term_string\"}}],\"inLanguage\":\"es\"},{\"@type\":\"Organization\",\"@id\":\"https:\\\/\\\/www.eldiario.net\\\/portal\\\/#organization\",\"name\":\"El Diario - Decano de la prensa nacional\",\"url\":\"https:\\\/\\\/www.eldiario.net\\\/portal\\\/\",\"logo\":{\"@type\":\"ImageObject\",\"inLanguage\":\"es\",\"@id\":\"https:\\\/\\\/www.eldiario.net\\\/portal\\\/#\\\/schema\\\/logo\\\/image\\\/\",\"url\":\"https:\\\/\\\/www.eldiario.net\\\/portal\\\/wp-content\\\/uploads\\\/2023\\\/07\\\/logo_ED.jpg\",\"contentUrl\":\"https:\\\/\\\/www.eldiario.net\\\/portal\\\/wp-content\\\/uploads\\\/2023\\\/07\\\/logo_ED.jpg\",\"width\":272,\"height\":52,\"caption\":\"El Diario - Decano de la prensa nacional\"},\"image\":{\"@id\":\"https:\\\/\\\/www.eldiario.net\\\/portal\\\/#\\\/schema\\\/logo\\\/image\\\/\"},\"sameAs\":[\"https:\\\/\\\/www.facebook.com\\\/eldiario.bolivia\\\/\",\"https:\\\/\\\/x.com\\\/eldiario_net\"]},{\"@type\":\"Person\",\"@id\":\"https:\\\/\\\/www.eldiario.net\\\/portal\\\/#\\\/schema\\\/person\\\/f46445640444750d7d753ccd04ae01b7\",\"name\":\"Jeanette\",\"image\":{\"@type\":\"ImageObject\",\"inLanguage\":\"es\",\"@id\":\"https:\\\/\\\/secure.gravatar.com\\\/avatar\\\/3ea2118a5f7dad2b7138b1187a6b7ee55f160b9968b66013c3a3ef39dd7e5798?s=96&d=mm&r=g\",\"url\":\"https:\\\/\\\/secure.gravatar.com\\\/avatar\\\/3ea2118a5f7dad2b7138b1187a6b7ee55f160b9968b66013c3a3ef39dd7e5798?s=96&d=mm&r=g\",\"contentUrl\":\"https:\\\/\\\/secure.gravatar.com\\\/avatar\\\/3ea2118a5f7dad2b7138b1187a6b7ee55f160b9968b66013c3a3ef39dd7e5798?s=96&d=mm&r=g\",\"caption\":\"Jeanette\"},\"sameAs\":[\"https:\\\/\\\/www.eldiario.net\\\/portal\"],\"url\":\"https:\\\/\\\/www.eldiario.net\\\/portal\\\/author\\\/jeanette\\\/\"}]}<\/script>\n<!-- \/ Yoast SEO plugin. -->","yoast_head_json":{"title":"Buscan postergar la audiencia de Murillo hasta septiembre - El Diario - Bolivia","robots":{"index":"index","follow":"follow","max-snippet":"max-snippet:-1","max-image-preview":"max-image-preview:large","max-video-preview":"max-video-preview:-1"},"canonical":"https:\/\/www.eldiario.net\/portal\/2021\/08\/03\/buscan-postergar-la-audiencia-de-murillo-hasta-septiembre\/","og_locale":"es_ES","og_type":"article","og_title":"Buscan postergar la audiencia de Murillo hasta septiembre - El Diario - Bolivia","og_description":"Debido a la \u201cinusual complejidad\u201d de los hechos, la Fiscal\u00eda de Estados Unidos solicit\u00f3 la postergaci\u00f3n de la audiencia del exministro de Gobierno, Arturo Murillo, que guarda detenci\u00f3n preventiva por lavado de dinero y sobornos, seg\u00fan reporte de la agencia Efe. Seg\u00fan el documento de la Fiscal\u00eda, al que tuvo acceso Efe, la audiencia estaba [&hellip;]","og_url":"https:\/\/www.eldiario.net\/portal\/2021\/08\/03\/buscan-postergar-la-audiencia-de-murillo-hasta-septiembre\/","og_site_name":"El Diario - Bolivia","article_publisher":"https:\/\/www.facebook.com\/eldiario.bolivia\/","article_published_time":"2021-08-03T11:32:01+00:00","author":"Jeanette","twitter_card":"summary_large_image","twitter_creator":"@eldiario_net","twitter_site":"@eldiario_net","twitter_misc":{"Escrito por":"Jeanette","Tiempo de lectura":"2 minutos"},"schema":{"@context":"https:\/\/schema.org","@graph":[{"@type":"Article","@id":"https:\/\/www.eldiario.net\/portal\/2021\/08\/03\/buscan-postergar-la-audiencia-de-murillo-hasta-septiembre\/#article","isPartOf":{"@id":"https:\/\/www.eldiario.net\/portal\/2021\/08\/03\/buscan-postergar-la-audiencia-de-murillo-hasta-septiembre\/"},"author":{"name":"Jeanette","@id":"https:\/\/www.eldiario.net\/portal\/#\/schema\/person\/f46445640444750d7d753ccd04ae01b7"},"headline":"Buscan postergar la audiencia de Murillo hasta septiembre","datePublished":"2021-08-03T11:32:01+00:00","mainEntityOfPage":{"@id":"https:\/\/www.eldiario.net\/portal\/2021\/08\/03\/buscan-postergar-la-audiencia-de-murillo-hasta-septiembre\/"},"wordCount":366,"publisher":{"@id":"https:\/\/www.eldiario.net\/portal\/#organization"},"image":{"@id":"https:\/\/www.eldiario.net\/portal\/2021\/08\/03\/buscan-postergar-la-audiencia-de-murillo-hasta-septiembre\/#primaryimage"},"thumbnailUrl":"","articleSection":["Internacional"],"inLanguage":"es"},{"@type":"WebPage","@id":"https:\/\/www.eldiario.net\/portal\/2021\/08\/03\/buscan-postergar-la-audiencia-de-murillo-hasta-septiembre\/","url":"https:\/\/www.eldiario.net\/portal\/2021\/08\/03\/buscan-postergar-la-audiencia-de-murillo-hasta-septiembre\/","name":"Buscan postergar la audiencia de Murillo hasta septiembre - El Diario - Bolivia","isPartOf":{"@id":"https:\/\/www.eldiario.net\/portal\/#website"},"primaryImageOfPage":{"@id":"https:\/\/www.eldiario.net\/portal\/2021\/08\/03\/buscan-postergar-la-audiencia-de-murillo-hasta-septiembre\/#primaryimage"},"image":{"@id":"https:\/\/www.eldiario.net\/portal\/2021\/08\/03\/buscan-postergar-la-audiencia-de-murillo-hasta-septiembre\/#primaryimage"},"thumbnailUrl":"","datePublished":"2021-08-03T11:32:01+00:00","breadcrumb":{"@id":"https:\/\/www.eldiario.net\/portal\/2021\/08\/03\/buscan-postergar-la-audiencia-de-murillo-hasta-septiembre\/#breadcrumb"},"inLanguage":"es","potentialAction":[{"@type":"ReadAction","target":["https:\/\/www.eldiario.net\/portal\/2021\/08\/03\/buscan-postergar-la-audiencia-de-murillo-hasta-septiembre\/"]}]},{"@type":"ImageObject","inLanguage":"es","@id":"https:\/\/www.eldiario.net\/portal\/2021\/08\/03\/buscan-postergar-la-audiencia-de-murillo-hasta-septiembre\/#primaryimage","url":"","contentUrl":""},{"@type":"BreadcrumbList","@id":"https:\/\/www.eldiario.net\/portal\/2021\/08\/03\/buscan-postergar-la-audiencia-de-murillo-hasta-septiembre\/#breadcrumb","itemListElement":[{"@type":"ListItem","position":1,"name":"Portada","item":"https:\/\/www.eldiario.net\/portal\/"},{"@type":"ListItem","position":2,"name":"Buscan postergar la audiencia de Murillo hasta septiembre"}]},{"@type":"WebSite","@id":"https:\/\/www.eldiario.net\/portal\/#website","url":"https:\/\/www.eldiario.net\/portal\/","name":"El Diario - Decano de la prensa nacional","description":"El Diario - Decano de la prensa nacional","publisher":{"@id":"https:\/\/www.eldiario.net\/portal\/#organization"},"potentialAction":[{"@type":"SearchAction","target":{"@type":"EntryPoint","urlTemplate":"https:\/\/www.eldiario.net\/portal\/?s={search_term_string}"},"query-input":{"@type":"PropertyValueSpecification","valueRequired":true,"valueName":"search_term_string"}}],"inLanguage":"es"},{"@type":"Organization","@id":"https:\/\/www.eldiario.net\/portal\/#organization","name":"El Diario - Decano de la prensa nacional","url":"https:\/\/www.eldiario.net\/portal\/","logo":{"@type":"ImageObject","inLanguage":"es","@id":"https:\/\/www.eldiario.net\/portal\/#\/schema\/logo\/image\/","url":"https:\/\/www.eldiario.net\/portal\/wp-content\/uploads\/2023\/07\/logo_ED.jpg","contentUrl":"https:\/\/www.eldiario.net\/portal\/wp-content\/uploads\/2023\/07\/logo_ED.jpg","width":272,"height":52,"caption":"El Diario - Decano de la prensa nacional"},"image":{"@id":"https:\/\/www.eldiario.net\/portal\/#\/schema\/logo\/image\/"},"sameAs":["https:\/\/www.facebook.com\/eldiario.bolivia\/","https:\/\/x.com\/eldiario_net"]},{"@type":"Person","@id":"https:\/\/www.eldiario.net\/portal\/#\/schema\/person\/f46445640444750d7d753ccd04ae01b7","name":"Jeanette","image":{"@type":"ImageObject","inLanguage":"es","@id":"https:\/\/secure.gravatar.com\/avatar\/3ea2118a5f7dad2b7138b1187a6b7ee55f160b9968b66013c3a3ef39dd7e5798?s=96&d=mm&r=g","url":"https:\/\/secure.gravatar.com\/avatar\/3ea2118a5f7dad2b7138b1187a6b7ee55f160b9968b66013c3a3ef39dd7e5798?s=96&d=mm&r=g","contentUrl":"https:\/\/secure.gravatar.com\/avatar\/3ea2118a5f7dad2b7138b1187a6b7ee55f160b9968b66013c3a3ef39dd7e5798?s=96&d=mm&r=g","caption":"Jeanette"},"sameAs":["https:\/\/www.eldiario.net\/portal"],"url":"https:\/\/www.eldiario.net\/portal\/author\/jeanette\/"}]}},"_links":{"self":[{"href":"https:\/\/www.eldiario.net\/portal\/wp-json\/wp\/v2\/posts\/21041","targetHints":{"allow":["GET"]}}],"collection":[{"href":"https:\/\/www.eldiario.net\/portal\/wp-json\/wp\/v2\/posts"}],"about":[{"href":"https:\/\/www.eldiario.net\/portal\/wp-json\/wp\/v2\/types\/post"}],"author":[{"embeddable":true,"href":"https:\/\/www.eldiario.net\/portal\/wp-json\/wp\/v2\/users\/1"}],"replies":[{"embeddable":true,"href":"https:\/\/www.eldiario.net\/portal\/wp-json\/wp\/v2\/comments?post=21041"}],"version-history":[{"count":0,"href":"https:\/\/www.eldiario.net\/portal\/wp-json\/wp\/v2\/posts\/21041\/revisions"}],"wp:attachment":[{"href":"https:\/\/www.eldiario.net\/portal\/wp-json\/wp\/v2\/media?parent=21041"}],"wp:term":[{"taxonomy":"category","embeddable":true,"href":"https:\/\/www.eldiario.net\/portal\/wp-json\/wp\/v2\/categories?post=21041"},{"taxonomy":"post_tag","embeddable":true,"href":"https:\/\/www.eldiario.net\/portal\/wp-json\/wp\/v2\/tags?post=21041"}],"curies":[{"name":"wp","href":"https:\/\/api.w.org\/{rel}","templated":true}]}}