{"id":21034,"date":"2021-08-03T07:29:32","date_gmt":"2021-08-03T11:29:32","guid":{"rendered":"https:\/\/www.eldiario.net\/portal\/?p=21034"},"modified":"2021-08-03T07:29:32","modified_gmt":"2021-08-03T11:29:32","slug":"bolivar-busca-someter-a-palmaflor-y-aduenarse-del-segundo-puesto","status":"publish","type":"post","link":"https:\/\/www.eldiario.net\/portal\/2021\/08\/03\/bolivar-busca-someter-a-palmaflor-y-aduenarse-del-segundo-puesto\/","title":{"rendered":"Bol\u00edvar busca someter a Palmaflor y adue\u00f1arse del segundo puesto"},"content":{"rendered":"<p>El equipo de Bol\u00edvar tendr\u00e1 un duro reto hoy cuando se mida ante Palmaflor desde las 15.00 en el estadio F\u00e9lix Capriles, de Cochabamba, por la jornada 13 del torneo de la Divisi\u00f3n Profesional. La Academia buscar\u00e1 adue\u00f1arse del segundo puesto que por ahora es ocupado por su rival de esta tarde.<\/p>\n<p>Celestes y vallunos disputar\u00e1n uno de los cotejos m\u00e1s atractivos de esta jornada. Palmaflor es segundo con 22 puntos y una casilla m\u00e1s abajo est\u00e1 Bol\u00edvar con un punto menos. El ganador de este duelo se adue\u00f1ar\u00e1 del segundo puesto\u00a0 de la tabla de posiciones para estar al acecho del l\u00edder The Strongest que tiene 28 unidades.<\/p>\n<p>La Academia viene de un reconfortante goleada ante Wilstermann por 4-0 que le ayud\u00f3 para levantar cabeza luego de los malos resultados que fue cosechando en el torneo. El director t\u00e9cnico Antonio Carlos Zago, que no viaj\u00f3 con la delegaci\u00f3n celeste ayer por temas de salud, pero que lo har\u00e1 en las pr\u00f3ximas horas, tiene a disposici\u00f3n equipo completo.<\/p>\n<p>La novedad m\u00e1s importante ser\u00e1 el retorno del volante Leonel Justiniano que no estuvo en el anterior choque debido a que se encontraba castigando por roja.\u00a0 Asimismo, el capit\u00e1n celeste, Erwin Saavedra, ya se encuentra totalmente recuperado de una dolencia que aquejaba en su pierna derecha.<\/p>\n<p>Por su lado, el local viene de sumar un punto ante Blooming (1-1) en Santa Cruz. El entrenador del equipo valluno, Thiago Leitao, no podr\u00e1 contar con el delantero colombiano Oswaldo Blanco por la tarjeta roja que recibi\u00f3 en la pasada fecha por una supuesta agresi\u00f3n contra un pasapelotas.<\/p>\n<p>Sin Blanco, el representante cochabambino recurrir\u00e1 a Luis Fernando Sald\u00edas para completar la ofensiva y acompa\u00f1ar al brasile\u00f1o Elicarlos Gomes. Los dem\u00e1s jugadores ser\u00e1n los mismos que igualaron contra los celestes cruce\u00f1os.<\/p>\n<p>Con este panorama este ser\u00e1 el probable onceno de Palmaflor: Jhohan Guti\u00e9rrez; Deymar C\u00e9spedes, Gustavo Olgu\u00edn, Joaqu\u00edn Lencinas, Jhon Mena, Pedro Azogue, Jaime Santos, Adalid Terrazas, Boris Condori, Luis Sald\u00edas y Elcarlos Gomes.<\/p>\n<p>En tanto, Bol\u00edvar alinear\u00eda con: Rub\u00e9n Cordano; Diego Bejarano, Jairo Quinteros, Alberto Guiti\u00e1n, Gabriel Villamil, Alex Granell, Leonel Justiniano, \u00c1lvaro Rey, Roberto Fern\u00e1ndez, Bruno Miranda y Leonardo Ramos.<\/p>\n<p>El \u00e1rbitro del cotejo ser\u00e1 Juan Nelio Garc\u00eda (Santa Cruz) quien ser\u00e1 colaborado por: Carlos Tapia y Juan Pablo Flores. (APG y El Diario) (Foto: Club Bol\u00edvar)<\/p>\n<p>&nbsp;<\/p>\n","protected":false},"excerpt":{"rendered":"<p>El equipo de Bol\u00edvar tendr\u00e1 un duro reto hoy cuando se mida ante Palmaflor desde las 15.00 en el estadio F\u00e9lix Capriles, de Cochabamba, por la jornada 13 del torneo de la Divisi\u00f3n Profesional. La Academia buscar\u00e1 adue\u00f1arse del segundo puesto que por ahora es ocupado por su rival de esta tarde. Celestes y vallunos [&hellip;]<\/p>\n","protected":false},"author":1,"featured_media":21036,"comment_status":"closed","ping_status":"closed","sticky":false,"template":"","format":"standard","meta":{"_acf_changed":false,"footnotes":""},"categories":[6],"tags":[],"class_list":["post-21034","post","type-post","status-publish","format-standard","has-post-thumbnail","category-deportes"],"acf":{"antetitulo":""},"yoast_head":"<!-- This site is optimized with the Yoast SEO plugin v28.4 - https:\/\/yoast.com\/product\/yoast-seo-wordpress\/ -->\n<title>Bol\u00edvar busca someter a Palmaflor y adue\u00f1arse del segundo puesto - El Diario - Bolivia<\/title>\n<meta name=\"robots\" content=\"index, follow, max-snippet:-1, max-image-preview:large, max-video-preview:-1\" \/>\n<link rel=\"canonical\" href=\"https:\/\/www.eldiario.net\/portal\/2021\/08\/03\/bolivar-busca-someter-a-palmaflor-y-aduenarse-del-segundo-puesto\/\" \/>\n<meta property=\"og:locale\" content=\"es_ES\" \/>\n<meta property=\"og:type\" content=\"article\" \/>\n<meta property=\"og:title\" content=\"Bol\u00edvar busca someter a Palmaflor y adue\u00f1arse del segundo puesto - El Diario - Bolivia\" \/>\n<meta property=\"og:description\" content=\"El equipo de Bol\u00edvar tendr\u00e1 un duro reto hoy cuando se mida ante Palmaflor desde las 15.00 en el estadio F\u00e9lix Capriles, de Cochabamba, por la jornada 13 del torneo de la Divisi\u00f3n Profesional. La Academia buscar\u00e1 adue\u00f1arse del segundo puesto que por ahora es ocupado por su rival de esta tarde. Celestes y vallunos [&hellip;]\" \/>\n<meta property=\"og:url\" content=\"https:\/\/www.eldiario.net\/portal\/2021\/08\/03\/bolivar-busca-someter-a-palmaflor-y-aduenarse-del-segundo-puesto\/\" \/>\n<meta property=\"og:site_name\" content=\"El Diario - Bolivia\" \/>\n<meta property=\"article:publisher\" content=\"https:\/\/www.facebook.com\/eldiario.bolivia\/\" \/>\n<meta property=\"article:published_time\" content=\"2021-08-03T11:29:32+00:00\" \/>\n<meta name=\"author\" content=\"Jeanette\" \/>\n<meta name=\"twitter:card\" content=\"summary_large_image\" \/>\n<meta name=\"twitter:creator\" content=\"@eldiario_net\" \/>\n<meta name=\"twitter:site\" content=\"@eldiario_net\" \/>\n<meta name=\"twitter:label1\" content=\"Escrito por\" \/>\n\t<meta name=\"twitter:data1\" content=\"Jeanette\" \/>\n\t<meta name=\"twitter:label2\" content=\"Tiempo de lectura\" \/>\n\t<meta name=\"twitter:data2\" content=\"2 minutos\" \/>\n<script type=\"application\/ld+json\" class=\"yoast-schema-graph\">{\"@context\":\"https:\\\/\\\/schema.org\",\"@graph\":[{\"@type\":\"Article\",\"@id\":\"https:\\\/\\\/www.eldiario.net\\\/portal\\\/2021\\\/08\\\/03\\\/bolivar-busca-someter-a-palmaflor-y-aduenarse-del-segundo-puesto\\\/#article\",\"isPartOf\":{\"@id\":\"https:\\\/\\\/www.eldiario.net\\\/portal\\\/2021\\\/08\\\/03\\\/bolivar-busca-someter-a-palmaflor-y-aduenarse-del-segundo-puesto\\\/\"},\"author\":{\"name\":\"Jeanette\",\"@id\":\"https:\\\/\\\/www.eldiario.net\\\/portal\\\/#\\\/schema\\\/person\\\/f46445640444750d7d753ccd04ae01b7\"},\"headline\":\"Bol\u00edvar busca someter a Palmaflor y adue\u00f1arse del segundo puesto\",\"datePublished\":\"2021-08-03T11:29:32+00:00\",\"mainEntityOfPage\":{\"@id\":\"https:\\\/\\\/www.eldiario.net\\\/portal\\\/2021\\\/08\\\/03\\\/bolivar-busca-someter-a-palmaflor-y-aduenarse-del-segundo-puesto\\\/\"},\"wordCount\":427,\"publisher\":{\"@id\":\"https:\\\/\\\/www.eldiario.net\\\/portal\\\/#organization\"},\"image\":{\"@id\":\"https:\\\/\\\/www.eldiario.net\\\/portal\\\/2021\\\/08\\\/03\\\/bolivar-busca-someter-a-palmaflor-y-aduenarse-del-segundo-puesto\\\/#primaryimage\"},\"thumbnailUrl\":\"\",\"articleSection\":[\"Deportes\"],\"inLanguage\":\"es\"},{\"@type\":\"WebPage\",\"@id\":\"https:\\\/\\\/www.eldiario.net\\\/portal\\\/2021\\\/08\\\/03\\\/bolivar-busca-someter-a-palmaflor-y-aduenarse-del-segundo-puesto\\\/\",\"url\":\"https:\\\/\\\/www.eldiario.net\\\/portal\\\/2021\\\/08\\\/03\\\/bolivar-busca-someter-a-palmaflor-y-aduenarse-del-segundo-puesto\\\/\",\"name\":\"Bol\u00edvar busca someter a Palmaflor y adue\u00f1arse del segundo puesto - El Diario - Bolivia\",\"isPartOf\":{\"@id\":\"https:\\\/\\\/www.eldiario.net\\\/portal\\\/#website\"},\"primaryImageOfPage\":{\"@id\":\"https:\\\/\\\/www.eldiario.net\\\/portal\\\/2021\\\/08\\\/03\\\/bolivar-busca-someter-a-palmaflor-y-aduenarse-del-segundo-puesto\\\/#primaryimage\"},\"image\":{\"@id\":\"https:\\\/\\\/www.eldiario.net\\\/portal\\\/2021\\\/08\\\/03\\\/bolivar-busca-someter-a-palmaflor-y-aduenarse-del-segundo-puesto\\\/#primaryimage\"},\"thumbnailUrl\":\"\",\"datePublished\":\"2021-08-03T11:29:32+00:00\",\"breadcrumb\":{\"@id\":\"https:\\\/\\\/www.eldiario.net\\\/portal\\\/2021\\\/08\\\/03\\\/bolivar-busca-someter-a-palmaflor-y-aduenarse-del-segundo-puesto\\\/#breadcrumb\"},\"inLanguage\":\"es\",\"potentialAction\":[{\"@type\":\"ReadAction\",\"target\":[\"https:\\\/\\\/www.eldiario.net\\\/portal\\\/2021\\\/08\\\/03\\\/bolivar-busca-someter-a-palmaflor-y-aduenarse-del-segundo-puesto\\\/\"]}]},{\"@type\":\"ImageObject\",\"inLanguage\":\"es\",\"@id\":\"https:\\\/\\\/www.eldiario.net\\\/portal\\\/2021\\\/08\\\/03\\\/bolivar-busca-someter-a-palmaflor-y-aduenarse-del-segundo-puesto\\\/#primaryimage\",\"url\":\"\",\"contentUrl\":\"\"},{\"@type\":\"BreadcrumbList\",\"@id\":\"https:\\\/\\\/www.eldiario.net\\\/portal\\\/2021\\\/08\\\/03\\\/bolivar-busca-someter-a-palmaflor-y-aduenarse-del-segundo-puesto\\\/#breadcrumb\",\"itemListElement\":[{\"@type\":\"ListItem\",\"position\":1,\"name\":\"Portada\",\"item\":\"https:\\\/\\\/www.eldiario.net\\\/portal\\\/\"},{\"@type\":\"ListItem\",\"position\":2,\"name\":\"Bol\u00edvar busca someter a Palmaflor y adue\u00f1arse del segundo puesto\"}]},{\"@type\":\"WebSite\",\"@id\":\"https:\\\/\\\/www.eldiario.net\\\/portal\\\/#website\",\"url\":\"https:\\\/\\\/www.eldiario.net\\\/portal\\\/\",\"name\":\"El Diario - Decano de la prensa nacional\",\"description\":\"El Diario - Decano de la prensa nacional\",\"publisher\":{\"@id\":\"https:\\\/\\\/www.eldiario.net\\\/portal\\\/#organization\"},\"potentialAction\":[{\"@type\":\"SearchAction\",\"target\":{\"@type\":\"EntryPoint\",\"urlTemplate\":\"https:\\\/\\\/www.eldiario.net\\\/portal\\\/?s={search_term_string}\"},\"query-input\":{\"@type\":\"PropertyValueSpecification\",\"valueRequired\":true,\"valueName\":\"search_term_string\"}}],\"inLanguage\":\"es\"},{\"@type\":\"Organization\",\"@id\":\"https:\\\/\\\/www.eldiario.net\\\/portal\\\/#organization\",\"name\":\"El Diario - Decano de la prensa nacional\",\"url\":\"https:\\\/\\\/www.eldiario.net\\\/portal\\\/\",\"logo\":{\"@type\":\"ImageObject\",\"inLanguage\":\"es\",\"@id\":\"https:\\\/\\\/www.eldiario.net\\\/portal\\\/#\\\/schema\\\/logo\\\/image\\\/\",\"url\":\"https:\\\/\\\/www.eldiario.net\\\/portal\\\/wp-content\\\/uploads\\\/2023\\\/07\\\/logo_ED.jpg\",\"contentUrl\":\"https:\\\/\\\/www.eldiario.net\\\/portal\\\/wp-content\\\/uploads\\\/2023\\\/07\\\/logo_ED.jpg\",\"width\":272,\"height\":52,\"caption\":\"El Diario - Decano de la prensa nacional\"},\"image\":{\"@id\":\"https:\\\/\\\/www.eldiario.net\\\/portal\\\/#\\\/schema\\\/logo\\\/image\\\/\"},\"sameAs\":[\"https:\\\/\\\/www.facebook.com\\\/eldiario.bolivia\\\/\",\"https:\\\/\\\/x.com\\\/eldiario_net\"]},{\"@type\":\"Person\",\"@id\":\"https:\\\/\\\/www.eldiario.net\\\/portal\\\/#\\\/schema\\\/person\\\/f46445640444750d7d753ccd04ae01b7\",\"name\":\"Jeanette\",\"image\":{\"@type\":\"ImageObject\",\"inLanguage\":\"es\",\"@id\":\"https:\\\/\\\/secure.gravatar.com\\\/avatar\\\/3ea2118a5f7dad2b7138b1187a6b7ee55f160b9968b66013c3a3ef39dd7e5798?s=96&d=mm&r=g\",\"url\":\"https:\\\/\\\/secure.gravatar.com\\\/avatar\\\/3ea2118a5f7dad2b7138b1187a6b7ee55f160b9968b66013c3a3ef39dd7e5798?s=96&d=mm&r=g\",\"contentUrl\":\"https:\\\/\\\/secure.gravatar.com\\\/avatar\\\/3ea2118a5f7dad2b7138b1187a6b7ee55f160b9968b66013c3a3ef39dd7e5798?s=96&d=mm&r=g\",\"caption\":\"Jeanette\"},\"sameAs\":[\"https:\\\/\\\/www.eldiario.net\\\/portal\"],\"url\":\"https:\\\/\\\/www.eldiario.net\\\/portal\\\/author\\\/jeanette\\\/\"}]}<\/script>\n<!-- \/ Yoast SEO plugin. -->","yoast_head_json":{"title":"Bol\u00edvar busca someter a Palmaflor y adue\u00f1arse del segundo puesto - El Diario - Bolivia","robots":{"index":"index","follow":"follow","max-snippet":"max-snippet:-1","max-image-preview":"max-image-preview:large","max-video-preview":"max-video-preview:-1"},"canonical":"https:\/\/www.eldiario.net\/portal\/2021\/08\/03\/bolivar-busca-someter-a-palmaflor-y-aduenarse-del-segundo-puesto\/","og_locale":"es_ES","og_type":"article","og_title":"Bol\u00edvar busca someter a Palmaflor y adue\u00f1arse del segundo puesto - El Diario - Bolivia","og_description":"El equipo de Bol\u00edvar tendr\u00e1 un duro reto hoy cuando se mida ante Palmaflor desde las 15.00 en el estadio F\u00e9lix Capriles, de Cochabamba, por la jornada 13 del torneo de la Divisi\u00f3n Profesional. La Academia buscar\u00e1 adue\u00f1arse del segundo puesto que por ahora es ocupado por su rival de esta tarde. Celestes y vallunos [&hellip;]","og_url":"https:\/\/www.eldiario.net\/portal\/2021\/08\/03\/bolivar-busca-someter-a-palmaflor-y-aduenarse-del-segundo-puesto\/","og_site_name":"El Diario - Bolivia","article_publisher":"https:\/\/www.facebook.com\/eldiario.bolivia\/","article_published_time":"2021-08-03T11:29:32+00:00","author":"Jeanette","twitter_card":"summary_large_image","twitter_creator":"@eldiario_net","twitter_site":"@eldiario_net","twitter_misc":{"Escrito por":"Jeanette","Tiempo de lectura":"2 minutos"},"schema":{"@context":"https:\/\/schema.org","@graph":[{"@type":"Article","@id":"https:\/\/www.eldiario.net\/portal\/2021\/08\/03\/bolivar-busca-someter-a-palmaflor-y-aduenarse-del-segundo-puesto\/#article","isPartOf":{"@id":"https:\/\/www.eldiario.net\/portal\/2021\/08\/03\/bolivar-busca-someter-a-palmaflor-y-aduenarse-del-segundo-puesto\/"},"author":{"name":"Jeanette","@id":"https:\/\/www.eldiario.net\/portal\/#\/schema\/person\/f46445640444750d7d753ccd04ae01b7"},"headline":"Bol\u00edvar busca someter a Palmaflor y adue\u00f1arse del segundo puesto","datePublished":"2021-08-03T11:29:32+00:00","mainEntityOfPage":{"@id":"https:\/\/www.eldiario.net\/portal\/2021\/08\/03\/bolivar-busca-someter-a-palmaflor-y-aduenarse-del-segundo-puesto\/"},"wordCount":427,"publisher":{"@id":"https:\/\/www.eldiario.net\/portal\/#organization"},"image":{"@id":"https:\/\/www.eldiario.net\/portal\/2021\/08\/03\/bolivar-busca-someter-a-palmaflor-y-aduenarse-del-segundo-puesto\/#primaryimage"},"thumbnailUrl":"","articleSection":["Deportes"],"inLanguage":"es"},{"@type":"WebPage","@id":"https:\/\/www.eldiario.net\/portal\/2021\/08\/03\/bolivar-busca-someter-a-palmaflor-y-aduenarse-del-segundo-puesto\/","url":"https:\/\/www.eldiario.net\/portal\/2021\/08\/03\/bolivar-busca-someter-a-palmaflor-y-aduenarse-del-segundo-puesto\/","name":"Bol\u00edvar busca someter a Palmaflor y adue\u00f1arse del segundo puesto - El Diario - Bolivia","isPartOf":{"@id":"https:\/\/www.eldiario.net\/portal\/#website"},"primaryImageOfPage":{"@id":"https:\/\/www.eldiario.net\/portal\/2021\/08\/03\/bolivar-busca-someter-a-palmaflor-y-aduenarse-del-segundo-puesto\/#primaryimage"},"image":{"@id":"https:\/\/www.eldiario.net\/portal\/2021\/08\/03\/bolivar-busca-someter-a-palmaflor-y-aduenarse-del-segundo-puesto\/#primaryimage"},"thumbnailUrl":"","datePublished":"2021-08-03T11:29:32+00:00","breadcrumb":{"@id":"https:\/\/www.eldiario.net\/portal\/2021\/08\/03\/bolivar-busca-someter-a-palmaflor-y-aduenarse-del-segundo-puesto\/#breadcrumb"},"inLanguage":"es","potentialAction":[{"@type":"ReadAction","target":["https:\/\/www.eldiario.net\/portal\/2021\/08\/03\/bolivar-busca-someter-a-palmaflor-y-aduenarse-del-segundo-puesto\/"]}]},{"@type":"ImageObject","inLanguage":"es","@id":"https:\/\/www.eldiario.net\/portal\/2021\/08\/03\/bolivar-busca-someter-a-palmaflor-y-aduenarse-del-segundo-puesto\/#primaryimage","url":"","contentUrl":""},{"@type":"BreadcrumbList","@id":"https:\/\/www.eldiario.net\/portal\/2021\/08\/03\/bolivar-busca-someter-a-palmaflor-y-aduenarse-del-segundo-puesto\/#breadcrumb","itemListElement":[{"@type":"ListItem","position":1,"name":"Portada","item":"https:\/\/www.eldiario.net\/portal\/"},{"@type":"ListItem","position":2,"name":"Bol\u00edvar busca someter a Palmaflor y adue\u00f1arse del segundo puesto"}]},{"@type":"WebSite","@id":"https:\/\/www.eldiario.net\/portal\/#website","url":"https:\/\/www.eldiario.net\/portal\/","name":"El Diario - Decano de la prensa nacional","description":"El Diario - Decano de la prensa nacional","publisher":{"@id":"https:\/\/www.eldiario.net\/portal\/#organization"},"potentialAction":[{"@type":"SearchAction","target":{"@type":"EntryPoint","urlTemplate":"https:\/\/www.eldiario.net\/portal\/?s={search_term_string}"},"query-input":{"@type":"PropertyValueSpecification","valueRequired":true,"valueName":"search_term_string"}}],"inLanguage":"es"},{"@type":"Organization","@id":"https:\/\/www.eldiario.net\/portal\/#organization","name":"El Diario - Decano de la prensa nacional","url":"https:\/\/www.eldiario.net\/portal\/","logo":{"@type":"ImageObject","inLanguage":"es","@id":"https:\/\/www.eldiario.net\/portal\/#\/schema\/logo\/image\/","url":"https:\/\/www.eldiario.net\/portal\/wp-content\/uploads\/2023\/07\/logo_ED.jpg","contentUrl":"https:\/\/www.eldiario.net\/portal\/wp-content\/uploads\/2023\/07\/logo_ED.jpg","width":272,"height":52,"caption":"El Diario - Decano de la prensa nacional"},"image":{"@id":"https:\/\/www.eldiario.net\/portal\/#\/schema\/logo\/image\/"},"sameAs":["https:\/\/www.facebook.com\/eldiario.bolivia\/","https:\/\/x.com\/eldiario_net"]},{"@type":"Person","@id":"https:\/\/www.eldiario.net\/portal\/#\/schema\/person\/f46445640444750d7d753ccd04ae01b7","name":"Jeanette","image":{"@type":"ImageObject","inLanguage":"es","@id":"https:\/\/secure.gravatar.com\/avatar\/3ea2118a5f7dad2b7138b1187a6b7ee55f160b9968b66013c3a3ef39dd7e5798?s=96&d=mm&r=g","url":"https:\/\/secure.gravatar.com\/avatar\/3ea2118a5f7dad2b7138b1187a6b7ee55f160b9968b66013c3a3ef39dd7e5798?s=96&d=mm&r=g","contentUrl":"https:\/\/secure.gravatar.com\/avatar\/3ea2118a5f7dad2b7138b1187a6b7ee55f160b9968b66013c3a3ef39dd7e5798?s=96&d=mm&r=g","caption":"Jeanette"},"sameAs":["https:\/\/www.eldiario.net\/portal"],"url":"https:\/\/www.eldiario.net\/portal\/author\/jeanette\/"}]}},"_links":{"self":[{"href":"https:\/\/www.eldiario.net\/portal\/wp-json\/wp\/v2\/posts\/21034","targetHints":{"allow":["GET"]}}],"collection":[{"href":"https:\/\/www.eldiario.net\/portal\/wp-json\/wp\/v2\/posts"}],"about":[{"href":"https:\/\/www.eldiario.net\/portal\/wp-json\/wp\/v2\/types\/post"}],"author":[{"embeddable":true,"href":"https:\/\/www.eldiario.net\/portal\/wp-json\/wp\/v2\/users\/1"}],"replies":[{"embeddable":true,"href":"https:\/\/www.eldiario.net\/portal\/wp-json\/wp\/v2\/comments?post=21034"}],"version-history":[{"count":0,"href":"https:\/\/www.eldiario.net\/portal\/wp-json\/wp\/v2\/posts\/21034\/revisions"}],"wp:attachment":[{"href":"https:\/\/www.eldiario.net\/portal\/wp-json\/wp\/v2\/media?parent=21034"}],"wp:term":[{"taxonomy":"category","embeddable":true,"href":"https:\/\/www.eldiario.net\/portal\/wp-json\/wp\/v2\/categories?post=21034"},{"taxonomy":"post_tag","embeddable":true,"href":"https:\/\/www.eldiario.net\/portal\/wp-json\/wp\/v2\/tags?post=21034"}],"curies":[{"name":"wp","href":"https:\/\/api.w.org\/{rel}","templated":true}]}}