{"id":21031,"date":"2021-08-03T07:28:38","date_gmt":"2021-08-03T11:28:38","guid":{"rendered":"https:\/\/www.eldiario.net\/portal\/?p=21031"},"modified":"2021-08-03T07:28:38","modified_gmt":"2021-08-03T11:28:38","slug":"el-matador-recibe-a-real-en-el-estreno-de-marco-sandy","status":"publish","type":"post","link":"https:\/\/www.eldiario.net\/portal\/2021\/08\/03\/el-matador-recibe-a-real-en-el-estreno-de-marco-sandy\/","title":{"rendered":"El \u201cMatador\u201d recibe a Real en el estreno de Marco Sandy"},"content":{"rendered":"<p>Transcurrieron 18 a\u00f1os del \u00faltimo duelo entre Independiente y Real Potos\u00ed, rivales que se volver\u00e1n a enfrentar este martes, a partir de las 20:30, en el estadio Patria, donde el entrenador Marco Antonio Sandy esperar\u00e1 a la delegaci\u00f3n en su partido de regreso al frente de la direcci\u00f3n t\u00e9cnica de los lilas.<\/p>\n<p>Independiente y Real Potos\u00ed tienen una historia de 28 cotejos en el escenario del profesionalismo con mayor faena en 1998 y 1999 cuando se produjeron los primeros choques. De ese total, El Matador tiene nueve triunfos, hubo nueve empates y diez fueron victorias a favor de los potosinos.<\/p>\n<p>En 2003, hubo cuatro encuentros, con un triunfo de los capitalinos (2-1), uno de los lilas (2-0) y dos empates (2-2 y 1-1). Un episodio diferente se vivir\u00e1 este martes, con Independiente reforzado y peleando por ingresar al grupo de los escoltas. Mientras, Real Potos\u00ed est\u00e1 como pen\u00faltimo con cinco puntos.<\/p>\n<p>El entrenador Marcelo Robledo tendr\u00e1 la ausencia del volante Joel Bejarano por expulsi\u00f3n, pero en contrapartida se anticipa la reaparici\u00f3n de Gustavo Cristaldo para conducir el mediocampo, un punto flaco que mostr\u00f3 en la visita a Real Santa Cruz (0-2).<\/p>\n<p>Real Potos\u00ed vive un momento de crisis deportiva; el viernes perdi\u00f3 contra Royal Pari (1-3) hundi\u00e9ndose en la pen\u00faltima posici\u00f3n con cinco puntos. Hay presi\u00f3n en el lado de los lilas por la ausencia de triunfos y esto origin\u00f3 en el alejamiento del entrenador Armando Ib\u00e1\u00f1ez.<\/p>\n<p>Este lunes, el dirigente \u00c1ngelo P\u00f3rcel anunci\u00f3 la contrataci\u00f3n del mundialista Sandy, quien dirigi\u00f3 a los realistas en 2014. Con mayor experiencia acumulada en la faceta de director t\u00e9cnico, Sandy asume este reto con la dif\u00edcil misi\u00f3n de sacar al plantel del fondo.<\/p>\n<p>El entrenador cochabambino se dirigir\u00e1 directo a Sucre, donde esperar\u00e1 a sus dirigidos y apenas tendr\u00e1 unas horas para la presentaci\u00f3n y compartir su criterio de f\u00fatbol. La base del once ser\u00e1 la misma que ha venido jugando, en los siguientes cotejos habr\u00e1 modificaciones.<\/p>\n<p>Sandy ser\u00e1 el cuarto t\u00e9cnico de los lilas en lo que va de este a\u00f1o. El espa\u00f1ol Alex Pallares form\u00f3 el equipo, pero antes del arranque del torneo se march\u00f3 a su pa\u00eds por problemas de salud. Su coterr\u00e1neo Carlos Fonseca dur\u00f3 siete fechas, lleg\u00f3 Ib\u00e1\u00f1ez sin acompa\u00f1amiento de resultados y el mayor peso cae en los hombros del mundialista.<\/p>\n<p>El \u00e1rbitro Luis Yrusta dirigir\u00e1 el cotejo con la colaboraci\u00f3n de Ariel Quino y Miguel Villanueva desde los costados.<\/p>\n<p>Equipos:<\/p>\n<p>Independiente: Elder Arauz; Denilson Valda, David D\u00edaz, Mart\u00edn Chiatti, Jenry Alaca, Yesit Mart\u00ednez, Alejandro Bejarano, Gustavo Cristaldo, Luis Al\u00ed, Erik Correa y Mart\u00edn Prost.<\/p>\n<p>DT: Marcelo Robledo.<\/p>\n<p>Real Potos\u00ed: Carlos L\u00f3pez; Miyhel Ortiz, Jordy Cand\u00eda, Ronald Eguino, Joel Fern\u00e1ndez, Rodrigo Borda, Aldo Gallardo, Jorge Lovera, L\u00e9iner Escalante, Francisco Pastor y Bismark Ubah.<\/p>\n<p>DT: Marco Sandy. (APG)<\/p>\n<p>&nbsp;<\/p>\n","protected":false},"excerpt":{"rendered":"<p>Transcurrieron 18 a\u00f1os del \u00faltimo duelo entre Independiente y Real Potos\u00ed, rivales que se volver\u00e1n a enfrentar este martes, a partir de las 20:30, en el estadio Patria, donde el entrenador Marco Antonio Sandy esperar\u00e1 a la delegaci\u00f3n en su partido de regreso al frente de la direcci\u00f3n t\u00e9cnica de los lilas. Independiente y Real [&hellip;]<\/p>\n","protected":false},"author":1,"featured_media":21032,"comment_status":"closed","ping_status":"closed","sticky":false,"template":"","format":"standard","meta":{"_acf_changed":false,"footnotes":""},"categories":[6],"tags":[],"class_list":["post-21031","post","type-post","status-publish","format-standard","has-post-thumbnail","category-deportes"],"acf":{"antetitulo":""},"yoast_head":"<!-- This site is optimized with the Yoast SEO plugin v28.4 - https:\/\/yoast.com\/product\/yoast-seo-wordpress\/ -->\n<title>El \u201cMatador\u201d recibe a Real en el estreno de Marco Sandy - El Diario - Bolivia<\/title>\n<meta name=\"robots\" content=\"index, follow, max-snippet:-1, max-image-preview:large, max-video-preview:-1\" \/>\n<link rel=\"canonical\" href=\"https:\/\/www.eldiario.net\/portal\/2021\/08\/03\/el-matador-recibe-a-real-en-el-estreno-de-marco-sandy\/\" \/>\n<meta property=\"og:locale\" content=\"es_ES\" \/>\n<meta property=\"og:type\" content=\"article\" \/>\n<meta property=\"og:title\" content=\"El \u201cMatador\u201d recibe a Real en el estreno de Marco Sandy - El Diario - Bolivia\" \/>\n<meta property=\"og:description\" content=\"Transcurrieron 18 a\u00f1os del \u00faltimo duelo entre Independiente y Real Potos\u00ed, rivales que se volver\u00e1n a enfrentar este martes, a partir de las 20:30, en el estadio Patria, donde el entrenador Marco Antonio Sandy esperar\u00e1 a la delegaci\u00f3n en su partido de regreso al frente de la direcci\u00f3n t\u00e9cnica de los lilas. Independiente y Real [&hellip;]\" \/>\n<meta property=\"og:url\" content=\"https:\/\/www.eldiario.net\/portal\/2021\/08\/03\/el-matador-recibe-a-real-en-el-estreno-de-marco-sandy\/\" \/>\n<meta property=\"og:site_name\" content=\"El Diario - Bolivia\" \/>\n<meta property=\"article:publisher\" content=\"https:\/\/www.facebook.com\/eldiario.bolivia\/\" \/>\n<meta property=\"article:published_time\" content=\"2021-08-03T11:28:38+00:00\" \/>\n<meta name=\"author\" content=\"Jeanette\" \/>\n<meta name=\"twitter:card\" content=\"summary_large_image\" \/>\n<meta name=\"twitter:creator\" content=\"@eldiario_net\" \/>\n<meta name=\"twitter:site\" content=\"@eldiario_net\" \/>\n<meta name=\"twitter:label1\" content=\"Escrito por\" \/>\n\t<meta name=\"twitter:data1\" content=\"Jeanette\" \/>\n\t<meta name=\"twitter:label2\" content=\"Tiempo de lectura\" \/>\n\t<meta name=\"twitter:data2\" content=\"3 minutos\" \/>\n<script type=\"application\/ld+json\" class=\"yoast-schema-graph\">{\"@context\":\"https:\\\/\\\/schema.org\",\"@graph\":[{\"@type\":\"Article\",\"@id\":\"https:\\\/\\\/www.eldiario.net\\\/portal\\\/2021\\\/08\\\/03\\\/el-matador-recibe-a-real-en-el-estreno-de-marco-sandy\\\/#article\",\"isPartOf\":{\"@id\":\"https:\\\/\\\/www.eldiario.net\\\/portal\\\/2021\\\/08\\\/03\\\/el-matador-recibe-a-real-en-el-estreno-de-marco-sandy\\\/\"},\"author\":{\"name\":\"Jeanette\",\"@id\":\"https:\\\/\\\/www.eldiario.net\\\/portal\\\/#\\\/schema\\\/person\\\/f46445640444750d7d753ccd04ae01b7\"},\"headline\":\"El \u201cMatador\u201d recibe a Real en el estreno de Marco Sandy\",\"datePublished\":\"2021-08-03T11:28:38+00:00\",\"mainEntityOfPage\":{\"@id\":\"https:\\\/\\\/www.eldiario.net\\\/portal\\\/2021\\\/08\\\/03\\\/el-matador-recibe-a-real-en-el-estreno-de-marco-sandy\\\/\"},\"wordCount\":501,\"publisher\":{\"@id\":\"https:\\\/\\\/www.eldiario.net\\\/portal\\\/#organization\"},\"image\":{\"@id\":\"https:\\\/\\\/www.eldiario.net\\\/portal\\\/2021\\\/08\\\/03\\\/el-matador-recibe-a-real-en-el-estreno-de-marco-sandy\\\/#primaryimage\"},\"thumbnailUrl\":\"\",\"articleSection\":[\"Deportes\"],\"inLanguage\":\"es\"},{\"@type\":\"WebPage\",\"@id\":\"https:\\\/\\\/www.eldiario.net\\\/portal\\\/2021\\\/08\\\/03\\\/el-matador-recibe-a-real-en-el-estreno-de-marco-sandy\\\/\",\"url\":\"https:\\\/\\\/www.eldiario.net\\\/portal\\\/2021\\\/08\\\/03\\\/el-matador-recibe-a-real-en-el-estreno-de-marco-sandy\\\/\",\"name\":\"El \u201cMatador\u201d recibe a Real en el estreno de Marco Sandy - El Diario - Bolivia\",\"isPartOf\":{\"@id\":\"https:\\\/\\\/www.eldiario.net\\\/portal\\\/#website\"},\"primaryImageOfPage\":{\"@id\":\"https:\\\/\\\/www.eldiario.net\\\/portal\\\/2021\\\/08\\\/03\\\/el-matador-recibe-a-real-en-el-estreno-de-marco-sandy\\\/#primaryimage\"},\"image\":{\"@id\":\"https:\\\/\\\/www.eldiario.net\\\/portal\\\/2021\\\/08\\\/03\\\/el-matador-recibe-a-real-en-el-estreno-de-marco-sandy\\\/#primaryimage\"},\"thumbnailUrl\":\"\",\"datePublished\":\"2021-08-03T11:28:38+00:00\",\"breadcrumb\":{\"@id\":\"https:\\\/\\\/www.eldiario.net\\\/portal\\\/2021\\\/08\\\/03\\\/el-matador-recibe-a-real-en-el-estreno-de-marco-sandy\\\/#breadcrumb\"},\"inLanguage\":\"es\",\"potentialAction\":[{\"@type\":\"ReadAction\",\"target\":[\"https:\\\/\\\/www.eldiario.net\\\/portal\\\/2021\\\/08\\\/03\\\/el-matador-recibe-a-real-en-el-estreno-de-marco-sandy\\\/\"]}]},{\"@type\":\"ImageObject\",\"inLanguage\":\"es\",\"@id\":\"https:\\\/\\\/www.eldiario.net\\\/portal\\\/2021\\\/08\\\/03\\\/el-matador-recibe-a-real-en-el-estreno-de-marco-sandy\\\/#primaryimage\",\"url\":\"\",\"contentUrl\":\"\"},{\"@type\":\"BreadcrumbList\",\"@id\":\"https:\\\/\\\/www.eldiario.net\\\/portal\\\/2021\\\/08\\\/03\\\/el-matador-recibe-a-real-en-el-estreno-de-marco-sandy\\\/#breadcrumb\",\"itemListElement\":[{\"@type\":\"ListItem\",\"position\":1,\"name\":\"Portada\",\"item\":\"https:\\\/\\\/www.eldiario.net\\\/portal\\\/\"},{\"@type\":\"ListItem\",\"position\":2,\"name\":\"El \u201cMatador\u201d recibe a Real en el estreno de Marco Sandy\"}]},{\"@type\":\"WebSite\",\"@id\":\"https:\\\/\\\/www.eldiario.net\\\/portal\\\/#website\",\"url\":\"https:\\\/\\\/www.eldiario.net\\\/portal\\\/\",\"name\":\"El Diario - Decano de la prensa nacional\",\"description\":\"El Diario - Decano de la prensa nacional\",\"publisher\":{\"@id\":\"https:\\\/\\\/www.eldiario.net\\\/portal\\\/#organization\"},\"potentialAction\":[{\"@type\":\"SearchAction\",\"target\":{\"@type\":\"EntryPoint\",\"urlTemplate\":\"https:\\\/\\\/www.eldiario.net\\\/portal\\\/?s={search_term_string}\"},\"query-input\":{\"@type\":\"PropertyValueSpecification\",\"valueRequired\":true,\"valueName\":\"search_term_string\"}}],\"inLanguage\":\"es\"},{\"@type\":\"Organization\",\"@id\":\"https:\\\/\\\/www.eldiario.net\\\/portal\\\/#organization\",\"name\":\"El Diario - Decano de la prensa nacional\",\"url\":\"https:\\\/\\\/www.eldiario.net\\\/portal\\\/\",\"logo\":{\"@type\":\"ImageObject\",\"inLanguage\":\"es\",\"@id\":\"https:\\\/\\\/www.eldiario.net\\\/portal\\\/#\\\/schema\\\/logo\\\/image\\\/\",\"url\":\"https:\\\/\\\/www.eldiario.net\\\/portal\\\/wp-content\\\/uploads\\\/2023\\\/07\\\/logo_ED.jpg\",\"contentUrl\":\"https:\\\/\\\/www.eldiario.net\\\/portal\\\/wp-content\\\/uploads\\\/2023\\\/07\\\/logo_ED.jpg\",\"width\":272,\"height\":52,\"caption\":\"El Diario - Decano de la prensa nacional\"},\"image\":{\"@id\":\"https:\\\/\\\/www.eldiario.net\\\/portal\\\/#\\\/schema\\\/logo\\\/image\\\/\"},\"sameAs\":[\"https:\\\/\\\/www.facebook.com\\\/eldiario.bolivia\\\/\",\"https:\\\/\\\/x.com\\\/eldiario_net\"]},{\"@type\":\"Person\",\"@id\":\"https:\\\/\\\/www.eldiario.net\\\/portal\\\/#\\\/schema\\\/person\\\/f46445640444750d7d753ccd04ae01b7\",\"name\":\"Jeanette\",\"image\":{\"@type\":\"ImageObject\",\"inLanguage\":\"es\",\"@id\":\"https:\\\/\\\/secure.gravatar.com\\\/avatar\\\/3ea2118a5f7dad2b7138b1187a6b7ee55f160b9968b66013c3a3ef39dd7e5798?s=96&d=mm&r=g\",\"url\":\"https:\\\/\\\/secure.gravatar.com\\\/avatar\\\/3ea2118a5f7dad2b7138b1187a6b7ee55f160b9968b66013c3a3ef39dd7e5798?s=96&d=mm&r=g\",\"contentUrl\":\"https:\\\/\\\/secure.gravatar.com\\\/avatar\\\/3ea2118a5f7dad2b7138b1187a6b7ee55f160b9968b66013c3a3ef39dd7e5798?s=96&d=mm&r=g\",\"caption\":\"Jeanette\"},\"sameAs\":[\"https:\\\/\\\/www.eldiario.net\\\/portal\"],\"url\":\"https:\\\/\\\/www.eldiario.net\\\/portal\\\/author\\\/jeanette\\\/\"}]}<\/script>\n<!-- \/ Yoast SEO plugin. -->","yoast_head_json":{"title":"El \u201cMatador\u201d recibe a Real en el estreno de Marco Sandy - El Diario - Bolivia","robots":{"index":"index","follow":"follow","max-snippet":"max-snippet:-1","max-image-preview":"max-image-preview:large","max-video-preview":"max-video-preview:-1"},"canonical":"https:\/\/www.eldiario.net\/portal\/2021\/08\/03\/el-matador-recibe-a-real-en-el-estreno-de-marco-sandy\/","og_locale":"es_ES","og_type":"article","og_title":"El \u201cMatador\u201d recibe a Real en el estreno de Marco Sandy - El Diario - Bolivia","og_description":"Transcurrieron 18 a\u00f1os del \u00faltimo duelo entre Independiente y Real Potos\u00ed, rivales que se volver\u00e1n a enfrentar este martes, a partir de las 20:30, en el estadio Patria, donde el entrenador Marco Antonio Sandy esperar\u00e1 a la delegaci\u00f3n en su partido de regreso al frente de la direcci\u00f3n t\u00e9cnica de los lilas. Independiente y Real [&hellip;]","og_url":"https:\/\/www.eldiario.net\/portal\/2021\/08\/03\/el-matador-recibe-a-real-en-el-estreno-de-marco-sandy\/","og_site_name":"El Diario - Bolivia","article_publisher":"https:\/\/www.facebook.com\/eldiario.bolivia\/","article_published_time":"2021-08-03T11:28:38+00:00","author":"Jeanette","twitter_card":"summary_large_image","twitter_creator":"@eldiario_net","twitter_site":"@eldiario_net","twitter_misc":{"Escrito por":"Jeanette","Tiempo de lectura":"3 minutos"},"schema":{"@context":"https:\/\/schema.org","@graph":[{"@type":"Article","@id":"https:\/\/www.eldiario.net\/portal\/2021\/08\/03\/el-matador-recibe-a-real-en-el-estreno-de-marco-sandy\/#article","isPartOf":{"@id":"https:\/\/www.eldiario.net\/portal\/2021\/08\/03\/el-matador-recibe-a-real-en-el-estreno-de-marco-sandy\/"},"author":{"name":"Jeanette","@id":"https:\/\/www.eldiario.net\/portal\/#\/schema\/person\/f46445640444750d7d753ccd04ae01b7"},"headline":"El \u201cMatador\u201d recibe a Real en el estreno de Marco Sandy","datePublished":"2021-08-03T11:28:38+00:00","mainEntityOfPage":{"@id":"https:\/\/www.eldiario.net\/portal\/2021\/08\/03\/el-matador-recibe-a-real-en-el-estreno-de-marco-sandy\/"},"wordCount":501,"publisher":{"@id":"https:\/\/www.eldiario.net\/portal\/#organization"},"image":{"@id":"https:\/\/www.eldiario.net\/portal\/2021\/08\/03\/el-matador-recibe-a-real-en-el-estreno-de-marco-sandy\/#primaryimage"},"thumbnailUrl":"","articleSection":["Deportes"],"inLanguage":"es"},{"@type":"WebPage","@id":"https:\/\/www.eldiario.net\/portal\/2021\/08\/03\/el-matador-recibe-a-real-en-el-estreno-de-marco-sandy\/","url":"https:\/\/www.eldiario.net\/portal\/2021\/08\/03\/el-matador-recibe-a-real-en-el-estreno-de-marco-sandy\/","name":"El \u201cMatador\u201d recibe a Real en el estreno de Marco Sandy - El Diario - Bolivia","isPartOf":{"@id":"https:\/\/www.eldiario.net\/portal\/#website"},"primaryImageOfPage":{"@id":"https:\/\/www.eldiario.net\/portal\/2021\/08\/03\/el-matador-recibe-a-real-en-el-estreno-de-marco-sandy\/#primaryimage"},"image":{"@id":"https:\/\/www.eldiario.net\/portal\/2021\/08\/03\/el-matador-recibe-a-real-en-el-estreno-de-marco-sandy\/#primaryimage"},"thumbnailUrl":"","datePublished":"2021-08-03T11:28:38+00:00","breadcrumb":{"@id":"https:\/\/www.eldiario.net\/portal\/2021\/08\/03\/el-matador-recibe-a-real-en-el-estreno-de-marco-sandy\/#breadcrumb"},"inLanguage":"es","potentialAction":[{"@type":"ReadAction","target":["https:\/\/www.eldiario.net\/portal\/2021\/08\/03\/el-matador-recibe-a-real-en-el-estreno-de-marco-sandy\/"]}]},{"@type":"ImageObject","inLanguage":"es","@id":"https:\/\/www.eldiario.net\/portal\/2021\/08\/03\/el-matador-recibe-a-real-en-el-estreno-de-marco-sandy\/#primaryimage","url":"","contentUrl":""},{"@type":"BreadcrumbList","@id":"https:\/\/www.eldiario.net\/portal\/2021\/08\/03\/el-matador-recibe-a-real-en-el-estreno-de-marco-sandy\/#breadcrumb","itemListElement":[{"@type":"ListItem","position":1,"name":"Portada","item":"https:\/\/www.eldiario.net\/portal\/"},{"@type":"ListItem","position":2,"name":"El \u201cMatador\u201d recibe a Real en el estreno de Marco Sandy"}]},{"@type":"WebSite","@id":"https:\/\/www.eldiario.net\/portal\/#website","url":"https:\/\/www.eldiario.net\/portal\/","name":"El Diario - Decano de la prensa nacional","description":"El Diario - Decano de la prensa nacional","publisher":{"@id":"https:\/\/www.eldiario.net\/portal\/#organization"},"potentialAction":[{"@type":"SearchAction","target":{"@type":"EntryPoint","urlTemplate":"https:\/\/www.eldiario.net\/portal\/?s={search_term_string}"},"query-input":{"@type":"PropertyValueSpecification","valueRequired":true,"valueName":"search_term_string"}}],"inLanguage":"es"},{"@type":"Organization","@id":"https:\/\/www.eldiario.net\/portal\/#organization","name":"El Diario - Decano de la prensa nacional","url":"https:\/\/www.eldiario.net\/portal\/","logo":{"@type":"ImageObject","inLanguage":"es","@id":"https:\/\/www.eldiario.net\/portal\/#\/schema\/logo\/image\/","url":"https:\/\/www.eldiario.net\/portal\/wp-content\/uploads\/2023\/07\/logo_ED.jpg","contentUrl":"https:\/\/www.eldiario.net\/portal\/wp-content\/uploads\/2023\/07\/logo_ED.jpg","width":272,"height":52,"caption":"El Diario - Decano de la prensa nacional"},"image":{"@id":"https:\/\/www.eldiario.net\/portal\/#\/schema\/logo\/image\/"},"sameAs":["https:\/\/www.facebook.com\/eldiario.bolivia\/","https:\/\/x.com\/eldiario_net"]},{"@type":"Person","@id":"https:\/\/www.eldiario.net\/portal\/#\/schema\/person\/f46445640444750d7d753ccd04ae01b7","name":"Jeanette","image":{"@type":"ImageObject","inLanguage":"es","@id":"https:\/\/secure.gravatar.com\/avatar\/3ea2118a5f7dad2b7138b1187a6b7ee55f160b9968b66013c3a3ef39dd7e5798?s=96&d=mm&r=g","url":"https:\/\/secure.gravatar.com\/avatar\/3ea2118a5f7dad2b7138b1187a6b7ee55f160b9968b66013c3a3ef39dd7e5798?s=96&d=mm&r=g","contentUrl":"https:\/\/secure.gravatar.com\/avatar\/3ea2118a5f7dad2b7138b1187a6b7ee55f160b9968b66013c3a3ef39dd7e5798?s=96&d=mm&r=g","caption":"Jeanette"},"sameAs":["https:\/\/www.eldiario.net\/portal"],"url":"https:\/\/www.eldiario.net\/portal\/author\/jeanette\/"}]}},"_links":{"self":[{"href":"https:\/\/www.eldiario.net\/portal\/wp-json\/wp\/v2\/posts\/21031","targetHints":{"allow":["GET"]}}],"collection":[{"href":"https:\/\/www.eldiario.net\/portal\/wp-json\/wp\/v2\/posts"}],"about":[{"href":"https:\/\/www.eldiario.net\/portal\/wp-json\/wp\/v2\/types\/post"}],"author":[{"embeddable":true,"href":"https:\/\/www.eldiario.net\/portal\/wp-json\/wp\/v2\/users\/1"}],"replies":[{"embeddable":true,"href":"https:\/\/www.eldiario.net\/portal\/wp-json\/wp\/v2\/comments?post=21031"}],"version-history":[{"count":0,"href":"https:\/\/www.eldiario.net\/portal\/wp-json\/wp\/v2\/posts\/21031\/revisions"}],"wp:attachment":[{"href":"https:\/\/www.eldiario.net\/portal\/wp-json\/wp\/v2\/media?parent=21031"}],"wp:term":[{"taxonomy":"category","embeddable":true,"href":"https:\/\/www.eldiario.net\/portal\/wp-json\/wp\/v2\/categories?post=21031"},{"taxonomy":"post_tag","embeddable":true,"href":"https:\/\/www.eldiario.net\/portal\/wp-json\/wp\/v2\/tags?post=21031"}],"curies":[{"name":"wp","href":"https:\/\/api.w.org\/{rel}","templated":true}]}}