{"id":21028,"date":"2021-08-03T07:27:47","date_gmt":"2021-08-03T11:27:47","guid":{"rendered":"https:\/\/www.eldiario.net\/portal\/?p=21028"},"modified":"2021-08-03T07:27:47","modified_gmt":"2021-08-03T11:27:47","slug":"el-santo-sigue-vivo-los-socios-dieron-su-respaldo","status":"publish","type":"post","link":"https:\/\/www.eldiario.net\/portal\/2021\/08\/03\/el-santo-sigue-vivo-los-socios-dieron-su-respaldo\/","title":{"rendered":"El \u201cSanto\u201d sigue vivo, los socios dieron su respaldo"},"content":{"rendered":"<p>La asamblea de socios del club San Jos\u00e9 decidi\u00f3 que el plantel contin\u00fae con su participaci\u00f3n en el torneo de la Divisi\u00f3n Profesional, dejando a un lado la opci\u00f3n de declararse en iliquidez y en la misma reuni\u00f3n los asistentes le dieron el respaldo a los miembros del Tribunal de Honor para conducir a la instituci\u00f3n ante la ausencia de un directorio.<\/p>\n<p>Con la participaci\u00f3n de 200 personas en el auditorio de Obras P\u00fablicas, este lunes por la noche se llev\u00f3 adelante la asamblea abierta a socios e hinchas que tomaron la decisi\u00f3n a trav\u00e9s del voto en un momento cr\u00edtico para la instituci\u00f3n a nivel econ\u00f3mico y futbol\u00edstico.<\/p>\n<p>La asamblea resolvi\u00f3 que San Jos\u00e9 contin\u00fae \u00abcon la vida institucional y continuar en el campeonato hasta la conclusi\u00f3n del mismo\u00bb, indica la determinaci\u00f3n que ley\u00f3 el presidente del Tribunal, Ernesto Aranibar, al finalizar la asamblea.<\/p>\n<p>A partir de esta decisi\u00f3n, se asumieron los caminos y los proyectos inmediatos para empujar adelante a la instituci\u00f3n. Aran\u00edbar ratific\u00f3 la campa\u00f1a de los abonos dese este martes con masificaci\u00f3n en la ciudad, en el interior y exterior del pa\u00eds con cargo de fiscalizaci\u00f3n de la asamblea.<\/p>\n<p>Se abrir\u00e1 una cuenta para los dep\u00f3sitos por los abonos, de la misma manera, servir\u00e1 para los aportes, con la suma de 70 bolivianos mensuales, para que las personas puedan hacerse socios. Este movimiento bancario tendr\u00e1 un doble control.<\/p>\n<p>\u00abCon la potestad que tenemos -declar\u00f3 Aran\u00edbar- con la ratificaci\u00f3n que hicieron al Tribunal haremos tareas r\u00e1pidas. Sabemos que la tarea es dif\u00edcil y los resultados no ser\u00e1n inmediatos, pero existe fortaleza y mayor protecci\u00f3n jur\u00eddica para ejercer ese derecho que nos da la asamblea y dando las atribuciones y tareas que corresponde\u00bb.<\/p>\n<p>Con el aporte de los socios e instituciones orure\u00f1as, se recaudar\u00e1 el dinero para que el primer plantel y el elenco de reserva pueda viajar este martes hacia Santa Cruz, donde el mi\u00e9rcoles debe enfrentar a Oriente Petrolero. La alimentaci\u00f3n y la estad\u00eda de la delegaci\u00f3n est\u00e1 cubierta gracias a la cooperaci\u00f3n de una empresa.<\/p>\n<p>El Tribunal, por otro lado, enviar\u00e1 cartas a las autoridades municipales y departamentales para la elaboraci\u00f3n de proyectos a favor de San Jos\u00e9 como reducir el costo del alquiler del estadio Jes\u00fas Berm\u00fadez.<\/p>\n<p>De la misma manera, se enviar\u00e1 notas de reclamo a la Federaci\u00f3n Boliviana de F\u00fatbol (FBF) para pedir informaci\u00f3n sobre los fallos del Tribunal Superior de Apelaci\u00f3n (TSA) por la resta de los 12 puntos. Se formar\u00e1 un equipo jur\u00eddico para la defensa en las demandas.<\/p>\n<p>LOTE<\/p>\n<p>El socio Nelson Ram\u00edrez hizo la donaci\u00f3n de un lote de 300 metros cuadrados, valuado en 15 mil a 18 mil d\u00f3lares. Este terreno est\u00e1 ubicado en la urbanizaci\u00f3n CIO, en la zona este de Oruro, frente a las canchas del club San Jos\u00e9. (APG)<\/p>\n","protected":false},"excerpt":{"rendered":"<p>La asamblea de socios del club San Jos\u00e9 decidi\u00f3 que el plantel contin\u00fae con su participaci\u00f3n en el torneo de la Divisi\u00f3n Profesional, dejando a un lado la opci\u00f3n de declararse en iliquidez y en la misma reuni\u00f3n los asistentes le dieron el respaldo a los miembros del Tribunal de Honor para conducir a la [&hellip;]<\/p>\n","protected":false},"author":1,"featured_media":21029,"comment_status":"closed","ping_status":"closed","sticky":false,"template":"","format":"standard","meta":{"_acf_changed":false,"footnotes":""},"categories":[6],"tags":[],"class_list":["post-21028","post","type-post","status-publish","format-standard","has-post-thumbnail","category-deportes"],"acf":{"antetitulo":""},"yoast_head":"<!-- This site is optimized with the Yoast SEO plugin v28.4 - https:\/\/yoast.com\/product\/yoast-seo-wordpress\/ -->\n<title>El \u201cSanto\u201d sigue vivo, los socios dieron su respaldo - El Diario - Bolivia<\/title>\n<meta name=\"robots\" content=\"index, follow, max-snippet:-1, max-image-preview:large, max-video-preview:-1\" \/>\n<link rel=\"canonical\" href=\"https:\/\/www.eldiario.net\/portal\/2021\/08\/03\/el-santo-sigue-vivo-los-socios-dieron-su-respaldo\/\" \/>\n<meta property=\"og:locale\" content=\"es_ES\" \/>\n<meta property=\"og:type\" content=\"article\" \/>\n<meta property=\"og:title\" content=\"El \u201cSanto\u201d sigue vivo, los socios dieron su respaldo - El Diario - Bolivia\" \/>\n<meta property=\"og:description\" content=\"La asamblea de socios del club San Jos\u00e9 decidi\u00f3 que el plantel contin\u00fae con su participaci\u00f3n en el torneo de la Divisi\u00f3n Profesional, dejando a un lado la opci\u00f3n de declararse en iliquidez y en la misma reuni\u00f3n los asistentes le dieron el respaldo a los miembros del Tribunal de Honor para conducir a la [&hellip;]\" \/>\n<meta property=\"og:url\" content=\"https:\/\/www.eldiario.net\/portal\/2021\/08\/03\/el-santo-sigue-vivo-los-socios-dieron-su-respaldo\/\" \/>\n<meta property=\"og:site_name\" content=\"El Diario - Bolivia\" \/>\n<meta property=\"article:publisher\" content=\"https:\/\/www.facebook.com\/eldiario.bolivia\/\" \/>\n<meta property=\"article:published_time\" content=\"2021-08-03T11:27:47+00:00\" \/>\n<meta property=\"og:image\" content=\"https:\/\/www.eldiario.net\/portal\/wp-content\/uploads\/2021\/08\/DEPO-El-Santo-sigue-vivo-los-socios.jpg\" \/>\n\t<meta property=\"og:image:width\" content=\"1\" \/>\n\t<meta property=\"og:image:height\" content=\"1\" \/>\n\t<meta property=\"og:image:type\" content=\"image\/jpeg\" \/>\n<meta name=\"author\" content=\"Jeanette\" \/>\n<meta name=\"twitter:card\" content=\"summary_large_image\" \/>\n<meta name=\"twitter:creator\" content=\"@eldiario_net\" \/>\n<meta name=\"twitter:site\" content=\"@eldiario_net\" \/>\n<meta name=\"twitter:label1\" content=\"Escrito por\" \/>\n\t<meta name=\"twitter:data1\" content=\"Jeanette\" \/>\n\t<meta name=\"twitter:label2\" content=\"Tiempo de lectura\" \/>\n\t<meta name=\"twitter:data2\" content=\"3 minutos\" \/>\n<script type=\"application\/ld+json\" class=\"yoast-schema-graph\">{\"@context\":\"https:\\\/\\\/schema.org\",\"@graph\":[{\"@type\":\"Article\",\"@id\":\"https:\\\/\\\/www.eldiario.net\\\/portal\\\/2021\\\/08\\\/03\\\/el-santo-sigue-vivo-los-socios-dieron-su-respaldo\\\/#article\",\"isPartOf\":{\"@id\":\"https:\\\/\\\/www.eldiario.net\\\/portal\\\/2021\\\/08\\\/03\\\/el-santo-sigue-vivo-los-socios-dieron-su-respaldo\\\/\"},\"author\":{\"name\":\"Jeanette\",\"@id\":\"https:\\\/\\\/www.eldiario.net\\\/portal\\\/#\\\/schema\\\/person\\\/f46445640444750d7d753ccd04ae01b7\"},\"headline\":\"El \u201cSanto\u201d sigue vivo, los socios dieron su respaldo\",\"datePublished\":\"2021-08-03T11:27:47+00:00\",\"mainEntityOfPage\":{\"@id\":\"https:\\\/\\\/www.eldiario.net\\\/portal\\\/2021\\\/08\\\/03\\\/el-santo-sigue-vivo-los-socios-dieron-su-respaldo\\\/\"},\"wordCount\":518,\"publisher\":{\"@id\":\"https:\\\/\\\/www.eldiario.net\\\/portal\\\/#organization\"},\"image\":{\"@id\":\"https:\\\/\\\/www.eldiario.net\\\/portal\\\/2021\\\/08\\\/03\\\/el-santo-sigue-vivo-los-socios-dieron-su-respaldo\\\/#primaryimage\"},\"thumbnailUrl\":\"https:\\\/\\\/www.eldiario.net\\\/portal\\\/wp-content\\\/uploads\\\/2021\\\/08\\\/DEPO-El-Santo-sigue-vivo-los-socios.jpg\",\"articleSection\":[\"Deportes\"],\"inLanguage\":\"es\"},{\"@type\":\"WebPage\",\"@id\":\"https:\\\/\\\/www.eldiario.net\\\/portal\\\/2021\\\/08\\\/03\\\/el-santo-sigue-vivo-los-socios-dieron-su-respaldo\\\/\",\"url\":\"https:\\\/\\\/www.eldiario.net\\\/portal\\\/2021\\\/08\\\/03\\\/el-santo-sigue-vivo-los-socios-dieron-su-respaldo\\\/\",\"name\":\"El \u201cSanto\u201d sigue vivo, los socios dieron su respaldo - El Diario - Bolivia\",\"isPartOf\":{\"@id\":\"https:\\\/\\\/www.eldiario.net\\\/portal\\\/#website\"},\"primaryImageOfPage\":{\"@id\":\"https:\\\/\\\/www.eldiario.net\\\/portal\\\/2021\\\/08\\\/03\\\/el-santo-sigue-vivo-los-socios-dieron-su-respaldo\\\/#primaryimage\"},\"image\":{\"@id\":\"https:\\\/\\\/www.eldiario.net\\\/portal\\\/2021\\\/08\\\/03\\\/el-santo-sigue-vivo-los-socios-dieron-su-respaldo\\\/#primaryimage\"},\"thumbnailUrl\":\"https:\\\/\\\/www.eldiario.net\\\/portal\\\/wp-content\\\/uploads\\\/2021\\\/08\\\/DEPO-El-Santo-sigue-vivo-los-socios.jpg\",\"datePublished\":\"2021-08-03T11:27:47+00:00\",\"breadcrumb\":{\"@id\":\"https:\\\/\\\/www.eldiario.net\\\/portal\\\/2021\\\/08\\\/03\\\/el-santo-sigue-vivo-los-socios-dieron-su-respaldo\\\/#breadcrumb\"},\"inLanguage\":\"es\",\"potentialAction\":[{\"@type\":\"ReadAction\",\"target\":[\"https:\\\/\\\/www.eldiario.net\\\/portal\\\/2021\\\/08\\\/03\\\/el-santo-sigue-vivo-los-socios-dieron-su-respaldo\\\/\"]}]},{\"@type\":\"ImageObject\",\"inLanguage\":\"es\",\"@id\":\"https:\\\/\\\/www.eldiario.net\\\/portal\\\/2021\\\/08\\\/03\\\/el-santo-sigue-vivo-los-socios-dieron-su-respaldo\\\/#primaryimage\",\"url\":\"https:\\\/\\\/www.eldiario.net\\\/portal\\\/wp-content\\\/uploads\\\/2021\\\/08\\\/DEPO-El-Santo-sigue-vivo-los-socios.jpg\",\"contentUrl\":\"https:\\\/\\\/www.eldiario.net\\\/portal\\\/wp-content\\\/uploads\\\/2021\\\/08\\\/DEPO-El-Santo-sigue-vivo-los-socios.jpg\"},{\"@type\":\"BreadcrumbList\",\"@id\":\"https:\\\/\\\/www.eldiario.net\\\/portal\\\/2021\\\/08\\\/03\\\/el-santo-sigue-vivo-los-socios-dieron-su-respaldo\\\/#breadcrumb\",\"itemListElement\":[{\"@type\":\"ListItem\",\"position\":1,\"name\":\"Portada\",\"item\":\"https:\\\/\\\/www.eldiario.net\\\/portal\\\/\"},{\"@type\":\"ListItem\",\"position\":2,\"name\":\"El \u201cSanto\u201d sigue vivo, los socios dieron su respaldo\"}]},{\"@type\":\"WebSite\",\"@id\":\"https:\\\/\\\/www.eldiario.net\\\/portal\\\/#website\",\"url\":\"https:\\\/\\\/www.eldiario.net\\\/portal\\\/\",\"name\":\"El Diario - Decano de la prensa nacional\",\"description\":\"El Diario - Decano de la prensa nacional\",\"publisher\":{\"@id\":\"https:\\\/\\\/www.eldiario.net\\\/portal\\\/#organization\"},\"potentialAction\":[{\"@type\":\"SearchAction\",\"target\":{\"@type\":\"EntryPoint\",\"urlTemplate\":\"https:\\\/\\\/www.eldiario.net\\\/portal\\\/?s={search_term_string}\"},\"query-input\":{\"@type\":\"PropertyValueSpecification\",\"valueRequired\":true,\"valueName\":\"search_term_string\"}}],\"inLanguage\":\"es\"},{\"@type\":\"Organization\",\"@id\":\"https:\\\/\\\/www.eldiario.net\\\/portal\\\/#organization\",\"name\":\"El Diario - Decano de la prensa nacional\",\"url\":\"https:\\\/\\\/www.eldiario.net\\\/portal\\\/\",\"logo\":{\"@type\":\"ImageObject\",\"inLanguage\":\"es\",\"@id\":\"https:\\\/\\\/www.eldiario.net\\\/portal\\\/#\\\/schema\\\/logo\\\/image\\\/\",\"url\":\"https:\\\/\\\/www.eldiario.net\\\/portal\\\/wp-content\\\/uploads\\\/2023\\\/07\\\/logo_ED.jpg\",\"contentUrl\":\"https:\\\/\\\/www.eldiario.net\\\/portal\\\/wp-content\\\/uploads\\\/2023\\\/07\\\/logo_ED.jpg\",\"width\":272,\"height\":52,\"caption\":\"El Diario - Decano de la prensa nacional\"},\"image\":{\"@id\":\"https:\\\/\\\/www.eldiario.net\\\/portal\\\/#\\\/schema\\\/logo\\\/image\\\/\"},\"sameAs\":[\"https:\\\/\\\/www.facebook.com\\\/eldiario.bolivia\\\/\",\"https:\\\/\\\/x.com\\\/eldiario_net\"]},{\"@type\":\"Person\",\"@id\":\"https:\\\/\\\/www.eldiario.net\\\/portal\\\/#\\\/schema\\\/person\\\/f46445640444750d7d753ccd04ae01b7\",\"name\":\"Jeanette\",\"image\":{\"@type\":\"ImageObject\",\"inLanguage\":\"es\",\"@id\":\"https:\\\/\\\/secure.gravatar.com\\\/avatar\\\/3ea2118a5f7dad2b7138b1187a6b7ee55f160b9968b66013c3a3ef39dd7e5798?s=96&d=mm&r=g\",\"url\":\"https:\\\/\\\/secure.gravatar.com\\\/avatar\\\/3ea2118a5f7dad2b7138b1187a6b7ee55f160b9968b66013c3a3ef39dd7e5798?s=96&d=mm&r=g\",\"contentUrl\":\"https:\\\/\\\/secure.gravatar.com\\\/avatar\\\/3ea2118a5f7dad2b7138b1187a6b7ee55f160b9968b66013c3a3ef39dd7e5798?s=96&d=mm&r=g\",\"caption\":\"Jeanette\"},\"sameAs\":[\"https:\\\/\\\/www.eldiario.net\\\/portal\"],\"url\":\"https:\\\/\\\/www.eldiario.net\\\/portal\\\/author\\\/jeanette\\\/\"}]}<\/script>\n<!-- \/ Yoast SEO plugin. -->","yoast_head_json":{"title":"El \u201cSanto\u201d sigue vivo, los socios dieron su respaldo - El Diario - Bolivia","robots":{"index":"index","follow":"follow","max-snippet":"max-snippet:-1","max-image-preview":"max-image-preview:large","max-video-preview":"max-video-preview:-1"},"canonical":"https:\/\/www.eldiario.net\/portal\/2021\/08\/03\/el-santo-sigue-vivo-los-socios-dieron-su-respaldo\/","og_locale":"es_ES","og_type":"article","og_title":"El \u201cSanto\u201d sigue vivo, los socios dieron su respaldo - El Diario - Bolivia","og_description":"La asamblea de socios del club San Jos\u00e9 decidi\u00f3 que el plantel contin\u00fae con su participaci\u00f3n en el torneo de la Divisi\u00f3n Profesional, dejando a un lado la opci\u00f3n de declararse en iliquidez y en la misma reuni\u00f3n los asistentes le dieron el respaldo a los miembros del Tribunal de Honor para conducir a la [&hellip;]","og_url":"https:\/\/www.eldiario.net\/portal\/2021\/08\/03\/el-santo-sigue-vivo-los-socios-dieron-su-respaldo\/","og_site_name":"El Diario - Bolivia","article_publisher":"https:\/\/www.facebook.com\/eldiario.bolivia\/","article_published_time":"2021-08-03T11:27:47+00:00","og_image":[{"url":"https:\/\/www.eldiario.net\/portal\/wp-content\/uploads\/2021\/08\/DEPO-El-Santo-sigue-vivo-los-socios.jpg","width":1,"height":1,"type":"image\/jpeg"}],"author":"Jeanette","twitter_card":"summary_large_image","twitter_creator":"@eldiario_net","twitter_site":"@eldiario_net","twitter_misc":{"Escrito por":"Jeanette","Tiempo de lectura":"3 minutos"},"schema":{"@context":"https:\/\/schema.org","@graph":[{"@type":"Article","@id":"https:\/\/www.eldiario.net\/portal\/2021\/08\/03\/el-santo-sigue-vivo-los-socios-dieron-su-respaldo\/#article","isPartOf":{"@id":"https:\/\/www.eldiario.net\/portal\/2021\/08\/03\/el-santo-sigue-vivo-los-socios-dieron-su-respaldo\/"},"author":{"name":"Jeanette","@id":"https:\/\/www.eldiario.net\/portal\/#\/schema\/person\/f46445640444750d7d753ccd04ae01b7"},"headline":"El \u201cSanto\u201d sigue vivo, los socios dieron su respaldo","datePublished":"2021-08-03T11:27:47+00:00","mainEntityOfPage":{"@id":"https:\/\/www.eldiario.net\/portal\/2021\/08\/03\/el-santo-sigue-vivo-los-socios-dieron-su-respaldo\/"},"wordCount":518,"publisher":{"@id":"https:\/\/www.eldiario.net\/portal\/#organization"},"image":{"@id":"https:\/\/www.eldiario.net\/portal\/2021\/08\/03\/el-santo-sigue-vivo-los-socios-dieron-su-respaldo\/#primaryimage"},"thumbnailUrl":"https:\/\/www.eldiario.net\/portal\/wp-content\/uploads\/2021\/08\/DEPO-El-Santo-sigue-vivo-los-socios.jpg","articleSection":["Deportes"],"inLanguage":"es"},{"@type":"WebPage","@id":"https:\/\/www.eldiario.net\/portal\/2021\/08\/03\/el-santo-sigue-vivo-los-socios-dieron-su-respaldo\/","url":"https:\/\/www.eldiario.net\/portal\/2021\/08\/03\/el-santo-sigue-vivo-los-socios-dieron-su-respaldo\/","name":"El \u201cSanto\u201d sigue vivo, los socios dieron su respaldo - El Diario - Bolivia","isPartOf":{"@id":"https:\/\/www.eldiario.net\/portal\/#website"},"primaryImageOfPage":{"@id":"https:\/\/www.eldiario.net\/portal\/2021\/08\/03\/el-santo-sigue-vivo-los-socios-dieron-su-respaldo\/#primaryimage"},"image":{"@id":"https:\/\/www.eldiario.net\/portal\/2021\/08\/03\/el-santo-sigue-vivo-los-socios-dieron-su-respaldo\/#primaryimage"},"thumbnailUrl":"https:\/\/www.eldiario.net\/portal\/wp-content\/uploads\/2021\/08\/DEPO-El-Santo-sigue-vivo-los-socios.jpg","datePublished":"2021-08-03T11:27:47+00:00","breadcrumb":{"@id":"https:\/\/www.eldiario.net\/portal\/2021\/08\/03\/el-santo-sigue-vivo-los-socios-dieron-su-respaldo\/#breadcrumb"},"inLanguage":"es","potentialAction":[{"@type":"ReadAction","target":["https:\/\/www.eldiario.net\/portal\/2021\/08\/03\/el-santo-sigue-vivo-los-socios-dieron-su-respaldo\/"]}]},{"@type":"ImageObject","inLanguage":"es","@id":"https:\/\/www.eldiario.net\/portal\/2021\/08\/03\/el-santo-sigue-vivo-los-socios-dieron-su-respaldo\/#primaryimage","url":"https:\/\/www.eldiario.net\/portal\/wp-content\/uploads\/2021\/08\/DEPO-El-Santo-sigue-vivo-los-socios.jpg","contentUrl":"https:\/\/www.eldiario.net\/portal\/wp-content\/uploads\/2021\/08\/DEPO-El-Santo-sigue-vivo-los-socios.jpg"},{"@type":"BreadcrumbList","@id":"https:\/\/www.eldiario.net\/portal\/2021\/08\/03\/el-santo-sigue-vivo-los-socios-dieron-su-respaldo\/#breadcrumb","itemListElement":[{"@type":"ListItem","position":1,"name":"Portada","item":"https:\/\/www.eldiario.net\/portal\/"},{"@type":"ListItem","position":2,"name":"El \u201cSanto\u201d sigue vivo, los socios dieron su respaldo"}]},{"@type":"WebSite","@id":"https:\/\/www.eldiario.net\/portal\/#website","url":"https:\/\/www.eldiario.net\/portal\/","name":"El Diario - Decano de la prensa nacional","description":"El Diario - Decano de la prensa nacional","publisher":{"@id":"https:\/\/www.eldiario.net\/portal\/#organization"},"potentialAction":[{"@type":"SearchAction","target":{"@type":"EntryPoint","urlTemplate":"https:\/\/www.eldiario.net\/portal\/?s={search_term_string}"},"query-input":{"@type":"PropertyValueSpecification","valueRequired":true,"valueName":"search_term_string"}}],"inLanguage":"es"},{"@type":"Organization","@id":"https:\/\/www.eldiario.net\/portal\/#organization","name":"El Diario - Decano de la prensa nacional","url":"https:\/\/www.eldiario.net\/portal\/","logo":{"@type":"ImageObject","inLanguage":"es","@id":"https:\/\/www.eldiario.net\/portal\/#\/schema\/logo\/image\/","url":"https:\/\/www.eldiario.net\/portal\/wp-content\/uploads\/2023\/07\/logo_ED.jpg","contentUrl":"https:\/\/www.eldiario.net\/portal\/wp-content\/uploads\/2023\/07\/logo_ED.jpg","width":272,"height":52,"caption":"El Diario - Decano de la prensa nacional"},"image":{"@id":"https:\/\/www.eldiario.net\/portal\/#\/schema\/logo\/image\/"},"sameAs":["https:\/\/www.facebook.com\/eldiario.bolivia\/","https:\/\/x.com\/eldiario_net"]},{"@type":"Person","@id":"https:\/\/www.eldiario.net\/portal\/#\/schema\/person\/f46445640444750d7d753ccd04ae01b7","name":"Jeanette","image":{"@type":"ImageObject","inLanguage":"es","@id":"https:\/\/secure.gravatar.com\/avatar\/3ea2118a5f7dad2b7138b1187a6b7ee55f160b9968b66013c3a3ef39dd7e5798?s=96&d=mm&r=g","url":"https:\/\/secure.gravatar.com\/avatar\/3ea2118a5f7dad2b7138b1187a6b7ee55f160b9968b66013c3a3ef39dd7e5798?s=96&d=mm&r=g","contentUrl":"https:\/\/secure.gravatar.com\/avatar\/3ea2118a5f7dad2b7138b1187a6b7ee55f160b9968b66013c3a3ef39dd7e5798?s=96&d=mm&r=g","caption":"Jeanette"},"sameAs":["https:\/\/www.eldiario.net\/portal"],"url":"https:\/\/www.eldiario.net\/portal\/author\/jeanette\/"}]}},"_links":{"self":[{"href":"https:\/\/www.eldiario.net\/portal\/wp-json\/wp\/v2\/posts\/21028","targetHints":{"allow":["GET"]}}],"collection":[{"href":"https:\/\/www.eldiario.net\/portal\/wp-json\/wp\/v2\/posts"}],"about":[{"href":"https:\/\/www.eldiario.net\/portal\/wp-json\/wp\/v2\/types\/post"}],"author":[{"embeddable":true,"href":"https:\/\/www.eldiario.net\/portal\/wp-json\/wp\/v2\/users\/1"}],"replies":[{"embeddable":true,"href":"https:\/\/www.eldiario.net\/portal\/wp-json\/wp\/v2\/comments?post=21028"}],"version-history":[{"count":0,"href":"https:\/\/www.eldiario.net\/portal\/wp-json\/wp\/v2\/posts\/21028\/revisions"}],"wp:featuredmedia":[{"embeddable":true,"href":"https:\/\/www.eldiario.net\/portal\/wp-json\/wp\/v2\/media\/21029"}],"wp:attachment":[{"href":"https:\/\/www.eldiario.net\/portal\/wp-json\/wp\/v2\/media?parent=21028"}],"wp:term":[{"taxonomy":"category","embeddable":true,"href":"https:\/\/www.eldiario.net\/portal\/wp-json\/wp\/v2\/categories?post=21028"},{"taxonomy":"post_tag","embeddable":true,"href":"https:\/\/www.eldiario.net\/portal\/wp-json\/wp\/v2\/tags?post=21028"}],"curies":[{"name":"wp","href":"https:\/\/api.w.org\/{rel}","templated":true}]}}