{"id":21022,"date":"2021-08-03T07:25:55","date_gmt":"2021-08-03T11:25:55","guid":{"rendered":"https:\/\/www.eldiario.net\/portal\/?p=21022"},"modified":"2021-08-03T07:25:55","modified_gmt":"2021-08-03T11:25:55","slug":"nacional-busca-avanzar-ante-real-santa-cruz","status":"publish","type":"post","link":"https:\/\/www.eldiario.net\/portal\/2021\/08\/03\/nacional-busca-avanzar-ante-real-santa-cruz\/","title":{"rendered":"Nacional busca avanzar ante Real Santa Cruz"},"content":{"rendered":"<p>Con una racha de tres partidos sin perder, Nacional Potos\u00ed busca dar otro salto adelante este martes (18:15) aprovechando su condici\u00f3n de anfitri\u00f3n frente a Real Santa Cruz en uno de los compromisos que abrir\u00e1n la d\u00e9cima tercera fecha del torneo.<\/p>\n<p>Nacional Potos\u00ed est\u00e1 quinto con 21 puntos, con un gol de diferencia de +7, dentro de ese grupo de cuatro elencos que est\u00e1n igualados en puntaje. Con el impulso tomado desde las anteriores fechas, el cuadro de la banda roja quiere dar el siguiente paso hacia adelante para convertirse en una amenaza ante el puntero, The Strongest.<\/p>\n<p>El equipo venci\u00f3 a San Jos\u00e9 por 4-0 en Oruro en un compromiso accesible para el elenco del entrenador Flavio Robatto, sacando tajada del mal momento por el cual atraviesa la instituci\u00f3n orure\u00f1a.<\/p>\n<p>Dejando esas circunstancias de lado, el cuerpo t\u00e9cnico prepara un esquema ofensivo para recibir a los albos y dejarlos sin espacio. Robatto hizo un seguimiento a la presentaci\u00f3n del oponente sobre la marcha, tanto en condici\u00f3n de local como de visitante, y detect\u00f3 sus fortalezas y sus debilidades para preparar su juego.<\/p>\n<p>El triunfo de los leones blancos del pajonal sobre Independiente por 2-0 vigoriz\u00f3 al equipo del entrenador espa\u00f1ol David Perdiguero. Con esa energ\u00eda todav\u00eda en el ambiente, el once albo procurar\u00e1 romper los pron\u00f3sticos y sumar al menos un empate.<\/p>\n<p>Perdiguero tambi\u00e9n se sujeta al momento futbol\u00edstico de los dominicanos C\u00e9sar Garc\u00eda, Edarlyn Reyes y Dorny Romero, los dos primeros anotaron en el triunfo contra Independiente (2-0), para sorprender a Nacional Potos\u00ed. La velocidad y la fuerza son las cualidades que describen a estos extranjeros.<\/p>\n<p>Real Santa Cruz subi\u00f3 al puesto 12, con 14 puntos. La victoria del fin de semana le dio un respiro en su escape de la zona del descenso de categor\u00eda. En caso de que vuelva a caer en las derrotas, volver\u00e1 a estar bajo amenaza.<\/p>\n<p>El cuadro cruce\u00f1o tendr\u00e1 la ausencia de Carlos Ribera por expulsi\u00f3n, el volante ingres\u00f3 en el complemento no forma parte del once inicial por lo cual su baja no alterar\u00e1 de manera considerable los planes de Perdiguero.<\/p>\n<p>El \u00e1rbitro orure\u00f1o Javier Revollo controlar\u00e1 las acciones del cotejo y estar\u00e1 asistido desde los laterales por Galo Uchurinca y Jes\u00fas Ram\u00edrez.<\/p>\n<p>Equipos:<\/p>\n<p>Nacional Potos\u00ed: Jimmy Roca; Juan Pablo Rioja, Rodrigo Cabrera, Luis Torrico, Daniel Mancilla, Miguel Quiroga, Cristian \u00c1lvarez, Luis Pav\u00eda, Paolo Jim\u00e9nez, Sa\u00fal Pinedo y Sebasti\u00e1n Gularte.<\/p>\n<p>DT: Flavio Robatto.<\/p>\n<p>Real Santa Cruz: Carlos Franco; Miguel Becerra, C\u00e9sar Garc\u00eda, Juan Rivero, Samuel Guzm\u00e1n, Kevin Pontons, Brahian \u00c9g\u00fcez, Miguel R\u00edos, Edarlyn Reyes, Dorny Romero y Carlos Saucedo.<\/p>\n<p>DT: David Perdiguero. (APG)<\/p>\n","protected":false},"excerpt":{"rendered":"<p>Con una racha de tres partidos sin perder, Nacional Potos\u00ed busca dar otro salto adelante este martes (18:15) aprovechando su condici\u00f3n de anfitri\u00f3n frente a Real Santa Cruz en uno de los compromisos que abrir\u00e1n la d\u00e9cima tercera fecha del torneo. Nacional Potos\u00ed est\u00e1 quinto con 21 puntos, con un gol de diferencia de +7, [&hellip;]<\/p>\n","protected":false},"author":1,"featured_media":21023,"comment_status":"closed","ping_status":"closed","sticky":false,"template":"","format":"standard","meta":{"_acf_changed":false,"footnotes":""},"categories":[6],"tags":[],"class_list":["post-21022","post","type-post","status-publish","format-standard","has-post-thumbnail","category-deportes"],"acf":{"antetitulo":""},"yoast_head":"<!-- This site is optimized with the Yoast SEO plugin v28.4 - https:\/\/yoast.com\/product\/yoast-seo-wordpress\/ -->\n<title>Nacional busca avanzar ante Real Santa Cruz - El Diario - Bolivia<\/title>\n<meta name=\"robots\" content=\"index, follow, max-snippet:-1, max-image-preview:large, max-video-preview:-1\" \/>\n<link rel=\"canonical\" href=\"https:\/\/www.eldiario.net\/portal\/2021\/08\/03\/nacional-busca-avanzar-ante-real-santa-cruz\/\" \/>\n<meta property=\"og:locale\" content=\"es_ES\" \/>\n<meta property=\"og:type\" content=\"article\" \/>\n<meta property=\"og:title\" content=\"Nacional busca avanzar ante Real Santa Cruz - El Diario - Bolivia\" \/>\n<meta property=\"og:description\" content=\"Con una racha de tres partidos sin perder, Nacional Potos\u00ed busca dar otro salto adelante este martes (18:15) aprovechando su condici\u00f3n de anfitri\u00f3n frente a Real Santa Cruz en uno de los compromisos que abrir\u00e1n la d\u00e9cima tercera fecha del torneo. Nacional Potos\u00ed est\u00e1 quinto con 21 puntos, con un gol de diferencia de +7, [&hellip;]\" \/>\n<meta property=\"og:url\" content=\"https:\/\/www.eldiario.net\/portal\/2021\/08\/03\/nacional-busca-avanzar-ante-real-santa-cruz\/\" \/>\n<meta property=\"og:site_name\" content=\"El Diario - Bolivia\" \/>\n<meta property=\"article:publisher\" content=\"https:\/\/www.facebook.com\/eldiario.bolivia\/\" \/>\n<meta property=\"article:published_time\" content=\"2021-08-03T11:25:55+00:00\" \/>\n<meta name=\"author\" content=\"Jeanette\" \/>\n<meta name=\"twitter:card\" content=\"summary_large_image\" \/>\n<meta name=\"twitter:creator\" content=\"@eldiario_net\" \/>\n<meta name=\"twitter:site\" content=\"@eldiario_net\" \/>\n<meta name=\"twitter:label1\" content=\"Escrito por\" \/>\n\t<meta name=\"twitter:data1\" content=\"Jeanette\" \/>\n\t<meta name=\"twitter:label2\" content=\"Tiempo de lectura\" \/>\n\t<meta name=\"twitter:data2\" content=\"2 minutos\" \/>\n<script type=\"application\/ld+json\" class=\"yoast-schema-graph\">{\"@context\":\"https:\\\/\\\/schema.org\",\"@graph\":[{\"@type\":\"Article\",\"@id\":\"https:\\\/\\\/www.eldiario.net\\\/portal\\\/2021\\\/08\\\/03\\\/nacional-busca-avanzar-ante-real-santa-cruz\\\/#article\",\"isPartOf\":{\"@id\":\"https:\\\/\\\/www.eldiario.net\\\/portal\\\/2021\\\/08\\\/03\\\/nacional-busca-avanzar-ante-real-santa-cruz\\\/\"},\"author\":{\"name\":\"Jeanette\",\"@id\":\"https:\\\/\\\/www.eldiario.net\\\/portal\\\/#\\\/schema\\\/person\\\/f46445640444750d7d753ccd04ae01b7\"},\"headline\":\"Nacional busca avanzar ante Real Santa Cruz\",\"datePublished\":\"2021-08-03T11:25:55+00:00\",\"mainEntityOfPage\":{\"@id\":\"https:\\\/\\\/www.eldiario.net\\\/portal\\\/2021\\\/08\\\/03\\\/nacional-busca-avanzar-ante-real-santa-cruz\\\/\"},\"wordCount\":467,\"publisher\":{\"@id\":\"https:\\\/\\\/www.eldiario.net\\\/portal\\\/#organization\"},\"image\":{\"@id\":\"https:\\\/\\\/www.eldiario.net\\\/portal\\\/2021\\\/08\\\/03\\\/nacional-busca-avanzar-ante-real-santa-cruz\\\/#primaryimage\"},\"thumbnailUrl\":\"\",\"articleSection\":[\"Deportes\"],\"inLanguage\":\"es\"},{\"@type\":\"WebPage\",\"@id\":\"https:\\\/\\\/www.eldiario.net\\\/portal\\\/2021\\\/08\\\/03\\\/nacional-busca-avanzar-ante-real-santa-cruz\\\/\",\"url\":\"https:\\\/\\\/www.eldiario.net\\\/portal\\\/2021\\\/08\\\/03\\\/nacional-busca-avanzar-ante-real-santa-cruz\\\/\",\"name\":\"Nacional busca avanzar ante Real Santa Cruz - El Diario - Bolivia\",\"isPartOf\":{\"@id\":\"https:\\\/\\\/www.eldiario.net\\\/portal\\\/#website\"},\"primaryImageOfPage\":{\"@id\":\"https:\\\/\\\/www.eldiario.net\\\/portal\\\/2021\\\/08\\\/03\\\/nacional-busca-avanzar-ante-real-santa-cruz\\\/#primaryimage\"},\"image\":{\"@id\":\"https:\\\/\\\/www.eldiario.net\\\/portal\\\/2021\\\/08\\\/03\\\/nacional-busca-avanzar-ante-real-santa-cruz\\\/#primaryimage\"},\"thumbnailUrl\":\"\",\"datePublished\":\"2021-08-03T11:25:55+00:00\",\"breadcrumb\":{\"@id\":\"https:\\\/\\\/www.eldiario.net\\\/portal\\\/2021\\\/08\\\/03\\\/nacional-busca-avanzar-ante-real-santa-cruz\\\/#breadcrumb\"},\"inLanguage\":\"es\",\"potentialAction\":[{\"@type\":\"ReadAction\",\"target\":[\"https:\\\/\\\/www.eldiario.net\\\/portal\\\/2021\\\/08\\\/03\\\/nacional-busca-avanzar-ante-real-santa-cruz\\\/\"]}]},{\"@type\":\"ImageObject\",\"inLanguage\":\"es\",\"@id\":\"https:\\\/\\\/www.eldiario.net\\\/portal\\\/2021\\\/08\\\/03\\\/nacional-busca-avanzar-ante-real-santa-cruz\\\/#primaryimage\",\"url\":\"\",\"contentUrl\":\"\"},{\"@type\":\"BreadcrumbList\",\"@id\":\"https:\\\/\\\/www.eldiario.net\\\/portal\\\/2021\\\/08\\\/03\\\/nacional-busca-avanzar-ante-real-santa-cruz\\\/#breadcrumb\",\"itemListElement\":[{\"@type\":\"ListItem\",\"position\":1,\"name\":\"Portada\",\"item\":\"https:\\\/\\\/www.eldiario.net\\\/portal\\\/\"},{\"@type\":\"ListItem\",\"position\":2,\"name\":\"Nacional busca avanzar ante Real Santa Cruz\"}]},{\"@type\":\"WebSite\",\"@id\":\"https:\\\/\\\/www.eldiario.net\\\/portal\\\/#website\",\"url\":\"https:\\\/\\\/www.eldiario.net\\\/portal\\\/\",\"name\":\"El Diario - Decano de la prensa nacional\",\"description\":\"El Diario - Decano de la prensa nacional\",\"publisher\":{\"@id\":\"https:\\\/\\\/www.eldiario.net\\\/portal\\\/#organization\"},\"potentialAction\":[{\"@type\":\"SearchAction\",\"target\":{\"@type\":\"EntryPoint\",\"urlTemplate\":\"https:\\\/\\\/www.eldiario.net\\\/portal\\\/?s={search_term_string}\"},\"query-input\":{\"@type\":\"PropertyValueSpecification\",\"valueRequired\":true,\"valueName\":\"search_term_string\"}}],\"inLanguage\":\"es\"},{\"@type\":\"Organization\",\"@id\":\"https:\\\/\\\/www.eldiario.net\\\/portal\\\/#organization\",\"name\":\"El Diario - Decano de la prensa nacional\",\"url\":\"https:\\\/\\\/www.eldiario.net\\\/portal\\\/\",\"logo\":{\"@type\":\"ImageObject\",\"inLanguage\":\"es\",\"@id\":\"https:\\\/\\\/www.eldiario.net\\\/portal\\\/#\\\/schema\\\/logo\\\/image\\\/\",\"url\":\"https:\\\/\\\/www.eldiario.net\\\/portal\\\/wp-content\\\/uploads\\\/2023\\\/07\\\/logo_ED.jpg\",\"contentUrl\":\"https:\\\/\\\/www.eldiario.net\\\/portal\\\/wp-content\\\/uploads\\\/2023\\\/07\\\/logo_ED.jpg\",\"width\":272,\"height\":52,\"caption\":\"El Diario - Decano de la prensa nacional\"},\"image\":{\"@id\":\"https:\\\/\\\/www.eldiario.net\\\/portal\\\/#\\\/schema\\\/logo\\\/image\\\/\"},\"sameAs\":[\"https:\\\/\\\/www.facebook.com\\\/eldiario.bolivia\\\/\",\"https:\\\/\\\/x.com\\\/eldiario_net\"]},{\"@type\":\"Person\",\"@id\":\"https:\\\/\\\/www.eldiario.net\\\/portal\\\/#\\\/schema\\\/person\\\/f46445640444750d7d753ccd04ae01b7\",\"name\":\"Jeanette\",\"image\":{\"@type\":\"ImageObject\",\"inLanguage\":\"es\",\"@id\":\"https:\\\/\\\/secure.gravatar.com\\\/avatar\\\/3ea2118a5f7dad2b7138b1187a6b7ee55f160b9968b66013c3a3ef39dd7e5798?s=96&d=mm&r=g\",\"url\":\"https:\\\/\\\/secure.gravatar.com\\\/avatar\\\/3ea2118a5f7dad2b7138b1187a6b7ee55f160b9968b66013c3a3ef39dd7e5798?s=96&d=mm&r=g\",\"contentUrl\":\"https:\\\/\\\/secure.gravatar.com\\\/avatar\\\/3ea2118a5f7dad2b7138b1187a6b7ee55f160b9968b66013c3a3ef39dd7e5798?s=96&d=mm&r=g\",\"caption\":\"Jeanette\"},\"sameAs\":[\"https:\\\/\\\/www.eldiario.net\\\/portal\"],\"url\":\"https:\\\/\\\/www.eldiario.net\\\/portal\\\/author\\\/jeanette\\\/\"}]}<\/script>\n<!-- \/ Yoast SEO plugin. -->","yoast_head_json":{"title":"Nacional busca avanzar ante Real Santa Cruz - El Diario - Bolivia","robots":{"index":"index","follow":"follow","max-snippet":"max-snippet:-1","max-image-preview":"max-image-preview:large","max-video-preview":"max-video-preview:-1"},"canonical":"https:\/\/www.eldiario.net\/portal\/2021\/08\/03\/nacional-busca-avanzar-ante-real-santa-cruz\/","og_locale":"es_ES","og_type":"article","og_title":"Nacional busca avanzar ante Real Santa Cruz - El Diario - Bolivia","og_description":"Con una racha de tres partidos sin perder, Nacional Potos\u00ed busca dar otro salto adelante este martes (18:15) aprovechando su condici\u00f3n de anfitri\u00f3n frente a Real Santa Cruz en uno de los compromisos que abrir\u00e1n la d\u00e9cima tercera fecha del torneo. Nacional Potos\u00ed est\u00e1 quinto con 21 puntos, con un gol de diferencia de +7, [&hellip;]","og_url":"https:\/\/www.eldiario.net\/portal\/2021\/08\/03\/nacional-busca-avanzar-ante-real-santa-cruz\/","og_site_name":"El Diario - Bolivia","article_publisher":"https:\/\/www.facebook.com\/eldiario.bolivia\/","article_published_time":"2021-08-03T11:25:55+00:00","author":"Jeanette","twitter_card":"summary_large_image","twitter_creator":"@eldiario_net","twitter_site":"@eldiario_net","twitter_misc":{"Escrito por":"Jeanette","Tiempo de lectura":"2 minutos"},"schema":{"@context":"https:\/\/schema.org","@graph":[{"@type":"Article","@id":"https:\/\/www.eldiario.net\/portal\/2021\/08\/03\/nacional-busca-avanzar-ante-real-santa-cruz\/#article","isPartOf":{"@id":"https:\/\/www.eldiario.net\/portal\/2021\/08\/03\/nacional-busca-avanzar-ante-real-santa-cruz\/"},"author":{"name":"Jeanette","@id":"https:\/\/www.eldiario.net\/portal\/#\/schema\/person\/f46445640444750d7d753ccd04ae01b7"},"headline":"Nacional busca avanzar ante Real Santa Cruz","datePublished":"2021-08-03T11:25:55+00:00","mainEntityOfPage":{"@id":"https:\/\/www.eldiario.net\/portal\/2021\/08\/03\/nacional-busca-avanzar-ante-real-santa-cruz\/"},"wordCount":467,"publisher":{"@id":"https:\/\/www.eldiario.net\/portal\/#organization"},"image":{"@id":"https:\/\/www.eldiario.net\/portal\/2021\/08\/03\/nacional-busca-avanzar-ante-real-santa-cruz\/#primaryimage"},"thumbnailUrl":"","articleSection":["Deportes"],"inLanguage":"es"},{"@type":"WebPage","@id":"https:\/\/www.eldiario.net\/portal\/2021\/08\/03\/nacional-busca-avanzar-ante-real-santa-cruz\/","url":"https:\/\/www.eldiario.net\/portal\/2021\/08\/03\/nacional-busca-avanzar-ante-real-santa-cruz\/","name":"Nacional busca avanzar ante Real Santa Cruz - El Diario - Bolivia","isPartOf":{"@id":"https:\/\/www.eldiario.net\/portal\/#website"},"primaryImageOfPage":{"@id":"https:\/\/www.eldiario.net\/portal\/2021\/08\/03\/nacional-busca-avanzar-ante-real-santa-cruz\/#primaryimage"},"image":{"@id":"https:\/\/www.eldiario.net\/portal\/2021\/08\/03\/nacional-busca-avanzar-ante-real-santa-cruz\/#primaryimage"},"thumbnailUrl":"","datePublished":"2021-08-03T11:25:55+00:00","breadcrumb":{"@id":"https:\/\/www.eldiario.net\/portal\/2021\/08\/03\/nacional-busca-avanzar-ante-real-santa-cruz\/#breadcrumb"},"inLanguage":"es","potentialAction":[{"@type":"ReadAction","target":["https:\/\/www.eldiario.net\/portal\/2021\/08\/03\/nacional-busca-avanzar-ante-real-santa-cruz\/"]}]},{"@type":"ImageObject","inLanguage":"es","@id":"https:\/\/www.eldiario.net\/portal\/2021\/08\/03\/nacional-busca-avanzar-ante-real-santa-cruz\/#primaryimage","url":"","contentUrl":""},{"@type":"BreadcrumbList","@id":"https:\/\/www.eldiario.net\/portal\/2021\/08\/03\/nacional-busca-avanzar-ante-real-santa-cruz\/#breadcrumb","itemListElement":[{"@type":"ListItem","position":1,"name":"Portada","item":"https:\/\/www.eldiario.net\/portal\/"},{"@type":"ListItem","position":2,"name":"Nacional busca avanzar ante Real Santa Cruz"}]},{"@type":"WebSite","@id":"https:\/\/www.eldiario.net\/portal\/#website","url":"https:\/\/www.eldiario.net\/portal\/","name":"El Diario - Decano de la prensa nacional","description":"El Diario - Decano de la prensa nacional","publisher":{"@id":"https:\/\/www.eldiario.net\/portal\/#organization"},"potentialAction":[{"@type":"SearchAction","target":{"@type":"EntryPoint","urlTemplate":"https:\/\/www.eldiario.net\/portal\/?s={search_term_string}"},"query-input":{"@type":"PropertyValueSpecification","valueRequired":true,"valueName":"search_term_string"}}],"inLanguage":"es"},{"@type":"Organization","@id":"https:\/\/www.eldiario.net\/portal\/#organization","name":"El Diario - Decano de la prensa nacional","url":"https:\/\/www.eldiario.net\/portal\/","logo":{"@type":"ImageObject","inLanguage":"es","@id":"https:\/\/www.eldiario.net\/portal\/#\/schema\/logo\/image\/","url":"https:\/\/www.eldiario.net\/portal\/wp-content\/uploads\/2023\/07\/logo_ED.jpg","contentUrl":"https:\/\/www.eldiario.net\/portal\/wp-content\/uploads\/2023\/07\/logo_ED.jpg","width":272,"height":52,"caption":"El Diario - Decano de la prensa nacional"},"image":{"@id":"https:\/\/www.eldiario.net\/portal\/#\/schema\/logo\/image\/"},"sameAs":["https:\/\/www.facebook.com\/eldiario.bolivia\/","https:\/\/x.com\/eldiario_net"]},{"@type":"Person","@id":"https:\/\/www.eldiario.net\/portal\/#\/schema\/person\/f46445640444750d7d753ccd04ae01b7","name":"Jeanette","image":{"@type":"ImageObject","inLanguage":"es","@id":"https:\/\/secure.gravatar.com\/avatar\/3ea2118a5f7dad2b7138b1187a6b7ee55f160b9968b66013c3a3ef39dd7e5798?s=96&d=mm&r=g","url":"https:\/\/secure.gravatar.com\/avatar\/3ea2118a5f7dad2b7138b1187a6b7ee55f160b9968b66013c3a3ef39dd7e5798?s=96&d=mm&r=g","contentUrl":"https:\/\/secure.gravatar.com\/avatar\/3ea2118a5f7dad2b7138b1187a6b7ee55f160b9968b66013c3a3ef39dd7e5798?s=96&d=mm&r=g","caption":"Jeanette"},"sameAs":["https:\/\/www.eldiario.net\/portal"],"url":"https:\/\/www.eldiario.net\/portal\/author\/jeanette\/"}]}},"_links":{"self":[{"href":"https:\/\/www.eldiario.net\/portal\/wp-json\/wp\/v2\/posts\/21022","targetHints":{"allow":["GET"]}}],"collection":[{"href":"https:\/\/www.eldiario.net\/portal\/wp-json\/wp\/v2\/posts"}],"about":[{"href":"https:\/\/www.eldiario.net\/portal\/wp-json\/wp\/v2\/types\/post"}],"author":[{"embeddable":true,"href":"https:\/\/www.eldiario.net\/portal\/wp-json\/wp\/v2\/users\/1"}],"replies":[{"embeddable":true,"href":"https:\/\/www.eldiario.net\/portal\/wp-json\/wp\/v2\/comments?post=21022"}],"version-history":[{"count":0,"href":"https:\/\/www.eldiario.net\/portal\/wp-json\/wp\/v2\/posts\/21022\/revisions"}],"wp:attachment":[{"href":"https:\/\/www.eldiario.net\/portal\/wp-json\/wp\/v2\/media?parent=21022"}],"wp:term":[{"taxonomy":"category","embeddable":true,"href":"https:\/\/www.eldiario.net\/portal\/wp-json\/wp\/v2\/categories?post=21022"},{"taxonomy":"post_tag","embeddable":true,"href":"https:\/\/www.eldiario.net\/portal\/wp-json\/wp\/v2\/tags?post=21022"}],"curies":[{"name":"wp","href":"https:\/\/api.w.org\/{rel}","templated":true}]}}