{"id":21019,"date":"2021-08-03T07:25:09","date_gmt":"2021-08-03T11:25:09","guid":{"rendered":"https:\/\/www.eldiario.net\/portal\/?p=21019"},"modified":"2021-08-03T07:25:09","modified_gmt":"2021-08-03T11:25:09","slug":"o-flecheiro-se-enfoca-en-cruzeiro-no-hay-nada-de-colo-colo","status":"publish","type":"post","link":"https:\/\/www.eldiario.net\/portal\/2021\/08\/03\/o-flecheiro-se-enfoca-en-cruzeiro-no-hay-nada-de-colo-colo\/","title":{"rendered":"O Flecheiro se enfoca en Cruzeiro, no hay nada de Colo Colo"},"content":{"rendered":"<p>\u201cPor el momento, no hay nada\u201d, as\u00ed respondi\u00f3 el ariete nacional, Marcelo Martins, a la consulta sobre el supuesto inter\u00e9s del Colo Colo, en contar con sus goles para el torneo chileno.<\/p>\n<p>En las \u00faltimas semanas trascendi\u00f3 la noticia en medios trasandinos del inter\u00e9s del cacique en reforzar su delantera con Martins que juega en el Cruzeiro de la serie B de f\u00fatbol brasile\u00f1o. El ariete viene cumpliendo una buena participaci\u00f3n en su equipo e incluso anot\u00f3 en las pasadas fechas ante el Londrina (2-2).<\/p>\n<p>En la conferencia de prensa tras ese cotejo Martins fue claro: \u201cSiempre fui un jugador que recib\u00ed bastantes sondeos y contin\u00faa pasando. Entonces cuando llegue una propuesta oficial a mi representante, yo estoy seguro que \u00e9l hablar\u00e1 con Cruzeiro y se la mostrar\u00e1 para ver si realmente ve inter\u00e9s. Por el momento, no hay nada\u00bb, dijo Martins sobre el supuesto inter\u00e9s del Colo Colo, seg\u00fan public\u00f3 redgol.<\/p>\n<p>Con esta respuesta Marcelo Martins dio a entender que nunca hubo nada oficial con ese club chileno, pero no descart\u00f3 alguna posible salida del equipo brasile\u00f1o cuya rescisi\u00f3n de contrato es de 442.000 d\u00f3lares.<\/p>\n<p>Las buenas actuaciones con la Selecci\u00f3n boliviana en las Eliminatorias Sudamericanas, donde es el m\u00e1ximo artillero con seis tantos, le valieron a Martins ser uno de los jugadores m\u00e1s buscados por clubes para reforzar su delantera.<\/p>\n<p>&nbsp;<\/p>\n","protected":false},"excerpt":{"rendered":"<p>\u201cPor el momento, no hay nada\u201d, as\u00ed respondi\u00f3 el ariete nacional, Marcelo Martins, a la consulta sobre el supuesto inter\u00e9s del Colo Colo, en contar con sus goles para el torneo chileno. En las \u00faltimas semanas trascendi\u00f3 la noticia en medios trasandinos del inter\u00e9s del cacique en reforzar su delantera con Martins que juega en [&hellip;]<\/p>\n","protected":false},"author":1,"featured_media":21020,"comment_status":"closed","ping_status":"closed","sticky":false,"template":"","format":"standard","meta":{"_acf_changed":false,"footnotes":""},"categories":[6],"tags":[],"class_list":["post-21019","post","type-post","status-publish","format-standard","has-post-thumbnail","category-deportes"],"acf":{"antetitulo":""},"yoast_head":"<!-- This site is optimized with the Yoast SEO plugin v28.4 - https:\/\/yoast.com\/product\/yoast-seo-wordpress\/ -->\n<title>O Flecheiro se enfoca en Cruzeiro, no hay nada de Colo Colo - El Diario - Bolivia<\/title>\n<meta name=\"robots\" content=\"index, follow, max-snippet:-1, max-image-preview:large, max-video-preview:-1\" \/>\n<link rel=\"canonical\" href=\"https:\/\/www.eldiario.net\/portal\/2021\/08\/03\/o-flecheiro-se-enfoca-en-cruzeiro-no-hay-nada-de-colo-colo\/\" \/>\n<meta property=\"og:locale\" content=\"es_ES\" \/>\n<meta property=\"og:type\" content=\"article\" \/>\n<meta property=\"og:title\" content=\"O Flecheiro se enfoca en Cruzeiro, no hay nada de Colo Colo - El Diario - Bolivia\" \/>\n<meta property=\"og:description\" content=\"\u201cPor el momento, no hay nada\u201d, as\u00ed respondi\u00f3 el ariete nacional, Marcelo Martins, a la consulta sobre el supuesto inter\u00e9s del Colo Colo, en contar con sus goles para el torneo chileno. En las \u00faltimas semanas trascendi\u00f3 la noticia en medios trasandinos del inter\u00e9s del cacique en reforzar su delantera con Martins que juega en [&hellip;]\" \/>\n<meta property=\"og:url\" content=\"https:\/\/www.eldiario.net\/portal\/2021\/08\/03\/o-flecheiro-se-enfoca-en-cruzeiro-no-hay-nada-de-colo-colo\/\" \/>\n<meta property=\"og:site_name\" content=\"El Diario - Bolivia\" \/>\n<meta property=\"article:publisher\" content=\"https:\/\/www.facebook.com\/eldiario.bolivia\/\" \/>\n<meta property=\"article:published_time\" content=\"2021-08-03T11:25:09+00:00\" \/>\n<meta name=\"author\" content=\"Jeanette\" \/>\n<meta name=\"twitter:card\" content=\"summary_large_image\" \/>\n<meta name=\"twitter:creator\" content=\"@eldiario_net\" \/>\n<meta name=\"twitter:site\" content=\"@eldiario_net\" \/>\n<meta name=\"twitter:label1\" content=\"Escrito por\" \/>\n\t<meta name=\"twitter:data1\" content=\"Jeanette\" \/>\n\t<meta name=\"twitter:label2\" content=\"Tiempo de lectura\" \/>\n\t<meta name=\"twitter:data2\" content=\"1 minuto\" \/>\n<script type=\"application\/ld+json\" class=\"yoast-schema-graph\">{\"@context\":\"https:\\\/\\\/schema.org\",\"@graph\":[{\"@type\":\"Article\",\"@id\":\"https:\\\/\\\/www.eldiario.net\\\/portal\\\/2021\\\/08\\\/03\\\/o-flecheiro-se-enfoca-en-cruzeiro-no-hay-nada-de-colo-colo\\\/#article\",\"isPartOf\":{\"@id\":\"https:\\\/\\\/www.eldiario.net\\\/portal\\\/2021\\\/08\\\/03\\\/o-flecheiro-se-enfoca-en-cruzeiro-no-hay-nada-de-colo-colo\\\/\"},\"author\":{\"name\":\"Jeanette\",\"@id\":\"https:\\\/\\\/www.eldiario.net\\\/portal\\\/#\\\/schema\\\/person\\\/f46445640444750d7d753ccd04ae01b7\"},\"headline\":\"O Flecheiro se enfoca en Cruzeiro, no hay nada de Colo Colo\",\"datePublished\":\"2021-08-03T11:25:09+00:00\",\"mainEntityOfPage\":{\"@id\":\"https:\\\/\\\/www.eldiario.net\\\/portal\\\/2021\\\/08\\\/03\\\/o-flecheiro-se-enfoca-en-cruzeiro-no-hay-nada-de-colo-colo\\\/\"},\"wordCount\":249,\"publisher\":{\"@id\":\"https:\\\/\\\/www.eldiario.net\\\/portal\\\/#organization\"},\"image\":{\"@id\":\"https:\\\/\\\/www.eldiario.net\\\/portal\\\/2021\\\/08\\\/03\\\/o-flecheiro-se-enfoca-en-cruzeiro-no-hay-nada-de-colo-colo\\\/#primaryimage\"},\"thumbnailUrl\":\"\",\"articleSection\":[\"Deportes\"],\"inLanguage\":\"es\"},{\"@type\":\"WebPage\",\"@id\":\"https:\\\/\\\/www.eldiario.net\\\/portal\\\/2021\\\/08\\\/03\\\/o-flecheiro-se-enfoca-en-cruzeiro-no-hay-nada-de-colo-colo\\\/\",\"url\":\"https:\\\/\\\/www.eldiario.net\\\/portal\\\/2021\\\/08\\\/03\\\/o-flecheiro-se-enfoca-en-cruzeiro-no-hay-nada-de-colo-colo\\\/\",\"name\":\"O Flecheiro se enfoca en Cruzeiro, no hay nada de Colo Colo - El Diario - Bolivia\",\"isPartOf\":{\"@id\":\"https:\\\/\\\/www.eldiario.net\\\/portal\\\/#website\"},\"primaryImageOfPage\":{\"@id\":\"https:\\\/\\\/www.eldiario.net\\\/portal\\\/2021\\\/08\\\/03\\\/o-flecheiro-se-enfoca-en-cruzeiro-no-hay-nada-de-colo-colo\\\/#primaryimage\"},\"image\":{\"@id\":\"https:\\\/\\\/www.eldiario.net\\\/portal\\\/2021\\\/08\\\/03\\\/o-flecheiro-se-enfoca-en-cruzeiro-no-hay-nada-de-colo-colo\\\/#primaryimage\"},\"thumbnailUrl\":\"\",\"datePublished\":\"2021-08-03T11:25:09+00:00\",\"breadcrumb\":{\"@id\":\"https:\\\/\\\/www.eldiario.net\\\/portal\\\/2021\\\/08\\\/03\\\/o-flecheiro-se-enfoca-en-cruzeiro-no-hay-nada-de-colo-colo\\\/#breadcrumb\"},\"inLanguage\":\"es\",\"potentialAction\":[{\"@type\":\"ReadAction\",\"target\":[\"https:\\\/\\\/www.eldiario.net\\\/portal\\\/2021\\\/08\\\/03\\\/o-flecheiro-se-enfoca-en-cruzeiro-no-hay-nada-de-colo-colo\\\/\"]}]},{\"@type\":\"ImageObject\",\"inLanguage\":\"es\",\"@id\":\"https:\\\/\\\/www.eldiario.net\\\/portal\\\/2021\\\/08\\\/03\\\/o-flecheiro-se-enfoca-en-cruzeiro-no-hay-nada-de-colo-colo\\\/#primaryimage\",\"url\":\"\",\"contentUrl\":\"\"},{\"@type\":\"BreadcrumbList\",\"@id\":\"https:\\\/\\\/www.eldiario.net\\\/portal\\\/2021\\\/08\\\/03\\\/o-flecheiro-se-enfoca-en-cruzeiro-no-hay-nada-de-colo-colo\\\/#breadcrumb\",\"itemListElement\":[{\"@type\":\"ListItem\",\"position\":1,\"name\":\"Portada\",\"item\":\"https:\\\/\\\/www.eldiario.net\\\/portal\\\/\"},{\"@type\":\"ListItem\",\"position\":2,\"name\":\"O Flecheiro se enfoca en Cruzeiro, no hay nada de Colo Colo\"}]},{\"@type\":\"WebSite\",\"@id\":\"https:\\\/\\\/www.eldiario.net\\\/portal\\\/#website\",\"url\":\"https:\\\/\\\/www.eldiario.net\\\/portal\\\/\",\"name\":\"El Diario - Decano de la prensa nacional\",\"description\":\"El Diario - Decano de la prensa nacional\",\"publisher\":{\"@id\":\"https:\\\/\\\/www.eldiario.net\\\/portal\\\/#organization\"},\"potentialAction\":[{\"@type\":\"SearchAction\",\"target\":{\"@type\":\"EntryPoint\",\"urlTemplate\":\"https:\\\/\\\/www.eldiario.net\\\/portal\\\/?s={search_term_string}\"},\"query-input\":{\"@type\":\"PropertyValueSpecification\",\"valueRequired\":true,\"valueName\":\"search_term_string\"}}],\"inLanguage\":\"es\"},{\"@type\":\"Organization\",\"@id\":\"https:\\\/\\\/www.eldiario.net\\\/portal\\\/#organization\",\"name\":\"El Diario - Decano de la prensa nacional\",\"url\":\"https:\\\/\\\/www.eldiario.net\\\/portal\\\/\",\"logo\":{\"@type\":\"ImageObject\",\"inLanguage\":\"es\",\"@id\":\"https:\\\/\\\/www.eldiario.net\\\/portal\\\/#\\\/schema\\\/logo\\\/image\\\/\",\"url\":\"https:\\\/\\\/www.eldiario.net\\\/portal\\\/wp-content\\\/uploads\\\/2023\\\/07\\\/logo_ED.jpg\",\"contentUrl\":\"https:\\\/\\\/www.eldiario.net\\\/portal\\\/wp-content\\\/uploads\\\/2023\\\/07\\\/logo_ED.jpg\",\"width\":272,\"height\":52,\"caption\":\"El Diario - Decano de la prensa nacional\"},\"image\":{\"@id\":\"https:\\\/\\\/www.eldiario.net\\\/portal\\\/#\\\/schema\\\/logo\\\/image\\\/\"},\"sameAs\":[\"https:\\\/\\\/www.facebook.com\\\/eldiario.bolivia\\\/\",\"https:\\\/\\\/x.com\\\/eldiario_net\"]},{\"@type\":\"Person\",\"@id\":\"https:\\\/\\\/www.eldiario.net\\\/portal\\\/#\\\/schema\\\/person\\\/f46445640444750d7d753ccd04ae01b7\",\"name\":\"Jeanette\",\"image\":{\"@type\":\"ImageObject\",\"inLanguage\":\"es\",\"@id\":\"https:\\\/\\\/secure.gravatar.com\\\/avatar\\\/3ea2118a5f7dad2b7138b1187a6b7ee55f160b9968b66013c3a3ef39dd7e5798?s=96&d=mm&r=g\",\"url\":\"https:\\\/\\\/secure.gravatar.com\\\/avatar\\\/3ea2118a5f7dad2b7138b1187a6b7ee55f160b9968b66013c3a3ef39dd7e5798?s=96&d=mm&r=g\",\"contentUrl\":\"https:\\\/\\\/secure.gravatar.com\\\/avatar\\\/3ea2118a5f7dad2b7138b1187a6b7ee55f160b9968b66013c3a3ef39dd7e5798?s=96&d=mm&r=g\",\"caption\":\"Jeanette\"},\"sameAs\":[\"https:\\\/\\\/www.eldiario.net\\\/portal\"],\"url\":\"https:\\\/\\\/www.eldiario.net\\\/portal\\\/author\\\/jeanette\\\/\"}]}<\/script>\n<!-- \/ Yoast SEO plugin. -->","yoast_head_json":{"title":"O Flecheiro se enfoca en Cruzeiro, no hay nada de Colo Colo - El Diario - Bolivia","robots":{"index":"index","follow":"follow","max-snippet":"max-snippet:-1","max-image-preview":"max-image-preview:large","max-video-preview":"max-video-preview:-1"},"canonical":"https:\/\/www.eldiario.net\/portal\/2021\/08\/03\/o-flecheiro-se-enfoca-en-cruzeiro-no-hay-nada-de-colo-colo\/","og_locale":"es_ES","og_type":"article","og_title":"O Flecheiro se enfoca en Cruzeiro, no hay nada de Colo Colo - El Diario - Bolivia","og_description":"\u201cPor el momento, no hay nada\u201d, as\u00ed respondi\u00f3 el ariete nacional, Marcelo Martins, a la consulta sobre el supuesto inter\u00e9s del Colo Colo, en contar con sus goles para el torneo chileno. En las \u00faltimas semanas trascendi\u00f3 la noticia en medios trasandinos del inter\u00e9s del cacique en reforzar su delantera con Martins que juega en [&hellip;]","og_url":"https:\/\/www.eldiario.net\/portal\/2021\/08\/03\/o-flecheiro-se-enfoca-en-cruzeiro-no-hay-nada-de-colo-colo\/","og_site_name":"El Diario - Bolivia","article_publisher":"https:\/\/www.facebook.com\/eldiario.bolivia\/","article_published_time":"2021-08-03T11:25:09+00:00","author":"Jeanette","twitter_card":"summary_large_image","twitter_creator":"@eldiario_net","twitter_site":"@eldiario_net","twitter_misc":{"Escrito por":"Jeanette","Tiempo de lectura":"1 minuto"},"schema":{"@context":"https:\/\/schema.org","@graph":[{"@type":"Article","@id":"https:\/\/www.eldiario.net\/portal\/2021\/08\/03\/o-flecheiro-se-enfoca-en-cruzeiro-no-hay-nada-de-colo-colo\/#article","isPartOf":{"@id":"https:\/\/www.eldiario.net\/portal\/2021\/08\/03\/o-flecheiro-se-enfoca-en-cruzeiro-no-hay-nada-de-colo-colo\/"},"author":{"name":"Jeanette","@id":"https:\/\/www.eldiario.net\/portal\/#\/schema\/person\/f46445640444750d7d753ccd04ae01b7"},"headline":"O Flecheiro se enfoca en Cruzeiro, no hay nada de Colo Colo","datePublished":"2021-08-03T11:25:09+00:00","mainEntityOfPage":{"@id":"https:\/\/www.eldiario.net\/portal\/2021\/08\/03\/o-flecheiro-se-enfoca-en-cruzeiro-no-hay-nada-de-colo-colo\/"},"wordCount":249,"publisher":{"@id":"https:\/\/www.eldiario.net\/portal\/#organization"},"image":{"@id":"https:\/\/www.eldiario.net\/portal\/2021\/08\/03\/o-flecheiro-se-enfoca-en-cruzeiro-no-hay-nada-de-colo-colo\/#primaryimage"},"thumbnailUrl":"","articleSection":["Deportes"],"inLanguage":"es"},{"@type":"WebPage","@id":"https:\/\/www.eldiario.net\/portal\/2021\/08\/03\/o-flecheiro-se-enfoca-en-cruzeiro-no-hay-nada-de-colo-colo\/","url":"https:\/\/www.eldiario.net\/portal\/2021\/08\/03\/o-flecheiro-se-enfoca-en-cruzeiro-no-hay-nada-de-colo-colo\/","name":"O Flecheiro se enfoca en Cruzeiro, no hay nada de Colo Colo - El Diario - Bolivia","isPartOf":{"@id":"https:\/\/www.eldiario.net\/portal\/#website"},"primaryImageOfPage":{"@id":"https:\/\/www.eldiario.net\/portal\/2021\/08\/03\/o-flecheiro-se-enfoca-en-cruzeiro-no-hay-nada-de-colo-colo\/#primaryimage"},"image":{"@id":"https:\/\/www.eldiario.net\/portal\/2021\/08\/03\/o-flecheiro-se-enfoca-en-cruzeiro-no-hay-nada-de-colo-colo\/#primaryimage"},"thumbnailUrl":"","datePublished":"2021-08-03T11:25:09+00:00","breadcrumb":{"@id":"https:\/\/www.eldiario.net\/portal\/2021\/08\/03\/o-flecheiro-se-enfoca-en-cruzeiro-no-hay-nada-de-colo-colo\/#breadcrumb"},"inLanguage":"es","potentialAction":[{"@type":"ReadAction","target":["https:\/\/www.eldiario.net\/portal\/2021\/08\/03\/o-flecheiro-se-enfoca-en-cruzeiro-no-hay-nada-de-colo-colo\/"]}]},{"@type":"ImageObject","inLanguage":"es","@id":"https:\/\/www.eldiario.net\/portal\/2021\/08\/03\/o-flecheiro-se-enfoca-en-cruzeiro-no-hay-nada-de-colo-colo\/#primaryimage","url":"","contentUrl":""},{"@type":"BreadcrumbList","@id":"https:\/\/www.eldiario.net\/portal\/2021\/08\/03\/o-flecheiro-se-enfoca-en-cruzeiro-no-hay-nada-de-colo-colo\/#breadcrumb","itemListElement":[{"@type":"ListItem","position":1,"name":"Portada","item":"https:\/\/www.eldiario.net\/portal\/"},{"@type":"ListItem","position":2,"name":"O Flecheiro se enfoca en Cruzeiro, no hay nada de Colo Colo"}]},{"@type":"WebSite","@id":"https:\/\/www.eldiario.net\/portal\/#website","url":"https:\/\/www.eldiario.net\/portal\/","name":"El Diario - Decano de la prensa nacional","description":"El Diario - Decano de la prensa nacional","publisher":{"@id":"https:\/\/www.eldiario.net\/portal\/#organization"},"potentialAction":[{"@type":"SearchAction","target":{"@type":"EntryPoint","urlTemplate":"https:\/\/www.eldiario.net\/portal\/?s={search_term_string}"},"query-input":{"@type":"PropertyValueSpecification","valueRequired":true,"valueName":"search_term_string"}}],"inLanguage":"es"},{"@type":"Organization","@id":"https:\/\/www.eldiario.net\/portal\/#organization","name":"El Diario - Decano de la prensa nacional","url":"https:\/\/www.eldiario.net\/portal\/","logo":{"@type":"ImageObject","inLanguage":"es","@id":"https:\/\/www.eldiario.net\/portal\/#\/schema\/logo\/image\/","url":"https:\/\/www.eldiario.net\/portal\/wp-content\/uploads\/2023\/07\/logo_ED.jpg","contentUrl":"https:\/\/www.eldiario.net\/portal\/wp-content\/uploads\/2023\/07\/logo_ED.jpg","width":272,"height":52,"caption":"El Diario - Decano de la prensa nacional"},"image":{"@id":"https:\/\/www.eldiario.net\/portal\/#\/schema\/logo\/image\/"},"sameAs":["https:\/\/www.facebook.com\/eldiario.bolivia\/","https:\/\/x.com\/eldiario_net"]},{"@type":"Person","@id":"https:\/\/www.eldiario.net\/portal\/#\/schema\/person\/f46445640444750d7d753ccd04ae01b7","name":"Jeanette","image":{"@type":"ImageObject","inLanguage":"es","@id":"https:\/\/secure.gravatar.com\/avatar\/3ea2118a5f7dad2b7138b1187a6b7ee55f160b9968b66013c3a3ef39dd7e5798?s=96&d=mm&r=g","url":"https:\/\/secure.gravatar.com\/avatar\/3ea2118a5f7dad2b7138b1187a6b7ee55f160b9968b66013c3a3ef39dd7e5798?s=96&d=mm&r=g","contentUrl":"https:\/\/secure.gravatar.com\/avatar\/3ea2118a5f7dad2b7138b1187a6b7ee55f160b9968b66013c3a3ef39dd7e5798?s=96&d=mm&r=g","caption":"Jeanette"},"sameAs":["https:\/\/www.eldiario.net\/portal"],"url":"https:\/\/www.eldiario.net\/portal\/author\/jeanette\/"}]}},"_links":{"self":[{"href":"https:\/\/www.eldiario.net\/portal\/wp-json\/wp\/v2\/posts\/21019","targetHints":{"allow":["GET"]}}],"collection":[{"href":"https:\/\/www.eldiario.net\/portal\/wp-json\/wp\/v2\/posts"}],"about":[{"href":"https:\/\/www.eldiario.net\/portal\/wp-json\/wp\/v2\/types\/post"}],"author":[{"embeddable":true,"href":"https:\/\/www.eldiario.net\/portal\/wp-json\/wp\/v2\/users\/1"}],"replies":[{"embeddable":true,"href":"https:\/\/www.eldiario.net\/portal\/wp-json\/wp\/v2\/comments?post=21019"}],"version-history":[{"count":0,"href":"https:\/\/www.eldiario.net\/portal\/wp-json\/wp\/v2\/posts\/21019\/revisions"}],"wp:attachment":[{"href":"https:\/\/www.eldiario.net\/portal\/wp-json\/wp\/v2\/media?parent=21019"}],"wp:term":[{"taxonomy":"category","embeddable":true,"href":"https:\/\/www.eldiario.net\/portal\/wp-json\/wp\/v2\/categories?post=21019"},{"taxonomy":"post_tag","embeddable":true,"href":"https:\/\/www.eldiario.net\/portal\/wp-json\/wp\/v2\/tags?post=21019"}],"curies":[{"name":"wp","href":"https:\/\/api.w.org\/{rel}","templated":true}]}}