{"id":210150,"date":"2024-03-25T07:21:54","date_gmt":"2024-03-25T11:21:54","guid":{"rendered":"https:\/\/www.eldiario.net\/portal\/?p=210150"},"modified":"2024-03-25T07:21:54","modified_gmt":"2024-03-25T11:21:54","slug":"presentan-estudios-sobre-interrelacion-entre-vulnerabilidad-al-cambio-climatico","status":"publish","type":"post","link":"https:\/\/www.eldiario.net\/portal\/2024\/03\/25\/presentan-estudios-sobre-interrelacion-entre-vulnerabilidad-al-cambio-climatico\/","title":{"rendered":"Presentan estudios sobre interrelaci\u00f3n  entre vulnerabilidad al cambio clim\u00e1tico"},"content":{"rendered":"<p>En instalaciones de la Agence Fran\u00e7aise de D\u00e9veloppement (AFD) de la ciudad de La Paz, presentaron estudios sobre como reflexionar colectivamente acerca de la \u201cVulnerabilidad econ\u00f3mica frente al cambio clim\u00e1tico\u201d.<br \/>\nLos investigadores del Institut de Recherche pour le D\u00e9veloppement (IRD) presentaron un panorama de los efectos de los cambios globales (clim\u00e1ticos y actividades antr\u00f3picas) sobre las condiciones socio-ambientales en la cuenca trinacional del r\u00edo Pilcomayo.<br \/>\nEn esta ocasi\u00f3n, el especialista de la AFD, Pavel Barron, present\u00f3 y comparti\u00f3 con los asistentes la investigaci\u00f3n titulada: \u201cLa espiral deuda-clima: doble vulnerabilidad econ\u00f3mica y clim\u00e1tica\u201d, realizada por Bastien Bedossa y publicada por la AFD.<br \/>\nEl estudio apunta a construir un m\u00e9todo para caracterizar situaciones de doble vulnerabilidad clim\u00e1tica y macrofinanciera, e identificar a los pa\u00edses m\u00e1s sensibles tanto a eventos extremos como a la degradaci\u00f3n cr\u00f3nica de las condiciones clim\u00e1ticas. El trabajo tambi\u00e9n explora c\u00f3mo esta doble vulnerabilidad puede retroalimentarse y concluye detallando ejemplos de herramientas financieras que se pueden movilizar para mitigar este doble riesgo, tales como conversiones de deuda, cl\u00e1usulas de suspensi\u00f3n de los reembolsos en caso de fen\u00f3meno clim\u00e1tico extremo, pr\u00e9stamos de contingencia activables r\u00e1pidamente ante un evento clim\u00e1tico, o \u201cbonos sostenibles\u201d, basados en indicadores de resultados sostenibles o clim\u00e1ticos.<br \/>\nEl encuentro continu\u00f3 con la ponencia \u201cVulnerabilidades del r\u00edo Pilcomayo a los cambios globales: \u00bfc\u00f3mo orientar las investigaciones?\u201d, ofrecida por los investigadores Marc Pouilly, ec\u00f3logo, y El\u00e9onore Resongles, hidroqu\u00edmica del IRD, se\u00f1alando los efectos del cambio clim\u00e1tico sobre las condiciones socio-ambientales en las comunidades que habitan la cuenca del r\u00edo Pilcomayo.<br \/>\n\u201cUna de las consecuencias del cambio clim\u00e1tico y de las activades antr\u00f3picas es la p\u00e9rdida de biodiversidad y de los recursos naturales tal como el pescado s\u00e1balo\u201d, explic\u00f3 Marc Pouilly. Sobre la contaminaci\u00f3n del citado r\u00edo, con dilatada experiencia Resongles, coment\u00f3 los resultados anteriores y las contradicciones que revelan.<br \/>\nLos investigadores destacaron la importancia de tener conocimientos s\u00f3lidos para tomar acciones y proponer soluciones de gesti\u00f3n y de gobernanza de los recursos naturales, adem\u00e1s de promover acciones de educaci\u00f3n y de capacitaci\u00f3n de los j\u00f3venes, de buscar la participaci\u00f3n de las comunidades en los estudios para armar un sincero y transparente di\u00e1logo entre actores del territorio y cient\u00edficos, adem\u00e1s favorecer la apropiaci\u00f3n de los resultados.<br \/>\nEl acto finaliz\u00f3 con la intervenci\u00f3n de los panelistas Daniel Larrea, Bi\u00f3logo de Conservaci\u00f3n Amaz\u00f3nica-Aceaa; Beatriz Muriel, economista, vicepresidenta de la Academia Boliviana de Ciencias Econ\u00f3micas y directora ejecutiva de Inesad; y Pablo Quisbert, historiador miembro de la Sociedad Boliviana de Historia. Los panelistas reconocieron la importancia de los estudios econ\u00f3micos globales que se enmarcan en la realidad socio-econ\u00f3mica de cada uno de los pa\u00edses, as\u00ed como la importancia de reflexionar entre pa\u00edses sobre la gesti\u00f3n de los recursos a nivel transfronterizos.<br \/>\nSe observ\u00f3 que la incidencia de los choques clim\u00e1ticos sobre la econom\u00eda ya es una realidad y que la calidad del gasto p\u00fablico es un tema de suma importancia para hacer frente a los efectos del cambio clim\u00e1tico. Subrayaron la importancia de dedicar presupuestos estatales para adaptaci\u00f3n, para una mejor gesti\u00f3n preventiva de los riesgos clim\u00e1ticos.<br \/>\nSe sugiri\u00f3 una l\u00ednea de investigaci\u00f3n hacia la construcci\u00f3n de un indicador contrafactual para medir el costo de la inacci\u00f3n, o de lo \u201cno gastado\u201d, para enfrentar las contingencias. Tambi\u00e9n se cuestion\u00f3 una nueva vocaci\u00f3n territorial del Chaco frente a los desaf\u00edos clim\u00e1ticos y el fin de la era del gas. (AFD)<\/p>\n","protected":false},"excerpt":{"rendered":"<p>En instalaciones de la Agence Fran\u00e7aise de D\u00e9veloppement (AFD) de la ciudad de La Paz, presentaron estudios sobre como reflexionar colectivamente acerca de la \u201cVulnerabilidad econ\u00f3mica frente al cambio clim\u00e1tico\u201d. Los investigadores del Institut de Recherche pour le D\u00e9veloppement (IRD) presentaron un panorama de los efectos de los cambios globales (clim\u00e1ticos y actividades antr\u00f3picas) sobre [&hellip;]<\/p>\n","protected":false},"author":1,"featured_media":210151,"comment_status":"open","ping_status":"open","sticky":false,"template":"","format":"standard","meta":{"_acf_changed":false,"footnotes":""},"categories":[12],"tags":[],"class_list":["post-210150","post","type-post","status-publish","format-standard","has-post-thumbnail","category-nacional"],"acf":{"antetitulo":"Investigadores del IRD y AFD"},"yoast_head":"<!-- This site is optimized with the Yoast SEO plugin v28.4 - https:\/\/yoast.com\/product\/yoast-seo-wordpress\/ -->\n<title>Presentan estudios sobre interrelaci\u00f3n entre vulnerabilidad al cambio clim\u00e1tico - El Diario - Bolivia<\/title>\n<meta name=\"robots\" content=\"index, follow, max-snippet:-1, max-image-preview:large, max-video-preview:-1\" \/>\n<link rel=\"canonical\" href=\"https:\/\/www.eldiario.net\/portal\/2024\/03\/25\/presentan-estudios-sobre-interrelacion-entre-vulnerabilidad-al-cambio-climatico\/\" \/>\n<meta property=\"og:locale\" content=\"es_ES\" \/>\n<meta property=\"og:type\" content=\"article\" \/>\n<meta property=\"og:title\" content=\"Presentan estudios sobre interrelaci\u00f3n entre vulnerabilidad al cambio clim\u00e1tico - El Diario - Bolivia\" \/>\n<meta property=\"og:description\" content=\"En instalaciones de la Agence Fran\u00e7aise de D\u00e9veloppement (AFD) de la ciudad de La Paz, presentaron estudios sobre como reflexionar colectivamente acerca de la \u201cVulnerabilidad econ\u00f3mica frente al cambio clim\u00e1tico\u201d. Los investigadores del Institut de Recherche pour le D\u00e9veloppement (IRD) presentaron un panorama de los efectos de los cambios globales (clim\u00e1ticos y actividades antr\u00f3picas) sobre [&hellip;]\" \/>\n<meta property=\"og:url\" content=\"https:\/\/www.eldiario.net\/portal\/2024\/03\/25\/presentan-estudios-sobre-interrelacion-entre-vulnerabilidad-al-cambio-climatico\/\" \/>\n<meta property=\"og:site_name\" content=\"El Diario - Bolivia\" \/>\n<meta property=\"article:publisher\" content=\"https:\/\/www.facebook.com\/eldiario.bolivia\/\" \/>\n<meta property=\"article:published_time\" content=\"2024-03-25T11:21:54+00:00\" \/>\n<meta property=\"og:image\" content=\"https:\/\/www.eldiario.net\/portal\/wp-content\/uploads\/2024\/03\/PANEL-COLOR-scaled.jpg\" \/>\n\t<meta property=\"og:image:width\" content=\"2560\" \/>\n\t<meta property=\"og:image:height\" content=\"1702\" \/>\n\t<meta property=\"og:image:type\" content=\"image\/jpeg\" \/>\n<meta name=\"author\" content=\"Jeanette\" \/>\n<meta name=\"twitter:card\" content=\"summary_large_image\" \/>\n<meta name=\"twitter:creator\" content=\"@eldiario_net\" \/>\n<meta name=\"twitter:site\" content=\"@eldiario_net\" \/>\n<meta name=\"twitter:label1\" content=\"Escrito por\" \/>\n\t<meta name=\"twitter:data1\" content=\"Jeanette\" \/>\n\t<meta name=\"twitter:label2\" content=\"Tiempo de lectura\" \/>\n\t<meta name=\"twitter:data2\" content=\"3 minutos\" \/>\n<script type=\"application\/ld+json\" class=\"yoast-schema-graph\">{\"@context\":\"https:\\\/\\\/schema.org\",\"@graph\":[{\"@type\":\"Article\",\"@id\":\"https:\\\/\\\/www.eldiario.net\\\/portal\\\/2024\\\/03\\\/25\\\/presentan-estudios-sobre-interrelacion-entre-vulnerabilidad-al-cambio-climatico\\\/#article\",\"isPartOf\":{\"@id\":\"https:\\\/\\\/www.eldiario.net\\\/portal\\\/2024\\\/03\\\/25\\\/presentan-estudios-sobre-interrelacion-entre-vulnerabilidad-al-cambio-climatico\\\/\"},\"author\":{\"name\":\"Jeanette\",\"@id\":\"https:\\\/\\\/www.eldiario.net\\\/portal\\\/#\\\/schema\\\/person\\\/f46445640444750d7d753ccd04ae01b7\"},\"headline\":\"Presentan estudios sobre interrelaci\u00f3n entre vulnerabilidad al cambio clim\u00e1tico\",\"datePublished\":\"2024-03-25T11:21:54+00:00\",\"mainEntityOfPage\":{\"@id\":\"https:\\\/\\\/www.eldiario.net\\\/portal\\\/2024\\\/03\\\/25\\\/presentan-estudios-sobre-interrelacion-entre-vulnerabilidad-al-cambio-climatico\\\/\"},\"wordCount\":646,\"commentCount\":0,\"publisher\":{\"@id\":\"https:\\\/\\\/www.eldiario.net\\\/portal\\\/#organization\"},\"image\":{\"@id\":\"https:\\\/\\\/www.eldiario.net\\\/portal\\\/2024\\\/03\\\/25\\\/presentan-estudios-sobre-interrelacion-entre-vulnerabilidad-al-cambio-climatico\\\/#primaryimage\"},\"thumbnailUrl\":\"https:\\\/\\\/www.eldiario.net\\\/portal\\\/wp-content\\\/uploads\\\/2024\\\/03\\\/PANEL-COLOR-scaled.jpg\",\"articleSection\":[\"Nacional\"],\"inLanguage\":\"es\",\"potentialAction\":[{\"@type\":\"CommentAction\",\"name\":\"Comment\",\"target\":[\"https:\\\/\\\/www.eldiario.net\\\/portal\\\/2024\\\/03\\\/25\\\/presentan-estudios-sobre-interrelacion-entre-vulnerabilidad-al-cambio-climatico\\\/#respond\"]}]},{\"@type\":\"WebPage\",\"@id\":\"https:\\\/\\\/www.eldiario.net\\\/portal\\\/2024\\\/03\\\/25\\\/presentan-estudios-sobre-interrelacion-entre-vulnerabilidad-al-cambio-climatico\\\/\",\"url\":\"https:\\\/\\\/www.eldiario.net\\\/portal\\\/2024\\\/03\\\/25\\\/presentan-estudios-sobre-interrelacion-entre-vulnerabilidad-al-cambio-climatico\\\/\",\"name\":\"Presentan estudios sobre interrelaci\u00f3n entre vulnerabilidad al cambio clim\u00e1tico - El Diario - Bolivia\",\"isPartOf\":{\"@id\":\"https:\\\/\\\/www.eldiario.net\\\/portal\\\/#website\"},\"primaryImageOfPage\":{\"@id\":\"https:\\\/\\\/www.eldiario.net\\\/portal\\\/2024\\\/03\\\/25\\\/presentan-estudios-sobre-interrelacion-entre-vulnerabilidad-al-cambio-climatico\\\/#primaryimage\"},\"image\":{\"@id\":\"https:\\\/\\\/www.eldiario.net\\\/portal\\\/2024\\\/03\\\/25\\\/presentan-estudios-sobre-interrelacion-entre-vulnerabilidad-al-cambio-climatico\\\/#primaryimage\"},\"thumbnailUrl\":\"https:\\\/\\\/www.eldiario.net\\\/portal\\\/wp-content\\\/uploads\\\/2024\\\/03\\\/PANEL-COLOR-scaled.jpg\",\"datePublished\":\"2024-03-25T11:21:54+00:00\",\"breadcrumb\":{\"@id\":\"https:\\\/\\\/www.eldiario.net\\\/portal\\\/2024\\\/03\\\/25\\\/presentan-estudios-sobre-interrelacion-entre-vulnerabilidad-al-cambio-climatico\\\/#breadcrumb\"},\"inLanguage\":\"es\",\"potentialAction\":[{\"@type\":\"ReadAction\",\"target\":[\"https:\\\/\\\/www.eldiario.net\\\/portal\\\/2024\\\/03\\\/25\\\/presentan-estudios-sobre-interrelacion-entre-vulnerabilidad-al-cambio-climatico\\\/\"]}]},{\"@type\":\"ImageObject\",\"inLanguage\":\"es\",\"@id\":\"https:\\\/\\\/www.eldiario.net\\\/portal\\\/2024\\\/03\\\/25\\\/presentan-estudios-sobre-interrelacion-entre-vulnerabilidad-al-cambio-climatico\\\/#primaryimage\",\"url\":\"https:\\\/\\\/www.eldiario.net\\\/portal\\\/wp-content\\\/uploads\\\/2024\\\/03\\\/PANEL-COLOR-scaled.jpg\",\"contentUrl\":\"https:\\\/\\\/www.eldiario.net\\\/portal\\\/wp-content\\\/uploads\\\/2024\\\/03\\\/PANEL-COLOR-scaled.jpg\",\"width\":2560,\"height\":1702,\"caption\":\"ESPECIALISTAS DE LA AFD COMPARTIENDO CON LOS ASISTENTES DE LAS INVESTIGACIONES.\"},{\"@type\":\"BreadcrumbList\",\"@id\":\"https:\\\/\\\/www.eldiario.net\\\/portal\\\/2024\\\/03\\\/25\\\/presentan-estudios-sobre-interrelacion-entre-vulnerabilidad-al-cambio-climatico\\\/#breadcrumb\",\"itemListElement\":[{\"@type\":\"ListItem\",\"position\":1,\"name\":\"Portada\",\"item\":\"https:\\\/\\\/www.eldiario.net\\\/portal\\\/\"},{\"@type\":\"ListItem\",\"position\":2,\"name\":\"Presentan estudios sobre interrelaci\u00f3n entre vulnerabilidad al cambio clim\u00e1tico\"}]},{\"@type\":\"WebSite\",\"@id\":\"https:\\\/\\\/www.eldiario.net\\\/portal\\\/#website\",\"url\":\"https:\\\/\\\/www.eldiario.net\\\/portal\\\/\",\"name\":\"El Diario - Decano de la prensa nacional\",\"description\":\"El Diario - Decano de la prensa nacional\",\"publisher\":{\"@id\":\"https:\\\/\\\/www.eldiario.net\\\/portal\\\/#organization\"},\"potentialAction\":[{\"@type\":\"SearchAction\",\"target\":{\"@type\":\"EntryPoint\",\"urlTemplate\":\"https:\\\/\\\/www.eldiario.net\\\/portal\\\/?s={search_term_string}\"},\"query-input\":{\"@type\":\"PropertyValueSpecification\",\"valueRequired\":true,\"valueName\":\"search_term_string\"}}],\"inLanguage\":\"es\"},{\"@type\":\"Organization\",\"@id\":\"https:\\\/\\\/www.eldiario.net\\\/portal\\\/#organization\",\"name\":\"El Diario - Decano de la prensa nacional\",\"url\":\"https:\\\/\\\/www.eldiario.net\\\/portal\\\/\",\"logo\":{\"@type\":\"ImageObject\",\"inLanguage\":\"es\",\"@id\":\"https:\\\/\\\/www.eldiario.net\\\/portal\\\/#\\\/schema\\\/logo\\\/image\\\/\",\"url\":\"https:\\\/\\\/www.eldiario.net\\\/portal\\\/wp-content\\\/uploads\\\/2023\\\/07\\\/logo_ED.jpg\",\"contentUrl\":\"https:\\\/\\\/www.eldiario.net\\\/portal\\\/wp-content\\\/uploads\\\/2023\\\/07\\\/logo_ED.jpg\",\"width\":272,\"height\":52,\"caption\":\"El Diario - Decano de la prensa nacional\"},\"image\":{\"@id\":\"https:\\\/\\\/www.eldiario.net\\\/portal\\\/#\\\/schema\\\/logo\\\/image\\\/\"},\"sameAs\":[\"https:\\\/\\\/www.facebook.com\\\/eldiario.bolivia\\\/\",\"https:\\\/\\\/x.com\\\/eldiario_net\"]},{\"@type\":\"Person\",\"@id\":\"https:\\\/\\\/www.eldiario.net\\\/portal\\\/#\\\/schema\\\/person\\\/f46445640444750d7d753ccd04ae01b7\",\"name\":\"Jeanette\",\"image\":{\"@type\":\"ImageObject\",\"inLanguage\":\"es\",\"@id\":\"https:\\\/\\\/secure.gravatar.com\\\/avatar\\\/3ea2118a5f7dad2b7138b1187a6b7ee55f160b9968b66013c3a3ef39dd7e5798?s=96&d=mm&r=g\",\"url\":\"https:\\\/\\\/secure.gravatar.com\\\/avatar\\\/3ea2118a5f7dad2b7138b1187a6b7ee55f160b9968b66013c3a3ef39dd7e5798?s=96&d=mm&r=g\",\"contentUrl\":\"https:\\\/\\\/secure.gravatar.com\\\/avatar\\\/3ea2118a5f7dad2b7138b1187a6b7ee55f160b9968b66013c3a3ef39dd7e5798?s=96&d=mm&r=g\",\"caption\":\"Jeanette\"},\"sameAs\":[\"https:\\\/\\\/www.eldiario.net\\\/portal\"],\"url\":\"https:\\\/\\\/www.eldiario.net\\\/portal\\\/author\\\/jeanette\\\/\"}]}<\/script>\n<!-- \/ Yoast SEO plugin. -->","yoast_head_json":{"title":"Presentan estudios sobre interrelaci\u00f3n entre vulnerabilidad al cambio clim\u00e1tico - El Diario - Bolivia","robots":{"index":"index","follow":"follow","max-snippet":"max-snippet:-1","max-image-preview":"max-image-preview:large","max-video-preview":"max-video-preview:-1"},"canonical":"https:\/\/www.eldiario.net\/portal\/2024\/03\/25\/presentan-estudios-sobre-interrelacion-entre-vulnerabilidad-al-cambio-climatico\/","og_locale":"es_ES","og_type":"article","og_title":"Presentan estudios sobre interrelaci\u00f3n entre vulnerabilidad al cambio clim\u00e1tico - El Diario - Bolivia","og_description":"En instalaciones de la Agence Fran\u00e7aise de D\u00e9veloppement (AFD) de la ciudad de La Paz, presentaron estudios sobre como reflexionar colectivamente acerca de la \u201cVulnerabilidad econ\u00f3mica frente al cambio clim\u00e1tico\u201d. Los investigadores del Institut de Recherche pour le D\u00e9veloppement (IRD) presentaron un panorama de los efectos de los cambios globales (clim\u00e1ticos y actividades antr\u00f3picas) sobre [&hellip;]","og_url":"https:\/\/www.eldiario.net\/portal\/2024\/03\/25\/presentan-estudios-sobre-interrelacion-entre-vulnerabilidad-al-cambio-climatico\/","og_site_name":"El Diario - Bolivia","article_publisher":"https:\/\/www.facebook.com\/eldiario.bolivia\/","article_published_time":"2024-03-25T11:21:54+00:00","og_image":[{"width":2560,"height":1702,"url":"https:\/\/www.eldiario.net\/portal\/wp-content\/uploads\/2024\/03\/PANEL-COLOR-scaled.jpg","type":"image\/jpeg"}],"author":"Jeanette","twitter_card":"summary_large_image","twitter_creator":"@eldiario_net","twitter_site":"@eldiario_net","twitter_misc":{"Escrito por":"Jeanette","Tiempo de lectura":"3 minutos"},"schema":{"@context":"https:\/\/schema.org","@graph":[{"@type":"Article","@id":"https:\/\/www.eldiario.net\/portal\/2024\/03\/25\/presentan-estudios-sobre-interrelacion-entre-vulnerabilidad-al-cambio-climatico\/#article","isPartOf":{"@id":"https:\/\/www.eldiario.net\/portal\/2024\/03\/25\/presentan-estudios-sobre-interrelacion-entre-vulnerabilidad-al-cambio-climatico\/"},"author":{"name":"Jeanette","@id":"https:\/\/www.eldiario.net\/portal\/#\/schema\/person\/f46445640444750d7d753ccd04ae01b7"},"headline":"Presentan estudios sobre interrelaci\u00f3n entre vulnerabilidad al cambio clim\u00e1tico","datePublished":"2024-03-25T11:21:54+00:00","mainEntityOfPage":{"@id":"https:\/\/www.eldiario.net\/portal\/2024\/03\/25\/presentan-estudios-sobre-interrelacion-entre-vulnerabilidad-al-cambio-climatico\/"},"wordCount":646,"commentCount":0,"publisher":{"@id":"https:\/\/www.eldiario.net\/portal\/#organization"},"image":{"@id":"https:\/\/www.eldiario.net\/portal\/2024\/03\/25\/presentan-estudios-sobre-interrelacion-entre-vulnerabilidad-al-cambio-climatico\/#primaryimage"},"thumbnailUrl":"https:\/\/www.eldiario.net\/portal\/wp-content\/uploads\/2024\/03\/PANEL-COLOR-scaled.jpg","articleSection":["Nacional"],"inLanguage":"es","potentialAction":[{"@type":"CommentAction","name":"Comment","target":["https:\/\/www.eldiario.net\/portal\/2024\/03\/25\/presentan-estudios-sobre-interrelacion-entre-vulnerabilidad-al-cambio-climatico\/#respond"]}]},{"@type":"WebPage","@id":"https:\/\/www.eldiario.net\/portal\/2024\/03\/25\/presentan-estudios-sobre-interrelacion-entre-vulnerabilidad-al-cambio-climatico\/","url":"https:\/\/www.eldiario.net\/portal\/2024\/03\/25\/presentan-estudios-sobre-interrelacion-entre-vulnerabilidad-al-cambio-climatico\/","name":"Presentan estudios sobre interrelaci\u00f3n entre vulnerabilidad al cambio clim\u00e1tico - El Diario - Bolivia","isPartOf":{"@id":"https:\/\/www.eldiario.net\/portal\/#website"},"primaryImageOfPage":{"@id":"https:\/\/www.eldiario.net\/portal\/2024\/03\/25\/presentan-estudios-sobre-interrelacion-entre-vulnerabilidad-al-cambio-climatico\/#primaryimage"},"image":{"@id":"https:\/\/www.eldiario.net\/portal\/2024\/03\/25\/presentan-estudios-sobre-interrelacion-entre-vulnerabilidad-al-cambio-climatico\/#primaryimage"},"thumbnailUrl":"https:\/\/www.eldiario.net\/portal\/wp-content\/uploads\/2024\/03\/PANEL-COLOR-scaled.jpg","datePublished":"2024-03-25T11:21:54+00:00","breadcrumb":{"@id":"https:\/\/www.eldiario.net\/portal\/2024\/03\/25\/presentan-estudios-sobre-interrelacion-entre-vulnerabilidad-al-cambio-climatico\/#breadcrumb"},"inLanguage":"es","potentialAction":[{"@type":"ReadAction","target":["https:\/\/www.eldiario.net\/portal\/2024\/03\/25\/presentan-estudios-sobre-interrelacion-entre-vulnerabilidad-al-cambio-climatico\/"]}]},{"@type":"ImageObject","inLanguage":"es","@id":"https:\/\/www.eldiario.net\/portal\/2024\/03\/25\/presentan-estudios-sobre-interrelacion-entre-vulnerabilidad-al-cambio-climatico\/#primaryimage","url":"https:\/\/www.eldiario.net\/portal\/wp-content\/uploads\/2024\/03\/PANEL-COLOR-scaled.jpg","contentUrl":"https:\/\/www.eldiario.net\/portal\/wp-content\/uploads\/2024\/03\/PANEL-COLOR-scaled.jpg","width":2560,"height":1702,"caption":"ESPECIALISTAS DE LA AFD COMPARTIENDO CON LOS ASISTENTES DE LAS INVESTIGACIONES."},{"@type":"BreadcrumbList","@id":"https:\/\/www.eldiario.net\/portal\/2024\/03\/25\/presentan-estudios-sobre-interrelacion-entre-vulnerabilidad-al-cambio-climatico\/#breadcrumb","itemListElement":[{"@type":"ListItem","position":1,"name":"Portada","item":"https:\/\/www.eldiario.net\/portal\/"},{"@type":"ListItem","position":2,"name":"Presentan estudios sobre interrelaci\u00f3n entre vulnerabilidad al cambio clim\u00e1tico"}]},{"@type":"WebSite","@id":"https:\/\/www.eldiario.net\/portal\/#website","url":"https:\/\/www.eldiario.net\/portal\/","name":"El Diario - Decano de la prensa nacional","description":"El Diario - Decano de la prensa nacional","publisher":{"@id":"https:\/\/www.eldiario.net\/portal\/#organization"},"potentialAction":[{"@type":"SearchAction","target":{"@type":"EntryPoint","urlTemplate":"https:\/\/www.eldiario.net\/portal\/?s={search_term_string}"},"query-input":{"@type":"PropertyValueSpecification","valueRequired":true,"valueName":"search_term_string"}}],"inLanguage":"es"},{"@type":"Organization","@id":"https:\/\/www.eldiario.net\/portal\/#organization","name":"El Diario - Decano de la prensa nacional","url":"https:\/\/www.eldiario.net\/portal\/","logo":{"@type":"ImageObject","inLanguage":"es","@id":"https:\/\/www.eldiario.net\/portal\/#\/schema\/logo\/image\/","url":"https:\/\/www.eldiario.net\/portal\/wp-content\/uploads\/2023\/07\/logo_ED.jpg","contentUrl":"https:\/\/www.eldiario.net\/portal\/wp-content\/uploads\/2023\/07\/logo_ED.jpg","width":272,"height":52,"caption":"El Diario - Decano de la prensa nacional"},"image":{"@id":"https:\/\/www.eldiario.net\/portal\/#\/schema\/logo\/image\/"},"sameAs":["https:\/\/www.facebook.com\/eldiario.bolivia\/","https:\/\/x.com\/eldiario_net"]},{"@type":"Person","@id":"https:\/\/www.eldiario.net\/portal\/#\/schema\/person\/f46445640444750d7d753ccd04ae01b7","name":"Jeanette","image":{"@type":"ImageObject","inLanguage":"es","@id":"https:\/\/secure.gravatar.com\/avatar\/3ea2118a5f7dad2b7138b1187a6b7ee55f160b9968b66013c3a3ef39dd7e5798?s=96&d=mm&r=g","url":"https:\/\/secure.gravatar.com\/avatar\/3ea2118a5f7dad2b7138b1187a6b7ee55f160b9968b66013c3a3ef39dd7e5798?s=96&d=mm&r=g","contentUrl":"https:\/\/secure.gravatar.com\/avatar\/3ea2118a5f7dad2b7138b1187a6b7ee55f160b9968b66013c3a3ef39dd7e5798?s=96&d=mm&r=g","caption":"Jeanette"},"sameAs":["https:\/\/www.eldiario.net\/portal"],"url":"https:\/\/www.eldiario.net\/portal\/author\/jeanette\/"}]}},"_links":{"self":[{"href":"https:\/\/www.eldiario.net\/portal\/wp-json\/wp\/v2\/posts\/210150","targetHints":{"allow":["GET"]}}],"collection":[{"href":"https:\/\/www.eldiario.net\/portal\/wp-json\/wp\/v2\/posts"}],"about":[{"href":"https:\/\/www.eldiario.net\/portal\/wp-json\/wp\/v2\/types\/post"}],"author":[{"embeddable":true,"href":"https:\/\/www.eldiario.net\/portal\/wp-json\/wp\/v2\/users\/1"}],"replies":[{"embeddable":true,"href":"https:\/\/www.eldiario.net\/portal\/wp-json\/wp\/v2\/comments?post=210150"}],"version-history":[{"count":1,"href":"https:\/\/www.eldiario.net\/portal\/wp-json\/wp\/v2\/posts\/210150\/revisions"}],"predecessor-version":[{"id":210152,"href":"https:\/\/www.eldiario.net\/portal\/wp-json\/wp\/v2\/posts\/210150\/revisions\/210152"}],"wp:featuredmedia":[{"embeddable":true,"href":"https:\/\/www.eldiario.net\/portal\/wp-json\/wp\/v2\/media\/210151"}],"wp:attachment":[{"href":"https:\/\/www.eldiario.net\/portal\/wp-json\/wp\/v2\/media?parent=210150"}],"wp:term":[{"taxonomy":"category","embeddable":true,"href":"https:\/\/www.eldiario.net\/portal\/wp-json\/wp\/v2\/categories?post=210150"},{"taxonomy":"post_tag","embeddable":true,"href":"https:\/\/www.eldiario.net\/portal\/wp-json\/wp\/v2\/tags?post=210150"}],"curies":[{"name":"wp","href":"https:\/\/api.w.org\/{rel}","templated":true}]}}