{"id":210147,"date":"2024-03-25T07:21:03","date_gmt":"2024-03-25T11:21:03","guid":{"rendered":"https:\/\/www.eldiario.net\/portal\/?p=210147"},"modified":"2024-03-25T07:21:03","modified_gmt":"2024-03-25T11:21:03","slug":"gastronomia-valluna-mostro-platos-tipicos-de-semana-santa","status":"publish","type":"post","link":"https:\/\/www.eldiario.net\/portal\/2024\/03\/25\/gastronomia-valluna-mostro-platos-tipicos-de-semana-santa\/","title":{"rendered":"Gastronom\u00eda valluna mostr\u00f3  platos t\u00edpicos de Semana Santa"},"content":{"rendered":"<p>El Festival de los 12 platos en Semana Santa se llev\u00f3 a cabo desde las 09:00 hasta las 18:00 en la plaza del Granado, ubicada en la calle Baptista y Ecuador, donde la poblaci\u00f3n disfrut\u00f3 de la comida de las fiestas religiosas.<br \/>\nPor otra parte, el Parque Mariscal Santa Cruz, similar actividad con el escenario del Pap\u00e1rrilla, un festival de carnes a la parrilla organizado por la Asociaci\u00f3n Boliviana de Asadores, en honor a los padres, pocos d\u00edas despu\u00e9s de la celebraci\u00f3n del D\u00eda del Padre en Bolivia. Sin duda, una excelente manera de disfrutar de una deliciosa comida al aire libre, donde la poblaci\u00f3n pudo disfrutar de todo lo que presentaron los organizadores.<br \/>\nEn Cliza, municipio del Valle Alto, se realiz\u00f3 tambi\u00e9n la Feria de la Miel y Comidas T\u00edpicas. Este evento, fue en la comunidad de Banda Arriba, en el que mostraron una amplia variedad de productos de la colmena, derivados de la miel y comidas t\u00edpicas. Adem\u00e1s, los asistentes recibieron muchos consejos de apiterapia y presenciaron la actuaci\u00f3n de una domadora de abejas que fue el deleite de los pobladores que asistieron al lugar.<br \/>\nEstas opciones sin duda ofrecen una excelente oportunidad para disfrutar de un domingo en familia o con amigos, mientras se degustan deliciosos platos y se aprende m\u00e1s sobre la apicultura y la gastronom\u00eda tradicional de la regi\u00f3n, donde la principal atracci\u00f3n fueron los platos t\u00edpicos de cada regi\u00f3n y los mismos, caracter\u00edsticos de Semana Santa.<br \/>\nLas principales jornadas gastron\u00f3micas se presentaron en tres sectores de la especialidad. (Opini\u00f3n)<\/p>\n","protected":false},"excerpt":{"rendered":"<p>El Festival de los 12 platos en Semana Santa se llev\u00f3 a cabo desde las 09:00 hasta las 18:00 en la plaza del Granado, ubicada en la calle Baptista y Ecuador, donde la poblaci\u00f3n disfrut\u00f3 de la comida de las fiestas religiosas. Por otra parte, el Parque Mariscal Santa Cruz, similar actividad con el escenario [&hellip;]<\/p>\n","protected":false},"author":1,"featured_media":210148,"comment_status":"open","ping_status":"open","sticky":false,"template":"","format":"standard","meta":{"_acf_changed":false,"footnotes":""},"categories":[12],"tags":[],"class_list":["post-210147","post","type-post","status-publish","format-standard","has-post-thumbnail","category-nacional"],"acf":{"antetitulo":"En la plaza del Granado"},"yoast_head":"<!-- This site is optimized with the Yoast SEO plugin v28.4 - https:\/\/yoast.com\/product\/yoast-seo-wordpress\/ -->\n<title>Gastronom\u00eda valluna mostr\u00f3 platos t\u00edpicos de Semana Santa - El Diario - Bolivia<\/title>\n<meta name=\"robots\" content=\"index, follow, max-snippet:-1, max-image-preview:large, max-video-preview:-1\" \/>\n<link rel=\"canonical\" href=\"https:\/\/www.eldiario.net\/portal\/2024\/03\/25\/gastronomia-valluna-mostro-platos-tipicos-de-semana-santa\/\" \/>\n<meta property=\"og:locale\" content=\"es_ES\" \/>\n<meta property=\"og:type\" content=\"article\" \/>\n<meta property=\"og:title\" content=\"Gastronom\u00eda valluna mostr\u00f3 platos t\u00edpicos de Semana Santa - El Diario - Bolivia\" \/>\n<meta property=\"og:description\" content=\"El Festival de los 12 platos en Semana Santa se llev\u00f3 a cabo desde las 09:00 hasta las 18:00 en la plaza del Granado, ubicada en la calle Baptista y Ecuador, donde la poblaci\u00f3n disfrut\u00f3 de la comida de las fiestas religiosas. Por otra parte, el Parque Mariscal Santa Cruz, similar actividad con el escenario [&hellip;]\" \/>\n<meta property=\"og:url\" content=\"https:\/\/www.eldiario.net\/portal\/2024\/03\/25\/gastronomia-valluna-mostro-platos-tipicos-de-semana-santa\/\" \/>\n<meta property=\"og:site_name\" content=\"El Diario - Bolivia\" \/>\n<meta property=\"article:publisher\" content=\"https:\/\/www.facebook.com\/eldiario.bolivia\/\" \/>\n<meta property=\"article:published_time\" content=\"2024-03-25T11:21:03+00:00\" \/>\n<meta property=\"og:image\" content=\"https:\/\/www.eldiario.net\/portal\/wp-content\/uploads\/2024\/03\/MUJERES-COLOR.jpg\" \/>\n\t<meta property=\"og:image:width\" content=\"992\" \/>\n\t<meta property=\"og:image:height\" content=\"558\" \/>\n\t<meta property=\"og:image:type\" content=\"image\/jpeg\" \/>\n<meta name=\"author\" content=\"Jeanette\" \/>\n<meta name=\"twitter:card\" content=\"summary_large_image\" \/>\n<meta name=\"twitter:creator\" content=\"@eldiario_net\" \/>\n<meta name=\"twitter:site\" content=\"@eldiario_net\" \/>\n<meta name=\"twitter:label1\" content=\"Escrito por\" \/>\n\t<meta name=\"twitter:data1\" content=\"Jeanette\" \/>\n\t<meta name=\"twitter:label2\" content=\"Tiempo de lectura\" \/>\n\t<meta name=\"twitter:data2\" content=\"2 minutos\" \/>\n<script type=\"application\/ld+json\" class=\"yoast-schema-graph\">{\"@context\":\"https:\\\/\\\/schema.org\",\"@graph\":[{\"@type\":\"Article\",\"@id\":\"https:\\\/\\\/www.eldiario.net\\\/portal\\\/2024\\\/03\\\/25\\\/gastronomia-valluna-mostro-platos-tipicos-de-semana-santa\\\/#article\",\"isPartOf\":{\"@id\":\"https:\\\/\\\/www.eldiario.net\\\/portal\\\/2024\\\/03\\\/25\\\/gastronomia-valluna-mostro-platos-tipicos-de-semana-santa\\\/\"},\"author\":{\"name\":\"Jeanette\",\"@id\":\"https:\\\/\\\/www.eldiario.net\\\/portal\\\/#\\\/schema\\\/person\\\/f46445640444750d7d753ccd04ae01b7\"},\"headline\":\"Gastronom\u00eda valluna mostr\u00f3 platos t\u00edpicos de Semana Santa\",\"datePublished\":\"2024-03-25T11:21:03+00:00\",\"mainEntityOfPage\":{\"@id\":\"https:\\\/\\\/www.eldiario.net\\\/portal\\\/2024\\\/03\\\/25\\\/gastronomia-valluna-mostro-platos-tipicos-de-semana-santa\\\/\"},\"wordCount\":284,\"commentCount\":0,\"publisher\":{\"@id\":\"https:\\\/\\\/www.eldiario.net\\\/portal\\\/#organization\"},\"image\":{\"@id\":\"https:\\\/\\\/www.eldiario.net\\\/portal\\\/2024\\\/03\\\/25\\\/gastronomia-valluna-mostro-platos-tipicos-de-semana-santa\\\/#primaryimage\"},\"thumbnailUrl\":\"https:\\\/\\\/www.eldiario.net\\\/portal\\\/wp-content\\\/uploads\\\/2024\\\/03\\\/MUJERES-COLOR.jpg\",\"articleSection\":[\"Nacional\"],\"inLanguage\":\"es\",\"potentialAction\":[{\"@type\":\"CommentAction\",\"name\":\"Comment\",\"target\":[\"https:\\\/\\\/www.eldiario.net\\\/portal\\\/2024\\\/03\\\/25\\\/gastronomia-valluna-mostro-platos-tipicos-de-semana-santa\\\/#respond\"]}]},{\"@type\":\"WebPage\",\"@id\":\"https:\\\/\\\/www.eldiario.net\\\/portal\\\/2024\\\/03\\\/25\\\/gastronomia-valluna-mostro-platos-tipicos-de-semana-santa\\\/\",\"url\":\"https:\\\/\\\/www.eldiario.net\\\/portal\\\/2024\\\/03\\\/25\\\/gastronomia-valluna-mostro-platos-tipicos-de-semana-santa\\\/\",\"name\":\"Gastronom\u00eda valluna mostr\u00f3 platos t\u00edpicos de Semana Santa - El Diario - Bolivia\",\"isPartOf\":{\"@id\":\"https:\\\/\\\/www.eldiario.net\\\/portal\\\/#website\"},\"primaryImageOfPage\":{\"@id\":\"https:\\\/\\\/www.eldiario.net\\\/portal\\\/2024\\\/03\\\/25\\\/gastronomia-valluna-mostro-platos-tipicos-de-semana-santa\\\/#primaryimage\"},\"image\":{\"@id\":\"https:\\\/\\\/www.eldiario.net\\\/portal\\\/2024\\\/03\\\/25\\\/gastronomia-valluna-mostro-platos-tipicos-de-semana-santa\\\/#primaryimage\"},\"thumbnailUrl\":\"https:\\\/\\\/www.eldiario.net\\\/portal\\\/wp-content\\\/uploads\\\/2024\\\/03\\\/MUJERES-COLOR.jpg\",\"datePublished\":\"2024-03-25T11:21:03+00:00\",\"breadcrumb\":{\"@id\":\"https:\\\/\\\/www.eldiario.net\\\/portal\\\/2024\\\/03\\\/25\\\/gastronomia-valluna-mostro-platos-tipicos-de-semana-santa\\\/#breadcrumb\"},\"inLanguage\":\"es\",\"potentialAction\":[{\"@type\":\"ReadAction\",\"target\":[\"https:\\\/\\\/www.eldiario.net\\\/portal\\\/2024\\\/03\\\/25\\\/gastronomia-valluna-mostro-platos-tipicos-de-semana-santa\\\/\"]}]},{\"@type\":\"ImageObject\",\"inLanguage\":\"es\",\"@id\":\"https:\\\/\\\/www.eldiario.net\\\/portal\\\/2024\\\/03\\\/25\\\/gastronomia-valluna-mostro-platos-tipicos-de-semana-santa\\\/#primaryimage\",\"url\":\"https:\\\/\\\/www.eldiario.net\\\/portal\\\/wp-content\\\/uploads\\\/2024\\\/03\\\/MUJERES-COLOR.jpg\",\"contentUrl\":\"https:\\\/\\\/www.eldiario.net\\\/portal\\\/wp-content\\\/uploads\\\/2024\\\/03\\\/MUJERES-COLOR.jpg\",\"width\":992,\"height\":558,\"caption\":\"MUCHAS DE LAS EXPERTAS QUE PARTICIPARON DE LA ACTIVIDAD.\"},{\"@type\":\"BreadcrumbList\",\"@id\":\"https:\\\/\\\/www.eldiario.net\\\/portal\\\/2024\\\/03\\\/25\\\/gastronomia-valluna-mostro-platos-tipicos-de-semana-santa\\\/#breadcrumb\",\"itemListElement\":[{\"@type\":\"ListItem\",\"position\":1,\"name\":\"Portada\",\"item\":\"https:\\\/\\\/www.eldiario.net\\\/portal\\\/\"},{\"@type\":\"ListItem\",\"position\":2,\"name\":\"Gastronom\u00eda valluna mostr\u00f3 platos t\u00edpicos de Semana Santa\"}]},{\"@type\":\"WebSite\",\"@id\":\"https:\\\/\\\/www.eldiario.net\\\/portal\\\/#website\",\"url\":\"https:\\\/\\\/www.eldiario.net\\\/portal\\\/\",\"name\":\"El Diario - Decano de la prensa nacional\",\"description\":\"El Diario - Decano de la prensa nacional\",\"publisher\":{\"@id\":\"https:\\\/\\\/www.eldiario.net\\\/portal\\\/#organization\"},\"potentialAction\":[{\"@type\":\"SearchAction\",\"target\":{\"@type\":\"EntryPoint\",\"urlTemplate\":\"https:\\\/\\\/www.eldiario.net\\\/portal\\\/?s={search_term_string}\"},\"query-input\":{\"@type\":\"PropertyValueSpecification\",\"valueRequired\":true,\"valueName\":\"search_term_string\"}}],\"inLanguage\":\"es\"},{\"@type\":\"Organization\",\"@id\":\"https:\\\/\\\/www.eldiario.net\\\/portal\\\/#organization\",\"name\":\"El Diario - Decano de la prensa nacional\",\"url\":\"https:\\\/\\\/www.eldiario.net\\\/portal\\\/\",\"logo\":{\"@type\":\"ImageObject\",\"inLanguage\":\"es\",\"@id\":\"https:\\\/\\\/www.eldiario.net\\\/portal\\\/#\\\/schema\\\/logo\\\/image\\\/\",\"url\":\"https:\\\/\\\/www.eldiario.net\\\/portal\\\/wp-content\\\/uploads\\\/2023\\\/07\\\/logo_ED.jpg\",\"contentUrl\":\"https:\\\/\\\/www.eldiario.net\\\/portal\\\/wp-content\\\/uploads\\\/2023\\\/07\\\/logo_ED.jpg\",\"width\":272,\"height\":52,\"caption\":\"El Diario - Decano de la prensa nacional\"},\"image\":{\"@id\":\"https:\\\/\\\/www.eldiario.net\\\/portal\\\/#\\\/schema\\\/logo\\\/image\\\/\"},\"sameAs\":[\"https:\\\/\\\/www.facebook.com\\\/eldiario.bolivia\\\/\",\"https:\\\/\\\/x.com\\\/eldiario_net\"]},{\"@type\":\"Person\",\"@id\":\"https:\\\/\\\/www.eldiario.net\\\/portal\\\/#\\\/schema\\\/person\\\/f46445640444750d7d753ccd04ae01b7\",\"name\":\"Jeanette\",\"image\":{\"@type\":\"ImageObject\",\"inLanguage\":\"es\",\"@id\":\"https:\\\/\\\/secure.gravatar.com\\\/avatar\\\/3ea2118a5f7dad2b7138b1187a6b7ee55f160b9968b66013c3a3ef39dd7e5798?s=96&d=mm&r=g\",\"url\":\"https:\\\/\\\/secure.gravatar.com\\\/avatar\\\/3ea2118a5f7dad2b7138b1187a6b7ee55f160b9968b66013c3a3ef39dd7e5798?s=96&d=mm&r=g\",\"contentUrl\":\"https:\\\/\\\/secure.gravatar.com\\\/avatar\\\/3ea2118a5f7dad2b7138b1187a6b7ee55f160b9968b66013c3a3ef39dd7e5798?s=96&d=mm&r=g\",\"caption\":\"Jeanette\"},\"sameAs\":[\"https:\\\/\\\/www.eldiario.net\\\/portal\"],\"url\":\"https:\\\/\\\/www.eldiario.net\\\/portal\\\/author\\\/jeanette\\\/\"}]}<\/script>\n<!-- \/ Yoast SEO plugin. -->","yoast_head_json":{"title":"Gastronom\u00eda valluna mostr\u00f3 platos t\u00edpicos de Semana Santa - El Diario - Bolivia","robots":{"index":"index","follow":"follow","max-snippet":"max-snippet:-1","max-image-preview":"max-image-preview:large","max-video-preview":"max-video-preview:-1"},"canonical":"https:\/\/www.eldiario.net\/portal\/2024\/03\/25\/gastronomia-valluna-mostro-platos-tipicos-de-semana-santa\/","og_locale":"es_ES","og_type":"article","og_title":"Gastronom\u00eda valluna mostr\u00f3 platos t\u00edpicos de Semana Santa - El Diario - Bolivia","og_description":"El Festival de los 12 platos en Semana Santa se llev\u00f3 a cabo desde las 09:00 hasta las 18:00 en la plaza del Granado, ubicada en la calle Baptista y Ecuador, donde la poblaci\u00f3n disfrut\u00f3 de la comida de las fiestas religiosas. Por otra parte, el Parque Mariscal Santa Cruz, similar actividad con el escenario [&hellip;]","og_url":"https:\/\/www.eldiario.net\/portal\/2024\/03\/25\/gastronomia-valluna-mostro-platos-tipicos-de-semana-santa\/","og_site_name":"El Diario - Bolivia","article_publisher":"https:\/\/www.facebook.com\/eldiario.bolivia\/","article_published_time":"2024-03-25T11:21:03+00:00","og_image":[{"width":992,"height":558,"url":"https:\/\/www.eldiario.net\/portal\/wp-content\/uploads\/2024\/03\/MUJERES-COLOR.jpg","type":"image\/jpeg"}],"author":"Jeanette","twitter_card":"summary_large_image","twitter_creator":"@eldiario_net","twitter_site":"@eldiario_net","twitter_misc":{"Escrito por":"Jeanette","Tiempo de lectura":"2 minutos"},"schema":{"@context":"https:\/\/schema.org","@graph":[{"@type":"Article","@id":"https:\/\/www.eldiario.net\/portal\/2024\/03\/25\/gastronomia-valluna-mostro-platos-tipicos-de-semana-santa\/#article","isPartOf":{"@id":"https:\/\/www.eldiario.net\/portal\/2024\/03\/25\/gastronomia-valluna-mostro-platos-tipicos-de-semana-santa\/"},"author":{"name":"Jeanette","@id":"https:\/\/www.eldiario.net\/portal\/#\/schema\/person\/f46445640444750d7d753ccd04ae01b7"},"headline":"Gastronom\u00eda valluna mostr\u00f3 platos t\u00edpicos de Semana Santa","datePublished":"2024-03-25T11:21:03+00:00","mainEntityOfPage":{"@id":"https:\/\/www.eldiario.net\/portal\/2024\/03\/25\/gastronomia-valluna-mostro-platos-tipicos-de-semana-santa\/"},"wordCount":284,"commentCount":0,"publisher":{"@id":"https:\/\/www.eldiario.net\/portal\/#organization"},"image":{"@id":"https:\/\/www.eldiario.net\/portal\/2024\/03\/25\/gastronomia-valluna-mostro-platos-tipicos-de-semana-santa\/#primaryimage"},"thumbnailUrl":"https:\/\/www.eldiario.net\/portal\/wp-content\/uploads\/2024\/03\/MUJERES-COLOR.jpg","articleSection":["Nacional"],"inLanguage":"es","potentialAction":[{"@type":"CommentAction","name":"Comment","target":["https:\/\/www.eldiario.net\/portal\/2024\/03\/25\/gastronomia-valluna-mostro-platos-tipicos-de-semana-santa\/#respond"]}]},{"@type":"WebPage","@id":"https:\/\/www.eldiario.net\/portal\/2024\/03\/25\/gastronomia-valluna-mostro-platos-tipicos-de-semana-santa\/","url":"https:\/\/www.eldiario.net\/portal\/2024\/03\/25\/gastronomia-valluna-mostro-platos-tipicos-de-semana-santa\/","name":"Gastronom\u00eda valluna mostr\u00f3 platos t\u00edpicos de Semana Santa - El Diario - Bolivia","isPartOf":{"@id":"https:\/\/www.eldiario.net\/portal\/#website"},"primaryImageOfPage":{"@id":"https:\/\/www.eldiario.net\/portal\/2024\/03\/25\/gastronomia-valluna-mostro-platos-tipicos-de-semana-santa\/#primaryimage"},"image":{"@id":"https:\/\/www.eldiario.net\/portal\/2024\/03\/25\/gastronomia-valluna-mostro-platos-tipicos-de-semana-santa\/#primaryimage"},"thumbnailUrl":"https:\/\/www.eldiario.net\/portal\/wp-content\/uploads\/2024\/03\/MUJERES-COLOR.jpg","datePublished":"2024-03-25T11:21:03+00:00","breadcrumb":{"@id":"https:\/\/www.eldiario.net\/portal\/2024\/03\/25\/gastronomia-valluna-mostro-platos-tipicos-de-semana-santa\/#breadcrumb"},"inLanguage":"es","potentialAction":[{"@type":"ReadAction","target":["https:\/\/www.eldiario.net\/portal\/2024\/03\/25\/gastronomia-valluna-mostro-platos-tipicos-de-semana-santa\/"]}]},{"@type":"ImageObject","inLanguage":"es","@id":"https:\/\/www.eldiario.net\/portal\/2024\/03\/25\/gastronomia-valluna-mostro-platos-tipicos-de-semana-santa\/#primaryimage","url":"https:\/\/www.eldiario.net\/portal\/wp-content\/uploads\/2024\/03\/MUJERES-COLOR.jpg","contentUrl":"https:\/\/www.eldiario.net\/portal\/wp-content\/uploads\/2024\/03\/MUJERES-COLOR.jpg","width":992,"height":558,"caption":"MUCHAS DE LAS EXPERTAS QUE PARTICIPARON DE LA ACTIVIDAD."},{"@type":"BreadcrumbList","@id":"https:\/\/www.eldiario.net\/portal\/2024\/03\/25\/gastronomia-valluna-mostro-platos-tipicos-de-semana-santa\/#breadcrumb","itemListElement":[{"@type":"ListItem","position":1,"name":"Portada","item":"https:\/\/www.eldiario.net\/portal\/"},{"@type":"ListItem","position":2,"name":"Gastronom\u00eda valluna mostr\u00f3 platos t\u00edpicos de Semana Santa"}]},{"@type":"WebSite","@id":"https:\/\/www.eldiario.net\/portal\/#website","url":"https:\/\/www.eldiario.net\/portal\/","name":"El Diario - Decano de la prensa nacional","description":"El Diario - Decano de la prensa nacional","publisher":{"@id":"https:\/\/www.eldiario.net\/portal\/#organization"},"potentialAction":[{"@type":"SearchAction","target":{"@type":"EntryPoint","urlTemplate":"https:\/\/www.eldiario.net\/portal\/?s={search_term_string}"},"query-input":{"@type":"PropertyValueSpecification","valueRequired":true,"valueName":"search_term_string"}}],"inLanguage":"es"},{"@type":"Organization","@id":"https:\/\/www.eldiario.net\/portal\/#organization","name":"El Diario - Decano de la prensa nacional","url":"https:\/\/www.eldiario.net\/portal\/","logo":{"@type":"ImageObject","inLanguage":"es","@id":"https:\/\/www.eldiario.net\/portal\/#\/schema\/logo\/image\/","url":"https:\/\/www.eldiario.net\/portal\/wp-content\/uploads\/2023\/07\/logo_ED.jpg","contentUrl":"https:\/\/www.eldiario.net\/portal\/wp-content\/uploads\/2023\/07\/logo_ED.jpg","width":272,"height":52,"caption":"El Diario - Decano de la prensa nacional"},"image":{"@id":"https:\/\/www.eldiario.net\/portal\/#\/schema\/logo\/image\/"},"sameAs":["https:\/\/www.facebook.com\/eldiario.bolivia\/","https:\/\/x.com\/eldiario_net"]},{"@type":"Person","@id":"https:\/\/www.eldiario.net\/portal\/#\/schema\/person\/f46445640444750d7d753ccd04ae01b7","name":"Jeanette","image":{"@type":"ImageObject","inLanguage":"es","@id":"https:\/\/secure.gravatar.com\/avatar\/3ea2118a5f7dad2b7138b1187a6b7ee55f160b9968b66013c3a3ef39dd7e5798?s=96&d=mm&r=g","url":"https:\/\/secure.gravatar.com\/avatar\/3ea2118a5f7dad2b7138b1187a6b7ee55f160b9968b66013c3a3ef39dd7e5798?s=96&d=mm&r=g","contentUrl":"https:\/\/secure.gravatar.com\/avatar\/3ea2118a5f7dad2b7138b1187a6b7ee55f160b9968b66013c3a3ef39dd7e5798?s=96&d=mm&r=g","caption":"Jeanette"},"sameAs":["https:\/\/www.eldiario.net\/portal"],"url":"https:\/\/www.eldiario.net\/portal\/author\/jeanette\/"}]}},"_links":{"self":[{"href":"https:\/\/www.eldiario.net\/portal\/wp-json\/wp\/v2\/posts\/210147","targetHints":{"allow":["GET"]}}],"collection":[{"href":"https:\/\/www.eldiario.net\/portal\/wp-json\/wp\/v2\/posts"}],"about":[{"href":"https:\/\/www.eldiario.net\/portal\/wp-json\/wp\/v2\/types\/post"}],"author":[{"embeddable":true,"href":"https:\/\/www.eldiario.net\/portal\/wp-json\/wp\/v2\/users\/1"}],"replies":[{"embeddable":true,"href":"https:\/\/www.eldiario.net\/portal\/wp-json\/wp\/v2\/comments?post=210147"}],"version-history":[{"count":1,"href":"https:\/\/www.eldiario.net\/portal\/wp-json\/wp\/v2\/posts\/210147\/revisions"}],"predecessor-version":[{"id":210149,"href":"https:\/\/www.eldiario.net\/portal\/wp-json\/wp\/v2\/posts\/210147\/revisions\/210149"}],"wp:featuredmedia":[{"embeddable":true,"href":"https:\/\/www.eldiario.net\/portal\/wp-json\/wp\/v2\/media\/210148"}],"wp:attachment":[{"href":"https:\/\/www.eldiario.net\/portal\/wp-json\/wp\/v2\/media?parent=210147"}],"wp:term":[{"taxonomy":"category","embeddable":true,"href":"https:\/\/www.eldiario.net\/portal\/wp-json\/wp\/v2\/categories?post=210147"},{"taxonomy":"post_tag","embeddable":true,"href":"https:\/\/www.eldiario.net\/portal\/wp-json\/wp\/v2\/tags?post=210147"}],"curies":[{"name":"wp","href":"https:\/\/api.w.org\/{rel}","templated":true}]}}