{"id":21014,"date":"2021-08-03T07:23:14","date_gmt":"2021-08-03T11:23:14","guid":{"rendered":"https:\/\/www.eldiario.net\/portal\/?p=21014"},"modified":"2021-08-03T07:23:14","modified_gmt":"2021-08-03T11:23:14","slug":"los-paises-pobres-y-el-accionar-del-pnud","status":"publish","type":"post","link":"https:\/\/www.eldiario.net\/portal\/2021\/08\/03\/los-paises-pobres-y-el-accionar-del-pnud\/","title":{"rendered":"Los pa\u00edses pobres y el accionar del PNUD"},"content":{"rendered":"<p>&nbsp;<\/p>\n<p><em><span class=\"dropcap \" style=\"background-color: #ffffff; color: #000000; border-color: #ffffff;\">M<\/span>uchas veces, desde el a\u00f1o l948 &#8211;a\u00f1o de fundaci\u00f3n de Naciones Unidas&#8211; el Programa para el Desarrollo (PNUD) adquiri\u00f3 singular importancia y prestigio debido a su accionar a favor de los pa\u00edses pobres y subdesarrollados. Lo que le ha valido consideraci\u00f3n es que realiza su labor en forma an\u00f3nima, sin publicidad ni propaganda como otros organismos, sin mayores lineamientos pol\u00edticos y solo atenido a los principios humanitarios de las Naciones Unidas.<\/em><\/p>\n<p><em>Son varios los beneficios que han recibido los pa\u00edses del Cuarto y Tercer Mundo por los planes de desarrollo que programa dicha entidad, especialmente provisi\u00f3n de vivienda, desarrollo de la agricultura, construcci\u00f3n de caminos vecinales, reactivaci\u00f3n de industrias manufactureras, agr\u00edcolas y ganaderas, brindando apoyo t\u00e9cnico y financiero.<\/em><\/p>\n<p><em>Sin desmerecer la gran labor desarrollada por el PNUD, para evitar que su trabajo se diluya, lo pr\u00e1ctico ser\u00eda planificar un desarrollo arm\u00f3nico y sostenido para crear empresas que se desarrollen, planifiquen qu\u00e9, cu\u00e1nto y c\u00f3mo van a producir con el fin de satisfacer, en primera instancia, las necesidades del mercado interno y luego al aumentar la producci\u00f3n y mejorar la calidad, lograr mercados en el exterior con la mira puesta en el logro de divisas que, a su vez, contribuyan a ampliar actividades con la apertura de nuevas fuentes productivas\u00a0 capaces de atender la demanda extranjera.<\/em><\/p>\n<p><em>El PNUD, conjuntamente otras organizaciones de la ONU (por ejemplo, Unicef), debe y puede reorganizar sus programas en conjunci\u00f3n con los mismos pa\u00edses interesados para establecer prioridades sobre lo que debe emprender cada uno y tratar de lograr una producci\u00f3n que satisfaga, en primera instancia, las propias necesidades y luego incursione en el mercado externo que, en los \u00faltimos dos a\u00f1os, ha sido descuidado y hasta abandonado por efecto de la pandemia, como ha ocurrido en todo el mundo. Cada pa\u00eds pobre sabe de sus urgencias y necesidades y conoce qu\u00e9 es lo que tiene que hacer contando con ayuda financiera, tecnol\u00f3gica y humana. Muchas veces se sostuvo que no es posible cambiar planes porque \u201clas naciones interesadas no quieren perder tutela sobre los programas sino controlar por s\u00ed mismas\u201d. Este procedimiento ha impedido que instituciones de ayuda puedan obrar conjuntamente los pueblos en la concreci\u00f3n de industrias peque\u00f1as que, f\u00e1cilmente, pueden ser proveedoras de empleo y especializaci\u00f3n de mano de obra, para luego hacer que ese mismo personal incursione en las universidades con miras a lograr profesionalizaci\u00f3n en diferentes disciplinas.<\/em><\/p>\n","protected":false},"excerpt":{"rendered":"<p>&nbsp; Muchas veces, desde el a\u00f1o l948 &#8211;a\u00f1o de fundaci\u00f3n de Naciones Unidas&#8211; el Programa para el Desarrollo (PNUD) adquiri\u00f3 singular importancia y prestigio debido a su accionar a favor de los pa\u00edses pobres y subdesarrollados. Lo que le ha valido consideraci\u00f3n es que realiza su labor en forma an\u00f3nima, sin publicidad ni propaganda como [&hellip;]<\/p>\n","protected":false},"author":1,"featured_media":0,"comment_status":"closed","ping_status":"closed","sticky":false,"template":"","format":"standard","meta":{"_acf_changed":false,"footnotes":""},"categories":[4],"tags":[],"class_list":["post-21014","post","type-post","status-publish","format-standard","category-editorial"],"acf":{"antetitulo":""},"yoast_head":"<!-- This site is optimized with the Yoast SEO plugin v28.4 - https:\/\/yoast.com\/product\/yoast-seo-wordpress\/ -->\n<title>Los pa\u00edses pobres y el accionar del PNUD - El Diario - Bolivia<\/title>\n<meta name=\"robots\" content=\"index, follow, max-snippet:-1, max-image-preview:large, max-video-preview:-1\" \/>\n<link rel=\"canonical\" href=\"https:\/\/www.eldiario.net\/portal\/2021\/08\/03\/los-paises-pobres-y-el-accionar-del-pnud\/\" \/>\n<meta property=\"og:locale\" content=\"es_ES\" \/>\n<meta property=\"og:type\" content=\"article\" \/>\n<meta property=\"og:title\" content=\"Los pa\u00edses pobres y el accionar del PNUD - El Diario - Bolivia\" \/>\n<meta property=\"og:description\" content=\"&nbsp; Muchas veces, desde el a\u00f1o l948 &#8211;a\u00f1o de fundaci\u00f3n de Naciones Unidas&#8211; el Programa para el Desarrollo (PNUD) adquiri\u00f3 singular importancia y prestigio debido a su accionar a favor de los pa\u00edses pobres y subdesarrollados. Lo que le ha valido consideraci\u00f3n es que realiza su labor en forma an\u00f3nima, sin publicidad ni propaganda como [&hellip;]\" \/>\n<meta property=\"og:url\" content=\"https:\/\/www.eldiario.net\/portal\/2021\/08\/03\/los-paises-pobres-y-el-accionar-del-pnud\/\" \/>\n<meta property=\"og:site_name\" content=\"El Diario - Bolivia\" \/>\n<meta property=\"article:publisher\" content=\"https:\/\/www.facebook.com\/eldiario.bolivia\/\" \/>\n<meta property=\"article:published_time\" content=\"2021-08-03T11:23:14+00:00\" \/>\n<meta name=\"author\" content=\"Jeanette\" \/>\n<meta name=\"twitter:card\" content=\"summary_large_image\" \/>\n<meta name=\"twitter:creator\" content=\"@eldiario_net\" \/>\n<meta name=\"twitter:site\" content=\"@eldiario_net\" \/>\n<meta name=\"twitter:label1\" content=\"Escrito por\" \/>\n\t<meta name=\"twitter:data1\" content=\"Jeanette\" \/>\n\t<meta name=\"twitter:label2\" content=\"Tiempo de lectura\" \/>\n\t<meta name=\"twitter:data2\" content=\"2 minutos\" \/>\n<script type=\"application\/ld+json\" class=\"yoast-schema-graph\">{\"@context\":\"https:\\\/\\\/schema.org\",\"@graph\":[{\"@type\":\"Article\",\"@id\":\"https:\\\/\\\/www.eldiario.net\\\/portal\\\/2021\\\/08\\\/03\\\/los-paises-pobres-y-el-accionar-del-pnud\\\/#article\",\"isPartOf\":{\"@id\":\"https:\\\/\\\/www.eldiario.net\\\/portal\\\/2021\\\/08\\\/03\\\/los-paises-pobres-y-el-accionar-del-pnud\\\/\"},\"author\":{\"name\":\"Jeanette\",\"@id\":\"https:\\\/\\\/www.eldiario.net\\\/portal\\\/#\\\/schema\\\/person\\\/f46445640444750d7d753ccd04ae01b7\"},\"headline\":\"Los pa\u00edses pobres y el accionar del PNUD\",\"datePublished\":\"2021-08-03T11:23:14+00:00\",\"mainEntityOfPage\":{\"@id\":\"https:\\\/\\\/www.eldiario.net\\\/portal\\\/2021\\\/08\\\/03\\\/los-paises-pobres-y-el-accionar-del-pnud\\\/\"},\"wordCount\":436,\"publisher\":{\"@id\":\"https:\\\/\\\/www.eldiario.net\\\/portal\\\/#organization\"},\"articleSection\":[\"Editorial\"],\"inLanguage\":\"es\"},{\"@type\":\"WebPage\",\"@id\":\"https:\\\/\\\/www.eldiario.net\\\/portal\\\/2021\\\/08\\\/03\\\/los-paises-pobres-y-el-accionar-del-pnud\\\/\",\"url\":\"https:\\\/\\\/www.eldiario.net\\\/portal\\\/2021\\\/08\\\/03\\\/los-paises-pobres-y-el-accionar-del-pnud\\\/\",\"name\":\"Los pa\u00edses pobres y el accionar del PNUD - El Diario - Bolivia\",\"isPartOf\":{\"@id\":\"https:\\\/\\\/www.eldiario.net\\\/portal\\\/#website\"},\"datePublished\":\"2021-08-03T11:23:14+00:00\",\"breadcrumb\":{\"@id\":\"https:\\\/\\\/www.eldiario.net\\\/portal\\\/2021\\\/08\\\/03\\\/los-paises-pobres-y-el-accionar-del-pnud\\\/#breadcrumb\"},\"inLanguage\":\"es\",\"potentialAction\":[{\"@type\":\"ReadAction\",\"target\":[\"https:\\\/\\\/www.eldiario.net\\\/portal\\\/2021\\\/08\\\/03\\\/los-paises-pobres-y-el-accionar-del-pnud\\\/\"]}]},{\"@type\":\"BreadcrumbList\",\"@id\":\"https:\\\/\\\/www.eldiario.net\\\/portal\\\/2021\\\/08\\\/03\\\/los-paises-pobres-y-el-accionar-del-pnud\\\/#breadcrumb\",\"itemListElement\":[{\"@type\":\"ListItem\",\"position\":1,\"name\":\"Portada\",\"item\":\"https:\\\/\\\/www.eldiario.net\\\/portal\\\/\"},{\"@type\":\"ListItem\",\"position\":2,\"name\":\"Los pa\u00edses pobres y el accionar del PNUD\"}]},{\"@type\":\"WebSite\",\"@id\":\"https:\\\/\\\/www.eldiario.net\\\/portal\\\/#website\",\"url\":\"https:\\\/\\\/www.eldiario.net\\\/portal\\\/\",\"name\":\"El Diario - Decano de la prensa nacional\",\"description\":\"El Diario - Decano de la prensa nacional\",\"publisher\":{\"@id\":\"https:\\\/\\\/www.eldiario.net\\\/portal\\\/#organization\"},\"potentialAction\":[{\"@type\":\"SearchAction\",\"target\":{\"@type\":\"EntryPoint\",\"urlTemplate\":\"https:\\\/\\\/www.eldiario.net\\\/portal\\\/?s={search_term_string}\"},\"query-input\":{\"@type\":\"PropertyValueSpecification\",\"valueRequired\":true,\"valueName\":\"search_term_string\"}}],\"inLanguage\":\"es\"},{\"@type\":\"Organization\",\"@id\":\"https:\\\/\\\/www.eldiario.net\\\/portal\\\/#organization\",\"name\":\"El Diario - Decano de la prensa nacional\",\"url\":\"https:\\\/\\\/www.eldiario.net\\\/portal\\\/\",\"logo\":{\"@type\":\"ImageObject\",\"inLanguage\":\"es\",\"@id\":\"https:\\\/\\\/www.eldiario.net\\\/portal\\\/#\\\/schema\\\/logo\\\/image\\\/\",\"url\":\"https:\\\/\\\/www.eldiario.net\\\/portal\\\/wp-content\\\/uploads\\\/2023\\\/07\\\/logo_ED.jpg\",\"contentUrl\":\"https:\\\/\\\/www.eldiario.net\\\/portal\\\/wp-content\\\/uploads\\\/2023\\\/07\\\/logo_ED.jpg\",\"width\":272,\"height\":52,\"caption\":\"El Diario - Decano de la prensa nacional\"},\"image\":{\"@id\":\"https:\\\/\\\/www.eldiario.net\\\/portal\\\/#\\\/schema\\\/logo\\\/image\\\/\"},\"sameAs\":[\"https:\\\/\\\/www.facebook.com\\\/eldiario.bolivia\\\/\",\"https:\\\/\\\/x.com\\\/eldiario_net\"]},{\"@type\":\"Person\",\"@id\":\"https:\\\/\\\/www.eldiario.net\\\/portal\\\/#\\\/schema\\\/person\\\/f46445640444750d7d753ccd04ae01b7\",\"name\":\"Jeanette\",\"image\":{\"@type\":\"ImageObject\",\"inLanguage\":\"es\",\"@id\":\"https:\\\/\\\/secure.gravatar.com\\\/avatar\\\/3ea2118a5f7dad2b7138b1187a6b7ee55f160b9968b66013c3a3ef39dd7e5798?s=96&d=mm&r=g\",\"url\":\"https:\\\/\\\/secure.gravatar.com\\\/avatar\\\/3ea2118a5f7dad2b7138b1187a6b7ee55f160b9968b66013c3a3ef39dd7e5798?s=96&d=mm&r=g\",\"contentUrl\":\"https:\\\/\\\/secure.gravatar.com\\\/avatar\\\/3ea2118a5f7dad2b7138b1187a6b7ee55f160b9968b66013c3a3ef39dd7e5798?s=96&d=mm&r=g\",\"caption\":\"Jeanette\"},\"sameAs\":[\"https:\\\/\\\/www.eldiario.net\\\/portal\"],\"url\":\"https:\\\/\\\/www.eldiario.net\\\/portal\\\/author\\\/jeanette\\\/\"}]}<\/script>\n<!-- \/ Yoast SEO plugin. -->","yoast_head_json":{"title":"Los pa\u00edses pobres y el accionar del PNUD - El Diario - Bolivia","robots":{"index":"index","follow":"follow","max-snippet":"max-snippet:-1","max-image-preview":"max-image-preview:large","max-video-preview":"max-video-preview:-1"},"canonical":"https:\/\/www.eldiario.net\/portal\/2021\/08\/03\/los-paises-pobres-y-el-accionar-del-pnud\/","og_locale":"es_ES","og_type":"article","og_title":"Los pa\u00edses pobres y el accionar del PNUD - El Diario - Bolivia","og_description":"&nbsp; Muchas veces, desde el a\u00f1o l948 &#8211;a\u00f1o de fundaci\u00f3n de Naciones Unidas&#8211; el Programa para el Desarrollo (PNUD) adquiri\u00f3 singular importancia y prestigio debido a su accionar a favor de los pa\u00edses pobres y subdesarrollados. Lo que le ha valido consideraci\u00f3n es que realiza su labor en forma an\u00f3nima, sin publicidad ni propaganda como [&hellip;]","og_url":"https:\/\/www.eldiario.net\/portal\/2021\/08\/03\/los-paises-pobres-y-el-accionar-del-pnud\/","og_site_name":"El Diario - Bolivia","article_publisher":"https:\/\/www.facebook.com\/eldiario.bolivia\/","article_published_time":"2021-08-03T11:23:14+00:00","author":"Jeanette","twitter_card":"summary_large_image","twitter_creator":"@eldiario_net","twitter_site":"@eldiario_net","twitter_misc":{"Escrito por":"Jeanette","Tiempo de lectura":"2 minutos"},"schema":{"@context":"https:\/\/schema.org","@graph":[{"@type":"Article","@id":"https:\/\/www.eldiario.net\/portal\/2021\/08\/03\/los-paises-pobres-y-el-accionar-del-pnud\/#article","isPartOf":{"@id":"https:\/\/www.eldiario.net\/portal\/2021\/08\/03\/los-paises-pobres-y-el-accionar-del-pnud\/"},"author":{"name":"Jeanette","@id":"https:\/\/www.eldiario.net\/portal\/#\/schema\/person\/f46445640444750d7d753ccd04ae01b7"},"headline":"Los pa\u00edses pobres y el accionar del PNUD","datePublished":"2021-08-03T11:23:14+00:00","mainEntityOfPage":{"@id":"https:\/\/www.eldiario.net\/portal\/2021\/08\/03\/los-paises-pobres-y-el-accionar-del-pnud\/"},"wordCount":436,"publisher":{"@id":"https:\/\/www.eldiario.net\/portal\/#organization"},"articleSection":["Editorial"],"inLanguage":"es"},{"@type":"WebPage","@id":"https:\/\/www.eldiario.net\/portal\/2021\/08\/03\/los-paises-pobres-y-el-accionar-del-pnud\/","url":"https:\/\/www.eldiario.net\/portal\/2021\/08\/03\/los-paises-pobres-y-el-accionar-del-pnud\/","name":"Los pa\u00edses pobres y el accionar del PNUD - El Diario - Bolivia","isPartOf":{"@id":"https:\/\/www.eldiario.net\/portal\/#website"},"datePublished":"2021-08-03T11:23:14+00:00","breadcrumb":{"@id":"https:\/\/www.eldiario.net\/portal\/2021\/08\/03\/los-paises-pobres-y-el-accionar-del-pnud\/#breadcrumb"},"inLanguage":"es","potentialAction":[{"@type":"ReadAction","target":["https:\/\/www.eldiario.net\/portal\/2021\/08\/03\/los-paises-pobres-y-el-accionar-del-pnud\/"]}]},{"@type":"BreadcrumbList","@id":"https:\/\/www.eldiario.net\/portal\/2021\/08\/03\/los-paises-pobres-y-el-accionar-del-pnud\/#breadcrumb","itemListElement":[{"@type":"ListItem","position":1,"name":"Portada","item":"https:\/\/www.eldiario.net\/portal\/"},{"@type":"ListItem","position":2,"name":"Los pa\u00edses pobres y el accionar del PNUD"}]},{"@type":"WebSite","@id":"https:\/\/www.eldiario.net\/portal\/#website","url":"https:\/\/www.eldiario.net\/portal\/","name":"El Diario - Decano de la prensa nacional","description":"El Diario - Decano de la prensa nacional","publisher":{"@id":"https:\/\/www.eldiario.net\/portal\/#organization"},"potentialAction":[{"@type":"SearchAction","target":{"@type":"EntryPoint","urlTemplate":"https:\/\/www.eldiario.net\/portal\/?s={search_term_string}"},"query-input":{"@type":"PropertyValueSpecification","valueRequired":true,"valueName":"search_term_string"}}],"inLanguage":"es"},{"@type":"Organization","@id":"https:\/\/www.eldiario.net\/portal\/#organization","name":"El Diario - Decano de la prensa nacional","url":"https:\/\/www.eldiario.net\/portal\/","logo":{"@type":"ImageObject","inLanguage":"es","@id":"https:\/\/www.eldiario.net\/portal\/#\/schema\/logo\/image\/","url":"https:\/\/www.eldiario.net\/portal\/wp-content\/uploads\/2023\/07\/logo_ED.jpg","contentUrl":"https:\/\/www.eldiario.net\/portal\/wp-content\/uploads\/2023\/07\/logo_ED.jpg","width":272,"height":52,"caption":"El Diario - Decano de la prensa nacional"},"image":{"@id":"https:\/\/www.eldiario.net\/portal\/#\/schema\/logo\/image\/"},"sameAs":["https:\/\/www.facebook.com\/eldiario.bolivia\/","https:\/\/x.com\/eldiario_net"]},{"@type":"Person","@id":"https:\/\/www.eldiario.net\/portal\/#\/schema\/person\/f46445640444750d7d753ccd04ae01b7","name":"Jeanette","image":{"@type":"ImageObject","inLanguage":"es","@id":"https:\/\/secure.gravatar.com\/avatar\/3ea2118a5f7dad2b7138b1187a6b7ee55f160b9968b66013c3a3ef39dd7e5798?s=96&d=mm&r=g","url":"https:\/\/secure.gravatar.com\/avatar\/3ea2118a5f7dad2b7138b1187a6b7ee55f160b9968b66013c3a3ef39dd7e5798?s=96&d=mm&r=g","contentUrl":"https:\/\/secure.gravatar.com\/avatar\/3ea2118a5f7dad2b7138b1187a6b7ee55f160b9968b66013c3a3ef39dd7e5798?s=96&d=mm&r=g","caption":"Jeanette"},"sameAs":["https:\/\/www.eldiario.net\/portal"],"url":"https:\/\/www.eldiario.net\/portal\/author\/jeanette\/"}]}},"_links":{"self":[{"href":"https:\/\/www.eldiario.net\/portal\/wp-json\/wp\/v2\/posts\/21014","targetHints":{"allow":["GET"]}}],"collection":[{"href":"https:\/\/www.eldiario.net\/portal\/wp-json\/wp\/v2\/posts"}],"about":[{"href":"https:\/\/www.eldiario.net\/portal\/wp-json\/wp\/v2\/types\/post"}],"author":[{"embeddable":true,"href":"https:\/\/www.eldiario.net\/portal\/wp-json\/wp\/v2\/users\/1"}],"replies":[{"embeddable":true,"href":"https:\/\/www.eldiario.net\/portal\/wp-json\/wp\/v2\/comments?post=21014"}],"version-history":[{"count":0,"href":"https:\/\/www.eldiario.net\/portal\/wp-json\/wp\/v2\/posts\/21014\/revisions"}],"wp:attachment":[{"href":"https:\/\/www.eldiario.net\/portal\/wp-json\/wp\/v2\/media?parent=21014"}],"wp:term":[{"taxonomy":"category","embeddable":true,"href":"https:\/\/www.eldiario.net\/portal\/wp-json\/wp\/v2\/categories?post=21014"},{"taxonomy":"post_tag","embeddable":true,"href":"https:\/\/www.eldiario.net\/portal\/wp-json\/wp\/v2\/tags?post=21014"}],"curies":[{"name":"wp","href":"https:\/\/api.w.org\/{rel}","templated":true}]}}