{"id":21009,"date":"2021-08-03T07:21:23","date_gmt":"2021-08-03T11:21:23","guid":{"rendered":"https:\/\/www.eldiario.net\/portal\/?p=21009"},"modified":"2021-08-03T07:21:23","modified_gmt":"2021-08-03T11:21:23","slug":"la-csutcb-los-indios-aymaras-evo-y-alvaro","status":"publish","type":"post","link":"https:\/\/www.eldiario.net\/portal\/2021\/08\/03\/la-csutcb-los-indios-aymaras-evo-y-alvaro\/","title":{"rendered":"La CSUTCB, los indios aymaras, Evo y \u00c1lvaro"},"content":{"rendered":"<p>&nbsp;<\/p>\n<ol>\n<li>El 2 de agosto se recuerda el \u00abD\u00eda del Indio\u00bb, instituido en 1937 por el presidente Germ\u00e1n Busch por la c\u00e9lebre obra \u00abEscuela Profesional de Ind\u00edgenas Warisata\u00bb que termin\u00f3 saqueada por temerosos gobernantes de la d\u00e9cada 1940 y su triplete \u00abRosca\u00bb: Pati\u00f1o, Hochschild y Aramayo. Una organizaci\u00f3n india base es la Confederaci\u00f3n Sindical \u00danica de Trabajadores Campesinos de Bolivia CSUTCB que naci\u00f3 en el 1er. Congreso de junio 1979, cuando varias fracciones \u2013ocasionadas en parte por el Pacto Militar Campesino\u2013 unificaron criterios y eligieron a Genaro Flores como secretario ejecutivo. Por eso la llamamos \u00ab\u00danica\u00bb, para evitar fraccionarla otra vez.<\/li>\n<li>Cuando personalmente encabec\u00e9 la fundaci\u00f3n de la UPEA (mayo a septiembre de 2000) firmamos un hist\u00f3rico Voto Resolutivo con el ejecutivo de CSUTCB, Felipe Quispe Mallku, para apoyar el reclamo aymara y a la vez fundar la UPEA. Desde entonces, por 20 a\u00f1os y en sucesivos congresos, la CSUTCB eligi\u00f3 siete ejecutivos: Rom\u00e1n Loayza (Quechua, junio 2003), Isaac \u00c1valos (Oriente, marzo 2006), Roberto Coraite (Quechua, abril 2010), Dami\u00e1n Condori (Quechua, junio 2013), Feliciano Vegamonte (Chapare, junio 2015), Jacinto Herrera (Oriente, junio 2017) y el actual Ever Rojas (Quechua, noviembre 2020).<\/li>\n<li>Los campesinos siempre fueron tentados a la cooptaci\u00f3n. Lo dice la historia. El dictador Ren\u00e9 Barrientos les hablaba en quechua y los convenci\u00f3 del \u00abPacto Militar Campesino\u00bb mediante prebenda a sus dirigentes y los hizo enemigos de los trabajadores (fabriles, mineros y otros) y la base social boliviana se polariz\u00f3. Ello explica la rebaja de salarios y despido a mineros en 1965 y la Masacre de San Juan en 1967.<\/li>\n<\/ol>\n<p>&nbsp;<\/p>\n<p><strong>INNATA REBELD\u00cdA AYMARA<\/strong><\/p>\n<ol start=\"4\">\n<li>Los campesinos en general, y los aymaras en particular, conservan una innata rebeld\u00eda, fundada en aquella frase del fil\u00f3sofo Juan Gin\u00e9s de Sep\u00falveda: \u00ab<em>Los indios no tienen alma&#8230; por eso deben ser esclavizados<\/em>\u00ab. Y la historia da mucho ejemplo de rebeld\u00eda: Juli\u00e1n Apaza-T\u00fapac Katari (1781), Felipe Quispe Mallku (2000-2003) entre otros. Y ese esp\u00edritu y acci\u00f3n rebeldes siempre estuvieron en riesgo de ser aplacados.<\/li>\n<li>Por ejemplo, el temeroso ministro de la Presidencia del a\u00f1o 2000, Walter Guiteras, tuvo una dura e hist\u00f3rica confrontaci\u00f3n con el Mallku, en abril de 2000 en la sede de C\u00e1ritas La Paz \u2013que me toc\u00f3 presenciar\u2013 y me record\u00f3, y era como verlos, a Sep\u00falveda y a Katari&#8230; No hubo acuerdo Guiteras-Mallku; y Bolivia no resolvi\u00f3, hasta hoy, \u00abel problema del indio\u00bb.<\/li>\n<li>En este 2021, los ex mandatarios Evo y \u00c1lvaro est\u00e1n nerviosos y renovaron su temor que ya parece de clase social. Morales insult\u00f3 a los alte\u00f1os, que tienen mayor\u00eda poblacional aymara (VER lostiempos.com\/actualidad\/pais\/20210628\/alto-fejuve-da-48-horas-evo-morales-disculparse). Y Garc\u00eda coopt\u00f3 (someti\u00f3) a dirigentes y ex autoridades, como Rodolfo Machaca o Franklin Flores (VER urgente.bo\/noticia\/flores-garc%C3%ADa-linera-es-insustituible-y-eso-fue-ratificado-por-todos-los-rectores-mas). Pero la rebeld\u00eda est\u00e1 por encima de nombres, es colectiva, social.<\/li>\n<\/ol>\n<p><strong>\u00a0<\/strong><\/p>\n<p><strong>EVO Y \u00c1LVARO TEMEROSOS<\/strong><\/p>\n<ol start=\"7\">\n<li>Durante 14 a\u00f1os que les toc\u00f3 gobernar, Evo y \u00c1lvaro, apoyados por Juan Ram\u00f3n Quintana, mostraron temor ante los aymaras. Desde 2006, ninguno de los siete secretarios ejecutivos de la CSUTCB fue o es aymara. Es probable que desde la \u00e9poca del Mallku el gobierno del MAS haya intentado \u2013sin lograrlo\u2013 someter a los aymaras. Debe ser un trauma y es motivo de estudio cient\u00edfico.<\/li>\n<li>Como Presidente, Evo ten\u00eda ascendencia, influencia y decisi\u00f3n vertical en los congresos de la CSUTCB que eleg\u00edan dirigentes. Y siempre tomaba previsiones para evitar que un aymara encabece esa organizaci\u00f3n, y ese trabajo le correspond\u00eda, por 14 a\u00f1os al Viceministerio de Coordinaci\u00f3n con Organizaciones Sociales. O sea, era asunto de Estado.<\/li>\n<li>Como Vicepresidente, el histri\u00f3nico \u00c1lvaro se empe\u00f1\u00f3 en adular, en exceso, a las organizaciones sociales del Pacto de Unidad (campesinos, colonizadores, COB, \u00abBartolinas\u00bb y Conamaq), pero a la vez, someter a sus dirigentes. Y, eventualmente, lograr la expulsi\u00f3n \u2013o eliminaci\u00f3n f\u00edsica\u2013 de alg\u00fan d\u00edscolo o \u00ablibre pensante\u00bb. El caso Ayar Quispe, asesinado en mayo de 2015, es un ejemplo.<\/li>\n<\/ol>\n<p>&nbsp;<\/p>\n<ol start=\"10\">\n<li>\u00bfCONCLUSIONES?<\/li>\n<li>a) La CSUTCB comenz\u00f3 este Siglo XXI con sometimiento expl\u00edcito ante el gobierno y el poder pol\u00edtico. Prueba irrefutable: La n\u00f3mina de sus secretarios ejecutivos y su origen \u00e9tnico, en dos d\u00e9cadas y siete congresos nacionales detallados aqu\u00ed. Ergo: Ning\u00fan rebelde aymara puede dirigir la CSUTCB.<\/li>\n<li>b) El pueblo ind\u00edgena aymara, como parte de la base social boliviana, est\u00e1 dividido, polarizado. Una parte mantiene obsecuencia (o sometimiento) ante la tripleta Evo-\u00c1lvaro-Quintana. Otra parte tiene rebeld\u00eda contenida no expl\u00edcita que crece y busca oportunidad para expresarse.<\/li>\n<li>c) Morales logr\u00f3 someter a la CSUTCB y a los aymaras mediante habilidosos ex diputados como Flores o ex viceministros como Machaca, pero no alcanz\u00f3. Prueba irrefutable: Evo renunci\u00f3 en 2019, escap\u00f3 y se mostr\u00f3 cual delincuente confeso, como \u00e9l mismo escribi\u00f3.<\/li>\n<li>d) Garc\u00eda Linera se esforz\u00f3 en grandilocuencia. En noviembre 2015 asegur\u00f3 ante ni\u00f1os campesinos en Tiwanacu, que si Evo deja el poder \u00ab<em>el sol se esconder\u00e1 y la luna se escapar\u00e1<\/em>\u00bb (VER paginasiete.bo\/nacional\/2015\/11\/25\/garcia-linera-asegura-escondera-todo-sera-tristeza-78126.html). Es prueba irrefutable de irrespeto al indio en su condici\u00f3n humana y de raciocinio.<\/li>\n<li>e) A una d\u00e9cada de vigencia de la Nueva Constituci\u00f3n Pol\u00edtica del Estado (febrero 2009), Bolivia incorpor\u00f3 al indio al Estado, solo simb\u00f3licamente. El MAS, que conduce al pa\u00eds por m\u00e1s de 15 a\u00f1os en este Siglo XXI, le impide formarse integralmente (Evo desprecia a la Universidad) y por ello designa como autoridades a personas con educaci\u00f3n incompleta, como el propio Evo.<\/li>\n<li>f) Post Data: Aqu\u00ed escribimos con fundamento y fuente. Todo criterio es rescatable si es respetuoso.<\/li>\n<\/ol>\n<p>&nbsp;<\/p>\n<p><em>Edgar Ramos Andrade, comunicador, investigador y activista social, devenido en historiador por necesidad nacional. Es autor de \u00abNinguneados y despreciados de Bolivia\u00bb (calendario de pared, cartilla, y libro en edici\u00f3n final) entre otros.<\/em><\/p>\n<p>&nbsp;<\/p>\n<p>chaco.amazonia@gmail.com<\/p>\n","protected":false},"excerpt":{"rendered":"<p>&nbsp; El 2 de agosto se recuerda el \u00abD\u00eda del Indio\u00bb, instituido en 1937 por el presidente Germ\u00e1n Busch por la c\u00e9lebre obra \u00abEscuela Profesional de Ind\u00edgenas Warisata\u00bb que termin\u00f3 saqueada por temerosos gobernantes de la d\u00e9cada 1940 y su triplete \u00abRosca\u00bb: Pati\u00f1o, Hochschild y Aramayo. Una organizaci\u00f3n india base es la Confederaci\u00f3n Sindical \u00danica [&hellip;]<\/p>\n","protected":false},"author":1,"featured_media":0,"comment_status":"closed","ping_status":"closed","sticky":false,"template":"","format":"standard","meta":{"_acf_changed":false,"footnotes":""},"categories":[9],"tags":[],"class_list":["post-21009","post","type-post","status-publish","format-standard","category-opinion"],"acf":{"antetitulo":""},"yoast_head":"<!-- This site is optimized with the Yoast SEO plugin v28.4 - https:\/\/yoast.com\/product\/yoast-seo-wordpress\/ -->\n<title>La CSUTCB, los indios aymaras, Evo y \u00c1lvaro - El Diario - Bolivia<\/title>\n<meta name=\"robots\" content=\"index, follow, max-snippet:-1, max-image-preview:large, max-video-preview:-1\" \/>\n<link rel=\"canonical\" href=\"https:\/\/www.eldiario.net\/portal\/2021\/08\/03\/la-csutcb-los-indios-aymaras-evo-y-alvaro\/\" \/>\n<meta property=\"og:locale\" content=\"es_ES\" \/>\n<meta property=\"og:type\" content=\"article\" \/>\n<meta property=\"og:title\" content=\"La CSUTCB, los indios aymaras, Evo y \u00c1lvaro - El Diario - Bolivia\" \/>\n<meta property=\"og:description\" content=\"&nbsp; El 2 de agosto se recuerda el \u00abD\u00eda del Indio\u00bb, instituido en 1937 por el presidente Germ\u00e1n Busch por la c\u00e9lebre obra \u00abEscuela Profesional de Ind\u00edgenas Warisata\u00bb que termin\u00f3 saqueada por temerosos gobernantes de la d\u00e9cada 1940 y su triplete \u00abRosca\u00bb: Pati\u00f1o, Hochschild y Aramayo. Una organizaci\u00f3n india base es la Confederaci\u00f3n Sindical \u00danica [&hellip;]\" \/>\n<meta property=\"og:url\" content=\"https:\/\/www.eldiario.net\/portal\/2021\/08\/03\/la-csutcb-los-indios-aymaras-evo-y-alvaro\/\" \/>\n<meta property=\"og:site_name\" content=\"El Diario - Bolivia\" \/>\n<meta property=\"article:publisher\" content=\"https:\/\/www.facebook.com\/eldiario.bolivia\/\" \/>\n<meta property=\"article:published_time\" content=\"2021-08-03T11:21:23+00:00\" \/>\n<meta name=\"author\" content=\"Jeanette\" \/>\n<meta name=\"twitter:card\" content=\"summary_large_image\" \/>\n<meta name=\"twitter:creator\" content=\"@eldiario_net\" \/>\n<meta name=\"twitter:site\" content=\"@eldiario_net\" \/>\n<meta name=\"twitter:label1\" content=\"Escrito por\" \/>\n\t<meta name=\"twitter:data1\" content=\"Jeanette\" \/>\n\t<meta name=\"twitter:label2\" content=\"Tiempo de lectura\" \/>\n\t<meta name=\"twitter:data2\" content=\"5 minutos\" \/>\n<script type=\"application\/ld+json\" class=\"yoast-schema-graph\">{\"@context\":\"https:\\\/\\\/schema.org\",\"@graph\":[{\"@type\":\"Article\",\"@id\":\"https:\\\/\\\/www.eldiario.net\\\/portal\\\/2021\\\/08\\\/03\\\/la-csutcb-los-indios-aymaras-evo-y-alvaro\\\/#article\",\"isPartOf\":{\"@id\":\"https:\\\/\\\/www.eldiario.net\\\/portal\\\/2021\\\/08\\\/03\\\/la-csutcb-los-indios-aymaras-evo-y-alvaro\\\/\"},\"author\":{\"name\":\"Jeanette\",\"@id\":\"https:\\\/\\\/www.eldiario.net\\\/portal\\\/#\\\/schema\\\/person\\\/f46445640444750d7d753ccd04ae01b7\"},\"headline\":\"La CSUTCB, los indios aymaras, Evo y \u00c1lvaro\",\"datePublished\":\"2021-08-03T11:21:23+00:00\",\"mainEntityOfPage\":{\"@id\":\"https:\\\/\\\/www.eldiario.net\\\/portal\\\/2021\\\/08\\\/03\\\/la-csutcb-los-indios-aymaras-evo-y-alvaro\\\/\"},\"wordCount\":991,\"publisher\":{\"@id\":\"https:\\\/\\\/www.eldiario.net\\\/portal\\\/#organization\"},\"articleSection\":[\"Opini\u00f3n\"],\"inLanguage\":\"es\"},{\"@type\":\"WebPage\",\"@id\":\"https:\\\/\\\/www.eldiario.net\\\/portal\\\/2021\\\/08\\\/03\\\/la-csutcb-los-indios-aymaras-evo-y-alvaro\\\/\",\"url\":\"https:\\\/\\\/www.eldiario.net\\\/portal\\\/2021\\\/08\\\/03\\\/la-csutcb-los-indios-aymaras-evo-y-alvaro\\\/\",\"name\":\"La CSUTCB, los indios aymaras, Evo y \u00c1lvaro - El Diario - Bolivia\",\"isPartOf\":{\"@id\":\"https:\\\/\\\/www.eldiario.net\\\/portal\\\/#website\"},\"datePublished\":\"2021-08-03T11:21:23+00:00\",\"breadcrumb\":{\"@id\":\"https:\\\/\\\/www.eldiario.net\\\/portal\\\/2021\\\/08\\\/03\\\/la-csutcb-los-indios-aymaras-evo-y-alvaro\\\/#breadcrumb\"},\"inLanguage\":\"es\",\"potentialAction\":[{\"@type\":\"ReadAction\",\"target\":[\"https:\\\/\\\/www.eldiario.net\\\/portal\\\/2021\\\/08\\\/03\\\/la-csutcb-los-indios-aymaras-evo-y-alvaro\\\/\"]}]},{\"@type\":\"BreadcrumbList\",\"@id\":\"https:\\\/\\\/www.eldiario.net\\\/portal\\\/2021\\\/08\\\/03\\\/la-csutcb-los-indios-aymaras-evo-y-alvaro\\\/#breadcrumb\",\"itemListElement\":[{\"@type\":\"ListItem\",\"position\":1,\"name\":\"Portada\",\"item\":\"https:\\\/\\\/www.eldiario.net\\\/portal\\\/\"},{\"@type\":\"ListItem\",\"position\":2,\"name\":\"La CSUTCB, los indios aymaras, Evo y \u00c1lvaro\"}]},{\"@type\":\"WebSite\",\"@id\":\"https:\\\/\\\/www.eldiario.net\\\/portal\\\/#website\",\"url\":\"https:\\\/\\\/www.eldiario.net\\\/portal\\\/\",\"name\":\"El Diario - Decano de la prensa nacional\",\"description\":\"El Diario - Decano de la prensa nacional\",\"publisher\":{\"@id\":\"https:\\\/\\\/www.eldiario.net\\\/portal\\\/#organization\"},\"potentialAction\":[{\"@type\":\"SearchAction\",\"target\":{\"@type\":\"EntryPoint\",\"urlTemplate\":\"https:\\\/\\\/www.eldiario.net\\\/portal\\\/?s={search_term_string}\"},\"query-input\":{\"@type\":\"PropertyValueSpecification\",\"valueRequired\":true,\"valueName\":\"search_term_string\"}}],\"inLanguage\":\"es\"},{\"@type\":\"Organization\",\"@id\":\"https:\\\/\\\/www.eldiario.net\\\/portal\\\/#organization\",\"name\":\"El Diario - Decano de la prensa nacional\",\"url\":\"https:\\\/\\\/www.eldiario.net\\\/portal\\\/\",\"logo\":{\"@type\":\"ImageObject\",\"inLanguage\":\"es\",\"@id\":\"https:\\\/\\\/www.eldiario.net\\\/portal\\\/#\\\/schema\\\/logo\\\/image\\\/\",\"url\":\"https:\\\/\\\/www.eldiario.net\\\/portal\\\/wp-content\\\/uploads\\\/2023\\\/07\\\/logo_ED.jpg\",\"contentUrl\":\"https:\\\/\\\/www.eldiario.net\\\/portal\\\/wp-content\\\/uploads\\\/2023\\\/07\\\/logo_ED.jpg\",\"width\":272,\"height\":52,\"caption\":\"El Diario - Decano de la prensa nacional\"},\"image\":{\"@id\":\"https:\\\/\\\/www.eldiario.net\\\/portal\\\/#\\\/schema\\\/logo\\\/image\\\/\"},\"sameAs\":[\"https:\\\/\\\/www.facebook.com\\\/eldiario.bolivia\\\/\",\"https:\\\/\\\/x.com\\\/eldiario_net\"]},{\"@type\":\"Person\",\"@id\":\"https:\\\/\\\/www.eldiario.net\\\/portal\\\/#\\\/schema\\\/person\\\/f46445640444750d7d753ccd04ae01b7\",\"name\":\"Jeanette\",\"image\":{\"@type\":\"ImageObject\",\"inLanguage\":\"es\",\"@id\":\"https:\\\/\\\/secure.gravatar.com\\\/avatar\\\/3ea2118a5f7dad2b7138b1187a6b7ee55f160b9968b66013c3a3ef39dd7e5798?s=96&d=mm&r=g\",\"url\":\"https:\\\/\\\/secure.gravatar.com\\\/avatar\\\/3ea2118a5f7dad2b7138b1187a6b7ee55f160b9968b66013c3a3ef39dd7e5798?s=96&d=mm&r=g\",\"contentUrl\":\"https:\\\/\\\/secure.gravatar.com\\\/avatar\\\/3ea2118a5f7dad2b7138b1187a6b7ee55f160b9968b66013c3a3ef39dd7e5798?s=96&d=mm&r=g\",\"caption\":\"Jeanette\"},\"sameAs\":[\"https:\\\/\\\/www.eldiario.net\\\/portal\"],\"url\":\"https:\\\/\\\/www.eldiario.net\\\/portal\\\/author\\\/jeanette\\\/\"}]}<\/script>\n<!-- \/ Yoast SEO plugin. -->","yoast_head_json":{"title":"La CSUTCB, los indios aymaras, Evo y \u00c1lvaro - El Diario - Bolivia","robots":{"index":"index","follow":"follow","max-snippet":"max-snippet:-1","max-image-preview":"max-image-preview:large","max-video-preview":"max-video-preview:-1"},"canonical":"https:\/\/www.eldiario.net\/portal\/2021\/08\/03\/la-csutcb-los-indios-aymaras-evo-y-alvaro\/","og_locale":"es_ES","og_type":"article","og_title":"La CSUTCB, los indios aymaras, Evo y \u00c1lvaro - El Diario - Bolivia","og_description":"&nbsp; El 2 de agosto se recuerda el \u00abD\u00eda del Indio\u00bb, instituido en 1937 por el presidente Germ\u00e1n Busch por la c\u00e9lebre obra \u00abEscuela Profesional de Ind\u00edgenas Warisata\u00bb que termin\u00f3 saqueada por temerosos gobernantes de la d\u00e9cada 1940 y su triplete \u00abRosca\u00bb: Pati\u00f1o, Hochschild y Aramayo. Una organizaci\u00f3n india base es la Confederaci\u00f3n Sindical \u00danica [&hellip;]","og_url":"https:\/\/www.eldiario.net\/portal\/2021\/08\/03\/la-csutcb-los-indios-aymaras-evo-y-alvaro\/","og_site_name":"El Diario - Bolivia","article_publisher":"https:\/\/www.facebook.com\/eldiario.bolivia\/","article_published_time":"2021-08-03T11:21:23+00:00","author":"Jeanette","twitter_card":"summary_large_image","twitter_creator":"@eldiario_net","twitter_site":"@eldiario_net","twitter_misc":{"Escrito por":"Jeanette","Tiempo de lectura":"5 minutos"},"schema":{"@context":"https:\/\/schema.org","@graph":[{"@type":"Article","@id":"https:\/\/www.eldiario.net\/portal\/2021\/08\/03\/la-csutcb-los-indios-aymaras-evo-y-alvaro\/#article","isPartOf":{"@id":"https:\/\/www.eldiario.net\/portal\/2021\/08\/03\/la-csutcb-los-indios-aymaras-evo-y-alvaro\/"},"author":{"name":"Jeanette","@id":"https:\/\/www.eldiario.net\/portal\/#\/schema\/person\/f46445640444750d7d753ccd04ae01b7"},"headline":"La CSUTCB, los indios aymaras, Evo y \u00c1lvaro","datePublished":"2021-08-03T11:21:23+00:00","mainEntityOfPage":{"@id":"https:\/\/www.eldiario.net\/portal\/2021\/08\/03\/la-csutcb-los-indios-aymaras-evo-y-alvaro\/"},"wordCount":991,"publisher":{"@id":"https:\/\/www.eldiario.net\/portal\/#organization"},"articleSection":["Opini\u00f3n"],"inLanguage":"es"},{"@type":"WebPage","@id":"https:\/\/www.eldiario.net\/portal\/2021\/08\/03\/la-csutcb-los-indios-aymaras-evo-y-alvaro\/","url":"https:\/\/www.eldiario.net\/portal\/2021\/08\/03\/la-csutcb-los-indios-aymaras-evo-y-alvaro\/","name":"La CSUTCB, los indios aymaras, Evo y \u00c1lvaro - El Diario - Bolivia","isPartOf":{"@id":"https:\/\/www.eldiario.net\/portal\/#website"},"datePublished":"2021-08-03T11:21:23+00:00","breadcrumb":{"@id":"https:\/\/www.eldiario.net\/portal\/2021\/08\/03\/la-csutcb-los-indios-aymaras-evo-y-alvaro\/#breadcrumb"},"inLanguage":"es","potentialAction":[{"@type":"ReadAction","target":["https:\/\/www.eldiario.net\/portal\/2021\/08\/03\/la-csutcb-los-indios-aymaras-evo-y-alvaro\/"]}]},{"@type":"BreadcrumbList","@id":"https:\/\/www.eldiario.net\/portal\/2021\/08\/03\/la-csutcb-los-indios-aymaras-evo-y-alvaro\/#breadcrumb","itemListElement":[{"@type":"ListItem","position":1,"name":"Portada","item":"https:\/\/www.eldiario.net\/portal\/"},{"@type":"ListItem","position":2,"name":"La CSUTCB, los indios aymaras, Evo y \u00c1lvaro"}]},{"@type":"WebSite","@id":"https:\/\/www.eldiario.net\/portal\/#website","url":"https:\/\/www.eldiario.net\/portal\/","name":"El Diario - Decano de la prensa nacional","description":"El Diario - Decano de la prensa nacional","publisher":{"@id":"https:\/\/www.eldiario.net\/portal\/#organization"},"potentialAction":[{"@type":"SearchAction","target":{"@type":"EntryPoint","urlTemplate":"https:\/\/www.eldiario.net\/portal\/?s={search_term_string}"},"query-input":{"@type":"PropertyValueSpecification","valueRequired":true,"valueName":"search_term_string"}}],"inLanguage":"es"},{"@type":"Organization","@id":"https:\/\/www.eldiario.net\/portal\/#organization","name":"El Diario - Decano de la prensa nacional","url":"https:\/\/www.eldiario.net\/portal\/","logo":{"@type":"ImageObject","inLanguage":"es","@id":"https:\/\/www.eldiario.net\/portal\/#\/schema\/logo\/image\/","url":"https:\/\/www.eldiario.net\/portal\/wp-content\/uploads\/2023\/07\/logo_ED.jpg","contentUrl":"https:\/\/www.eldiario.net\/portal\/wp-content\/uploads\/2023\/07\/logo_ED.jpg","width":272,"height":52,"caption":"El Diario - Decano de la prensa nacional"},"image":{"@id":"https:\/\/www.eldiario.net\/portal\/#\/schema\/logo\/image\/"},"sameAs":["https:\/\/www.facebook.com\/eldiario.bolivia\/","https:\/\/x.com\/eldiario_net"]},{"@type":"Person","@id":"https:\/\/www.eldiario.net\/portal\/#\/schema\/person\/f46445640444750d7d753ccd04ae01b7","name":"Jeanette","image":{"@type":"ImageObject","inLanguage":"es","@id":"https:\/\/secure.gravatar.com\/avatar\/3ea2118a5f7dad2b7138b1187a6b7ee55f160b9968b66013c3a3ef39dd7e5798?s=96&d=mm&r=g","url":"https:\/\/secure.gravatar.com\/avatar\/3ea2118a5f7dad2b7138b1187a6b7ee55f160b9968b66013c3a3ef39dd7e5798?s=96&d=mm&r=g","contentUrl":"https:\/\/secure.gravatar.com\/avatar\/3ea2118a5f7dad2b7138b1187a6b7ee55f160b9968b66013c3a3ef39dd7e5798?s=96&d=mm&r=g","caption":"Jeanette"},"sameAs":["https:\/\/www.eldiario.net\/portal"],"url":"https:\/\/www.eldiario.net\/portal\/author\/jeanette\/"}]}},"_links":{"self":[{"href":"https:\/\/www.eldiario.net\/portal\/wp-json\/wp\/v2\/posts\/21009","targetHints":{"allow":["GET"]}}],"collection":[{"href":"https:\/\/www.eldiario.net\/portal\/wp-json\/wp\/v2\/posts"}],"about":[{"href":"https:\/\/www.eldiario.net\/portal\/wp-json\/wp\/v2\/types\/post"}],"author":[{"embeddable":true,"href":"https:\/\/www.eldiario.net\/portal\/wp-json\/wp\/v2\/users\/1"}],"replies":[{"embeddable":true,"href":"https:\/\/www.eldiario.net\/portal\/wp-json\/wp\/v2\/comments?post=21009"}],"version-history":[{"count":0,"href":"https:\/\/www.eldiario.net\/portal\/wp-json\/wp\/v2\/posts\/21009\/revisions"}],"wp:attachment":[{"href":"https:\/\/www.eldiario.net\/portal\/wp-json\/wp\/v2\/media?parent=21009"}],"wp:term":[{"taxonomy":"category","embeddable":true,"href":"https:\/\/www.eldiario.net\/portal\/wp-json\/wp\/v2\/categories?post=21009"},{"taxonomy":"post_tag","embeddable":true,"href":"https:\/\/www.eldiario.net\/portal\/wp-json\/wp\/v2\/tags?post=21009"}],"curies":[{"name":"wp","href":"https:\/\/api.w.org\/{rel}","templated":true}]}}