{"id":21005,"date":"2021-08-03T07:19:56","date_gmt":"2021-08-03T11:19:56","guid":{"rendered":"https:\/\/www.eldiario.net\/portal\/?p=21005"},"modified":"2021-08-03T07:19:56","modified_gmt":"2021-08-03T11:19:56","slug":"gestion-de-recursos-humanos-para-promover-eficacia-en-entidades-publicas-educativas","status":"publish","type":"post","link":"https:\/\/www.eldiario.net\/portal\/2021\/08\/03\/gestion-de-recursos-humanos-para-promover-eficacia-en-entidades-publicas-educativas\/","title":{"rendered":"Gesti\u00f3n de recursos humanos para promover eficacia en entidades p\u00fablicas educativas"},"content":{"rendered":"<p>La idea principal de esta nota es analizar el modelo de gesti\u00f3n de recursos humanos para entidades del sector p\u00fablico boliviano, con el fin de proponer algunas ideas para mejorar sus capacidades de gesti\u00f3n institucional, considerando el desarrollo profesional.<\/p>\n<p>La carrera administrativa en el sector p\u00fablico boliviano qued\u00f3 relegada y no se dio continuidad a la misma, por lo que contamos con servidores p\u00fablicos en situaci\u00f3n irregular, y que no gozan de los mismos derechos de los servidores de carrera, debido a lo que se toma decisiones discrecionales respecto a la permanencia de los servidores en las entidades p\u00fablicas. A pesar de no contar con servidores de carrera, no significa que no se pueda generar nuevas formas de gesti\u00f3n de recursos humanos que permitan un desarrollo profesional para el fortalecimiento de la gesti\u00f3n en las entidades p\u00fablicas.<\/p>\n<p>Este art\u00edculo est\u00e1 enfocado a mostrar la importancia de la gesti\u00f3n de recursos humanos en la administraci\u00f3n p\u00fablica.<\/p>\n<p>Bolivia ha sufrido varios cambios a nivel econ\u00f3mico y social, la expansi\u00f3n de las telecomunicaciones y otros servicios han permitido a la poblaci\u00f3n boliviana estar m\u00e1s conectada y mejor informada, por lo cual ella exige mejor atenci\u00f3n. Dichos cambios se han suscitado tambi\u00e9n a nivel latinoamericano, siendo algunos pa\u00edses de la regi\u00f3n m\u00e1s desarrollados que otros respecto a crecimiento y fortalecimiento de sus entidades p\u00fablicas y mejor servicio a la poblaci\u00f3n. Los servicios prestados tanto por entidades p\u00fablicas o privadas son regulados por el Estado a partir de la identificaci\u00f3n de circunstancias en las cuales los mercados no funcionan de manera beneficiosa para la sociedad. Como parte del Estado nacen los entes reguladores para la ordenaci\u00f3n econ\u00f3mica de sectores, dado el car\u00e1cter estrat\u00e9gico de los mismos para la vida econ\u00f3mica y social de un pa\u00eds.<\/p>\n<p>Como rese\u00f1\u00f3 el juez norteamericano W. Hughes en 1916: No es dif\u00edcil dictar legislaci\u00f3n adecuada en la que se establezcan los criterios y est\u00e1ndares precisos, pero traducir un principio en decisiones concretas, sabiamente adaptadas a los casos particulares, es algo que requiere un \u00f3rgano experimentado y t\u00e9cnico, que act\u00fae con continuidad y que est\u00e9 tan lejos como sea posible de los enga\u00f1os y de las intrigas de la pol\u00edtica\u2016 (Kluwer, 2018, p.2).<\/p>\n<p>A partir de 2001, con el prop\u00f3sito de mejorar y tecnificar la administraci\u00f3n p\u00fablica, el ex Servicio Nacional de Administraci\u00f3n de Personal inici\u00f3 la fase preparatoria para que, a partir de 2001, se aplique instrumentos que permitan contar con funcionarios de carrera que no respondan a partidos pol\u00edticos. En Bolivia se estructuraron tres grandes Sistemas Regulatorios: el Sistema de Regulaci\u00f3n Sectorial (SIRESE), el Sistema de Regulaci\u00f3n Financiera (SIREFI) y el Sistema de Regulaci\u00f3n de Recursos Renovables (SIRENARE). Las Superintendencia General del SIRESE y las Superintendencias Sectoriales, los entes reguladores del SIREFI (que fueron objeto de varios cambios en sus estructuras) y los del SIRENARE, eran \u00f3rganos aut\u00e1rquicos de derecho p\u00fablico, con jurisdicci\u00f3n nacional, con autonom\u00eda de gesti\u00f3n t\u00e9cnica, administrativa y econ\u00f3mica, y bajo tuici\u00f3n del ministerio del ramo (Esc\u00f3bar Klose, 2013, p.3).<\/p>\n<p>La mayor\u00eda de las Superintendencias creadas mediante Ley fueron extinguidas mediante el Decreto Supremo N\u00ba 29.894 de 7 de febrero de 2009 y a otras les cambiaron su denominaci\u00f3n. Es importante realizar una conexi\u00f3n entre la creaci\u00f3n de los entes de regulaci\u00f3n y la Carrera Administrativa en Bolivia. Al ser creados entes especializados para normar, regular y supervisar las actividades de los sectores importantes de la econom\u00eda, los mismos deben contar con personal especializado\u2016 para cumplir con sus objetivos y funciones. En este entendido, las entidades p\u00fablicas se caracterizan por la rigidez que marca la normativa que deben cumplir y los constantes cambios de autoridades y de personal, sin considerar que el recurso humano es el recurso m\u00e1s importante de una organizaci\u00f3n, ya sea \u00e9sta p\u00fablica o privada.<\/p>\n","protected":false},"excerpt":{"rendered":"<p>La idea principal de esta nota es analizar el modelo de gesti\u00f3n de recursos humanos para entidades del sector p\u00fablico boliviano, con el fin de proponer algunas ideas para mejorar sus capacidades de gesti\u00f3n institucional, considerando el desarrollo profesional. La carrera administrativa en el sector p\u00fablico boliviano qued\u00f3 relegada y no se dio continuidad a [&hellip;]<\/p>\n","protected":false},"author":1,"featured_media":0,"comment_status":"closed","ping_status":"closed","sticky":false,"template":"","format":"standard","meta":{"_acf_changed":false,"footnotes":""},"categories":[9],"tags":[],"class_list":["post-21005","post","type-post","status-publish","format-standard","category-opinion"],"acf":{"antetitulo":""},"yoast_head":"<!-- This site is optimized with the Yoast SEO plugin v28.4 - https:\/\/yoast.com\/product\/yoast-seo-wordpress\/ -->\n<title>Gesti\u00f3n de recursos humanos para promover eficacia en entidades p\u00fablicas educativas - El Diario - Bolivia<\/title>\n<meta name=\"robots\" content=\"index, follow, max-snippet:-1, max-image-preview:large, max-video-preview:-1\" \/>\n<link rel=\"canonical\" href=\"https:\/\/www.eldiario.net\/portal\/2021\/08\/03\/gestion-de-recursos-humanos-para-promover-eficacia-en-entidades-publicas-educativas\/\" \/>\n<meta property=\"og:locale\" content=\"es_ES\" \/>\n<meta property=\"og:type\" content=\"article\" \/>\n<meta property=\"og:title\" content=\"Gesti\u00f3n de recursos humanos para promover eficacia en entidades p\u00fablicas educativas - El Diario - Bolivia\" \/>\n<meta property=\"og:description\" content=\"La idea principal de esta nota es analizar el modelo de gesti\u00f3n de recursos humanos para entidades del sector p\u00fablico boliviano, con el fin de proponer algunas ideas para mejorar sus capacidades de gesti\u00f3n institucional, considerando el desarrollo profesional. La carrera administrativa en el sector p\u00fablico boliviano qued\u00f3 relegada y no se dio continuidad a [&hellip;]\" \/>\n<meta property=\"og:url\" content=\"https:\/\/www.eldiario.net\/portal\/2021\/08\/03\/gestion-de-recursos-humanos-para-promover-eficacia-en-entidades-publicas-educativas\/\" \/>\n<meta property=\"og:site_name\" content=\"El Diario - Bolivia\" \/>\n<meta property=\"article:publisher\" content=\"https:\/\/www.facebook.com\/eldiario.bolivia\/\" \/>\n<meta property=\"article:published_time\" content=\"2021-08-03T11:19:56+00:00\" \/>\n<meta name=\"author\" content=\"Jeanette\" \/>\n<meta name=\"twitter:card\" content=\"summary_large_image\" \/>\n<meta name=\"twitter:creator\" content=\"@eldiario_net\" \/>\n<meta name=\"twitter:site\" content=\"@eldiario_net\" \/>\n<meta name=\"twitter:label1\" content=\"Escrito por\" \/>\n\t<meta name=\"twitter:data1\" content=\"Jeanette\" \/>\n\t<meta name=\"twitter:label2\" content=\"Tiempo de lectura\" \/>\n\t<meta name=\"twitter:data2\" content=\"3 minutos\" \/>\n<script type=\"application\/ld+json\" class=\"yoast-schema-graph\">{\"@context\":\"https:\\\/\\\/schema.org\",\"@graph\":[{\"@type\":\"Article\",\"@id\":\"https:\\\/\\\/www.eldiario.net\\\/portal\\\/2021\\\/08\\\/03\\\/gestion-de-recursos-humanos-para-promover-eficacia-en-entidades-publicas-educativas\\\/#article\",\"isPartOf\":{\"@id\":\"https:\\\/\\\/www.eldiario.net\\\/portal\\\/2021\\\/08\\\/03\\\/gestion-de-recursos-humanos-para-promover-eficacia-en-entidades-publicas-educativas\\\/\"},\"author\":{\"name\":\"Jeanette\",\"@id\":\"https:\\\/\\\/www.eldiario.net\\\/portal\\\/#\\\/schema\\\/person\\\/f46445640444750d7d753ccd04ae01b7\"},\"headline\":\"Gesti\u00f3n de recursos humanos para promover eficacia en entidades p\u00fablicas educativas\",\"datePublished\":\"2021-08-03T11:19:56+00:00\",\"mainEntityOfPage\":{\"@id\":\"https:\\\/\\\/www.eldiario.net\\\/portal\\\/2021\\\/08\\\/03\\\/gestion-de-recursos-humanos-para-promover-eficacia-en-entidades-publicas-educativas\\\/\"},\"wordCount\":694,\"publisher\":{\"@id\":\"https:\\\/\\\/www.eldiario.net\\\/portal\\\/#organization\"},\"articleSection\":[\"Opini\u00f3n\"],\"inLanguage\":\"es\"},{\"@type\":\"WebPage\",\"@id\":\"https:\\\/\\\/www.eldiario.net\\\/portal\\\/2021\\\/08\\\/03\\\/gestion-de-recursos-humanos-para-promover-eficacia-en-entidades-publicas-educativas\\\/\",\"url\":\"https:\\\/\\\/www.eldiario.net\\\/portal\\\/2021\\\/08\\\/03\\\/gestion-de-recursos-humanos-para-promover-eficacia-en-entidades-publicas-educativas\\\/\",\"name\":\"Gesti\u00f3n de recursos humanos para promover eficacia en entidades p\u00fablicas educativas - El Diario - Bolivia\",\"isPartOf\":{\"@id\":\"https:\\\/\\\/www.eldiario.net\\\/portal\\\/#website\"},\"datePublished\":\"2021-08-03T11:19:56+00:00\",\"breadcrumb\":{\"@id\":\"https:\\\/\\\/www.eldiario.net\\\/portal\\\/2021\\\/08\\\/03\\\/gestion-de-recursos-humanos-para-promover-eficacia-en-entidades-publicas-educativas\\\/#breadcrumb\"},\"inLanguage\":\"es\",\"potentialAction\":[{\"@type\":\"ReadAction\",\"target\":[\"https:\\\/\\\/www.eldiario.net\\\/portal\\\/2021\\\/08\\\/03\\\/gestion-de-recursos-humanos-para-promover-eficacia-en-entidades-publicas-educativas\\\/\"]}]},{\"@type\":\"BreadcrumbList\",\"@id\":\"https:\\\/\\\/www.eldiario.net\\\/portal\\\/2021\\\/08\\\/03\\\/gestion-de-recursos-humanos-para-promover-eficacia-en-entidades-publicas-educativas\\\/#breadcrumb\",\"itemListElement\":[{\"@type\":\"ListItem\",\"position\":1,\"name\":\"Portada\",\"item\":\"https:\\\/\\\/www.eldiario.net\\\/portal\\\/\"},{\"@type\":\"ListItem\",\"position\":2,\"name\":\"Gesti\u00f3n de recursos humanos para promover eficacia en entidades p\u00fablicas educativas\"}]},{\"@type\":\"WebSite\",\"@id\":\"https:\\\/\\\/www.eldiario.net\\\/portal\\\/#website\",\"url\":\"https:\\\/\\\/www.eldiario.net\\\/portal\\\/\",\"name\":\"El Diario - Decano de la prensa nacional\",\"description\":\"El Diario - Decano de la prensa nacional\",\"publisher\":{\"@id\":\"https:\\\/\\\/www.eldiario.net\\\/portal\\\/#organization\"},\"potentialAction\":[{\"@type\":\"SearchAction\",\"target\":{\"@type\":\"EntryPoint\",\"urlTemplate\":\"https:\\\/\\\/www.eldiario.net\\\/portal\\\/?s={search_term_string}\"},\"query-input\":{\"@type\":\"PropertyValueSpecification\",\"valueRequired\":true,\"valueName\":\"search_term_string\"}}],\"inLanguage\":\"es\"},{\"@type\":\"Organization\",\"@id\":\"https:\\\/\\\/www.eldiario.net\\\/portal\\\/#organization\",\"name\":\"El Diario - Decano de la prensa nacional\",\"url\":\"https:\\\/\\\/www.eldiario.net\\\/portal\\\/\",\"logo\":{\"@type\":\"ImageObject\",\"inLanguage\":\"es\",\"@id\":\"https:\\\/\\\/www.eldiario.net\\\/portal\\\/#\\\/schema\\\/logo\\\/image\\\/\",\"url\":\"https:\\\/\\\/www.eldiario.net\\\/portal\\\/wp-content\\\/uploads\\\/2023\\\/07\\\/logo_ED.jpg\",\"contentUrl\":\"https:\\\/\\\/www.eldiario.net\\\/portal\\\/wp-content\\\/uploads\\\/2023\\\/07\\\/logo_ED.jpg\",\"width\":272,\"height\":52,\"caption\":\"El Diario - Decano de la prensa nacional\"},\"image\":{\"@id\":\"https:\\\/\\\/www.eldiario.net\\\/portal\\\/#\\\/schema\\\/logo\\\/image\\\/\"},\"sameAs\":[\"https:\\\/\\\/www.facebook.com\\\/eldiario.bolivia\\\/\",\"https:\\\/\\\/x.com\\\/eldiario_net\"]},{\"@type\":\"Person\",\"@id\":\"https:\\\/\\\/www.eldiario.net\\\/portal\\\/#\\\/schema\\\/person\\\/f46445640444750d7d753ccd04ae01b7\",\"name\":\"Jeanette\",\"image\":{\"@type\":\"ImageObject\",\"inLanguage\":\"es\",\"@id\":\"https:\\\/\\\/secure.gravatar.com\\\/avatar\\\/3ea2118a5f7dad2b7138b1187a6b7ee55f160b9968b66013c3a3ef39dd7e5798?s=96&d=mm&r=g\",\"url\":\"https:\\\/\\\/secure.gravatar.com\\\/avatar\\\/3ea2118a5f7dad2b7138b1187a6b7ee55f160b9968b66013c3a3ef39dd7e5798?s=96&d=mm&r=g\",\"contentUrl\":\"https:\\\/\\\/secure.gravatar.com\\\/avatar\\\/3ea2118a5f7dad2b7138b1187a6b7ee55f160b9968b66013c3a3ef39dd7e5798?s=96&d=mm&r=g\",\"caption\":\"Jeanette\"},\"sameAs\":[\"https:\\\/\\\/www.eldiario.net\\\/portal\"],\"url\":\"https:\\\/\\\/www.eldiario.net\\\/portal\\\/author\\\/jeanette\\\/\"}]}<\/script>\n<!-- \/ Yoast SEO plugin. -->","yoast_head_json":{"title":"Gesti\u00f3n de recursos humanos para promover eficacia en entidades p\u00fablicas educativas - El Diario - Bolivia","robots":{"index":"index","follow":"follow","max-snippet":"max-snippet:-1","max-image-preview":"max-image-preview:large","max-video-preview":"max-video-preview:-1"},"canonical":"https:\/\/www.eldiario.net\/portal\/2021\/08\/03\/gestion-de-recursos-humanos-para-promover-eficacia-en-entidades-publicas-educativas\/","og_locale":"es_ES","og_type":"article","og_title":"Gesti\u00f3n de recursos humanos para promover eficacia en entidades p\u00fablicas educativas - El Diario - Bolivia","og_description":"La idea principal de esta nota es analizar el modelo de gesti\u00f3n de recursos humanos para entidades del sector p\u00fablico boliviano, con el fin de proponer algunas ideas para mejorar sus capacidades de gesti\u00f3n institucional, considerando el desarrollo profesional. La carrera administrativa en el sector p\u00fablico boliviano qued\u00f3 relegada y no se dio continuidad a [&hellip;]","og_url":"https:\/\/www.eldiario.net\/portal\/2021\/08\/03\/gestion-de-recursos-humanos-para-promover-eficacia-en-entidades-publicas-educativas\/","og_site_name":"El Diario - Bolivia","article_publisher":"https:\/\/www.facebook.com\/eldiario.bolivia\/","article_published_time":"2021-08-03T11:19:56+00:00","author":"Jeanette","twitter_card":"summary_large_image","twitter_creator":"@eldiario_net","twitter_site":"@eldiario_net","twitter_misc":{"Escrito por":"Jeanette","Tiempo de lectura":"3 minutos"},"schema":{"@context":"https:\/\/schema.org","@graph":[{"@type":"Article","@id":"https:\/\/www.eldiario.net\/portal\/2021\/08\/03\/gestion-de-recursos-humanos-para-promover-eficacia-en-entidades-publicas-educativas\/#article","isPartOf":{"@id":"https:\/\/www.eldiario.net\/portal\/2021\/08\/03\/gestion-de-recursos-humanos-para-promover-eficacia-en-entidades-publicas-educativas\/"},"author":{"name":"Jeanette","@id":"https:\/\/www.eldiario.net\/portal\/#\/schema\/person\/f46445640444750d7d753ccd04ae01b7"},"headline":"Gesti\u00f3n de recursos humanos para promover eficacia en entidades p\u00fablicas educativas","datePublished":"2021-08-03T11:19:56+00:00","mainEntityOfPage":{"@id":"https:\/\/www.eldiario.net\/portal\/2021\/08\/03\/gestion-de-recursos-humanos-para-promover-eficacia-en-entidades-publicas-educativas\/"},"wordCount":694,"publisher":{"@id":"https:\/\/www.eldiario.net\/portal\/#organization"},"articleSection":["Opini\u00f3n"],"inLanguage":"es"},{"@type":"WebPage","@id":"https:\/\/www.eldiario.net\/portal\/2021\/08\/03\/gestion-de-recursos-humanos-para-promover-eficacia-en-entidades-publicas-educativas\/","url":"https:\/\/www.eldiario.net\/portal\/2021\/08\/03\/gestion-de-recursos-humanos-para-promover-eficacia-en-entidades-publicas-educativas\/","name":"Gesti\u00f3n de recursos humanos para promover eficacia en entidades p\u00fablicas educativas - El Diario - Bolivia","isPartOf":{"@id":"https:\/\/www.eldiario.net\/portal\/#website"},"datePublished":"2021-08-03T11:19:56+00:00","breadcrumb":{"@id":"https:\/\/www.eldiario.net\/portal\/2021\/08\/03\/gestion-de-recursos-humanos-para-promover-eficacia-en-entidades-publicas-educativas\/#breadcrumb"},"inLanguage":"es","potentialAction":[{"@type":"ReadAction","target":["https:\/\/www.eldiario.net\/portal\/2021\/08\/03\/gestion-de-recursos-humanos-para-promover-eficacia-en-entidades-publicas-educativas\/"]}]},{"@type":"BreadcrumbList","@id":"https:\/\/www.eldiario.net\/portal\/2021\/08\/03\/gestion-de-recursos-humanos-para-promover-eficacia-en-entidades-publicas-educativas\/#breadcrumb","itemListElement":[{"@type":"ListItem","position":1,"name":"Portada","item":"https:\/\/www.eldiario.net\/portal\/"},{"@type":"ListItem","position":2,"name":"Gesti\u00f3n de recursos humanos para promover eficacia en entidades p\u00fablicas educativas"}]},{"@type":"WebSite","@id":"https:\/\/www.eldiario.net\/portal\/#website","url":"https:\/\/www.eldiario.net\/portal\/","name":"El Diario - Decano de la prensa nacional","description":"El Diario - Decano de la prensa nacional","publisher":{"@id":"https:\/\/www.eldiario.net\/portal\/#organization"},"potentialAction":[{"@type":"SearchAction","target":{"@type":"EntryPoint","urlTemplate":"https:\/\/www.eldiario.net\/portal\/?s={search_term_string}"},"query-input":{"@type":"PropertyValueSpecification","valueRequired":true,"valueName":"search_term_string"}}],"inLanguage":"es"},{"@type":"Organization","@id":"https:\/\/www.eldiario.net\/portal\/#organization","name":"El Diario - Decano de la prensa nacional","url":"https:\/\/www.eldiario.net\/portal\/","logo":{"@type":"ImageObject","inLanguage":"es","@id":"https:\/\/www.eldiario.net\/portal\/#\/schema\/logo\/image\/","url":"https:\/\/www.eldiario.net\/portal\/wp-content\/uploads\/2023\/07\/logo_ED.jpg","contentUrl":"https:\/\/www.eldiario.net\/portal\/wp-content\/uploads\/2023\/07\/logo_ED.jpg","width":272,"height":52,"caption":"El Diario - Decano de la prensa nacional"},"image":{"@id":"https:\/\/www.eldiario.net\/portal\/#\/schema\/logo\/image\/"},"sameAs":["https:\/\/www.facebook.com\/eldiario.bolivia\/","https:\/\/x.com\/eldiario_net"]},{"@type":"Person","@id":"https:\/\/www.eldiario.net\/portal\/#\/schema\/person\/f46445640444750d7d753ccd04ae01b7","name":"Jeanette","image":{"@type":"ImageObject","inLanguage":"es","@id":"https:\/\/secure.gravatar.com\/avatar\/3ea2118a5f7dad2b7138b1187a6b7ee55f160b9968b66013c3a3ef39dd7e5798?s=96&d=mm&r=g","url":"https:\/\/secure.gravatar.com\/avatar\/3ea2118a5f7dad2b7138b1187a6b7ee55f160b9968b66013c3a3ef39dd7e5798?s=96&d=mm&r=g","contentUrl":"https:\/\/secure.gravatar.com\/avatar\/3ea2118a5f7dad2b7138b1187a6b7ee55f160b9968b66013c3a3ef39dd7e5798?s=96&d=mm&r=g","caption":"Jeanette"},"sameAs":["https:\/\/www.eldiario.net\/portal"],"url":"https:\/\/www.eldiario.net\/portal\/author\/jeanette\/"}]}},"_links":{"self":[{"href":"https:\/\/www.eldiario.net\/portal\/wp-json\/wp\/v2\/posts\/21005","targetHints":{"allow":["GET"]}}],"collection":[{"href":"https:\/\/www.eldiario.net\/portal\/wp-json\/wp\/v2\/posts"}],"about":[{"href":"https:\/\/www.eldiario.net\/portal\/wp-json\/wp\/v2\/types\/post"}],"author":[{"embeddable":true,"href":"https:\/\/www.eldiario.net\/portal\/wp-json\/wp\/v2\/users\/1"}],"replies":[{"embeddable":true,"href":"https:\/\/www.eldiario.net\/portal\/wp-json\/wp\/v2\/comments?post=21005"}],"version-history":[{"count":0,"href":"https:\/\/www.eldiario.net\/portal\/wp-json\/wp\/v2\/posts\/21005\/revisions"}],"wp:attachment":[{"href":"https:\/\/www.eldiario.net\/portal\/wp-json\/wp\/v2\/media?parent=21005"}],"wp:term":[{"taxonomy":"category","embeddable":true,"href":"https:\/\/www.eldiario.net\/portal\/wp-json\/wp\/v2\/categories?post=21005"},{"taxonomy":"post_tag","embeddable":true,"href":"https:\/\/www.eldiario.net\/portal\/wp-json\/wp\/v2\/tags?post=21005"}],"curies":[{"name":"wp","href":"https:\/\/api.w.org\/{rel}","templated":true}]}}