{"id":21000,"date":"2021-08-03T07:18:21","date_gmt":"2021-08-03T11:18:21","guid":{"rendered":"https:\/\/www.eldiario.net\/portal\/?p=21000"},"modified":"2021-08-03T07:18:21","modified_gmt":"2021-08-03T11:18:21","slug":"alcaldia-inicia-mes-de-la-pachamama-con-una-wajta","status":"publish","type":"post","link":"https:\/\/www.eldiario.net\/portal\/2021\/08\/03\/alcaldia-inicia-mes-de-la-pachamama-con-una-wajta\/","title":{"rendered":"Alcald\u00eda inicia mes de la  Pachamama con una wajt\u2019a"},"content":{"rendered":"<p>Encabezada por la alcaldesa de la Ciudad de El Alto, Eva Copa, las autoridades municipales iniciaron el mes de la Pachamama, con una wajt\u2019a, para pedir a la Madre Tierra salud y obras para todos los habitantes de esta urbe.<\/p>\n<p>Como todos los a\u00f1os el mes de agosto se caracteriza por brindarle ofrendas a la Pachamama o la madre tierra, en aquellos sitios como las wak\u2019as, la Apachacheta, entre otros son visitados por fieles a esta tradici\u00f3n, pidiendo salud y trabajo y mucho negocio.<\/p>\n<p>De esta forma el lunes, primer d\u00eda h\u00e1bil de este octavo mes del a\u00f1o, las autoridades municipales dirigida por alcaldesa Eva Copa, realizaron la ceremonia de wajt\u2019a, en predio del Jacha Uta o palacio consistorial de la zona Libertad, con el principal objetivo de lograr mejores d\u00edas para todos los alte\u00f1os en salud y trabajo, as\u00ed como m\u00e1s obras para esta ciudad.<\/p>\n<p>\u201cHemos empezado agosto, mes de la Pachamama, conjuntamente con los secretarios municipales y el honorable Concejo Municipal, donde hicimos la wajt\u2019a tradicional pidiendo a la Madre Tierra que nos ayude a trabajar en equipo, que sea un trabajo coordinado y una gesti\u00f3n transparente, sobre todo estar de cerca con el pueblo y mucha salud para todos los alte\u00f1os en esta etapa dif\u00edcil del Covid-19 que estamos pasando\u201d, dijo la primera autoridad alte\u00f1a.<\/p>\n<p>La ceremonia fue efectuada en el atrio de la Casa Municipal, donde los amautas y yatiris realizaron la ofrenda a la Pachamama, con un tradicional rito cultural aymara, con grandes mesas preparadas para el efecto, cada uno destinado tambi\u00e9n para cada objetivo.<\/p>\n<p>\u201cNuestra cultura y tradici\u00f3n es lo primero y siempre pedir el permiso correspondiente a la Pachamama, para iniciar este mes que es muy especial para la Madre Tierra, es por eso que hicimos esta wajt\u2019a tradicional\u201d, se\u00f1al\u00f3 la primera autoridad.<\/p>\n<p>Entre otros sitios visitados en la Ciudad de El Alto, en este mes de la Madre Tierra, se encuentran la Apacheta camino a Oruro, el Waka Jamp\u2019atu, situada en la avenida Panor\u00e1mica, el mirador Atipiris, el mirador de Sagrado Coraz\u00f3n de Jes\u00fas de la zona de Villa Dolores, entre otros, que en este mes de agosto se puede ver la presencia de fieles creyentes en la madre tierra y la Pachamama.<\/p>\n<p>A estos lugares llegan desde diferentes puntos del pa\u00eds y hasta personas extranjeras que en pasadas gestiones pasaron por estos lugares agradeciendo a la Madre Tierra para que les siga cuidando de todo peligro y salud por, sobre todo.<\/p>\n<p>De la misma forma las casas reciben ofrendas con grandes mesas, efectuadas por sus due\u00f1os, como una forma de agradecimiento por brindarles seguridad, salud y que nada malo les haya pasado durante todo este tiempo.<\/p>\n","protected":false},"excerpt":{"rendered":"<p>Encabezada por la alcaldesa de la Ciudad de El Alto, Eva Copa, las autoridades municipales iniciaron el mes de la Pachamama, con una wajt\u2019a, para pedir a la Madre Tierra salud y obras para todos los habitantes de esta urbe. Como todos los a\u00f1os el mes de agosto se caracteriza por brindarle ofrendas a la [&hellip;]<\/p>\n","protected":false},"author":1,"featured_media":21001,"comment_status":"closed","ping_status":"closed","sticky":false,"template":"","format":"standard","meta":{"_acf_changed":false,"footnotes":""},"categories":[12],"tags":[],"class_list":["post-21000","post","type-post","status-publish","format-standard","has-post-thumbnail","category-nacional"],"acf":{"antetitulo":""},"yoast_head":"<!-- This site is optimized with the Yoast SEO plugin v28.4 - https:\/\/yoast.com\/product\/yoast-seo-wordpress\/ -->\n<title>Alcald\u00eda inicia mes de la Pachamama con una wajt\u2019a - El Diario - Bolivia<\/title>\n<meta name=\"robots\" content=\"index, follow, max-snippet:-1, max-image-preview:large, max-video-preview:-1\" \/>\n<link rel=\"canonical\" href=\"https:\/\/www.eldiario.net\/portal\/2021\/08\/03\/alcaldia-inicia-mes-de-la-pachamama-con-una-wajta\/\" \/>\n<meta property=\"og:locale\" content=\"es_ES\" \/>\n<meta property=\"og:type\" content=\"article\" \/>\n<meta property=\"og:title\" content=\"Alcald\u00eda inicia mes de la Pachamama con una wajt\u2019a - El Diario - Bolivia\" \/>\n<meta property=\"og:description\" content=\"Encabezada por la alcaldesa de la Ciudad de El Alto, Eva Copa, las autoridades municipales iniciaron el mes de la Pachamama, con una wajt\u2019a, para pedir a la Madre Tierra salud y obras para todos los habitantes de esta urbe. Como todos los a\u00f1os el mes de agosto se caracteriza por brindarle ofrendas a la [&hellip;]\" \/>\n<meta property=\"og:url\" content=\"https:\/\/www.eldiario.net\/portal\/2021\/08\/03\/alcaldia-inicia-mes-de-la-pachamama-con-una-wajta\/\" \/>\n<meta property=\"og:site_name\" content=\"El Diario - Bolivia\" \/>\n<meta property=\"article:publisher\" content=\"https:\/\/www.facebook.com\/eldiario.bolivia\/\" \/>\n<meta property=\"article:published_time\" content=\"2021-08-03T11:18:21+00:00\" \/>\n<meta property=\"og:image\" content=\"https:\/\/www.eldiario.net\/portal\/wp-content\/uploads\/2021\/08\/EL-ALTO-Alcaldia-inicia-mes-de-la.jpg\" \/>\n\t<meta property=\"og:image:width\" content=\"1024\" \/>\n\t<meta property=\"og:image:height\" content=\"576\" \/>\n\t<meta property=\"og:image:type\" content=\"image\/jpeg\" \/>\n<meta name=\"author\" content=\"Jeanette\" \/>\n<meta name=\"twitter:card\" content=\"summary_large_image\" \/>\n<meta name=\"twitter:creator\" content=\"@eldiario_net\" \/>\n<meta name=\"twitter:site\" content=\"@eldiario_net\" \/>\n<meta name=\"twitter:label1\" content=\"Escrito por\" \/>\n\t<meta name=\"twitter:data1\" content=\"Jeanette\" \/>\n\t<meta name=\"twitter:label2\" content=\"Tiempo de lectura\" \/>\n\t<meta name=\"twitter:data2\" content=\"2 minutos\" \/>\n<script type=\"application\/ld+json\" class=\"yoast-schema-graph\">{\"@context\":\"https:\\\/\\\/schema.org\",\"@graph\":[{\"@type\":\"Article\",\"@id\":\"https:\\\/\\\/www.eldiario.net\\\/portal\\\/2021\\\/08\\\/03\\\/alcaldia-inicia-mes-de-la-pachamama-con-una-wajta\\\/#article\",\"isPartOf\":{\"@id\":\"https:\\\/\\\/www.eldiario.net\\\/portal\\\/2021\\\/08\\\/03\\\/alcaldia-inicia-mes-de-la-pachamama-con-una-wajta\\\/\"},\"author\":{\"name\":\"Jeanette\",\"@id\":\"https:\\\/\\\/www.eldiario.net\\\/portal\\\/#\\\/schema\\\/person\\\/f46445640444750d7d753ccd04ae01b7\"},\"headline\":\"Alcald\u00eda inicia mes de la Pachamama con una wajt\u2019a\",\"datePublished\":\"2021-08-03T11:18:21+00:00\",\"mainEntityOfPage\":{\"@id\":\"https:\\\/\\\/www.eldiario.net\\\/portal\\\/2021\\\/08\\\/03\\\/alcaldia-inicia-mes-de-la-pachamama-con-una-wajta\\\/\"},\"wordCount\":482,\"publisher\":{\"@id\":\"https:\\\/\\\/www.eldiario.net\\\/portal\\\/#organization\"},\"image\":{\"@id\":\"https:\\\/\\\/www.eldiario.net\\\/portal\\\/2021\\\/08\\\/03\\\/alcaldia-inicia-mes-de-la-pachamama-con-una-wajta\\\/#primaryimage\"},\"thumbnailUrl\":\"https:\\\/\\\/www.eldiario.net\\\/portal\\\/wp-content\\\/uploads\\\/2021\\\/08\\\/EL-ALTO-Alcaldia-inicia-mes-de-la.jpg\",\"articleSection\":[\"Nacional\"],\"inLanguage\":\"es\"},{\"@type\":\"WebPage\",\"@id\":\"https:\\\/\\\/www.eldiario.net\\\/portal\\\/2021\\\/08\\\/03\\\/alcaldia-inicia-mes-de-la-pachamama-con-una-wajta\\\/\",\"url\":\"https:\\\/\\\/www.eldiario.net\\\/portal\\\/2021\\\/08\\\/03\\\/alcaldia-inicia-mes-de-la-pachamama-con-una-wajta\\\/\",\"name\":\"Alcald\u00eda inicia mes de la Pachamama con una wajt\u2019a - El Diario - Bolivia\",\"isPartOf\":{\"@id\":\"https:\\\/\\\/www.eldiario.net\\\/portal\\\/#website\"},\"primaryImageOfPage\":{\"@id\":\"https:\\\/\\\/www.eldiario.net\\\/portal\\\/2021\\\/08\\\/03\\\/alcaldia-inicia-mes-de-la-pachamama-con-una-wajta\\\/#primaryimage\"},\"image\":{\"@id\":\"https:\\\/\\\/www.eldiario.net\\\/portal\\\/2021\\\/08\\\/03\\\/alcaldia-inicia-mes-de-la-pachamama-con-una-wajta\\\/#primaryimage\"},\"thumbnailUrl\":\"https:\\\/\\\/www.eldiario.net\\\/portal\\\/wp-content\\\/uploads\\\/2021\\\/08\\\/EL-ALTO-Alcaldia-inicia-mes-de-la.jpg\",\"datePublished\":\"2021-08-03T11:18:21+00:00\",\"breadcrumb\":{\"@id\":\"https:\\\/\\\/www.eldiario.net\\\/portal\\\/2021\\\/08\\\/03\\\/alcaldia-inicia-mes-de-la-pachamama-con-una-wajta\\\/#breadcrumb\"},\"inLanguage\":\"es\",\"potentialAction\":[{\"@type\":\"ReadAction\",\"target\":[\"https:\\\/\\\/www.eldiario.net\\\/portal\\\/2021\\\/08\\\/03\\\/alcaldia-inicia-mes-de-la-pachamama-con-una-wajta\\\/\"]}]},{\"@type\":\"ImageObject\",\"inLanguage\":\"es\",\"@id\":\"https:\\\/\\\/www.eldiario.net\\\/portal\\\/2021\\\/08\\\/03\\\/alcaldia-inicia-mes-de-la-pachamama-con-una-wajta\\\/#primaryimage\",\"url\":\"https:\\\/\\\/www.eldiario.net\\\/portal\\\/wp-content\\\/uploads\\\/2021\\\/08\\\/EL-ALTO-Alcaldia-inicia-mes-de-la.jpg\",\"contentUrl\":\"https:\\\/\\\/www.eldiario.net\\\/portal\\\/wp-content\\\/uploads\\\/2021\\\/08\\\/EL-ALTO-Alcaldia-inicia-mes-de-la.jpg\",\"width\":1024,\"height\":576},{\"@type\":\"BreadcrumbList\",\"@id\":\"https:\\\/\\\/www.eldiario.net\\\/portal\\\/2021\\\/08\\\/03\\\/alcaldia-inicia-mes-de-la-pachamama-con-una-wajta\\\/#breadcrumb\",\"itemListElement\":[{\"@type\":\"ListItem\",\"position\":1,\"name\":\"Portada\",\"item\":\"https:\\\/\\\/www.eldiario.net\\\/portal\\\/\"},{\"@type\":\"ListItem\",\"position\":2,\"name\":\"Alcald\u00eda inicia mes de la Pachamama con una wajt\u2019a\"}]},{\"@type\":\"WebSite\",\"@id\":\"https:\\\/\\\/www.eldiario.net\\\/portal\\\/#website\",\"url\":\"https:\\\/\\\/www.eldiario.net\\\/portal\\\/\",\"name\":\"El Diario - Decano de la prensa nacional\",\"description\":\"El Diario - Decano de la prensa nacional\",\"publisher\":{\"@id\":\"https:\\\/\\\/www.eldiario.net\\\/portal\\\/#organization\"},\"potentialAction\":[{\"@type\":\"SearchAction\",\"target\":{\"@type\":\"EntryPoint\",\"urlTemplate\":\"https:\\\/\\\/www.eldiario.net\\\/portal\\\/?s={search_term_string}\"},\"query-input\":{\"@type\":\"PropertyValueSpecification\",\"valueRequired\":true,\"valueName\":\"search_term_string\"}}],\"inLanguage\":\"es\"},{\"@type\":\"Organization\",\"@id\":\"https:\\\/\\\/www.eldiario.net\\\/portal\\\/#organization\",\"name\":\"El Diario - Decano de la prensa nacional\",\"url\":\"https:\\\/\\\/www.eldiario.net\\\/portal\\\/\",\"logo\":{\"@type\":\"ImageObject\",\"inLanguage\":\"es\",\"@id\":\"https:\\\/\\\/www.eldiario.net\\\/portal\\\/#\\\/schema\\\/logo\\\/image\\\/\",\"url\":\"https:\\\/\\\/www.eldiario.net\\\/portal\\\/wp-content\\\/uploads\\\/2023\\\/07\\\/logo_ED.jpg\",\"contentUrl\":\"https:\\\/\\\/www.eldiario.net\\\/portal\\\/wp-content\\\/uploads\\\/2023\\\/07\\\/logo_ED.jpg\",\"width\":272,\"height\":52,\"caption\":\"El Diario - Decano de la prensa nacional\"},\"image\":{\"@id\":\"https:\\\/\\\/www.eldiario.net\\\/portal\\\/#\\\/schema\\\/logo\\\/image\\\/\"},\"sameAs\":[\"https:\\\/\\\/www.facebook.com\\\/eldiario.bolivia\\\/\",\"https:\\\/\\\/x.com\\\/eldiario_net\"]},{\"@type\":\"Person\",\"@id\":\"https:\\\/\\\/www.eldiario.net\\\/portal\\\/#\\\/schema\\\/person\\\/f46445640444750d7d753ccd04ae01b7\",\"name\":\"Jeanette\",\"image\":{\"@type\":\"ImageObject\",\"inLanguage\":\"es\",\"@id\":\"https:\\\/\\\/secure.gravatar.com\\\/avatar\\\/3ea2118a5f7dad2b7138b1187a6b7ee55f160b9968b66013c3a3ef39dd7e5798?s=96&d=mm&r=g\",\"url\":\"https:\\\/\\\/secure.gravatar.com\\\/avatar\\\/3ea2118a5f7dad2b7138b1187a6b7ee55f160b9968b66013c3a3ef39dd7e5798?s=96&d=mm&r=g\",\"contentUrl\":\"https:\\\/\\\/secure.gravatar.com\\\/avatar\\\/3ea2118a5f7dad2b7138b1187a6b7ee55f160b9968b66013c3a3ef39dd7e5798?s=96&d=mm&r=g\",\"caption\":\"Jeanette\"},\"sameAs\":[\"https:\\\/\\\/www.eldiario.net\\\/portal\"],\"url\":\"https:\\\/\\\/www.eldiario.net\\\/portal\\\/author\\\/jeanette\\\/\"}]}<\/script>\n<!-- \/ Yoast SEO plugin. -->","yoast_head_json":{"title":"Alcald\u00eda inicia mes de la Pachamama con una wajt\u2019a - El Diario - Bolivia","robots":{"index":"index","follow":"follow","max-snippet":"max-snippet:-1","max-image-preview":"max-image-preview:large","max-video-preview":"max-video-preview:-1"},"canonical":"https:\/\/www.eldiario.net\/portal\/2021\/08\/03\/alcaldia-inicia-mes-de-la-pachamama-con-una-wajta\/","og_locale":"es_ES","og_type":"article","og_title":"Alcald\u00eda inicia mes de la Pachamama con una wajt\u2019a - El Diario - Bolivia","og_description":"Encabezada por la alcaldesa de la Ciudad de El Alto, Eva Copa, las autoridades municipales iniciaron el mes de la Pachamama, con una wajt\u2019a, para pedir a la Madre Tierra salud y obras para todos los habitantes de esta urbe. Como todos los a\u00f1os el mes de agosto se caracteriza por brindarle ofrendas a la [&hellip;]","og_url":"https:\/\/www.eldiario.net\/portal\/2021\/08\/03\/alcaldia-inicia-mes-de-la-pachamama-con-una-wajta\/","og_site_name":"El Diario - Bolivia","article_publisher":"https:\/\/www.facebook.com\/eldiario.bolivia\/","article_published_time":"2021-08-03T11:18:21+00:00","og_image":[{"width":1024,"height":576,"url":"https:\/\/www.eldiario.net\/portal\/wp-content\/uploads\/2021\/08\/EL-ALTO-Alcaldia-inicia-mes-de-la.jpg","type":"image\/jpeg"}],"author":"Jeanette","twitter_card":"summary_large_image","twitter_creator":"@eldiario_net","twitter_site":"@eldiario_net","twitter_misc":{"Escrito por":"Jeanette","Tiempo de lectura":"2 minutos"},"schema":{"@context":"https:\/\/schema.org","@graph":[{"@type":"Article","@id":"https:\/\/www.eldiario.net\/portal\/2021\/08\/03\/alcaldia-inicia-mes-de-la-pachamama-con-una-wajta\/#article","isPartOf":{"@id":"https:\/\/www.eldiario.net\/portal\/2021\/08\/03\/alcaldia-inicia-mes-de-la-pachamama-con-una-wajta\/"},"author":{"name":"Jeanette","@id":"https:\/\/www.eldiario.net\/portal\/#\/schema\/person\/f46445640444750d7d753ccd04ae01b7"},"headline":"Alcald\u00eda inicia mes de la Pachamama con una wajt\u2019a","datePublished":"2021-08-03T11:18:21+00:00","mainEntityOfPage":{"@id":"https:\/\/www.eldiario.net\/portal\/2021\/08\/03\/alcaldia-inicia-mes-de-la-pachamama-con-una-wajta\/"},"wordCount":482,"publisher":{"@id":"https:\/\/www.eldiario.net\/portal\/#organization"},"image":{"@id":"https:\/\/www.eldiario.net\/portal\/2021\/08\/03\/alcaldia-inicia-mes-de-la-pachamama-con-una-wajta\/#primaryimage"},"thumbnailUrl":"https:\/\/www.eldiario.net\/portal\/wp-content\/uploads\/2021\/08\/EL-ALTO-Alcaldia-inicia-mes-de-la.jpg","articleSection":["Nacional"],"inLanguage":"es"},{"@type":"WebPage","@id":"https:\/\/www.eldiario.net\/portal\/2021\/08\/03\/alcaldia-inicia-mes-de-la-pachamama-con-una-wajta\/","url":"https:\/\/www.eldiario.net\/portal\/2021\/08\/03\/alcaldia-inicia-mes-de-la-pachamama-con-una-wajta\/","name":"Alcald\u00eda inicia mes de la Pachamama con una wajt\u2019a - El Diario - Bolivia","isPartOf":{"@id":"https:\/\/www.eldiario.net\/portal\/#website"},"primaryImageOfPage":{"@id":"https:\/\/www.eldiario.net\/portal\/2021\/08\/03\/alcaldia-inicia-mes-de-la-pachamama-con-una-wajta\/#primaryimage"},"image":{"@id":"https:\/\/www.eldiario.net\/portal\/2021\/08\/03\/alcaldia-inicia-mes-de-la-pachamama-con-una-wajta\/#primaryimage"},"thumbnailUrl":"https:\/\/www.eldiario.net\/portal\/wp-content\/uploads\/2021\/08\/EL-ALTO-Alcaldia-inicia-mes-de-la.jpg","datePublished":"2021-08-03T11:18:21+00:00","breadcrumb":{"@id":"https:\/\/www.eldiario.net\/portal\/2021\/08\/03\/alcaldia-inicia-mes-de-la-pachamama-con-una-wajta\/#breadcrumb"},"inLanguage":"es","potentialAction":[{"@type":"ReadAction","target":["https:\/\/www.eldiario.net\/portal\/2021\/08\/03\/alcaldia-inicia-mes-de-la-pachamama-con-una-wajta\/"]}]},{"@type":"ImageObject","inLanguage":"es","@id":"https:\/\/www.eldiario.net\/portal\/2021\/08\/03\/alcaldia-inicia-mes-de-la-pachamama-con-una-wajta\/#primaryimage","url":"https:\/\/www.eldiario.net\/portal\/wp-content\/uploads\/2021\/08\/EL-ALTO-Alcaldia-inicia-mes-de-la.jpg","contentUrl":"https:\/\/www.eldiario.net\/portal\/wp-content\/uploads\/2021\/08\/EL-ALTO-Alcaldia-inicia-mes-de-la.jpg","width":1024,"height":576},{"@type":"BreadcrumbList","@id":"https:\/\/www.eldiario.net\/portal\/2021\/08\/03\/alcaldia-inicia-mes-de-la-pachamama-con-una-wajta\/#breadcrumb","itemListElement":[{"@type":"ListItem","position":1,"name":"Portada","item":"https:\/\/www.eldiario.net\/portal\/"},{"@type":"ListItem","position":2,"name":"Alcald\u00eda inicia mes de la Pachamama con una wajt\u2019a"}]},{"@type":"WebSite","@id":"https:\/\/www.eldiario.net\/portal\/#website","url":"https:\/\/www.eldiario.net\/portal\/","name":"El Diario - Decano de la prensa nacional","description":"El Diario - Decano de la prensa nacional","publisher":{"@id":"https:\/\/www.eldiario.net\/portal\/#organization"},"potentialAction":[{"@type":"SearchAction","target":{"@type":"EntryPoint","urlTemplate":"https:\/\/www.eldiario.net\/portal\/?s={search_term_string}"},"query-input":{"@type":"PropertyValueSpecification","valueRequired":true,"valueName":"search_term_string"}}],"inLanguage":"es"},{"@type":"Organization","@id":"https:\/\/www.eldiario.net\/portal\/#organization","name":"El Diario - Decano de la prensa nacional","url":"https:\/\/www.eldiario.net\/portal\/","logo":{"@type":"ImageObject","inLanguage":"es","@id":"https:\/\/www.eldiario.net\/portal\/#\/schema\/logo\/image\/","url":"https:\/\/www.eldiario.net\/portal\/wp-content\/uploads\/2023\/07\/logo_ED.jpg","contentUrl":"https:\/\/www.eldiario.net\/portal\/wp-content\/uploads\/2023\/07\/logo_ED.jpg","width":272,"height":52,"caption":"El Diario - Decano de la prensa nacional"},"image":{"@id":"https:\/\/www.eldiario.net\/portal\/#\/schema\/logo\/image\/"},"sameAs":["https:\/\/www.facebook.com\/eldiario.bolivia\/","https:\/\/x.com\/eldiario_net"]},{"@type":"Person","@id":"https:\/\/www.eldiario.net\/portal\/#\/schema\/person\/f46445640444750d7d753ccd04ae01b7","name":"Jeanette","image":{"@type":"ImageObject","inLanguage":"es","@id":"https:\/\/secure.gravatar.com\/avatar\/3ea2118a5f7dad2b7138b1187a6b7ee55f160b9968b66013c3a3ef39dd7e5798?s=96&d=mm&r=g","url":"https:\/\/secure.gravatar.com\/avatar\/3ea2118a5f7dad2b7138b1187a6b7ee55f160b9968b66013c3a3ef39dd7e5798?s=96&d=mm&r=g","contentUrl":"https:\/\/secure.gravatar.com\/avatar\/3ea2118a5f7dad2b7138b1187a6b7ee55f160b9968b66013c3a3ef39dd7e5798?s=96&d=mm&r=g","caption":"Jeanette"},"sameAs":["https:\/\/www.eldiario.net\/portal"],"url":"https:\/\/www.eldiario.net\/portal\/author\/jeanette\/"}]}},"_links":{"self":[{"href":"https:\/\/www.eldiario.net\/portal\/wp-json\/wp\/v2\/posts\/21000","targetHints":{"allow":["GET"]}}],"collection":[{"href":"https:\/\/www.eldiario.net\/portal\/wp-json\/wp\/v2\/posts"}],"about":[{"href":"https:\/\/www.eldiario.net\/portal\/wp-json\/wp\/v2\/types\/post"}],"author":[{"embeddable":true,"href":"https:\/\/www.eldiario.net\/portal\/wp-json\/wp\/v2\/users\/1"}],"replies":[{"embeddable":true,"href":"https:\/\/www.eldiario.net\/portal\/wp-json\/wp\/v2\/comments?post=21000"}],"version-history":[{"count":0,"href":"https:\/\/www.eldiario.net\/portal\/wp-json\/wp\/v2\/posts\/21000\/revisions"}],"wp:featuredmedia":[{"embeddable":true,"href":"https:\/\/www.eldiario.net\/portal\/wp-json\/wp\/v2\/media\/21001"}],"wp:attachment":[{"href":"https:\/\/www.eldiario.net\/portal\/wp-json\/wp\/v2\/media?parent=21000"}],"wp:term":[{"taxonomy":"category","embeddable":true,"href":"https:\/\/www.eldiario.net\/portal\/wp-json\/wp\/v2\/categories?post=21000"},{"taxonomy":"post_tag","embeddable":true,"href":"https:\/\/www.eldiario.net\/portal\/wp-json\/wp\/v2\/tags?post=21000"}],"curies":[{"name":"wp","href":"https:\/\/api.w.org\/{rel}","templated":true}]}}