{"id":20997,"date":"2021-08-03T07:17:26","date_gmt":"2021-08-03T11:17:26","guid":{"rendered":"https:\/\/www.eldiario.net\/portal\/?p=20997"},"modified":"2021-08-03T07:17:26","modified_gmt":"2021-08-03T11:17:26","slug":"microempresas-compiten-para-participar-en-expocruz","status":"publish","type":"post","link":"https:\/\/www.eldiario.net\/portal\/2021\/08\/03\/microempresas-compiten-para-participar-en-expocruz\/","title":{"rendered":"Microempresas compiten  para participar en Expocruz"},"content":{"rendered":"<p>La Secretar\u00eda de Desarrollo Econ\u00f3mico del Gobierno Municipal de El Alto anunci\u00f3 que m\u00e1s de 30 empresarios de esa urbe compiten para ser tomados en cuenta entre los 10 representantes que asistir\u00e1n a la Expocruz, evento que se realizar\u00e1 en la ciudad de Santa Cruz de la Sierra del 17 al 26 de septiembre.<\/p>\n<p>La actividad selectiva contin\u00faa, la que se inici\u00f3 la semana pasada con la presentaci\u00f3n de artesanos en diferentes rubros, quienes intentan clasificar en el cupo de los 10 que ser\u00e1n elegidos para su presencia en el departamento de Santa Cruz, a pesar de que el municipio, gestionar\u00e1 la presencia de un mayor n\u00famero.<\/p>\n<p>\u201cM\u00e1s de 30 unidades productivas han participado el anterior mi\u00e9rcoles, donde hab\u00eda diferentes calificadores y dise\u00f1adores y en funci\u00f3n a diferentes criterios que se tomaron para cada rubro ser\u00e1n seleccionados los participantes y los que califiquen ir\u00e1n a la Expocruz\u201d, explic\u00f3 Juan Carlos Apaza, director de Desarrollo Productivo, de Peque\u00f1a y Mediana Empresa.<\/p>\n<p>El funcionario encargado de la actividad, se\u00f1al\u00f3 que durante todo este tiempo se ha podido advertir una gran expectativa por parte de los microempresarios alte\u00f1os de los rubros de cuero, marroquiner\u00eda, textil, artesan\u00eda, madera, alimentos, tecnolog\u00eda e innovaci\u00f3n para participar en el evento econ\u00f3mico productivo m\u00e1s importante de Bolivia.<\/p>\n<p>Con la finalidad de buscar m\u00e1s espacios en la Expoferia, lograr la presencia de un mayor n\u00famero de participantes alte\u00f1os, una delegaci\u00f3n de la Secretar\u00eda Municipal de Desarrollo Econ\u00f3mico, de la alcald\u00eda alte\u00f1a, se trasladar\u00e1 a la ciudad de Santa Cruz, y de esta forma posibilitar la participaci\u00f3n en esta actividad, m\u00e1s artesanos de esta urbe.<\/p>\n<p>\u201cEn el transcurso de la semana nosotros nos vamos a reunirnos en Santa Cruz para tratar de abrir algunos espacios m\u00e1s, debido a que hay productores que tienen el deseo de participar en este evento, porque es una oportunidad a nivel internacional en la que se puede mostrar el trabajo de un microempresario alte\u00f1o\u201d, afirm\u00f3 Apaza.<\/p>\n<p>Por otro lado, en el municipio, con la finalidad de continuar promoviendo, este tipo de trabajos de los artesanos en la Ciudad de El Alto, tiene la intenci\u00f3n de realizar de manera peri\u00f3dica ferias itinerantes en diferentes barrios, y de esta forma incentivar la mano de obra calificada en cada uno de los rubros.<\/p>\n<p>Seg\u00fan Apaza, la falta de un espacio en esta ciudad fue siempre uno de los mayores problemas, que se ha presentado para este sector de la poblaci\u00f3n, as\u00ed como un campo ferial que pueda posibilitar la permanencia de los artesanos en este espacio.<\/p>\n<p>&nbsp;<\/p>\n","protected":false},"excerpt":{"rendered":"<p>La Secretar\u00eda de Desarrollo Econ\u00f3mico del Gobierno Municipal de El Alto anunci\u00f3 que m\u00e1s de 30 empresarios de esa urbe compiten para ser tomados en cuenta entre los 10 representantes que asistir\u00e1n a la Expocruz, evento que se realizar\u00e1 en la ciudad de Santa Cruz de la Sierra del 17 al 26 de septiembre. La [&hellip;]<\/p>\n","protected":false},"author":1,"featured_media":20998,"comment_status":"closed","ping_status":"closed","sticky":false,"template":"","format":"standard","meta":{"_acf_changed":false,"footnotes":""},"categories":[12],"tags":[],"class_list":["post-20997","post","type-post","status-publish","format-standard","has-post-thumbnail","category-nacional"],"acf":{"antetitulo":""},"yoast_head":"<!-- This site is optimized with the Yoast SEO plugin v28.4 - https:\/\/yoast.com\/product\/yoast-seo-wordpress\/ -->\n<title>Microempresas compiten para participar en Expocruz - El Diario - Bolivia<\/title>\n<meta name=\"robots\" content=\"index, follow, max-snippet:-1, max-image-preview:large, max-video-preview:-1\" \/>\n<link rel=\"canonical\" href=\"https:\/\/www.eldiario.net\/portal\/2021\/08\/03\/microempresas-compiten-para-participar-en-expocruz\/\" \/>\n<meta property=\"og:locale\" content=\"es_ES\" \/>\n<meta property=\"og:type\" content=\"article\" \/>\n<meta property=\"og:title\" content=\"Microempresas compiten para participar en Expocruz - El Diario - Bolivia\" \/>\n<meta property=\"og:description\" content=\"La Secretar\u00eda de Desarrollo Econ\u00f3mico del Gobierno Municipal de El Alto anunci\u00f3 que m\u00e1s de 30 empresarios de esa urbe compiten para ser tomados en cuenta entre los 10 representantes que asistir\u00e1n a la Expocruz, evento que se realizar\u00e1 en la ciudad de Santa Cruz de la Sierra del 17 al 26 de septiembre. La [&hellip;]\" \/>\n<meta property=\"og:url\" content=\"https:\/\/www.eldiario.net\/portal\/2021\/08\/03\/microempresas-compiten-para-participar-en-expocruz\/\" \/>\n<meta property=\"og:site_name\" content=\"El Diario - Bolivia\" \/>\n<meta property=\"article:publisher\" content=\"https:\/\/www.facebook.com\/eldiario.bolivia\/\" \/>\n<meta property=\"article:published_time\" content=\"2021-08-03T11:17:26+00:00\" \/>\n<meta property=\"og:image\" content=\"https:\/\/www.eldiario.net\/portal\/wp-content\/uploads\/2021\/08\/EL-ALTO-Microempresas-compiten.jpg\" \/>\n\t<meta property=\"og:image:width\" content=\"1024\" \/>\n\t<meta property=\"og:image:height\" content=\"705\" \/>\n\t<meta property=\"og:image:type\" content=\"image\/jpeg\" \/>\n<meta name=\"author\" content=\"Jeanette\" \/>\n<meta name=\"twitter:card\" content=\"summary_large_image\" \/>\n<meta name=\"twitter:creator\" content=\"@eldiario_net\" \/>\n<meta name=\"twitter:site\" content=\"@eldiario_net\" \/>\n<meta name=\"twitter:label1\" content=\"Escrito por\" \/>\n\t<meta name=\"twitter:data1\" content=\"Jeanette\" \/>\n\t<meta name=\"twitter:label2\" content=\"Tiempo de lectura\" \/>\n\t<meta name=\"twitter:data2\" content=\"2 minutos\" \/>\n<script type=\"application\/ld+json\" class=\"yoast-schema-graph\">{\"@context\":\"https:\\\/\\\/schema.org\",\"@graph\":[{\"@type\":\"Article\",\"@id\":\"https:\\\/\\\/www.eldiario.net\\\/portal\\\/2021\\\/08\\\/03\\\/microempresas-compiten-para-participar-en-expocruz\\\/#article\",\"isPartOf\":{\"@id\":\"https:\\\/\\\/www.eldiario.net\\\/portal\\\/2021\\\/08\\\/03\\\/microempresas-compiten-para-participar-en-expocruz\\\/\"},\"author\":{\"name\":\"Jeanette\",\"@id\":\"https:\\\/\\\/www.eldiario.net\\\/portal\\\/#\\\/schema\\\/person\\\/f46445640444750d7d753ccd04ae01b7\"},\"headline\":\"Microempresas compiten para participar en Expocruz\",\"datePublished\":\"2021-08-03T11:17:26+00:00\",\"mainEntityOfPage\":{\"@id\":\"https:\\\/\\\/www.eldiario.net\\\/portal\\\/2021\\\/08\\\/03\\\/microempresas-compiten-para-participar-en-expocruz\\\/\"},\"wordCount\":459,\"publisher\":{\"@id\":\"https:\\\/\\\/www.eldiario.net\\\/portal\\\/#organization\"},\"image\":{\"@id\":\"https:\\\/\\\/www.eldiario.net\\\/portal\\\/2021\\\/08\\\/03\\\/microempresas-compiten-para-participar-en-expocruz\\\/#primaryimage\"},\"thumbnailUrl\":\"https:\\\/\\\/www.eldiario.net\\\/portal\\\/wp-content\\\/uploads\\\/2021\\\/08\\\/EL-ALTO-Microempresas-compiten.jpg\",\"articleSection\":[\"Nacional\"],\"inLanguage\":\"es\"},{\"@type\":\"WebPage\",\"@id\":\"https:\\\/\\\/www.eldiario.net\\\/portal\\\/2021\\\/08\\\/03\\\/microempresas-compiten-para-participar-en-expocruz\\\/\",\"url\":\"https:\\\/\\\/www.eldiario.net\\\/portal\\\/2021\\\/08\\\/03\\\/microempresas-compiten-para-participar-en-expocruz\\\/\",\"name\":\"Microempresas compiten para participar en Expocruz - El Diario - Bolivia\",\"isPartOf\":{\"@id\":\"https:\\\/\\\/www.eldiario.net\\\/portal\\\/#website\"},\"primaryImageOfPage\":{\"@id\":\"https:\\\/\\\/www.eldiario.net\\\/portal\\\/2021\\\/08\\\/03\\\/microempresas-compiten-para-participar-en-expocruz\\\/#primaryimage\"},\"image\":{\"@id\":\"https:\\\/\\\/www.eldiario.net\\\/portal\\\/2021\\\/08\\\/03\\\/microempresas-compiten-para-participar-en-expocruz\\\/#primaryimage\"},\"thumbnailUrl\":\"https:\\\/\\\/www.eldiario.net\\\/portal\\\/wp-content\\\/uploads\\\/2021\\\/08\\\/EL-ALTO-Microempresas-compiten.jpg\",\"datePublished\":\"2021-08-03T11:17:26+00:00\",\"breadcrumb\":{\"@id\":\"https:\\\/\\\/www.eldiario.net\\\/portal\\\/2021\\\/08\\\/03\\\/microempresas-compiten-para-participar-en-expocruz\\\/#breadcrumb\"},\"inLanguage\":\"es\",\"potentialAction\":[{\"@type\":\"ReadAction\",\"target\":[\"https:\\\/\\\/www.eldiario.net\\\/portal\\\/2021\\\/08\\\/03\\\/microempresas-compiten-para-participar-en-expocruz\\\/\"]}]},{\"@type\":\"ImageObject\",\"inLanguage\":\"es\",\"@id\":\"https:\\\/\\\/www.eldiario.net\\\/portal\\\/2021\\\/08\\\/03\\\/microempresas-compiten-para-participar-en-expocruz\\\/#primaryimage\",\"url\":\"https:\\\/\\\/www.eldiario.net\\\/portal\\\/wp-content\\\/uploads\\\/2021\\\/08\\\/EL-ALTO-Microempresas-compiten.jpg\",\"contentUrl\":\"https:\\\/\\\/www.eldiario.net\\\/portal\\\/wp-content\\\/uploads\\\/2021\\\/08\\\/EL-ALTO-Microempresas-compiten.jpg\",\"width\":1024,\"height\":705},{\"@type\":\"BreadcrumbList\",\"@id\":\"https:\\\/\\\/www.eldiario.net\\\/portal\\\/2021\\\/08\\\/03\\\/microempresas-compiten-para-participar-en-expocruz\\\/#breadcrumb\",\"itemListElement\":[{\"@type\":\"ListItem\",\"position\":1,\"name\":\"Portada\",\"item\":\"https:\\\/\\\/www.eldiario.net\\\/portal\\\/\"},{\"@type\":\"ListItem\",\"position\":2,\"name\":\"Microempresas compiten para participar en Expocruz\"}]},{\"@type\":\"WebSite\",\"@id\":\"https:\\\/\\\/www.eldiario.net\\\/portal\\\/#website\",\"url\":\"https:\\\/\\\/www.eldiario.net\\\/portal\\\/\",\"name\":\"El Diario - Decano de la prensa nacional\",\"description\":\"El Diario - Decano de la prensa nacional\",\"publisher\":{\"@id\":\"https:\\\/\\\/www.eldiario.net\\\/portal\\\/#organization\"},\"potentialAction\":[{\"@type\":\"SearchAction\",\"target\":{\"@type\":\"EntryPoint\",\"urlTemplate\":\"https:\\\/\\\/www.eldiario.net\\\/portal\\\/?s={search_term_string}\"},\"query-input\":{\"@type\":\"PropertyValueSpecification\",\"valueRequired\":true,\"valueName\":\"search_term_string\"}}],\"inLanguage\":\"es\"},{\"@type\":\"Organization\",\"@id\":\"https:\\\/\\\/www.eldiario.net\\\/portal\\\/#organization\",\"name\":\"El Diario - Decano de la prensa nacional\",\"url\":\"https:\\\/\\\/www.eldiario.net\\\/portal\\\/\",\"logo\":{\"@type\":\"ImageObject\",\"inLanguage\":\"es\",\"@id\":\"https:\\\/\\\/www.eldiario.net\\\/portal\\\/#\\\/schema\\\/logo\\\/image\\\/\",\"url\":\"https:\\\/\\\/www.eldiario.net\\\/portal\\\/wp-content\\\/uploads\\\/2023\\\/07\\\/logo_ED.jpg\",\"contentUrl\":\"https:\\\/\\\/www.eldiario.net\\\/portal\\\/wp-content\\\/uploads\\\/2023\\\/07\\\/logo_ED.jpg\",\"width\":272,\"height\":52,\"caption\":\"El Diario - Decano de la prensa nacional\"},\"image\":{\"@id\":\"https:\\\/\\\/www.eldiario.net\\\/portal\\\/#\\\/schema\\\/logo\\\/image\\\/\"},\"sameAs\":[\"https:\\\/\\\/www.facebook.com\\\/eldiario.bolivia\\\/\",\"https:\\\/\\\/x.com\\\/eldiario_net\"]},{\"@type\":\"Person\",\"@id\":\"https:\\\/\\\/www.eldiario.net\\\/portal\\\/#\\\/schema\\\/person\\\/f46445640444750d7d753ccd04ae01b7\",\"name\":\"Jeanette\",\"image\":{\"@type\":\"ImageObject\",\"inLanguage\":\"es\",\"@id\":\"https:\\\/\\\/secure.gravatar.com\\\/avatar\\\/3ea2118a5f7dad2b7138b1187a6b7ee55f160b9968b66013c3a3ef39dd7e5798?s=96&d=mm&r=g\",\"url\":\"https:\\\/\\\/secure.gravatar.com\\\/avatar\\\/3ea2118a5f7dad2b7138b1187a6b7ee55f160b9968b66013c3a3ef39dd7e5798?s=96&d=mm&r=g\",\"contentUrl\":\"https:\\\/\\\/secure.gravatar.com\\\/avatar\\\/3ea2118a5f7dad2b7138b1187a6b7ee55f160b9968b66013c3a3ef39dd7e5798?s=96&d=mm&r=g\",\"caption\":\"Jeanette\"},\"sameAs\":[\"https:\\\/\\\/www.eldiario.net\\\/portal\"],\"url\":\"https:\\\/\\\/www.eldiario.net\\\/portal\\\/author\\\/jeanette\\\/\"}]}<\/script>\n<!-- \/ Yoast SEO plugin. -->","yoast_head_json":{"title":"Microempresas compiten para participar en Expocruz - El Diario - Bolivia","robots":{"index":"index","follow":"follow","max-snippet":"max-snippet:-1","max-image-preview":"max-image-preview:large","max-video-preview":"max-video-preview:-1"},"canonical":"https:\/\/www.eldiario.net\/portal\/2021\/08\/03\/microempresas-compiten-para-participar-en-expocruz\/","og_locale":"es_ES","og_type":"article","og_title":"Microempresas compiten para participar en Expocruz - El Diario - Bolivia","og_description":"La Secretar\u00eda de Desarrollo Econ\u00f3mico del Gobierno Municipal de El Alto anunci\u00f3 que m\u00e1s de 30 empresarios de esa urbe compiten para ser tomados en cuenta entre los 10 representantes que asistir\u00e1n a la Expocruz, evento que se realizar\u00e1 en la ciudad de Santa Cruz de la Sierra del 17 al 26 de septiembre. La [&hellip;]","og_url":"https:\/\/www.eldiario.net\/portal\/2021\/08\/03\/microempresas-compiten-para-participar-en-expocruz\/","og_site_name":"El Diario - Bolivia","article_publisher":"https:\/\/www.facebook.com\/eldiario.bolivia\/","article_published_time":"2021-08-03T11:17:26+00:00","og_image":[{"width":1024,"height":705,"url":"https:\/\/www.eldiario.net\/portal\/wp-content\/uploads\/2021\/08\/EL-ALTO-Microempresas-compiten.jpg","type":"image\/jpeg"}],"author":"Jeanette","twitter_card":"summary_large_image","twitter_creator":"@eldiario_net","twitter_site":"@eldiario_net","twitter_misc":{"Escrito por":"Jeanette","Tiempo de lectura":"2 minutos"},"schema":{"@context":"https:\/\/schema.org","@graph":[{"@type":"Article","@id":"https:\/\/www.eldiario.net\/portal\/2021\/08\/03\/microempresas-compiten-para-participar-en-expocruz\/#article","isPartOf":{"@id":"https:\/\/www.eldiario.net\/portal\/2021\/08\/03\/microempresas-compiten-para-participar-en-expocruz\/"},"author":{"name":"Jeanette","@id":"https:\/\/www.eldiario.net\/portal\/#\/schema\/person\/f46445640444750d7d753ccd04ae01b7"},"headline":"Microempresas compiten para participar en Expocruz","datePublished":"2021-08-03T11:17:26+00:00","mainEntityOfPage":{"@id":"https:\/\/www.eldiario.net\/portal\/2021\/08\/03\/microempresas-compiten-para-participar-en-expocruz\/"},"wordCount":459,"publisher":{"@id":"https:\/\/www.eldiario.net\/portal\/#organization"},"image":{"@id":"https:\/\/www.eldiario.net\/portal\/2021\/08\/03\/microempresas-compiten-para-participar-en-expocruz\/#primaryimage"},"thumbnailUrl":"https:\/\/www.eldiario.net\/portal\/wp-content\/uploads\/2021\/08\/EL-ALTO-Microempresas-compiten.jpg","articleSection":["Nacional"],"inLanguage":"es"},{"@type":"WebPage","@id":"https:\/\/www.eldiario.net\/portal\/2021\/08\/03\/microempresas-compiten-para-participar-en-expocruz\/","url":"https:\/\/www.eldiario.net\/portal\/2021\/08\/03\/microempresas-compiten-para-participar-en-expocruz\/","name":"Microempresas compiten para participar en Expocruz - El Diario - Bolivia","isPartOf":{"@id":"https:\/\/www.eldiario.net\/portal\/#website"},"primaryImageOfPage":{"@id":"https:\/\/www.eldiario.net\/portal\/2021\/08\/03\/microempresas-compiten-para-participar-en-expocruz\/#primaryimage"},"image":{"@id":"https:\/\/www.eldiario.net\/portal\/2021\/08\/03\/microempresas-compiten-para-participar-en-expocruz\/#primaryimage"},"thumbnailUrl":"https:\/\/www.eldiario.net\/portal\/wp-content\/uploads\/2021\/08\/EL-ALTO-Microempresas-compiten.jpg","datePublished":"2021-08-03T11:17:26+00:00","breadcrumb":{"@id":"https:\/\/www.eldiario.net\/portal\/2021\/08\/03\/microempresas-compiten-para-participar-en-expocruz\/#breadcrumb"},"inLanguage":"es","potentialAction":[{"@type":"ReadAction","target":["https:\/\/www.eldiario.net\/portal\/2021\/08\/03\/microempresas-compiten-para-participar-en-expocruz\/"]}]},{"@type":"ImageObject","inLanguage":"es","@id":"https:\/\/www.eldiario.net\/portal\/2021\/08\/03\/microempresas-compiten-para-participar-en-expocruz\/#primaryimage","url":"https:\/\/www.eldiario.net\/portal\/wp-content\/uploads\/2021\/08\/EL-ALTO-Microempresas-compiten.jpg","contentUrl":"https:\/\/www.eldiario.net\/portal\/wp-content\/uploads\/2021\/08\/EL-ALTO-Microempresas-compiten.jpg","width":1024,"height":705},{"@type":"BreadcrumbList","@id":"https:\/\/www.eldiario.net\/portal\/2021\/08\/03\/microempresas-compiten-para-participar-en-expocruz\/#breadcrumb","itemListElement":[{"@type":"ListItem","position":1,"name":"Portada","item":"https:\/\/www.eldiario.net\/portal\/"},{"@type":"ListItem","position":2,"name":"Microempresas compiten para participar en Expocruz"}]},{"@type":"WebSite","@id":"https:\/\/www.eldiario.net\/portal\/#website","url":"https:\/\/www.eldiario.net\/portal\/","name":"El Diario - Decano de la prensa nacional","description":"El Diario - Decano de la prensa nacional","publisher":{"@id":"https:\/\/www.eldiario.net\/portal\/#organization"},"potentialAction":[{"@type":"SearchAction","target":{"@type":"EntryPoint","urlTemplate":"https:\/\/www.eldiario.net\/portal\/?s={search_term_string}"},"query-input":{"@type":"PropertyValueSpecification","valueRequired":true,"valueName":"search_term_string"}}],"inLanguage":"es"},{"@type":"Organization","@id":"https:\/\/www.eldiario.net\/portal\/#organization","name":"El Diario - Decano de la prensa nacional","url":"https:\/\/www.eldiario.net\/portal\/","logo":{"@type":"ImageObject","inLanguage":"es","@id":"https:\/\/www.eldiario.net\/portal\/#\/schema\/logo\/image\/","url":"https:\/\/www.eldiario.net\/portal\/wp-content\/uploads\/2023\/07\/logo_ED.jpg","contentUrl":"https:\/\/www.eldiario.net\/portal\/wp-content\/uploads\/2023\/07\/logo_ED.jpg","width":272,"height":52,"caption":"El Diario - Decano de la prensa nacional"},"image":{"@id":"https:\/\/www.eldiario.net\/portal\/#\/schema\/logo\/image\/"},"sameAs":["https:\/\/www.facebook.com\/eldiario.bolivia\/","https:\/\/x.com\/eldiario_net"]},{"@type":"Person","@id":"https:\/\/www.eldiario.net\/portal\/#\/schema\/person\/f46445640444750d7d753ccd04ae01b7","name":"Jeanette","image":{"@type":"ImageObject","inLanguage":"es","@id":"https:\/\/secure.gravatar.com\/avatar\/3ea2118a5f7dad2b7138b1187a6b7ee55f160b9968b66013c3a3ef39dd7e5798?s=96&d=mm&r=g","url":"https:\/\/secure.gravatar.com\/avatar\/3ea2118a5f7dad2b7138b1187a6b7ee55f160b9968b66013c3a3ef39dd7e5798?s=96&d=mm&r=g","contentUrl":"https:\/\/secure.gravatar.com\/avatar\/3ea2118a5f7dad2b7138b1187a6b7ee55f160b9968b66013c3a3ef39dd7e5798?s=96&d=mm&r=g","caption":"Jeanette"},"sameAs":["https:\/\/www.eldiario.net\/portal"],"url":"https:\/\/www.eldiario.net\/portal\/author\/jeanette\/"}]}},"_links":{"self":[{"href":"https:\/\/www.eldiario.net\/portal\/wp-json\/wp\/v2\/posts\/20997","targetHints":{"allow":["GET"]}}],"collection":[{"href":"https:\/\/www.eldiario.net\/portal\/wp-json\/wp\/v2\/posts"}],"about":[{"href":"https:\/\/www.eldiario.net\/portal\/wp-json\/wp\/v2\/types\/post"}],"author":[{"embeddable":true,"href":"https:\/\/www.eldiario.net\/portal\/wp-json\/wp\/v2\/users\/1"}],"replies":[{"embeddable":true,"href":"https:\/\/www.eldiario.net\/portal\/wp-json\/wp\/v2\/comments?post=20997"}],"version-history":[{"count":0,"href":"https:\/\/www.eldiario.net\/portal\/wp-json\/wp\/v2\/posts\/20997\/revisions"}],"wp:featuredmedia":[{"embeddable":true,"href":"https:\/\/www.eldiario.net\/portal\/wp-json\/wp\/v2\/media\/20998"}],"wp:attachment":[{"href":"https:\/\/www.eldiario.net\/portal\/wp-json\/wp\/v2\/media?parent=20997"}],"wp:term":[{"taxonomy":"category","embeddable":true,"href":"https:\/\/www.eldiario.net\/portal\/wp-json\/wp\/v2\/categories?post=20997"},{"taxonomy":"post_tag","embeddable":true,"href":"https:\/\/www.eldiario.net\/portal\/wp-json\/wp\/v2\/tags?post=20997"}],"curies":[{"name":"wp","href":"https:\/\/api.w.org\/{rel}","templated":true}]}}