{"id":20991,"date":"2021-08-03T07:15:31","date_gmt":"2021-08-03T11:15:31","guid":{"rendered":"https:\/\/www.eldiario.net\/portal\/?p=20991"},"modified":"2021-08-03T07:15:31","modified_gmt":"2021-08-03T11:15:31","slug":"bajan-drasticamente-precios-de-bonos-en-dolares-de-peru","status":"publish","type":"post","link":"https:\/\/www.eldiario.net\/portal\/2021\/08\/03\/bajan-drasticamente-precios-de-bonos-en-dolares-de-peru\/","title":{"rendered":"Bajan dr\u00e1sticamente precios de bonos en d\u00f3lares de Per\u00fa"},"content":{"rendered":"<p>Nueva York\/Londres.- Los precios de los bonos soberanos en d\u00f3lares emitidos por Per\u00fa sufrieron nuevas bajas este lunes, pero la moneda y las acciones locales reduc\u00edan parte de las p\u00e9rdidas de la semana pasada, despu\u00e9s de que el presidente Pedro Castillo nombr\u00f3 al economista moderado Pedro Francke como ministro de Econom\u00eda y Finanzas.<\/p>\n<p>Los precios de los bonos peruanos bajaron dr\u00e1sticamente la semana pasada, su moneda se hundi\u00f3 a m\u00ednimos hist\u00f3ricos y las acciones bajaron despu\u00e9s de que Castillo nombr\u00f3 el pasado jueves como primer ministro a Guido Bellido, congresista de su partido, lo que redujo las expectativas de inversionistas de una administraci\u00f3n moderada.<\/p>\n<p>\u00abFrancke acept\u00f3 la nominaci\u00f3n y ha declarado que se le dar\u00e1 cierto margen para emprender pol\u00edticas econ\u00f3micas sensatas\u00bb, dijo Carlos de Sousa, gerente de carteras de deuda de mercados emergentes de Vontobel Asset Management, agregando que espera un repunte de los activos peruanos.<\/p>\n<p>Sin embargo, afirm\u00f3 que \u00abPer\u00fa tiene fundamentos macroecon\u00f3micos s\u00f3lidos, pero se encuentra en una tendencia de deterioro fiscal y en riesgo de rebajas de calificaci\u00f3n crediticia\u00bb.<\/p>\n<p>Francke, designado a \u00faltima hora del viernes, ha tenido un papel moderador desde la segunda vuelta presidencial, estableciendo puentes de comunicaci\u00f3n con el mercado, seg\u00fan Diego W. Pereira de JPMorgan. Sin embargo, esto hizo poco para disminuir la persistente incertidumbre sobre la agenda pol\u00edtica y econ\u00f3mica del gobierno.<\/p>\n<p>\u00abFrancke enfrenta desaf\u00edos concretos dada la agenda pol\u00edtica del presidente Castillo\u00bb, sostuvo Pereira en una nota a sus clientes. \u00abA corto plazo (&#8230;) Francke debe redefinir r\u00e1pidamente las principales urgencias para el presupuesto 2022\u00bb.<\/p>\n<p>El bono con vencimiento el 2060 ced\u00eda 1,6 centavos por d\u00f3lar a 88,7 centavos, seg\u00fan datos de Refinitiv, mientras que varias otras emisiones bajaron 1 centavo o m\u00e1s. El papel al 2033 y la deuda al 2041 romp\u00edan la tendencia, subiendo menos de un centavo cada uno.<\/p>\n<p>Mientras, el sol, se apreciaba un 0,64%, a 4,042\/4,044 unidades por d\u00f3lar, luego de hundirse un 3,6% el viernes y cotizar en su m\u00ednimo hist\u00f3rico. El mercado burs\u00e1til, en tanto, escalaba cerca de un 2% tras perder un 5,9% en la sesi\u00f3n previa.<\/p>\n<p>Parte de la preocupaci\u00f3n de los inversores proviene de las expectativas de mayores impuestos para el sector minero en el segundo productor mundial de cobre.<\/p>\n<p>El fin de semana, el nuevo ministro de Energ\u00eda y Miner\u00eda, Iv\u00e1n Merino, dijo a Reuters que Per\u00fa buscar\u00e1 \u00abun nuevo trato\u00bb con las compa\u00f1\u00edas mineras al brindar incentivos para proyectos con \u00abrentabilidad social\u00bb.<\/p>\n<p>Mientras, datos publicados el fin de semana mostraron que las presiones inflacionarias estaban aumentando. Los precios al consumidor subieron un 1,01% en julio, marcando la tasa m\u00e1s r\u00e1pida en 52 meses.<\/p>\n<p>La inflaci\u00f3n anual ahora se est\u00e1 moviendo significativamente por encima del l\u00edmite superior del 3% de la banda objetivo de inflaci\u00f3n, y la lectura subyacente ha tenido una tendencia al alza, dijo Alberto Ramos de Goldman Sachs, pronosticando que pronto los responsables de la pol\u00edtica monetaria del banco central podr\u00edan tener que subir las tasas, actualmente en 0,25%. (Reuters)<\/p>\n","protected":false},"excerpt":{"rendered":"<p>Nueva York\/Londres.- Los precios de los bonos soberanos en d\u00f3lares emitidos por Per\u00fa sufrieron nuevas bajas este lunes, pero la moneda y las acciones locales reduc\u00edan parte de las p\u00e9rdidas de la semana pasada, despu\u00e9s de que el presidente Pedro Castillo nombr\u00f3 al economista moderado Pedro Francke como ministro de Econom\u00eda y Finanzas. Los precios [&hellip;]<\/p>\n","protected":false},"author":1,"featured_media":20992,"comment_status":"closed","ping_status":"closed","sticky":false,"template":"","format":"standard","meta":{"_acf_changed":false,"footnotes":""},"categories":[3],"tags":[],"class_list":["post-20991","post","type-post","status-publish","format-standard","has-post-thumbnail","category-internacional"],"acf":{"antetitulo":""},"yoast_head":"<!-- This site is optimized with the Yoast SEO plugin v28.3 - https:\/\/yoast.com\/product\/yoast-seo-wordpress\/ -->\n<title>Bajan dr\u00e1sticamente precios de bonos en d\u00f3lares de Per\u00fa - El Diario - Bolivia<\/title>\n<meta name=\"robots\" content=\"index, follow, max-snippet:-1, max-image-preview:large, max-video-preview:-1\" \/>\n<link rel=\"canonical\" href=\"https:\/\/www.eldiario.net\/portal\/2021\/08\/03\/bajan-drasticamente-precios-de-bonos-en-dolares-de-peru\/\" \/>\n<meta property=\"og:locale\" content=\"es_ES\" \/>\n<meta property=\"og:type\" content=\"article\" \/>\n<meta property=\"og:title\" content=\"Bajan dr\u00e1sticamente precios de bonos en d\u00f3lares de Per\u00fa - El Diario - Bolivia\" \/>\n<meta property=\"og:description\" content=\"Nueva York\/Londres.- Los precios de los bonos soberanos en d\u00f3lares emitidos por Per\u00fa sufrieron nuevas bajas este lunes, pero la moneda y las acciones locales reduc\u00edan parte de las p\u00e9rdidas de la semana pasada, despu\u00e9s de que el presidente Pedro Castillo nombr\u00f3 al economista moderado Pedro Francke como ministro de Econom\u00eda y Finanzas. Los precios [&hellip;]\" \/>\n<meta property=\"og:url\" content=\"https:\/\/www.eldiario.net\/portal\/2021\/08\/03\/bajan-drasticamente-precios-de-bonos-en-dolares-de-peru\/\" \/>\n<meta property=\"og:site_name\" content=\"El Diario - Bolivia\" \/>\n<meta property=\"article:publisher\" content=\"https:\/\/www.facebook.com\/eldiario.bolivia\/\" \/>\n<meta property=\"article:published_time\" content=\"2021-08-03T11:15:31+00:00\" \/>\n<meta name=\"author\" content=\"Jeanette\" \/>\n<meta name=\"twitter:card\" content=\"summary_large_image\" \/>\n<meta name=\"twitter:creator\" content=\"@eldiario_net\" \/>\n<meta name=\"twitter:site\" content=\"@eldiario_net\" \/>\n<meta name=\"twitter:label1\" content=\"Escrito por\" \/>\n\t<meta name=\"twitter:data1\" content=\"Jeanette\" \/>\n\t<meta name=\"twitter:label2\" content=\"Tiempo de lectura\" \/>\n\t<meta name=\"twitter:data2\" content=\"3 minutos\" \/>\n<script type=\"application\/ld+json\" class=\"yoast-schema-graph\">{\"@context\":\"https:\\\/\\\/schema.org\",\"@graph\":[{\"@type\":\"Article\",\"@id\":\"https:\\\/\\\/www.eldiario.net\\\/portal\\\/2021\\\/08\\\/03\\\/bajan-drasticamente-precios-de-bonos-en-dolares-de-peru\\\/#article\",\"isPartOf\":{\"@id\":\"https:\\\/\\\/www.eldiario.net\\\/portal\\\/2021\\\/08\\\/03\\\/bajan-drasticamente-precios-de-bonos-en-dolares-de-peru\\\/\"},\"author\":{\"name\":\"Jeanette\",\"@id\":\"https:\\\/\\\/www.eldiario.net\\\/portal\\\/#\\\/schema\\\/person\\\/f46445640444750d7d753ccd04ae01b7\"},\"headline\":\"Bajan dr\u00e1sticamente precios de bonos en d\u00f3lares de Per\u00fa\",\"datePublished\":\"2021-08-03T11:15:31+00:00\",\"mainEntityOfPage\":{\"@id\":\"https:\\\/\\\/www.eldiario.net\\\/portal\\\/2021\\\/08\\\/03\\\/bajan-drasticamente-precios-de-bonos-en-dolares-de-peru\\\/\"},\"wordCount\":535,\"publisher\":{\"@id\":\"https:\\\/\\\/www.eldiario.net\\\/portal\\\/#organization\"},\"image\":{\"@id\":\"https:\\\/\\\/www.eldiario.net\\\/portal\\\/2021\\\/08\\\/03\\\/bajan-drasticamente-precios-de-bonos-en-dolares-de-peru\\\/#primaryimage\"},\"thumbnailUrl\":\"\",\"articleSection\":[\"Internacional\"],\"inLanguage\":\"es\"},{\"@type\":\"WebPage\",\"@id\":\"https:\\\/\\\/www.eldiario.net\\\/portal\\\/2021\\\/08\\\/03\\\/bajan-drasticamente-precios-de-bonos-en-dolares-de-peru\\\/\",\"url\":\"https:\\\/\\\/www.eldiario.net\\\/portal\\\/2021\\\/08\\\/03\\\/bajan-drasticamente-precios-de-bonos-en-dolares-de-peru\\\/\",\"name\":\"Bajan dr\u00e1sticamente precios de bonos en d\u00f3lares de Per\u00fa - El Diario - Bolivia\",\"isPartOf\":{\"@id\":\"https:\\\/\\\/www.eldiario.net\\\/portal\\\/#website\"},\"primaryImageOfPage\":{\"@id\":\"https:\\\/\\\/www.eldiario.net\\\/portal\\\/2021\\\/08\\\/03\\\/bajan-drasticamente-precios-de-bonos-en-dolares-de-peru\\\/#primaryimage\"},\"image\":{\"@id\":\"https:\\\/\\\/www.eldiario.net\\\/portal\\\/2021\\\/08\\\/03\\\/bajan-drasticamente-precios-de-bonos-en-dolares-de-peru\\\/#primaryimage\"},\"thumbnailUrl\":\"\",\"datePublished\":\"2021-08-03T11:15:31+00:00\",\"breadcrumb\":{\"@id\":\"https:\\\/\\\/www.eldiario.net\\\/portal\\\/2021\\\/08\\\/03\\\/bajan-drasticamente-precios-de-bonos-en-dolares-de-peru\\\/#breadcrumb\"},\"inLanguage\":\"es\",\"potentialAction\":[{\"@type\":\"ReadAction\",\"target\":[\"https:\\\/\\\/www.eldiario.net\\\/portal\\\/2021\\\/08\\\/03\\\/bajan-drasticamente-precios-de-bonos-en-dolares-de-peru\\\/\"]}]},{\"@type\":\"ImageObject\",\"inLanguage\":\"es\",\"@id\":\"https:\\\/\\\/www.eldiario.net\\\/portal\\\/2021\\\/08\\\/03\\\/bajan-drasticamente-precios-de-bonos-en-dolares-de-peru\\\/#primaryimage\",\"url\":\"\",\"contentUrl\":\"\"},{\"@type\":\"BreadcrumbList\",\"@id\":\"https:\\\/\\\/www.eldiario.net\\\/portal\\\/2021\\\/08\\\/03\\\/bajan-drasticamente-precios-de-bonos-en-dolares-de-peru\\\/#breadcrumb\",\"itemListElement\":[{\"@type\":\"ListItem\",\"position\":1,\"name\":\"Portada\",\"item\":\"https:\\\/\\\/www.eldiario.net\\\/portal\\\/\"},{\"@type\":\"ListItem\",\"position\":2,\"name\":\"Bajan dr\u00e1sticamente precios de bonos en d\u00f3lares de Per\u00fa\"}]},{\"@type\":\"WebSite\",\"@id\":\"https:\\\/\\\/www.eldiario.net\\\/portal\\\/#website\",\"url\":\"https:\\\/\\\/www.eldiario.net\\\/portal\\\/\",\"name\":\"El Diario - Decano de la prensa nacional\",\"description\":\"El Diario - Decano de la prensa nacional\",\"publisher\":{\"@id\":\"https:\\\/\\\/www.eldiario.net\\\/portal\\\/#organization\"},\"potentialAction\":[{\"@type\":\"SearchAction\",\"target\":{\"@type\":\"EntryPoint\",\"urlTemplate\":\"https:\\\/\\\/www.eldiario.net\\\/portal\\\/?s={search_term_string}\"},\"query-input\":{\"@type\":\"PropertyValueSpecification\",\"valueRequired\":true,\"valueName\":\"search_term_string\"}}],\"inLanguage\":\"es\"},{\"@type\":\"Organization\",\"@id\":\"https:\\\/\\\/www.eldiario.net\\\/portal\\\/#organization\",\"name\":\"El Diario - Decano de la prensa nacional\",\"url\":\"https:\\\/\\\/www.eldiario.net\\\/portal\\\/\",\"logo\":{\"@type\":\"ImageObject\",\"inLanguage\":\"es\",\"@id\":\"https:\\\/\\\/www.eldiario.net\\\/portal\\\/#\\\/schema\\\/logo\\\/image\\\/\",\"url\":\"https:\\\/\\\/www.eldiario.net\\\/portal\\\/wp-content\\\/uploads\\\/2023\\\/07\\\/logo_ED.jpg\",\"contentUrl\":\"https:\\\/\\\/www.eldiario.net\\\/portal\\\/wp-content\\\/uploads\\\/2023\\\/07\\\/logo_ED.jpg\",\"width\":272,\"height\":52,\"caption\":\"El Diario - Decano de la prensa nacional\"},\"image\":{\"@id\":\"https:\\\/\\\/www.eldiario.net\\\/portal\\\/#\\\/schema\\\/logo\\\/image\\\/\"},\"sameAs\":[\"https:\\\/\\\/www.facebook.com\\\/eldiario.bolivia\\\/\",\"https:\\\/\\\/x.com\\\/eldiario_net\"]},{\"@type\":\"Person\",\"@id\":\"https:\\\/\\\/www.eldiario.net\\\/portal\\\/#\\\/schema\\\/person\\\/f46445640444750d7d753ccd04ae01b7\",\"name\":\"Jeanette\",\"image\":{\"@type\":\"ImageObject\",\"inLanguage\":\"es\",\"@id\":\"https:\\\/\\\/secure.gravatar.com\\\/avatar\\\/3ea2118a5f7dad2b7138b1187a6b7ee55f160b9968b66013c3a3ef39dd7e5798?s=96&d=mm&r=g\",\"url\":\"https:\\\/\\\/secure.gravatar.com\\\/avatar\\\/3ea2118a5f7dad2b7138b1187a6b7ee55f160b9968b66013c3a3ef39dd7e5798?s=96&d=mm&r=g\",\"contentUrl\":\"https:\\\/\\\/secure.gravatar.com\\\/avatar\\\/3ea2118a5f7dad2b7138b1187a6b7ee55f160b9968b66013c3a3ef39dd7e5798?s=96&d=mm&r=g\",\"caption\":\"Jeanette\"},\"sameAs\":[\"https:\\\/\\\/www.eldiario.net\\\/portal\"],\"url\":\"https:\\\/\\\/www.eldiario.net\\\/portal\\\/author\\\/jeanette\\\/\"}]}<\/script>\n<!-- \/ Yoast SEO plugin. -->","yoast_head_json":{"title":"Bajan dr\u00e1sticamente precios de bonos en d\u00f3lares de Per\u00fa - El Diario - Bolivia","robots":{"index":"index","follow":"follow","max-snippet":"max-snippet:-1","max-image-preview":"max-image-preview:large","max-video-preview":"max-video-preview:-1"},"canonical":"https:\/\/www.eldiario.net\/portal\/2021\/08\/03\/bajan-drasticamente-precios-de-bonos-en-dolares-de-peru\/","og_locale":"es_ES","og_type":"article","og_title":"Bajan dr\u00e1sticamente precios de bonos en d\u00f3lares de Per\u00fa - El Diario - Bolivia","og_description":"Nueva York\/Londres.- Los precios de los bonos soberanos en d\u00f3lares emitidos por Per\u00fa sufrieron nuevas bajas este lunes, pero la moneda y las acciones locales reduc\u00edan parte de las p\u00e9rdidas de la semana pasada, despu\u00e9s de que el presidente Pedro Castillo nombr\u00f3 al economista moderado Pedro Francke como ministro de Econom\u00eda y Finanzas. Los precios [&hellip;]","og_url":"https:\/\/www.eldiario.net\/portal\/2021\/08\/03\/bajan-drasticamente-precios-de-bonos-en-dolares-de-peru\/","og_site_name":"El Diario - Bolivia","article_publisher":"https:\/\/www.facebook.com\/eldiario.bolivia\/","article_published_time":"2021-08-03T11:15:31+00:00","author":"Jeanette","twitter_card":"summary_large_image","twitter_creator":"@eldiario_net","twitter_site":"@eldiario_net","twitter_misc":{"Escrito por":"Jeanette","Tiempo de lectura":"3 minutos"},"schema":{"@context":"https:\/\/schema.org","@graph":[{"@type":"Article","@id":"https:\/\/www.eldiario.net\/portal\/2021\/08\/03\/bajan-drasticamente-precios-de-bonos-en-dolares-de-peru\/#article","isPartOf":{"@id":"https:\/\/www.eldiario.net\/portal\/2021\/08\/03\/bajan-drasticamente-precios-de-bonos-en-dolares-de-peru\/"},"author":{"name":"Jeanette","@id":"https:\/\/www.eldiario.net\/portal\/#\/schema\/person\/f46445640444750d7d753ccd04ae01b7"},"headline":"Bajan dr\u00e1sticamente precios de bonos en d\u00f3lares de Per\u00fa","datePublished":"2021-08-03T11:15:31+00:00","mainEntityOfPage":{"@id":"https:\/\/www.eldiario.net\/portal\/2021\/08\/03\/bajan-drasticamente-precios-de-bonos-en-dolares-de-peru\/"},"wordCount":535,"publisher":{"@id":"https:\/\/www.eldiario.net\/portal\/#organization"},"image":{"@id":"https:\/\/www.eldiario.net\/portal\/2021\/08\/03\/bajan-drasticamente-precios-de-bonos-en-dolares-de-peru\/#primaryimage"},"thumbnailUrl":"","articleSection":["Internacional"],"inLanguage":"es"},{"@type":"WebPage","@id":"https:\/\/www.eldiario.net\/portal\/2021\/08\/03\/bajan-drasticamente-precios-de-bonos-en-dolares-de-peru\/","url":"https:\/\/www.eldiario.net\/portal\/2021\/08\/03\/bajan-drasticamente-precios-de-bonos-en-dolares-de-peru\/","name":"Bajan dr\u00e1sticamente precios de bonos en d\u00f3lares de Per\u00fa - El Diario - Bolivia","isPartOf":{"@id":"https:\/\/www.eldiario.net\/portal\/#website"},"primaryImageOfPage":{"@id":"https:\/\/www.eldiario.net\/portal\/2021\/08\/03\/bajan-drasticamente-precios-de-bonos-en-dolares-de-peru\/#primaryimage"},"image":{"@id":"https:\/\/www.eldiario.net\/portal\/2021\/08\/03\/bajan-drasticamente-precios-de-bonos-en-dolares-de-peru\/#primaryimage"},"thumbnailUrl":"","datePublished":"2021-08-03T11:15:31+00:00","breadcrumb":{"@id":"https:\/\/www.eldiario.net\/portal\/2021\/08\/03\/bajan-drasticamente-precios-de-bonos-en-dolares-de-peru\/#breadcrumb"},"inLanguage":"es","potentialAction":[{"@type":"ReadAction","target":["https:\/\/www.eldiario.net\/portal\/2021\/08\/03\/bajan-drasticamente-precios-de-bonos-en-dolares-de-peru\/"]}]},{"@type":"ImageObject","inLanguage":"es","@id":"https:\/\/www.eldiario.net\/portal\/2021\/08\/03\/bajan-drasticamente-precios-de-bonos-en-dolares-de-peru\/#primaryimage","url":"","contentUrl":""},{"@type":"BreadcrumbList","@id":"https:\/\/www.eldiario.net\/portal\/2021\/08\/03\/bajan-drasticamente-precios-de-bonos-en-dolares-de-peru\/#breadcrumb","itemListElement":[{"@type":"ListItem","position":1,"name":"Portada","item":"https:\/\/www.eldiario.net\/portal\/"},{"@type":"ListItem","position":2,"name":"Bajan dr\u00e1sticamente precios de bonos en d\u00f3lares de Per\u00fa"}]},{"@type":"WebSite","@id":"https:\/\/www.eldiario.net\/portal\/#website","url":"https:\/\/www.eldiario.net\/portal\/","name":"El Diario - Decano de la prensa nacional","description":"El Diario - Decano de la prensa nacional","publisher":{"@id":"https:\/\/www.eldiario.net\/portal\/#organization"},"potentialAction":[{"@type":"SearchAction","target":{"@type":"EntryPoint","urlTemplate":"https:\/\/www.eldiario.net\/portal\/?s={search_term_string}"},"query-input":{"@type":"PropertyValueSpecification","valueRequired":true,"valueName":"search_term_string"}}],"inLanguage":"es"},{"@type":"Organization","@id":"https:\/\/www.eldiario.net\/portal\/#organization","name":"El Diario - Decano de la prensa nacional","url":"https:\/\/www.eldiario.net\/portal\/","logo":{"@type":"ImageObject","inLanguage":"es","@id":"https:\/\/www.eldiario.net\/portal\/#\/schema\/logo\/image\/","url":"https:\/\/www.eldiario.net\/portal\/wp-content\/uploads\/2023\/07\/logo_ED.jpg","contentUrl":"https:\/\/www.eldiario.net\/portal\/wp-content\/uploads\/2023\/07\/logo_ED.jpg","width":272,"height":52,"caption":"El Diario - Decano de la prensa nacional"},"image":{"@id":"https:\/\/www.eldiario.net\/portal\/#\/schema\/logo\/image\/"},"sameAs":["https:\/\/www.facebook.com\/eldiario.bolivia\/","https:\/\/x.com\/eldiario_net"]},{"@type":"Person","@id":"https:\/\/www.eldiario.net\/portal\/#\/schema\/person\/f46445640444750d7d753ccd04ae01b7","name":"Jeanette","image":{"@type":"ImageObject","inLanguage":"es","@id":"https:\/\/secure.gravatar.com\/avatar\/3ea2118a5f7dad2b7138b1187a6b7ee55f160b9968b66013c3a3ef39dd7e5798?s=96&d=mm&r=g","url":"https:\/\/secure.gravatar.com\/avatar\/3ea2118a5f7dad2b7138b1187a6b7ee55f160b9968b66013c3a3ef39dd7e5798?s=96&d=mm&r=g","contentUrl":"https:\/\/secure.gravatar.com\/avatar\/3ea2118a5f7dad2b7138b1187a6b7ee55f160b9968b66013c3a3ef39dd7e5798?s=96&d=mm&r=g","caption":"Jeanette"},"sameAs":["https:\/\/www.eldiario.net\/portal"],"url":"https:\/\/www.eldiario.net\/portal\/author\/jeanette\/"}]}},"_links":{"self":[{"href":"https:\/\/www.eldiario.net\/portal\/wp-json\/wp\/v2\/posts\/20991","targetHints":{"allow":["GET"]}}],"collection":[{"href":"https:\/\/www.eldiario.net\/portal\/wp-json\/wp\/v2\/posts"}],"about":[{"href":"https:\/\/www.eldiario.net\/portal\/wp-json\/wp\/v2\/types\/post"}],"author":[{"embeddable":true,"href":"https:\/\/www.eldiario.net\/portal\/wp-json\/wp\/v2\/users\/1"}],"replies":[{"embeddable":true,"href":"https:\/\/www.eldiario.net\/portal\/wp-json\/wp\/v2\/comments?post=20991"}],"version-history":[{"count":0,"href":"https:\/\/www.eldiario.net\/portal\/wp-json\/wp\/v2\/posts\/20991\/revisions"}],"wp:attachment":[{"href":"https:\/\/www.eldiario.net\/portal\/wp-json\/wp\/v2\/media?parent=20991"}],"wp:term":[{"taxonomy":"category","embeddable":true,"href":"https:\/\/www.eldiario.net\/portal\/wp-json\/wp\/v2\/categories?post=20991"},{"taxonomy":"post_tag","embeddable":true,"href":"https:\/\/www.eldiario.net\/portal\/wp-json\/wp\/v2\/tags?post=20991"}],"curies":[{"name":"wp","href":"https:\/\/api.w.org\/{rel}","templated":true}]}}